{"id":51068,"date":"2021-12-27T09:55:06","date_gmt":"2021-12-27T08:55:06","guid":{"rendered":"http:\/\/miradordeatarfe.es\/?p=51068"},"modified":"2021-12-23T20:48:25","modified_gmt":"2021-12-23T19:48:25","slug":"la-seguridad-social-avisa-a-padres-y-madres-sobre-el-pago-de-la-prestacion-por-nacimiento","status":"publish","type":"post","link":"https:\/\/miradordeatarfe.es\/?p=51068","title":{"rendered":"La Seguridad Social avisa a padres y madres sobre el pago de la prestaci\u00f3n por nacimiento"},"content":{"rendered":"<div class=\"voc-article-container\">\n<article class=\"voc-article voc-article--detail voc-article--detail--base voc-article--photo-bottom\">\n<div class=\"voc-info-container\">\n<h2 class=\"voc-sub-title\" style=\"text-align: justify;\">El Instituto Nacional de la Seguridad Social ha ampliado los servicios disponibles a trav\u00e9s del acceso como representante, que ahora permite consultar y gestionar prestaciones de nacimiento y cuidado de menor<\/h2>\n<\/div>\n<\/article>\n<\/div>\n<div class=\"voc-detail\" data-voc-share-selection=\"\">\n<p class=\"voc-paragraph\" style=\"text-align: justify;\">El Instituto Nacional de la Seguridad Social ( <a href=\"https:\/\/www.ideal.es\/sociedad\/seguridad-social-paguilla-jubilados-20211220104136-nt.html\" data-voc-vtm-id=\"in-text-traffic\">INSS<\/a>) ha aclarado una importante duda que suelen tener los padres cuando tienen un hijo y solicitan la prestaci\u00f3n correspondiente. En concreto, desde la <a title=\"www.ideal.es\" href=\"https:\/\/www.ideal.es\/sociedad\/seguridad-social-avisa-pension-incapacidad-20211217113922-nt.html\" data-voc-vtm-id=\"in-text-traffic\">Seguridad Social<\/a> explican que, si has tenido un hijo, puedes disfrutar en varios periodos de la prestaci\u00f3n por nacimiento y cuidado del menor en varios periodos. Eso s\u00ed, aclaran que las 6 primeras semanas son obligatorias a continuaci\u00f3n del parto.<\/p>\n<p class=\"voc-paragraph\" style=\"text-align: justify;\">El Instituto Nacional de la Seguridad Social ha ampliado, adem\u00e1s, los servicios disponibles en el portal Tu Seguridad Social (TUSS) a trav\u00e9s del acceso como representante, que ahora permite consultar y gestionar prestaciones de nacimiento y cuidado de menor. Este acceso a trav\u00e9s de representante permite realizar estas gestiones aunque no dispongamos de Cl@ve permanente o certificado digital, simplemente autorizando a una persona que disponga de alguno de estos m\u00e9todos de identificaci\u00f3n a que las realice en nuestro nombre. Asimismo, la Seguridad Social ha recordado que la resoluci\u00f3n de la prestaci\u00f3n se env\u00eda por medios electr\u00f3nicos.<\/p>\n<div class=\"voc-detail__cmp voc-detail__cmp--title voc-detail__cmp--no-margin\" style=\"text-align: justify;\">\n<h3 class=\"voc-detail__title\">Los servicios se agrupan en 4 apartados<\/h3>\n<\/div>\n<p class=\"voc-paragraph\" style=\"text-align: justify;\">-Trabajo<\/p>\n<p class=\"voc-paragraph\" style=\"text-align: justify;\">-Asistencia sanitaria<\/p>\n<p class=\"voc-paragraph\" style=\"text-align: justify;\">-Pensiones<\/p>\n<p class=\"voc-paragraph\" style=\"text-align: justify;\">-Familia<\/p>\n<div class=\"voc-detail__cmp\" style=\"text-align: justify;\">\n<section class=\"voc-detail-code voc-detail-component \">\n<div class=\"voc-guia-estilos__detail-code\">\n<div class=\"twitter-tweet twitter-tweet-rendered\"><iframe id=\"twitter-widget-0\" class=\"\" title=\"Twitter Tweet\" src=\"https:\/\/platform.twitter.com\/embed\/Tweet.html?dnt=false&amp;embedId=twitter-widget-0&amp;features=eyJ0ZndfZXhwZXJpbWVudHNfY29va2llX2V4cGlyYXRpb24iOnsiYnVja2V0IjoxMjA5NjAwLCJ2ZXJzaW9uIjpudWxsfSwidGZ3X2hvcml6b25fdHdlZXRfZW1iZWRfOTU1NSI6eyJidWNrZXQiOiJodGUiLCJ2ZXJzaW9uIjpudWxsfSwidGZ3X3NwYWNlX2NhcmQiOnsiYnVja2V0Ijoib2ZmIiwidmVyc2lvbiI6bnVsbH19&amp;frame=false&amp;hideCard=false&amp;hideThread=false&amp;id=1472164991998599169&amp;lang=es&amp;origin=https%3A%2F%2Fwww.ideal.es%2Fsociedad%2Fseguridad-social-avisa-baja-paternidad-20211220110053-nt.html&amp;sessionId=3e945e754b0d7a34da6d429ce9a19ed29a3e6527&amp;theme=light&amp;widgetsVersion=9fd78d5%3A1638479056965&amp;width=550px\" frameborder=\"0\" scrolling=\"no\" allowfullscreen=\"allowfullscreen\" data-tweet-id=\"1472164991998599169\" data-mce-fragment=\"1\"><\/iframe><\/div>\n<\/div>\n<\/section>\n<\/div>\n<p class=\"voc-paragraph\" style=\"text-align: justify;\">Los \u00faltimos en incorporarse son los relativos al apartado de &#8216;Familia&#8217;, donde podr\u00e1s consultar y gestionar prestaciones de nacimiento y cuidado de menor y solicitar los periodos sucesivos de la prestaci\u00f3n en el caso de que hayas optado por esta modalidad.<\/p>\n<p class=\"voc-paragraph\" style=\"text-align: justify;\">El resto de servicios se mantienen como hasta ahora. As\u00ed, en el apartado de Trabajo podr\u00e1s acceder al simulador de jubilaci\u00f3n; mientras que en &#8216;Asistencia&#8217; Sanitaria podr\u00e1s gestionar la solicitud de la Tarjeta Sanitaria Europea, tramitar el alta de un beneficiario a la asistencia sanitaria, consultar los beneficiarios de tu asistencia sanitaria y recuperar un antiguo beneficiario de tu asistencia sanitaria.El cat\u00e1logo m\u00e1s amplio de servicios es el del apartado &#8216;Pensiones&#8217;, que permite consultar y gestionar en representaci\u00f3n de otra persona prestaciones ya reconocidas. Podr\u00e1s acceder pinchando en el enlace &#8216;Tus Pensiones: Gestiona tu Prestaci\u00f3n&#8217;.<\/p>\n<header class=\"entry-header clearfix\">\n<h1 class=\"entry-title\">C\u00f3mo pedir la prestaci\u00f3n por nacimiento y cuidado de menor<\/h1>\n<\/header>\n<div class=\"entry-content clearfix\" style=\"text-align: justify;\">\n<p>La prestaci\u00f3n por nacimiento y cuidado del menor, que sustituye y unifica en una \u00fanica modalidad a las de <strong>maternidad y paternidad <\/strong>desde abril de 2019, \u00a0protege los per\u00edodos de descanso y permisos derivados del nacimiento de hijo\/a o la adopci\u00f3n o guarda con fines de adopci\u00f3n y el acogimiento familiar. Para conocer todos los detalles sobre las situaciones protegidas, beneficiarios, duraci\u00f3n, requisitos y dem\u00e1s cuestiones pinche en <a href=\"http:\/\/www.seg-social.es\/wps\/portal\/wss\/internet\/Trabajadores\/PrestacionesPensionesTrabajadores\/6b96a085-4dc0-47af-b2cb-97e00716791e\/situaciones+protegidas19-c021#Situaciones protegidas19-C021\" target=\"_blank\" rel=\"noreferrer noopener\">este enlace<\/a>.<\/p>\n<p>Puede solicitarla telem\u00e1ticamente (con y sin certificado digital), por correo ordinario y presencialmente en los Centros de Atenci\u00f3n e Informaci\u00f3n de la Seguridad Social (CAISS) siempre que disponga de cita previa.<\/p>\n<p>Recuerde que para ayudarle con este tr\u00e1mite, tanto para consultas como para realizarlo, puede utilizar a <a href=\"https:\/\/revista.seg-social.es\/2020\/06\/09\/la-seguridad-social-pone-en-marcha-un-asistente-virtual-para-facilitar-la-busqueda-de-informacion-y-el-acceso-a-tramites-administrativos\/\" target=\"_blank\" rel=\"noreferrer noopener\">ISSA, el asistente virtual de la Seguridad Social<\/a> que le guiar\u00e1 tanto desde la web como desde la Sede Electr\u00f3nica de la Seguridad Social.<\/p>\n<p><strong>Solicitud on-line<\/strong><\/p>\n<p>Hay dos modalidades:<\/p>\n<ul>\n<li>Si dispone de certificado digital o usuario y contrase\u00f1a en Cl@ve podr\u00e1 solicitarlo a trav\u00e9s del portal Tu Seguridad Social (<a href=\"https:\/\/sede-tu.seg-social.gob.es\/\" target=\"_blank\" rel=\"noreferrer noopener\">https:\/\/sede-tu.seg-social.gob.es\/<\/a>). Tambi\u00e9n podr\u00e1 acceder a este portal desde <a href=\"https:\/\/sede.seg-social.gob.es\/wps\/portal\/sede\/sede\/Ciudadanos\/familia\/702000_tuss\/!ut\/p\/z1\/04_Sj9CPykssy0xPLMnMz0vMAfIjo8zijQ3NTAwtDQx93A08XQ0cQ329Qy2NA43djcz0w_EpMLA00I8iRr8BDuBIUL8XIQVAHxgV-Tr7putHFSSWZOhm5qXl60ekJeZm5mQm6keYGxgB7YkvKS0uBrolCp9pYN-AFeBxbnBqsX5BbmhElY-HQZaJoyIA0R-t2A!!\/dz\/d5\/L2dBISEvZ0FBIS9nQSEh\/\" target=\"_blank\" rel=\"noreferrer noopener\">este enlace<\/a> de la Sede Electr\u00f3nica de la Seguridad Social, pinchando sobre el acceso con certificado digital o usuario y contrase\u00f1a, en ambos casos le dirigir\u00e1 al portal Tu Seguridad Social para su autenticaci\u00f3n. Tan s\u00f3lo tendr\u00e1 que rellenar los datos y adjuntar la documentaci\u00f3n correspondiente. Este portal le permite tambi\u00e9n realizar <strong>una simulaci\u00f3n<\/strong> de esta prestaci\u00f3n que le anticipa el importe aproximado a percibir y la duraci\u00f3n del permiso en funci\u00f3n de la fecha estimada del nacimiento.<\/li>\n<li>Si no dispone de m\u00e9todos de identificaci\u00f3n previa, puede utilizar la plataforma para tr\u00e1mites sin certificado digital del INSS que encontrar\u00e1 en\u00a0<a href=\"https:\/\/tramites.seg-social.es\/\" target=\"_blank\" rel=\"noreferrer noopener\">este enlace<\/a>. En esta <a href=\"https:\/\/revista.seg-social.es\/2021\/07\/14\/como-realizar-tramites-en-el-inss-de-manera-telematica-sin-certificado-digital-ni-clve\/\" target=\"_blank\" rel=\"noreferrer noopener\">gu\u00eda pr\u00e1ctica<\/a> le contamos c\u00f3mo funciona.<\/li>\n<\/ul>\n<p><strong>Solicitud por correo ordinario o presencialmente en un CAISS<\/strong><\/p>\n<p>Si lo desea, tambi\u00e9n puede descargar y rellenar el formulario de solicitud que encontrar\u00e1 aqu\u00ed y remitirlo <strong>por correo ordinario<\/strong> a la Direcci\u00f3n Provincial del INSS o del ISM correspondiente, junto al resto de la documentaci\u00f3n. En <a href=\"http:\/\/www.seg-social.es\/wps\/portal\/wss\/internet\/OficinaSeguridadSocial\/\" target=\"_blank\" rel=\"noreferrer noopener\">este enlace<\/a> podr\u00e1 encontrar el listado de direcciones.<\/p>\n<p>Para su <strong>solicitud presencial<\/strong>, deber\u00e1 presentar tambi\u00e9n la solicitud y el resto de la documentaci\u00f3n y solicitar cita previa, <a href=\"https:\/\/revista.seg-social.es\/2020\/06\/25\/como-solicitar-cita-previa-para-pensiones-y-otras-prestaciones-de-la-seguridad-social\/\" target=\"_blank\" rel=\"noreferrer noopener\">aqu\u00ed<\/a> encontrar\u00e1 toda la informaci\u00f3n sobre c\u00f3mo solicitarla.<\/p>\n<p>En este v\u00eddeo le mostramos c\u00f3mo hacerlo.<\/p>\n<\/div>\n<figure class=\"wp-block-video\" style=\"text-align: justify;\"><a href=\"https:\/\/revista.seg-social.es\/wp-content\/uploads\/2020\/06\/C%C3%B3mo-pedir-cita-previa.mp4\">https:\/\/revista.seg-social.es\/wp-content\/uploads\/2020\/06\/C%C3%B3mo-pedir-cita-previa.mp4<\/a><\/figure>\n<div class=\"entry-content clearfix\">\n<p style=\"text-align: justify;\"><strong>Documentaci\u00f3n<\/strong><\/p>\n<p style=\"text-align: justify;\">En todos los casos debe presentar los siguientes documentos<\/p>\n<ul style=\"text-align: justify;\">\n<li>Solicitud de la prestaci\u00f3n.<\/li>\n<li>Acreditaci\u00f3n de identidad de los progenitores (DNI, pasaporte o NIE).<\/li>\n<li>Para trabajadores por cuenta ajena: Certificado de empresa en el que conste la fecha de inicio del descanso laboral por nacimiento y cuidado del menor. Si este ya ha sido enviado por la empresa, no har\u00e1 falta.<\/li>\n<\/ul>\n<p style=\"text-align: justify;\">Seg\u00fan el motivo de la solicitud puede tener que aportar otros documentos espec\u00edficos.<\/p>\n<p style=\"text-align: justify;\"><em>En caso de nacimiento de un hijo:<\/em><\/p>\n<ul style=\"text-align: justify;\">\n<li>Informe de maternidad expedido por el Servicio P\u00fablico de Salud.<\/li>\n<li>Libro de Familia o certificado de la inscripci\u00f3n en el Registro Civil de su hijo.<\/li>\n<\/ul>\n<p style=\"text-align: justify;\"><em>En caso de gestaci\u00f3n por sustituci\u00f3n:<\/em><\/p>\n<ul style=\"text-align: justify;\">\n<li>Inscripci\u00f3n de la filiaci\u00f3n del nacido en el Registro Civil a favor del progenitor comitente (persona que conf\u00eda la gestaci\u00f3n de su hijo a otra persona) o la inscripci\u00f3n de la filiaci\u00f3n del hijo en el Registro Civil espa\u00f1ol a favor del comitente y de la madre biol\u00f3gica.<\/li>\n<\/ul>\n<p style=\"text-align: justify;\"><em>En caso de adopci\u00f3n o acogimiento:<\/em><\/p>\n<ul style=\"text-align: justify;\">\n<li>Libro de Familia o certificado de la inscripci\u00f3n en el Registro Civil de su hijo.<\/li>\n<li>Resoluci\u00f3n judicial por la que se constituye la adopci\u00f3n o resoluci\u00f3n administrativa o judicial por la que se concede el acogimiento familiar.<\/li>\n<li>Cuando sea necesario el desplazamiento previo al pa\u00eds de origen del ni\u00f1o adoptado, deber\u00e1 aportar la documentaci\u00f3n emitida por el \u00f3rgano competente de su comunidad aut\u00f3noma, en la que se justifique el inicio de los tr\u00e1mites para la adopci\u00f3n.<\/li>\n<\/ul>\n<p style=\"text-align: justify;\"><strong>Duraci\u00f3n<\/strong><\/p>\n<p style=\"text-align: justify;\">Desde el 1 de enero de 2021 se ha equiparado, por primera vez, el permiso por nacimiento y cuidado del menor para ambos progenitores que ya disfrutan de 16 semanas de prestaci\u00f3n, convirtiendo a nuestro pa\u00eds en uno de los m\u00e1s avanzados de nuestro entorno en cuanto a la equiparaci\u00f3n de este permiso como ocurre en pa\u00edses como Suecia, Islandia o Dinamarca. Este periodo se puede dividir de la siguiente manera:<\/p>\n<ul style=\"text-align: justify;\">\n<li>6 semanas obligatorias, ininterrumpidas y a jornada completa, posteriores al parto (resoluci\u00f3n judicial o decisi\u00f3n administrativa en el caso de adopci\u00f3n). La madre biol\u00f3gica puede anticipar este periodo hasta 4 semanas antes de la fecha previsible del parto<\/li>\n<li>Las 10 semanas restantes se disfrutar\u00e1n en periodos semanales, de forma acumulada o interrumpida, dentro de los 12 meses siguientes al parto o bien la resoluci\u00f3n judicial o decisi\u00f3n administrativa en el caso de adopci\u00f3n.<\/li>\n<\/ul>\n<p style=\"text-align: justify;\">Adem\u00e1s se establecen determinados supuestos de ampliaci\u00f3n de este plazo:<\/p>\n<ul style=\"text-align: justify;\">\n<li>Ampliaci\u00f3n en 1 semana para cada progenitor por cada hijo\/a, a partir del segundo, en caso de nacimiento, adopci\u00f3n o acogimiento m\u00faltiples.<\/li>\n<li>Ampliaci\u00f3n en 1 semana para cada progenitor en caso de discapacidad del hijo\/a.<\/li>\n<li>Ampliaci\u00f3n por parto prematuro y hospitalizaci\u00f3n (por un periodo superior a 7 d\u00edas) a continuaci\u00f3n del parto, hasta un m\u00e1ximo de 13 semanas.<\/li>\n<\/ul>\n<p style=\"text-align: justify;\"><strong>Asistencia sanitaria<\/strong><\/p>\n<p style=\"text-align: justify;\">Otro de los tr\u00e1mites a realizar con la Seguridad Social al tener un beb\u00e9 es darle de alta como beneficiario de alguno de sus progenitores (que tengan la condici\u00f3n de asegurados) para acceder a la asistencia sanitaria. \u00a0Este tr\u00e1mite se suele realizar en paralelo a la solicitud de la prestaci\u00f3n por nacimiento y cuidado del menor, especialmente si se hace presencialmente o por correo ordinario.<\/p>\n<p style=\"text-align: justify;\">Este tr\u00e1mite se puede realizar:<\/p>\n<ul style=\"text-align: justify;\">\n<li>A trav\u00e9s del portal <a href=\"https:\/\/sede-tu.seg-social.gob.es\/\" target=\"_blank\" rel=\"noreferrer noopener\">Tu Seguridad Social<\/a> si dispone de certificado electr\u00f3nico o usuario y contrase\u00f1a en cl@ve<\/li>\n<li>Presencialmente con <a href=\"https:\/\/revista.seg-social.es\/2020\/09\/16\/como-solicitar-cita-previa-para-pensiones-y-otras-prestaciones-de-la-seguridad-social\/\" target=\"_blank\" rel=\"noreferrer noopener\">cita previa<\/a> en un Centro de Atenci\u00f3n e Informaci\u00f3n de la Seguridad Social (CAISS) o por correo ordinario dirigida a la Direcci\u00f3n Provincial del INSS correspondiente (ISM para trabajadores del mar).<\/li>\n<li>Si no dispone de m\u00e9todos de identificaci\u00f3n previa, puede utilizar la plataforma para tr\u00e1mites sin certificado digital del INSS que encontrar\u00e1 en\u00a0<a href=\"https:\/\/tramites.seg-social.es\/tramites\/asistencia.html\" target=\"_blank\" rel=\"noreferrer noopener\">este enlace<\/a>. En esta <a href=\"https:\/\/revista.seg-social.es\/2021\/07\/14\/como-realizar-tramites-en-el-inss-de-manera-telematica-sin-certificado-digital-ni-clve\/\" target=\"_blank\" rel=\"noreferrer noopener\">gu\u00eda pr\u00e1ctica<\/a> le contamos c\u00f3mo funciona.<\/li>\n<\/ul>\n<p style=\"text-align: justify;\">En estos dos \u00faltimos casos <strong>deber\u00e1 presentar la solicitud debidamente cumplimentada <\/strong>(puede descargarla en <a href=\"http:\/\/www.seg-social.es\/wps\/wcm\/connect\/wss\/e0a98c1d-2633-4dc6-b4c1-e7407626b4b7\/6-071_Castellano_11_Accesibilidad.pdf?MOD=AJPERES&amp;CVID=\" target=\"_blank\" rel=\"noreferrer noopener\">este enlace<\/a>), fotocopia del documento de identidad del asegurado y el Libro de Familia \u00a0con el ni\u00f1o inscrito o certificado de nacimiento. En la pr\u00e1ctica, si el beneficiario es menor de tres meses no ser\u00e1 necesario presentarlo ya que esa documentaci\u00f3n habr\u00e1 sido remitida por el Registro Civil.<\/p>\n<p style=\"text-align: justify;\">Una vez concluido este tr\u00e1mite deberemos solicitar\u00a0 la Tarjeta Sanitaria del menor en el servicio salud correspondiente de nuestra comunidad aut\u00f3noma donde le asignar\u00e1n a su pediatra.<\/p>\n<\/div>\n<\/div>\n","protected":false},"excerpt":{"rendered":"<p>El Instituto Nacional de la Seguridad Social ha ampliado los servicios disponibles a trav\u00e9s del&#8230;<\/p>\n","protected":false},"author":1,"featured_media":51069,"comment_status":"closed","ping_status":"closed","sticky":false,"template":"","format":"standard","meta":{"_coblocks_attr":"","_coblocks_dimensions":"","_coblocks_responsive_height":"","_coblocks_accordion_ie_support":"","jetpack_post_was_ever_published":false,"_jetpack_newsletter_access":"","_jetpack_dont_email_post_to_subs":false,"_jetpack_newsletter_tier_id":0,"_jetpack_memberships_contains_paywalled_content":false,"_jetpack_memberships_contains_paid_content":false,"footnotes":"","jetpack_publicize_message":"","jetpack_publicize_feature_enabled":true,"jetpack_social_post_already_shared":false,"jetpack_social_options":{"image_generator_settings":{"template":"highway","default_image_id":0,"enabled":false},"version":2}},"categories":[1161,7149,44,6937,15],"tags":[1228,927,638],"class_list":["post-51068","post","type-post","status-publish","format-standard","has-post-thumbnail","hentry","category-ciudadania","category-coronavirus","category-noticias-de-hoy","category-sociedad","category-ultimas-noticias","tag-ayudas","tag-nacimientos","tag-permisos"],"jetpack_publicize_connections":[],"jetpack_featured_media_url":"https:\/\/i0.wp.com\/miradordeatarfe.es\/wp-content\/uploads\/2021\/12\/indice.jpg?fit=310%2C163&ssl=1","jetpack_likes_enabled":true,"jetpack_sharing_enabled":true,"_links":{"self":[{"href":"https:\/\/miradordeatarfe.es\/index.php?rest_route=\/wp\/v2\/posts\/51068","targetHints":{"allow":["GET"]}}],"collection":[{"href":"https:\/\/miradordeatarfe.es\/index.php?rest_route=\/wp\/v2\/posts"}],"about":[{"href":"https:\/\/miradordeatarfe.es\/index.php?rest_route=\/wp\/v2\/types\/post"}],"author":[{"embeddable":true,"href":"https:\/\/miradordeatarfe.es\/index.php?rest_route=\/wp\/v2\/users\/1"}],"replies":[{"embeddable":true,"href":"https:\/\/miradordeatarfe.es\/index.php?rest_route=%2Fwp%2Fv2%2Fcomments&post=51068"}],"version-history":[{"count":1,"href":"https:\/\/miradordeatarfe.es\/index.php?rest_route=\/wp\/v2\/posts\/51068\/revisions"}],"predecessor-version":[{"id":51070,"href":"https:\/\/miradordeatarfe.es\/index.php?rest_route=\/wp\/v2\/posts\/51068\/revisions\/51070"}],"wp:featuredmedia":[{"embeddable":true,"href":"https:\/\/miradordeatarfe.es\/index.php?rest_route=\/wp\/v2\/media\/51069"}],"wp:attachment":[{"href":"https:\/\/miradordeatarfe.es\/index.php?rest_route=%2Fwp%2Fv2%2Fmedia&parent=51068"}],"wp:term":[{"taxonomy":"category","embeddable":true,"href":"https:\/\/miradordeatarfe.es\/index.php?rest_route=%2Fwp%2Fv2%2Fcategories&post=51068"},{"taxonomy":"post_tag","embeddable":true,"href":"https:\/\/miradordeatarfe.es\/index.php?rest_route=%2Fwp%2Fv2%2Ftags&post=51068"}],"curies":[{"name":"wp","href":"https:\/\/api.w.org\/{rel}","templated":true}]}}