{"id":51071,"date":"2021-12-29T10:42:15","date_gmt":"2021-12-29T09:42:15","guid":{"rendered":"http:\/\/miradordeatarfe.es\/?p=51071"},"modified":"2021-12-22T21:49:12","modified_gmt":"2021-12-22T20:49:12","slug":"las-10-mejores-peliculas-de-2021","status":"publish","type":"post","link":"https:\/\/miradordeatarfe.es\/?p=51071","title":{"rendered":"Las 10 mejores pel\u00edculas de 2021"},"content":{"rendered":"<header class=\"a_e _g _g-xs\">\n<div class=\"a_e_txt _df\">\n<h2 class=\"a_st\">El \u2018blockbuster\u2019 entr\u00f3 en su fase m\u00e1s crepuscular mientras la taquilla se hund\u00eda y el cine de autor se obsesionaba con la muerte y la resurrecci\u00f3n<\/h2>\n<\/div>\n<\/header>\n<div class=\"a_c clearfix\">\n<p class=\"\">Este no ha sido un buen a\u00f1o para casi nadie. Ni siquiera <a href=\"https:\/\/elpais.com\/noticias\/james-bond\/\" target=\"_blank\" rel=\"noopener\" data-link-track-dtm=\"\">James Bond<\/a> escapa a esa regla (al\u00e9rgicos al <i>spoiler<\/i>, det\u00e9nganse aqu\u00ed). La \u00faltima entrega de la saga, <a href=\"https:\/\/elpais.com\/cultura\/2021-09-30\/sin-tiempo-para-morir-daniel-craig-el-james-bond-que-echaremos-de-menos.html\" target=\"_blank\" rel=\"noopener\" data-link-track-dtm=\"\"><i>Sin tiempo para morir<\/i><\/a>, se salt\u00f3 las reglas que hasta ahora la gobernaban y, en un giro insospechado, decidi\u00f3 sacrificar a su protagonista, aunque le diera una de las salidas m\u00e1s dignas y bellas que se recuerden. El resultado fue un <i>blockbuster<\/i> de lo m\u00e1s crepuscular, que hac\u00eda caso omiso a convenciones que tal vez hayan dejado de ser \u00fatiles; una enmienda a un g\u00e9nero condenado a morir para renovarse. Lo mismo le suced\u00eda al propio personaje: incapaz de reinventarse en parang\u00f3n de la nueva masculinidad en plena conversi\u00f3n <i>woke<\/i> de los estudios de Hollywood, no le qued\u00f3 otro remedio que bajarse del escenario.<\/p>\n<p class=\"\">\u00bfLe suceder\u00e1 ahora una mujer, un homosexual, un hijo de inmigrantes? Barbara Broccoli, guardiana de la franquicia 007, se mostr\u00f3 circunspecta ante esa posibilidad: hace solo unos d\u00edas, en <a href=\"https:\/\/www.hollywoodreporter.com\/movies\/movie-features\/barbara-broccoli-profile-james-bond-1235058174\/\" target=\"_blank\" rel=\"noopener\" data-link-track-dtm=\"\">una entrevista con <i>The Hollywood Reporter<\/i><\/a>, avanz\u00f3 que el pr\u00f3ximo Bond ser\u00e1 \u201chombre y brit\u00e1nico\u201d, sea cual sea su origen \u00e9tnico. Subrayaba as\u00ed la tensi\u00f3n entre voluntad de cambio y resistencia al mismo en esta industria: su <i>aggiornamento<\/i> parece un lavado de cara un tanto oportunista, m\u00e1s que una puesta en duda real de su modelo ideol\u00f3gico. Aun as\u00ed, <i>Sin tiempo para morir<\/i> terminaba con ese gesto de una valent\u00eda infrecuente, aprobado y filmado antes de la pandemia, pero muy adecuado para este momento de cambio de paradigma. Su estreno en octubre, tras una larga sucesi\u00f3n de saltos de fecha, fue interpretado como el regreso a un espect\u00e1culo a la antigua, que nos iba a retrotraer a los id\u00edlicos tiempos de 2019. En realidad, subray\u00f3 todav\u00eda m\u00e1s la melancol\u00eda en la que vivimos, cada vez mejor aposentados. Ni esta m\u00e1quina de guerra pudo remontar una taquilla a medio gas, que registra p\u00e9rdidas del 50% en Espa\u00f1a, de casi el 70% en Estados Unidos y del 30% en Francia, pese a todas sus excepciones culturales.<\/p>\n<figure class=\"a_m a_m-h\"><span class=\"_db a_m_w _pr lb_btn\"><img data-recalc-dims=\"1\" loading=\"lazy\" decoding=\"async\" class=\"_re lazyload a_m-h\" src=\"https:\/\/i0.wp.com\/imagenes.elpais.com\/resizer\/vXxYw4X5y1og9bZz3sxqmEPPjA0%3D\/414x0\/cloudfront-eu-central-1.images.arcpublishing.com\/prisa\/R3I5RIPGU5BANMWH6FZEKAQ7LM.JPG?resize=414%2C276&#038;ssl=1\" srcset=\"https:\/\/imagenes.elpais.com\/resizer\/vXxYw4X5y1og9bZz3sxqmEPPjA0=\/414x0\/cloudfront-eu-central-1.images.arcpublishing.com\/prisa\/R3I5RIPGU5BANMWH6FZEKAQ7LM.JPG 414w,https:\/\/imagenes.elpais.com\/resizer\/75b1yF1uqnZFknGloZkvr-CEzOA=\/828x0\/cloudfront-eu-central-1.images.arcpublishing.com\/prisa\/R3I5RIPGU5BANMWH6FZEKAQ7LM.JPG 640w,https:\/\/imagenes.elpais.com\/resizer\/0nOuP-lFCRvElulBRymB0vkmUEg=\/980x0\/cloudfront-eu-central-1.images.arcpublishing.com\/prisa\/R3I5RIPGU5BANMWH6FZEKAQ7LM.JPG 1000w,https:\/\/imagenes.elpais.com\/resizer\/_q_vk0aVcnm58Z-MZn6aw034osE=\/1960x0\/cloudfront-eu-central-1.images.arcpublishing.com\/prisa\/R3I5RIPGU5BANMWH6FZEKAQ7LM.JPG 1960w\" alt=\"El actor Daniel Craig, en 'Sin tiempo para morir'.\" width=\"414\" height=\"276\" \/><\/span><figcaption class=\"a_m_p\">El actor Daniel Craig, en &#8216;Sin tiempo para morir&#8217;.<span class=\"a_m_m\">Alamy Stock Photo<\/span><\/figcaption><\/figure>\n<p class=\"\">Hollywood cuenta con una soluci\u00f3n en la rec\u00e1mara: el llamado <a href=\"https:\/\/elpais.com\/elpais\/2019\/04\/29\/ideas\/1556531064_755013.html\" target=\"_blank\" rel=\"noopener\" data-link-track-dtm=\"\"><i>multiverso<\/i><\/a>, cruce entre los distintos universos en los que transcurren los productos de <a href=\"https:\/\/elpais.com\/noticias\/marvel-studios\/\" target=\"_blank\" rel=\"noopener\" data-link-track-dtm=\"\">Marvel<\/a> en cine y televisi\u00f3n. Con cerca de 5.000 personajes en cartera, las posibilidades creativas son infinitas, casi tanto como sus perspectivas comerciales. A mediados de 2019, Gwyneth Paltrow declar\u00f3 con desconcierto durante un nuevo programa de cocina de Netflix: \u201c\u00bf<i>Spiderman<\/i>? No sal\u00eda en <i>Spiderman<\/i>\u2026 No, yo estaba en <i>Vengadores<\/i>\u201d. En realidad, sal\u00eda en las dos, y eso que solo hab\u00eda firmado para protagonizar <i>Ironman<\/i>. Es un lindo recuerdo de un tiempo que parec\u00eda menos complicado y que queda cada vez m\u00e1s lejos en el retrovisor. Entre otros <i>blockbusters<\/i> de nueva generaci\u00f3n, 2022 nos depara un <i>Spiderman 3 <\/i>que, seg\u00fan los rumores, protagonizar\u00e1n los tres actores que han encarnado al personaje, y un filme que entrecruzar\u00e1 al Doctor Strange con la Bruja Escarlata. Su subt\u00edtulo: <i>El multiverso de la locura<\/i>. Tiene el m\u00e9rito de describir a la perfecci\u00f3n una \u00e9poca en el que todo se convierte en <i>contenido<\/i>, que dir\u00eda Martin Scorsese, mientras la pel\u00edcula de superh\u00e9roes se transforma, sin que haya vuelta atr\u00e1s, en un nuevo w\u00e9stern: el g\u00e9nero en el que los estadounidenses \u2014y tambi\u00e9n el resto del mundo, gentileza del imperialismo cultural\u2014 buscan solaz en tiempos inciertos.<\/p>\n<p class=\"\">Otros siguen rebusc\u00e1ndolo en el cine de autor (con un voluntarismo cada vez mayor, en vista de los estrenos fugaces que se estilan en las salas espa\u00f1olas), aunque este tampoco haya sido el escenario de grandes alegr\u00edas durante 2021. La muerte camp\u00f3 a lo largo y lo ancho de pel\u00edculas como <a href=\"https:\/\/elpais.com\/cultura\/2021-07-30\/terror-existencial-en-la-playa.html\" target=\"_blank\" rel=\"noopener\" data-link-track-dtm=\"\"><i>Tiempo<\/i><\/a>, f\u00e1bula g\u00f3tica de M. Night Shyamalan sobre una familia que envejec\u00eda a velocidad acelerada durante unas vacaciones en una playa paradisiaca. Mientras tanto, dos pel\u00edculas diametralmente distintas, <a href=\"https:\/\/elpais.com\/cultura\/2021-05-21\/first-cow-renace-la-mitologia-bajo-la-tierra-del-oeste.html\" target=\"_blank\" rel=\"noopener\" data-link-track-dtm=\"\"><i>First Cow<\/i><\/a>, de Kelly Reichardt, y <a href=\"https:\/\/elpais.com\/cultura\/2021-10-07\/madres-paralelas-de-pedro-almodovar-la-maternidad-y-no-se-cuantas-cosas-mas.html\" target=\"_blank\" rel=\"noopener\" data-link-track-dtm=\"\"><i>Madres paralelas<\/i><\/a>, de Pedro Almod\u00f3var, compartieron una imagen recurrente: la de los esqueletos de nuestros antepasados, <i>vanitas<\/i> indudable en un tiempo en que nos rozamos a diario con la muerte, pero tambi\u00e9n una denuncia impl\u00edcita de sistemas econ\u00f3micos, en el primer caso, y reg\u00edmenes pol\u00edticos, en el segundo, que siguen torturando nuestro presente.<\/p>\n<div id=\"elpais_gpt-MPU4\" class=\"ad | text_align_center\" data-google-query-id=\"CJjKgaL19PQCFQcRGwodf7oKVQ\">\n<div id=\"google_ads_iframe_7811748\/elpais_babelia_web\/especiales\/babelia\/mpu4_0__container__\">\u00a0<\/div>\n<\/div>\n<figure class=\"a_m a_m-h\"><span class=\"_db a_m_w _pr lb_btn\"><img data-recalc-dims=\"1\" loading=\"lazy\" decoding=\"async\" class=\"_re lazyload a_m-h\" src=\"https:\/\/i0.wp.com\/imagenes.elpais.com\/resizer\/4zaYtDwwQ78lx7Uy8J_SXd_oBN4%3D\/414x0\/cloudfront-eu-central-1.images.arcpublishing.com\/prisa\/MXDS4H7FYZCQFEFC2E4TBDTA2E.JPG?resize=414%2C224&#038;ssl=1\" srcset=\"https:\/\/imagenes.elpais.com\/resizer\/4zaYtDwwQ78lx7Uy8J_SXd_oBN4=\/414x0\/cloudfront-eu-central-1.images.arcpublishing.com\/prisa\/MXDS4H7FYZCQFEFC2E4TBDTA2E.JPG 414w,https:\/\/imagenes.elpais.com\/resizer\/ufuaNAtcS783xSY-DB4SSTySTdM=\/828x0\/cloudfront-eu-central-1.images.arcpublishing.com\/prisa\/MXDS4H7FYZCQFEFC2E4TBDTA2E.JPG 640w,https:\/\/imagenes.elpais.com\/resizer\/eHABxhcskOdXavX4_MP6PFoTeXw=\/980x0\/cloudfront-eu-central-1.images.arcpublishing.com\/prisa\/MXDS4H7FYZCQFEFC2E4TBDTA2E.JPG 1000w,https:\/\/imagenes.elpais.com\/resizer\/NpxnWZn9pPZ4O2Tjju9GmN4K20w=\/1960x0\/cloudfront-eu-central-1.images.arcpublishing.com\/prisa\/MXDS4H7FYZCQFEFC2E4TBDTA2E.JPG 1960w\" alt=\"Adam Driver y Marion Cotillard, en la camilla, en la secuencia del parto de 'Annette'.\" width=\"414\" height=\"224\" \/><\/span><figcaption class=\"a_m_p\">Adam Driver y Marion Cotillard, en la camilla, en la secuencia del parto de &#8216;Annette&#8217;.<span class=\"a_m_m\">Alamy Stock Photo<\/span><\/figcaption><\/figure>\n<p class=\"\">A la vez, tambi\u00e9n fue el a\u00f1o de los partos, aunque no siempre fueran met\u00e1foras de un renacimiento esplendoroso. El alumbramiento final de <a href=\"https:\/\/elpais.com\/cultura\/2021-10-08\/titane-la-palma-de-oro-que-rompe-el-cuerpo.html\" target=\"_blank\" rel=\"noopener\" data-link-track-dtm=\"\"><i>Titane<\/i><\/a>, con la que Julia Ducournau se convirti\u00f3 en la segunda mujer que ganaba la Palma de Oro en Cannes, conclu\u00eda con un feto transhumano que auguraba un futuro no necesariamente alentador. Mientras tanto, en <a href=\"https:\/\/elpais.com\/cultura\/2021-08-20\/annette-cuento-de-canciones-risas-y-tormento.html\" target=\"_blank\" rel=\"noopener\" data-link-track-dtm=\"\"><i>Annette<\/i><\/a>, la turbadora \u00f3pera rock de L\u00e9os Carax, un coro de comadronas cantarinas daba luz a un ni\u00f1a-t\u00edtere, que solo se convertir\u00e1 en humana al matar al padre. \u201cNo mires al abismo\u201d, le aconsejaba \u00e9l en su perturbadora escena final, como si uno pudiera mirar a otro lado. Otro final inquietante fue el de <a href=\"https:\/\/elpais.com\/cultura\/2021-11-05\/la-ruleta-de-la-fortuna-y-la-fantasia-la-erotica-de-las-palabras.html\" target=\"_blank\" rel=\"noopener\" data-link-track-dtm=\"\"><i>La ruleta de la fortuna y la fantas\u00eda<\/i><\/a>, magn\u00edfico regreso del japon\u00e9s Ry\u016bsuke Hamaguchi (en 2022 estrenar\u00e1 <i>Drive My Car<\/i>, que es a\u00fan mejor, si cabe). Su tercer acto es un psicodrama feliz en el que dos desconocidas buscan consuelo mutuo haciendo ver que coincidieron en una lejana juventud, pese a ser perfectamente conscientes de que es mentira. Parec\u00eda insinuar que la supervivencia pasar\u00e1 por los afectos, pero tambi\u00e9n que estos se han vuelto virtuales y que nadie puede creerse ya insustituible. Ni siquiera James Bond.<\/p>\n<h3 class=\"\"><b>Las 10 mejores pel\u00edculas del a\u00f1o<\/b><\/h3>\n<div class=\"a_fts\" data-dtm-region=\"articulo_sumarioenlaces-fototexto\">\n<section class=\"a_ft _g _g-xs\">\n<figure class=\"a_ft_m a_m-h\"><span class=\"a_m_w _db\"><img data-recalc-dims=\"1\" loading=\"lazy\" decoding=\"async\" class=\"_re lazyload a_m-h\" src=\"https:\/\/i0.wp.com\/imagenes.elpais.com\/resizer\/nTGDuQflxmnP-YSNrOVUswuTI8Q%3D\/414x0\/cloudfront-eu-central-1.images.arcpublishing.com\/prisa\/UBQ7JXKFIRCKZICVUMNR2FPOZ4.jpg?resize=414%2C0&#038;ssl=1\" srcset=\"https:\/\/imagenes.elpais.com\/resizer\/nTGDuQflxmnP-YSNrOVUswuTI8Q=\/414x0\/cloudfront-eu-central-1.images.arcpublishing.com\/prisa\/UBQ7JXKFIRCKZICVUMNR2FPOZ4.jpg 414w,https:\/\/imagenes.elpais.com\/resizer\/a5n_ok9QFODdGCeydqQfkIxD2TI=\/828x0\/cloudfront-eu-central-1.images.arcpublishing.com\/prisa\/UBQ7JXKFIRCKZICVUMNR2FPOZ4.jpg 828w\" alt=\"Cartel de 'Otra ronda', de Thomas Vinterberg.\" width=\"414\" height=\"0\" \/><\/span><\/figure>\n<div class=\"a_ft_txt\">\n<h2 class=\"a_ft_t\">Otra ronda<\/h2>\n<div>Direcci\u00f3n: Thomas Vinterberg.<br \/>\nInt\u00e9rpretes: Mads Mikkelsen, Thomas Bo Larsen, Magnus Millang, Lars Ranthe.<br \/>\nG\u00e9nero: tragicomedia. Dinamarca, 2020.<br \/>\nDuraci\u00f3n: 117 minutos.<\/div>\n<\/div>\n<\/section>\n<\/div>\n<p class=\"\">Por <b>Carlos Boyero<\/b><\/p>\n<p class=\"\">En esta \u00e9poca sombr\u00eda para la vida aparecen algunas perlas en el cine. Muy pocas, pero reconfortantes. El inicio de <a href=\"https:\/\/elpais.com\/cultura\/2021-04-09\/anverso-y-reverso-del-alcohol.html\" target=\"_blank\" rel=\"noopener\" data-link-track-dtm=\"\"><i>Otra ronda<\/i><\/a>, escrita y dirigida por Thomas Vinterberg, provoca la sonrisa y la solidaridad del espectador con sus protagonistas, que creen encontrar en Baco la tabla de n\u00e1ufrago para su insatisfacci\u00f3n existencial. Pero nuestra risa se va congelando cuando asistimos a la factura que deben pagar por su transgresi\u00f3n. En la explosiva secuencia final, despu\u00e9s de momentos f\u00fanebres y del fracaso de su experimento, volvemos a recobrar el vitalismo. El juego implica mucho riesgo. Ojal\u00e1 que les vaya bien a los supervivientes que un d\u00eda se empe\u00f1aron en sentirse vivos.<\/p>\n<ul>\n<li><a href=\"https:\/\/elpais.com\/cultura\/2021-04-09\/anverso-y-reverso-del-alcohol.html\" target=\"_blank\" rel=\"noopener\" data-link-track-dtm=\"\">Cr\u00edtica de <i>Otra ronda<\/i><\/a><\/li>\n<\/ul>\n<h6 class=\"\">Y tambi\u00e9n: <i>El olvido que seremos<\/i>, de Fernando Trueba; <i>Fue la mano de Dios<\/i>, de Paolo Sorrentino; <i>Tres pisos<\/i>, de Nanni Moretti; <i>BAC Nord: Brigada de investigaci\u00f3n criminal<\/i>, de C\u00e9dric Jimenez; <i>Maixabel<\/i>, de Ic\u00edar Bolla\u00edn; <i>El \u00faltimo duelo<\/i>, de Ridley Scott; <i>El buen patr\u00f3n<\/i>, de Fernando Le\u00f3n; <i>Qui\u00e9n lo impide<\/i>, de Jon\u00e1s Trueba, y <i>Crock of Gold: bebiendo con Shane McGowan<\/i>, de Julian Temple.<\/h6>\n<div class=\"a_fts\" data-dtm-region=\"articulo_sumarioenlaces-fototexto\">\n<section class=\"a_ft _g _g-xs\">\n<figure class=\"a_ft_m a_m-h\"><span class=\"a_m_w _db\"><img data-recalc-dims=\"1\" loading=\"lazy\" decoding=\"async\" class=\"_re lazyload a_m-h\" src=\"https:\/\/i0.wp.com\/imagenes.elpais.com\/resizer\/oQ1BdCZSdJ5j_5MrjPnn4Fa6UxA%3D\/414x0\/cloudfront-eu-central-1.images.arcpublishing.com\/prisa\/6E5DTLD6LBCY3OOGPMSIY6PSWM.jpg?resize=414%2C0&#038;ssl=1\" srcset=\"https:\/\/imagenes.elpais.com\/resizer\/oQ1BdCZSdJ5j_5MrjPnn4Fa6UxA=\/414x0\/cloudfront-eu-central-1.images.arcpublishing.com\/prisa\/6E5DTLD6LBCY3OOGPMSIY6PSWM.jpg 414w,https:\/\/imagenes.elpais.com\/resizer\/Haoto7iyi4MopSXboTYCpbNHGXs=\/828x0\/cloudfront-eu-central-1.images.arcpublishing.com\/prisa\/6E5DTLD6LBCY3OOGPMSIY6PSWM.jpg 828w\" alt=\"Cartel de 'First Cow', de Kelly Reichardt.\" width=\"414\" height=\"0\" \/><\/span><\/figure>\n<div class=\"a_ft_txt\">\n<h2 class=\"a_ft_t\">First Cow<\/h2>\n<div>Direcci\u00f3n: Kelly Reichardt.<br \/>\nInt\u00e9rpretes: John Magaro, Orion Lee, Toby Jones, Ewen Bremner, Scott Shepherd, Gary Farmer, Lily Gladstone.<br \/>\nG\u00e9nero: w\u00e9stern. Estados Unidos, 2019.<br \/>\nDuraci\u00f3n: 121 minutos.<\/div>\n<\/div>\n<\/section>\n<\/div>\n<p class=\"\">Por <b>Elsa Fern\u00e1ndez-Santos<\/b><\/p>\n<div id=\"elpais_gpt-MPU5\" class=\"ad | text_align_center\" data-google-query-id=\"CKLAraP19PQCFRZ1GwodunAAyw\">\n<div id=\"google_ads_iframe_7811748\/elpais_babelia_web\/especiales\/babelia\/mpu5_0__container__\">\u00a0<\/div>\n<\/div>\n<p class=\"\">Bajo su fina capa minimalista, el cine de <a href=\"https:\/\/elpais.com\/babelia\/2021-05-15\/kelly-reichardt-todo-es-un-western.html\" target=\"_blank\" rel=\"noopener\" data-link-track-dtm=\"\">Kelly Reichardt<\/a> abraza como pocos el misterio del inmenso paisaje norteamericano. La cineasta es una de las grandes cronistas contempor\u00e1neas de su pa\u00eds y First Cow, un w\u00e9stern sobre hombres tranquilos y lazos fraternales en una tierra salvaje y hostil, es una de sus obras m\u00e1s brillantes y redondas. De nuevo junto al escritor Jon Raymond, la directora de <i>Old Joy<\/i> viaja a los tiempos fundacionales del Lejano Oeste para desenterrar con la mirada de una poeta y el rigor de una etn\u00f3grafa las ra\u00edces violentas del llamado sue\u00f1o americano.<\/p>\n<ul>\n<li><a href=\"https:\/\/elpais.com\/cultura\/2021-05-21\/first-cow-renace-la-mitologia-bajo-la-tierra-del-oeste.html\" target=\"_blank\" rel=\"noopener\" data-link-track-dtm=\"\">Cr\u00edtica de <i>First Cow<\/i><\/a><\/li>\n<\/ul>\n<h6 class=\"\">Y tambi\u00e9n: <i>Petite maman<\/i>, de C\u00e9line Sciamma; <i>Titane<\/i>, de Julia Ducournau; <i>El disc\u00edpulo<\/i>, de Chaitanya Tamhane; <i>The Velvet Underground<\/i>, de Todd Haynes; <i>El poder del perro<\/i>, de Jane Campion; <i>Madres paralelas<\/i>, de Pedro Almod\u00f3var;<i> Seis d\u00edas corrientes (Sis dies corrents)<\/i>, de Neus Ball\u00fas; <i>Rizi (Days)<\/i>, de Tsai Ming-liang, y <i>La mujer que escap\u00f3<\/i>, de Hong Sang-soo.<\/h6>\n<div class=\"a_fts\" data-dtm-region=\"articulo_sumarioenlaces-fototexto\">\n<section class=\"a_ft _g _g-xs\">\n<figure class=\"a_ft_m a_m-h\"><span class=\"a_m_w _db\"><img data-recalc-dims=\"1\" loading=\"lazy\" decoding=\"async\" class=\"_re lazyload a_m-h\" src=\"https:\/\/i0.wp.com\/imagenes.elpais.com\/resizer\/hsPNkdoHgWW8nrowpB7m0IORswU%3D\/414x0\/cloudfront-eu-central-1.images.arcpublishing.com\/prisa\/KRMBDKTCEBCT3OTCK3WS4G33IU.jpg?resize=414%2C0&#038;ssl=1\" srcset=\"https:\/\/imagenes.elpais.com\/resizer\/hsPNkdoHgWW8nrowpB7m0IORswU=\/414x0\/cloudfront-eu-central-1.images.arcpublishing.com\/prisa\/KRMBDKTCEBCT3OTCK3WS4G33IU.jpg 414w,https:\/\/imagenes.elpais.com\/resizer\/m5X-h0KOJnN5xcNJxMMdL3EtsTA=\/828x0\/cloudfront-eu-central-1.images.arcpublishing.com\/prisa\/KRMBDKTCEBCT3OTCK3WS4G33IU.jpg 828w\" alt=\"Cartel de 'Annette', de Leos Carax.\" width=\"414\" height=\"0\" \/><\/span><\/figure>\n<div class=\"a_ft_txt\">\n<h2 class=\"a_ft_t\">Annette<\/h2>\n<div>Direcci\u00f3n: Leos Carax.<br \/>\nInt\u00e9rpretes: Adam Driver, Marion Cotillard, Simon Helberg.<br \/>\nG\u00e9nero: musical. Francia, 2021.<br \/>\nDuraci\u00f3n: 140 minutos.<\/div>\n<\/div>\n<\/section>\n<\/div>\n<p class=\"\">Por <b>Jordi Costa<\/b><\/p>\n<p class=\"\">Tras morir apote\u00f3sicamente cada noche en los escenarios oper\u00edsticos, una mujer vuelve, como espectro vengativo, para atormentar al hombre que contempl\u00f3 el abismo hasta que este le devolvi\u00f3 su mirada en esta tr\u00e1gica historia de amor juzgada por una hija que se niega a ser juguete roto. Los agradecimientos que <a href=\"https:\/\/elpais.com\/noticias\/leos-carax\/\" target=\"_blank\" rel=\"noopener\" data-link-track-dtm=\"\">L\u00e9os Carax<\/a> dedica a Edgar Alan Poe y a Stephen Sondheim proporcionan algunas claves para interpretar este desbordante espect\u00e1culo que sublima una tragedia personal y permite a una banda como Sparks reformular la \u00f3pera rock como instrumento para diseccionar un presente problem\u00e1tico y abolir fronteras entre alta y baja cultura.<\/p>\n<ul>\n<li><a href=\"https:\/\/elpais.com\/cultura\/2021-08-20\/annette-cuento-de-canciones-risas-y-tormento.html\" target=\"_blank\" rel=\"noopener\" data-link-track-dtm=\"\">Cr\u00edtica de <i>Annette<\/i><\/a><\/li>\n<\/ul>\n<h6 class=\"\">Y tambi\u00e9n: <i>La ruleta de la fortuna y la fantas\u00eda<\/i>; de Ryusuke Hamaguchi; <i>Destello brav\u00edo<\/i>, de Ainhoa Rodr\u00edguez; <i>Borrar el historial<\/i>, de Gustave Kervern y Beno\u00eet Del\u00e9pine; <i>Titane<\/i>, de Julia Ducournau; <i>El escuadr\u00f3n suicida<\/i>, de James Gunn; <i>Petite maman<\/i>, de C\u00e9line Sciamma; <i>Tres<\/i>, de Juanjo Gim\u00e9nez Pe\u00f1a; <i>La cr\u00f3nica francesa<\/i>, de Wes Anderson, y <i>First Cow<\/i>, de Kelly Reichardt.<\/h6>\n<div class=\"a_fts\" data-dtm-region=\"articulo_sumarioenlaces-fototexto\">\n<section class=\"a_ft _g _g-xs\">\n<figure class=\"a_ft_m a_m-h\"><span class=\"a_m_w _db\"><img data-recalc-dims=\"1\" loading=\"lazy\" decoding=\"async\" class=\"_re lazyload a_m-h\" src=\"https:\/\/i0.wp.com\/imagenes.elpais.com\/resizer\/DSu49KXfgFV4Tif4UvHzkiLFeDQ%3D\/414x0\/cloudfront-eu-central-1.images.arcpublishing.com\/prisa\/4XRW4JMSEBBJ5BGI7JIIDV54ME.jpg?resize=414%2C0&#038;ssl=1\" srcset=\"https:\/\/imagenes.elpais.com\/resizer\/DSu49KXfgFV4Tif4UvHzkiLFeDQ=\/414x0\/cloudfront-eu-central-1.images.arcpublishing.com\/prisa\/4XRW4JMSEBBJ5BGI7JIIDV54ME.jpg 414w,https:\/\/imagenes.elpais.com\/resizer\/sb3G8162txHGH-23v2VMd-ChhwA=\/828x0\/cloudfront-eu-central-1.images.arcpublishing.com\/prisa\/4XRW4JMSEBBJ5BGI7JIIDV54ME.jpg 828w\" alt=\"Cartel de 'Titane', de Julia Ducournau.\" width=\"414\" height=\"0\" \/><\/span><\/figure>\n<div class=\"a_ft_txt\">\n<h2 class=\"a_ft_t\">Titane<\/h2>\n<div>Direcci\u00f3n: Julia Ducournau.<br \/>\nInt\u00e9rpretes: Vincent Lindon, Agathe Rousselle, Bertrand Bonello, Garance Marillier, La\u00efs Salameh.<br \/>\nG\u00e9nero: fant\u00e1stico. Francia, 2021.<br \/>\nDuraci\u00f3n: 108 minutos.<\/div>\n<\/div>\n<\/section>\n<\/div>\n<p class=\"\">Por<b> Javier Oca\u00f1a<\/b><\/p>\n<p class=\"\">La historia del cine est\u00e1 llena de pel\u00edculas perfectas y de pel\u00edculas inolvidables. <i>Titane<\/i> pertenece a la segunda clase. <a href=\"https:\/\/elpais.com\/eps\/2021-09-11\/julia-ducournau-cuando-haces-las-peliculas-que-hago-yo-te-llaman-monstruo.html\" target=\"_blank\" rel=\"noopener\" data-link-track-dtm=\"\">Julia Ducournau<\/a> entronca con David Cronenberg, con sus mutaciones y su cine de la Nueva Carne, para llevarlo a una nueva dimensi\u00f3n: transg\u00e9nero, felizmente delirante y con la extraordinaria potencia visual y sonora de la directora de la tambi\u00e9n soberbia <i>Crudo<\/i> (2016). La secuencia imperecedera del a\u00f1o es ese lujurioso coito de la mujer protagonista con un coche (que no en un coche), en la que carne y metal, orgasmo y desolaci\u00f3n, luces y sombras, se frotan hasta converger en el fruto met\u00e1lico de una obra inclasificable.<\/p>\n<ul>\n<li><a href=\"https:\/\/elpais.com\/cultura\/2021-10-08\/titane-la-palma-de-oro-que-rompe-el-cuerpo.html\" target=\"_blank\" rel=\"noopener\" data-link-track-dtm=\"\">Cr\u00edtica de <i>Titane<\/i><\/a><\/li>\n<\/ul>\n<h6 class=\"\">Y tambi\u00e9n: <i>Annette<\/i>, de L\u00e9os Carax; <i>Una joven prometedora<\/i>, de Emerald Fennell; <i>El \u00faltimo duelo<\/i>, de Ridley Scott; <i>El poder del perro<\/i>, de Jane Campion; <i>Solo las bestias<\/i>, de Dominik Moll; <i>Otra ronda<\/i>, de Thomas Vinterberg; <i>Nomadland<\/i>, de Chloe Zhao, y<i> Quo vadis, Aida?<\/i>, de Jasmila \u017dbani\u0107.<\/h6>\n<div class=\"a_fts\" data-dtm-region=\"articulo_sumarioenlaces-fototexto\">\n<section class=\"a_ft _g _g-xs\">\n<figure class=\"a_ft_m a_m-h\"><span class=\"a_m_w _db\"><img data-recalc-dims=\"1\" loading=\"lazy\" decoding=\"async\" class=\"_re lazyload a_m-h\" src=\"https:\/\/i0.wp.com\/imagenes.elpais.com\/resizer\/ROgu3XyVV0cUFm1o6o9sNYVfHS4%3D\/414x0\/cloudfront-eu-central-1.images.arcpublishing.com\/prisa\/UY4N3MCWDRCMJIV7XFAWCPP7II.jpg?resize=414%2C0&#038;ssl=1\" srcset=\"https:\/\/imagenes.elpais.com\/resizer\/ROgu3XyVV0cUFm1o6o9sNYVfHS4=\/414x0\/cloudfront-eu-central-1.images.arcpublishing.com\/prisa\/UY4N3MCWDRCMJIV7XFAWCPP7II.jpg 414w,https:\/\/imagenes.elpais.com\/resizer\/6fj8mJnqj_9_bgydQ6_LhD0NFO0=\/828x0\/cloudfront-eu-central-1.images.arcpublishing.com\/prisa\/UY4N3MCWDRCMJIV7XFAWCPP7II.jpg 828w\" alt=\"\" width=\"414\" height=\"0\" \/><\/span><\/figure>\n<div class=\"a_ft_txt\">\n<h2 class=\"a_ft_t\">The Velvet Underground<\/h2>\n<div>Direcci\u00f3n: Todd Haynes.<br \/>\nIntervenciones: Lou Reed, John Cale, Maureen Tucker, Sterling Morrison.<br \/>\nG\u00e9nero: documental. Estados Unidos, 2021.<br \/>\nDuraci\u00f3n: 110 minutos.<\/div>\n<\/div>\n<\/section>\n<\/div>\n<p class=\"\">Por <b>Gregorio Belinch\u00f3n<\/b><\/p>\n<p class=\"\">Pocas bandas han logrado la repercusi\u00f3n de <a href=\"https:\/\/elpais.com\/noticias\/the-velvet-underground\/\" target=\"_blank\" rel=\"noopener\" data-link-track-dtm=\"\">The Velvet Underground<\/a>. Por qui\u00e9nes la fundaron, por c\u00f3mo se promocion\u00f3, por c\u00f3mo influy\u00f3 a sus contempor\u00e1neos y por c\u00f3mo a\u00fan hoy marca el paso. Las descomunales fuerzas art\u00edsticas de John Cale y Lou Reed fisionaron en el momento y el lugar adecuado. Y Todd Haynes entiende el material que tiene entre sus manos y lo modela magistralmente en distintas capas: la documental, la visual, la sonora y la m\u00e1s fascinante, la que resuelve un doble reto: \u00bfC\u00f3mo hacer visible la m\u00fasica? \u00bfC\u00f3mo hacer un filme que parezca una canci\u00f3n de la Velvet? La respuesta es este <i>The Velvet Underground<\/i>, que empieza y acaba con un himno en may\u00fasculas: <i>All Tomorrow\u2019s Parties.<\/i><\/p>\n<ul>\n<li><a href=\"https:\/\/elpais.com\/cultura\/2021-07-08\/todd-haynes-indaga-en-el-choque-de-fuerzas-de-the-velvet-underground.html\" target=\"_blank\" rel=\"noopener\" data-link-track-dtm=\"\">Reportaje sobre<b> <\/b><i>The Velvet Underground<\/i><\/a><\/li>\n<\/ul>\n<h6 class=\"\">Y tambi\u00e9n: <i>Esp\u00edritu sagrado<\/i>, de Chema Garc\u00eda Ibarra; <i>First Cow<\/i>, de Kelly Reichardt; <i>La ruleta de la fortuna y la fantas\u00eda<\/i>, de Ryusuke Hamaguchi; <i>Libertad<\/i>, de Clara Roquet; <i>Otra ronda<\/i>, de Thomas Vinterberg; <i>Qui\u00e9n lo impide<\/i>, de Jon\u00e1s Trueba; <i>Rizi (Days)<\/i>, de Tsiang Ming-liang, <i>Summer of Soul<\/i>, de Questlove, y <i>Spencer<\/i>, de Pablo Larra\u00edn.<\/h6>\n<div class=\"a_fts\" data-dtm-region=\"articulo_sumarioenlaces-fototexto\">\n<section class=\"a_ft _g _g-xs\">\n<figure class=\"a_ft_m a_m-h\"><span class=\"a_m_w _db\"><img data-recalc-dims=\"1\" loading=\"lazy\" decoding=\"async\" class=\"_re lazyload a_m-h\" src=\"https:\/\/i0.wp.com\/imagenes.elpais.com\/resizer\/KyRYxN-ftEmSN98JqtwOz3Vw4aI%3D\/414x0\/cloudfront-eu-central-1.images.arcpublishing.com\/prisa\/JF2HMWWY4ZHAJHKFDPBFMG3MWE.jpg?resize=414%2C0&#038;ssl=1\" srcset=\"https:\/\/imagenes.elpais.com\/resizer\/KyRYxN-ftEmSN98JqtwOz3Vw4aI=\/414x0\/cloudfront-eu-central-1.images.arcpublishing.com\/prisa\/JF2HMWWY4ZHAJHKFDPBFMG3MWE.jpg 414w,https:\/\/imagenes.elpais.com\/resizer\/GMU4TgB8s4HNm8Gw8ATPVnfzIeM=\/828x0\/cloudfront-eu-central-1.images.arcpublishing.com\/prisa\/JF2HMWWY4ZHAJHKFDPBFMG3MWE.jpg 828w\" alt=\"Cartel de 'Madres paralelas', de Pedro Almod\u00f3var.\" width=\"414\" height=\"0\" \/><\/span><\/figure>\n<div class=\"a_ft_txt\">\n<h2 class=\"a_ft_t\">Madres paralelas<\/h2>\n<div>Direcci\u00f3n: Pedro Almod\u00f3var.<br \/>\nInt\u00e9rpretes: Pen\u00e9lope Cruz, Milena Smit, Aitana S\u00e1nchez-Gij\u00f3n, Israel Elejalde, Rossy de Palma, Julieta Serrano.<br \/>\nG\u00e9nero: drama. Espa\u00f1a, 2021.<br \/>\nDuraci\u00f3n: 120 minutos.<\/div>\n<\/div>\n<\/section>\n<\/div>\n<p class=\"\">Por <b>\u00c1lex Vicente<\/b><\/p>\n<p class=\"\">Durante a\u00f1os, <a href=\"https:\/\/elpais.com\/cultura\/2021-11-30\/pedro-almodovar-presentia-que-mi-pelicula-no-gustaria-por-hablar-de-la-memoria-historica.html\" target=\"_blank\" rel=\"noopener\" data-link-track-dtm=\"\">Pedro Almod\u00f3var<\/a> hizo ver que el franquismo no exist\u00eda: el mejor desprecio era ignorarlo. Su cine nunca fue tan ahist\u00f3rico como se ha dicho este a\u00f1o, pero se ha ido alejando de esa m\u00e1xima cada vez m\u00e1s, a medida que la sociedad espa\u00f1ola reexaminaba los consensos del pasado. Los dos relatos de <i>Madres paralelas<\/i> est\u00e1n unidos por una misma \u00e9tica de la verdad, esa que lleva a su protagonista a tomar decisiones dr\u00e1sticas para no repetir a escala individual los errores que su pa\u00eds cometi\u00f3 en otro tiempo. M\u00e1s osado que nunca, Almod\u00f3var se permite las elipsis m\u00e1s salvajes, el <i>product placement<\/i> m\u00e1s descarado, el audaz encuentro entre melodrama y memoria hist\u00f3rica en la interfaz hitchcockiana de su cine. No es su pel\u00edcula m\u00e1s redonda, pero demuestra que su filmograf\u00eda est\u00e1 viva, incluso cuando habla de los muertos.<\/p>\n<ul>\n<li><a href=\"https:\/\/elpais.com\/cultura\/2021-10-07\/madres-paralelas-de-pedro-almodovar-la-maternidad-y-no-se-cuantas-cosas-mas.html\" target=\"_blank\" rel=\"noopener\" data-link-track-dtm=\"\">Cr\u00edtica de <i>Madres paralelas<\/i><\/a><\/li>\n<\/ul>\n<h6 class=\"\">Y tambi\u00e9n: <i>Annette<\/i>, de L\u00e9os Carax; <i>First Cow<\/i>, de Kelly Reichardt;<i> La ruleta de la fortuna y la fantas\u00eda<\/i>, de Ryusuke Hamaguchi; <i>El disc\u00edpulo<\/i>, de Chaitanya Tamhane; <i>Las cosas que decimos, las cosas que hacemos<\/i>, de Emmanuel Mouret; <i>Quo Vadis, Aida?<\/i>, de Jasmila \u017dbani\u0107; <i>Nomadland<\/i>, de Chloe Zhao; <i>Destello brav\u00edo<\/i>, de Ainhoa Rodr\u00edguez, y <i>Sin tiempo para morir<\/i>, de Cary Joji Fukunaga.<\/h6>\n<div class=\"a_fts\" data-dtm-region=\"articulo_sumarioenlaces-fototexto\">\n<section class=\"a_ft _g _g-xs\">\n<figure class=\"a_ft_m a_m-h\"><span class=\"a_m_w _db\"><img data-recalc-dims=\"1\" loading=\"lazy\" decoding=\"async\" class=\"_re lazyload a_m-h\" src=\"https:\/\/i0.wp.com\/imagenes.elpais.com\/resizer\/_yKA9HUYegKzQ5spUn0tDoWsCbs%3D\/414x0\/cloudfront-eu-central-1.images.arcpublishing.com\/prisa\/JTBTB6RCKVGBRJVTQNXMWFWRSM.jpg?resize=414%2C0&#038;ssl=1\" srcset=\"https:\/\/imagenes.elpais.com\/resizer\/_yKA9HUYegKzQ5spUn0tDoWsCbs=\/414x0\/cloudfront-eu-central-1.images.arcpublishing.com\/prisa\/JTBTB6RCKVGBRJVTQNXMWFWRSM.jpg 414w,https:\/\/imagenes.elpais.com\/resizer\/yxS31LSI9Um8x_bR_m8u-sAtVhE=\/828x0\/cloudfront-eu-central-1.images.arcpublishing.com\/prisa\/JTBTB6RCKVGBRJVTQNXMWFWRSM.jpg 828w\" alt=\"Cartel de 'Petite maman', de C\u00e9line Sciamma.\" width=\"414\" height=\"0\" \/><\/span><\/figure>\n<div class=\"a_ft_txt\">\n<h2 class=\"a_ft_t\">Petite maman<\/h2>\n<div>Direcci\u00f3n: C\u00e9line Sciamma.<br \/>\nInt\u00e9rpretes: Jos\u00e9phine Sanz, Gabrielle Sanz, Nina Meurisse, Stephane Varupenne, Margot Abascal.<br \/>\nG\u00e9nero: drama. Francia, 2021.<br \/>\nDuraci\u00f3n: 71 minutos.<\/div>\n<\/div>\n<\/section>\n<\/div>\n<p class=\"\">Por <b>Ana Useros<\/b><\/p>\n<p class=\"\">Sus dos \u00fanicos escenarios, la casa familiar y una residencia de mayores, se\u00f1alan ya a <i>Petite maman<\/i> como una pel\u00edcula del confinamiento. El minimalismo obligado por las circunstancias hace que las dos urgencias en tensi\u00f3n que dinamizan las pel\u00edculas de <a href=\"https:\/\/elpais.com\/babelia\/2021-10-16\/celine-sciamma-pongo-amor-a-cada-rasgo-que-ves-en-pantalla.html\" target=\"_blank\" rel=\"noopener\" data-link-track-dtm=\"\">C\u00e9line Sciamma<\/a> \u2014la de salir huyendo del atolladero de nuestra vida y la de quedarse para comprenderla y compartirla\u2014 se encuentren aqu\u00ed en un espacio que las armoniza y las calma. Con una elegancia que toma prestada de Miyazaki, nos ofrece un juego de espejos sim\u00e9tricos para compartir y comprender nuestros miedos a ser abandonadas, a abandonarse, a abandonar.<\/p>\n<ul>\n<li><a href=\"https:\/\/elpais.com\/cultura\/2021-10-29\/petite-maman-un-gran-poema-sobre-el-duelo-infantil.html\" target=\"_blank\" rel=\"noopener\" data-link-track-dtm=\"\">Cr\u00edtica de <i>Petite maman<\/i><\/a><\/li>\n<\/ul>\n<h6 class=\"\">Y tambi\u00e9n: <i>Seis d\u00edas corrientes (Sis dies corrents)<\/i>, de Neus Ball\u00fas; <i>Naci\u00f3n<\/i>, de Margarita Ledo Andi\u00f3n; <i>Non dago Mikel?<\/i>, de Amaia Merino y Miguel \u00c1ngel Llamas; <i>Sisters with Transistors<\/i>, de Lisa Rovner; <i>Miss Marx<\/i>, de Susanna Nicchiarelli; <i>El agente topo<\/i>, de Maite Alberdi; <i>Malmkrog<\/i>, de Cristi Puiu; <i>Las mil y una<\/i>, de Clarisa Navas, y <i>The Assistant<\/i>, de Kitty Green.<\/h6>\n<div class=\"a_fts\" data-dtm-region=\"articulo_sumarioenlaces-fototexto\">\n<section class=\"a_ft _g _g-xs\">\n<figure class=\"a_ft_m a_m-h\"><span class=\"a_m_w _db\"><img data-recalc-dims=\"1\" loading=\"lazy\" decoding=\"async\" class=\"_re lazyload a_m-h\" src=\"https:\/\/i0.wp.com\/imagenes.elpais.com\/resizer\/-qjbfuuNyySit2nGVTsct8-PDC4%3D\/414x0\/cloudfront-eu-central-1.images.arcpublishing.com\/prisa\/62XTR3BUXZB2PJOGYF56AFFLI4.jpg?resize=414%2C0&#038;ssl=1\" srcset=\"https:\/\/imagenes.elpais.com\/resizer\/-qjbfuuNyySit2nGVTsct8-PDC4=\/414x0\/cloudfront-eu-central-1.images.arcpublishing.com\/prisa\/62XTR3BUXZB2PJOGYF56AFFLI4.jpg 414w,https:\/\/imagenes.elpais.com\/resizer\/e1BEODePMS3KdURna8Mtxz0E7No=\/828x0\/cloudfront-eu-central-1.images.arcpublishing.com\/prisa\/62XTR3BUXZB2PJOGYF56AFFLI4.jpg 828w\" alt=\"Cartel de 'La ruleta de la fortuna y la fantas\u00eda', de Ry\u00fbsuke Hamaguchi.\" width=\"414\" height=\"0\" \/><\/span><\/figure>\n<div class=\"a_ft_txt\">\n<h2 class=\"a_ft_t\">La ruleta de la fortuna y la fantas\u00eda<\/h2>\n<div>Direcci\u00f3n: Ry\u00fbsuke Hamaguchi.<br \/>\nInt\u00e9rpretes: Kotone Furukawa, Kiyohiko Shibukawa, Katsuki Mori, Ayumu Nakajima, Fusako Urabe, Aoba Kawai, Hyunri, Shouma Kai.<br \/>\nG\u00e9nero: drama. Jap\u00f3n, 2021.<br \/>\nDuraci\u00f3n: 121 minutos.<\/div>\n<\/div>\n<\/section>\n<\/div>\n<p class=\"\">Por <b>B\u00e1rbara Mingo<\/b><\/p>\n<p class=\"\">Esta pel\u00edcula prodigiosa est\u00e1 estructurada en tres cap\u00edtulos independientes que coinciden en que todas las historias se desarrollan a trav\u00e9s de unos di\u00e1logos largos, muy bellos, cotidianos y a la vez definitivos, llenos de sentido y emoci\u00f3n, como los que desear\u00edamos que tuvieran nuestras vidas, a pesar de que las de esas personas son un poco complicadas y las palabras no sirven para deshacer los enredos. De una manera muy contenida, los personajes viven al l\u00edmite del desamparo, y es en las conversaciones que mantienen unos con otros donde se la juegan y donde echan sus vidas a rodar. Todos estos problemas irresolubles tienen que ver, por descontado, con el amor.<\/p>\n<ul>\n<li><a href=\"https:\/\/elpais.com\/cultura\/2021-11-05\/la-ruleta-de-la-fortuna-y-la-fantasia-la-erotica-de-las-palabras.html\" target=\"_blank\" rel=\"noopener\" data-link-track-dtm=\"\">Cr\u00edtica de <i>La ruleta de la fortuna y la fantas\u00eda<\/i><\/a><\/li>\n<\/ul>\n<h6 class=\"\">Y tambi\u00e9n: <i>Qui\u00e9n lo impide<\/i>, de Jon\u00e1s Trueba; <i>First Cow<\/i>, de Kelly Reichardt; <i>Nueve Sevillas<\/i>, de Gonzalo Garc\u00eda Pelayo y Pedro G. Romero; <i>Karen<\/i>, de Mar\u00eda P\u00e9rez Sanz; <i>Poulet frites<\/i>, de Jean Libon e Yves Hinant; <i>Petite maman<\/i>, de C\u00e9line Sciamma, <i>Annette<\/i>, de L\u00e9os Carax, <i>Quattro strade<\/i>, de Alice Rohrwacher, y <i>La metamorfosis de los p\u00e1jaros<\/i>, de Catarina Vasconcelos.<\/h6>\n<div class=\"a_fts\" data-dtm-region=\"articulo_sumarioenlaces-fototexto\">\n<section class=\"a_ft _g _g-xs\">\n<figure class=\"a_ft_m a_m-h\"><span class=\"a_m_w _db\"><img data-recalc-dims=\"1\" loading=\"lazy\" decoding=\"async\" class=\"_re lazyload a_m-h\" src=\"https:\/\/i0.wp.com\/imagenes.elpais.com\/resizer\/aFGSjKg6kaqE6JRw-219y80EjTs%3D\/414x0\/cloudfront-eu-central-1.images.arcpublishing.com\/prisa\/FMNNKWXYABFBLGX55SDTU4AGSI.jpg?resize=414%2C0&#038;ssl=1\" srcset=\"https:\/\/imagenes.elpais.com\/resizer\/aFGSjKg6kaqE6JRw-219y80EjTs=\/414x0\/cloudfront-eu-central-1.images.arcpublishing.com\/prisa\/FMNNKWXYABFBLGX55SDTU4AGSI.jpg 414w,https:\/\/imagenes.elpais.com\/resizer\/sxxjevP93PoOrIP9UwwZ66J-_4Q=\/828x0\/cloudfront-eu-central-1.images.arcpublishing.com\/prisa\/FMNNKWXYABFBLGX55SDTU4AGSI.jpg 828w\" alt=\"Cartel de 'Destello brav\u00edo', de Ainhoa Rodr\u00edguez.\" width=\"414\" height=\"0\" \/><\/span><\/figure>\n<div class=\"a_ft_txt\">\n<h2 class=\"a_ft_t\">Destello brav\u00edo<\/h2>\n<div>Direcci\u00f3n: Ainhoa Rodr\u00edguez.<br \/>\nInt\u00e9rpretes: Guadalupe Guti\u00e9rrez, Carmen Valverde, Isabel Mar\u00eda Mendoza.<br \/>\nG\u00e9nero: documental experimental. Espa\u00f1a, 2021.<br \/>\nDuraci\u00f3n: 98 minutos.<\/div>\n<\/div>\n<\/section>\n<\/div>\n<p class=\"\">Por <b>\u00c1. V.<\/b><\/p>\n<p class=\"\">La debutante <a href=\"https:\/\/elpais.com\/cultura\/2021-06-18\/destello-bravio-la-espana-vaciada-entra-en-trance.html\" target=\"_blank\" rel=\"noopener\" data-link-track-dtm=\"\">Ainhoa Rodr\u00edguez<\/a> se instal\u00f3 durante nueve meses en Puebla de la Reina, \u00e1rida localidad de la meseta extreme\u00f1a, para familiarizarse con sus paisajes y habitantes, a los que luego propuso rodar esta pel\u00edcula. La sorpresa llega al descubrir el resultado, que trasciende todo discurso etnogr\u00e1fico sobre la Espa\u00f1a vaciada para adentrarse en su dimensi\u00f3n ominosa y paranormal. Con un poder\u00edo visual indiscutible, Rodr\u00edguez filma la tradici\u00f3n religiosa y el deseo reprimido desde una distancia sorda, como si dirigiera detr\u00e1s de una mampara. Su pel\u00edcula no es perfecta, pero revela a una cineasta prometedora que, como jura uno de sus personajes en una escena, \u201cno es de casta cobarde\u201d.<\/p>\n<ul>\n<li><a href=\"https:\/\/elpais.com\/cultura\/2021-06-18\/destello-bravio-la-espana-vaciada-entra-en-trance.html\" target=\"_blank\" rel=\"noopener\" data-link-track-dtm=\"\">Cr\u00edtica de <i>Destello brav\u00edo<\/i><\/a><\/li>\n<\/ul>\n<div class=\"a_fts\" data-dtm-region=\"articulo_sumarioenlaces-fototexto\">\n<section class=\"a_ft _g _g-xs\">\n<figure class=\"a_ft_m a_m-h\"><span class=\"a_m_w _db\"><img data-recalc-dims=\"1\" loading=\"lazy\" decoding=\"async\" class=\"_re lazyload a_m-h\" src=\"https:\/\/i0.wp.com\/imagenes.elpais.com\/resizer\/NB8LcNJ2Gio1mwM8N3N_6VwRt_c%3D\/414x0\/cloudfront-eu-central-1.images.arcpublishing.com\/prisa\/YG7T6ITQSBCSBB6VY2WBFAX3RQ.jpg?resize=414%2C0&#038;ssl=1\" srcset=\"https:\/\/imagenes.elpais.com\/resizer\/NB8LcNJ2Gio1mwM8N3N_6VwRt_c=\/414x0\/cloudfront-eu-central-1.images.arcpublishing.com\/prisa\/YG7T6ITQSBCSBB6VY2WBFAX3RQ.jpg 414w,https:\/\/imagenes.elpais.com\/resizer\/znIX-CKZD7vw9JSE1zLRLh7kU7w=\/828x0\/cloudfront-eu-central-1.images.arcpublishing.com\/prisa\/YG7T6ITQSBCSBB6VY2WBFAX3RQ.jpg 828w\" alt=\"Cartel de 'Qui\u00e9n lo impide', de Jon\u00e1s Trueba.\" width=\"414\" height=\"0\" \/><\/span><\/figure>\n<div class=\"a_ft_txt\">\n<h2 class=\"a_ft_t\">Qui\u00e9n lo impide<\/h2>\n<div>Direcci\u00f3n: Jon\u00e1s Trueba.<br \/>\nInt\u00e9rpretes: Candela Recio, Pablo Hoyos, Silvio Aguilar, Pablo Gavira, Claudia Navarro, Marta Casado, Rony-Michelle Pinzaru, Javier S\u00e1nchez.<br \/>\nG\u00e9nero: Documental. Espa\u00f1a, 2021.<br \/>\nDuraci\u00f3n: 220 minutos.<\/div>\n<\/div>\n<\/section>\n<\/div>\n<p class=\"\">Por <b>G. B.<\/b><\/p>\n<p class=\"\">\u00a1Cu\u00e1nta gente habla y qu\u00e9 poca escucha! Encomend\u00e1ndose a Frederick Wiseman, a Jonas Mekas y a medio santoral del cielo cin\u00e9filo franc\u00e9s, <a href=\"https:\/\/elpais.com\/cultura\/2021-03-11\/jonas-trueba-el-milagro-espanol-que-compite-en-los-premios-cesar.html\" target=\"_blank\" rel=\"noopener\" data-link-track-dtm=\"\">Jon\u00e1s Trueba<\/a> puso la c\u00e1mara delante de un grupo de adolescentes y dej\u00f3 que la pel\u00edcula, si al final la hab\u00eda, se fuera construyendo por s\u00ed misma durante un lustro. Y vaya s\u00ed la hubo. La obra avanza en ese terreno de dudas, de ficciones y documental, de reafirmaci\u00f3n y consiguiente desplome vital que es la adolescencia. Tambi\u00e9n a trav\u00e9s de momentos de descanso (creados a la manera de las pel\u00edculas-r\u00edo cl\u00e1sicas: con intermedios). Pero, sobre todo, est\u00e1n los adolescentes. Sin filtros. Alguien les ha escuchado.<\/p>\n<ul>\n<li><a href=\"https:\/\/elpais.com\/cultura\/2021-09-24\/quien-lo-impide-adolescentes-de-verdad-y-un-barco-solo-aceptable-en-la-fortuna.html\" target=\"_blank\" rel=\"noopener\" data-link-track-dtm=\"\">Cr\u00edtica de <i>Qui\u00e9n lo impide<\/i><\/a><\/li>\n<\/ul>\n<div class=\"a_md _g _g-xs \">\n<div class=\"a_md_txt\">\n<div class=\"w_rs\">\n<div>\n<div class=\"a_md _g _g-xs \">\n<div class=\"a_md_txt\">\n<div class=\"a_md_a\"><strong><a title=\"Ver todas las noticias de \u00c1lex Vicente\" href=\"https:\/\/elpais.com\/autor\/alex-vicente\/#?rel=author_top\">\u00c1lex Vicente<\/a><\/strong><\/div>\n<\/div>\n<\/div>\n<div class=\"a_c clearfix\">\n<figure class=\"a_m a_m-h\"><figcaption class=\"a_m_p\">FOTO: El actor Daniel Craig, en &#8216;Sin tiempo para morir&#8217;.<span class=\"a_m_m\">Alamy Stock Photo<br \/>\nhttps:\/\/elpais.com\/babelia\/2021-12-11\/las-10-mejores-peliculas-de-2021.html<br \/>\n<\/span><\/figcaption><\/figure>\n<\/div>\n<\/div>\n<\/div>\n<\/div>\n<\/div>\n<\/div>\n","protected":false},"excerpt":{"rendered":"<p>El \u2018blockbuster\u2019 entr\u00f3 en su fase m\u00e1s crepuscular mientras la taquilla se hund\u00eda y el&#8230;<\/p>\n","protected":false},"author":1,"featured_media":0,"comment_status":"closed","ping_status":"closed","sticky":false,"template":"","format":"standard","meta":{"_coblocks_attr":"","_coblocks_dimensions":"","_coblocks_responsive_height":"","_coblocks_accordion_ie_support":"","jetpack_post_was_ever_published":false,"_jetpack_newsletter_access":"","_jetpack_dont_email_post_to_subs":false,"_jetpack_newsletter_tier_id":0,"_jetpack_memberships_contains_paywalled_content":false,"_jetpack_memberships_contains_paid_content":false,"footnotes":"","jetpack_publicize_message":"","jetpack_publicize_feature_enabled":true,"jetpack_social_post_already_shared":false,"jetpack_social_options":{"image_generator_settings":{"template":"highway","default_image_id":0,"enabled":false},"version":2}},"categories":[1161,44,6937,15],"tags":[778,8796],"class_list":["post-51071","post","type-post","status-publish","format-standard","hentry","category-ciudadania","category-noticias-de-hoy","category-sociedad","category-ultimas-noticias","tag-cine","tag-peliculas-2021"],"jetpack_publicize_connections":[],"jetpack_featured_media_url":"","jetpack_likes_enabled":true,"jetpack_sharing_enabled":true,"_links":{"self":[{"href":"https:\/\/miradordeatarfe.es\/index.php?rest_route=\/wp\/v2\/posts\/51071","targetHints":{"allow":["GET"]}}],"collection":[{"href":"https:\/\/miradordeatarfe.es\/index.php?rest_route=\/wp\/v2\/posts"}],"about":[{"href":"https:\/\/miradordeatarfe.es\/index.php?rest_route=\/wp\/v2\/types\/post"}],"author":[{"embeddable":true,"href":"https:\/\/miradordeatarfe.es\/index.php?rest_route=\/wp\/v2\/users\/1"}],"replies":[{"embeddable":true,"href":"https:\/\/miradordeatarfe.es\/index.php?rest_route=%2Fwp%2Fv2%2Fcomments&post=51071"}],"version-history":[{"count":1,"href":"https:\/\/miradordeatarfe.es\/index.php?rest_route=\/wp\/v2\/posts\/51071\/revisions"}],"predecessor-version":[{"id":51072,"href":"https:\/\/miradordeatarfe.es\/index.php?rest_route=\/wp\/v2\/posts\/51071\/revisions\/51072"}],"wp:attachment":[{"href":"https:\/\/miradordeatarfe.es\/index.php?rest_route=%2Fwp%2Fv2%2Fmedia&parent=51071"}],"wp:term":[{"taxonomy":"category","embeddable":true,"href":"https:\/\/miradordeatarfe.es\/index.php?rest_route=%2Fwp%2Fv2%2Fcategories&post=51071"},{"taxonomy":"post_tag","embeddable":true,"href":"https:\/\/miradordeatarfe.es\/index.php?rest_route=%2Fwp%2Fv2%2Ftags&post=51071"}],"curies":[{"name":"wp","href":"https:\/\/api.w.org\/{rel}","templated":true}]}}