{"id":51117,"date":"2021-12-26T08:20:01","date_gmt":"2021-12-26T07:20:01","guid":{"rendered":"https:\/\/miradordeatarfe.es\/?p=51117"},"modified":"2021-12-22T20:27:06","modified_gmt":"2021-12-22T19:27:06","slug":"confirmada-la-temperatura-mas-alta-registrada-en-el-artico-38-grados-el-20-de-junio-de-2020","status":"publish","type":"post","link":"https:\/\/miradordeatarfe.es\/?p=51117","title":{"rendered":"Confirmada la temperatura m\u00e1s alta registrada en el \u00c1rtico: 38 grados el 20 de junio de 2020"},"content":{"rendered":"<h3 style=\"text-align: justify;\">La temperatura, \u00abm\u00e1s propia del Mediterr\u00e1neo que del \u00c1rtico\u00bb, se registr\u00f3 en una estaci\u00f3n meteorol\u00f3gica de Verkhoyansk durante la ola de calor sufrida por Siberia en verano del a\u00f1o pasado.<\/h3>\n<p class=\"article-text\" style=\"text-align: justify;\">La Organizaci\u00f3n Meteorol\u00f3gica Mundial (OMM), un organismo especializado de las Naciones Unidas, ha confirmado este martes que los 38 grados cent\u00edgrados medidos el 20 de junio de 2020 en la localidad rusa de Verkhoyansk son la temperatura m\u00e1s alta de la que se tiene registro en la regi\u00f3n \u00e1rtica.<\/p>\n<p class=\"article-text\" style=\"text-align: justify;\">La temperatura, que seg\u00fan el comunicado de la OMM es \u00abm\u00e1s propia del Mediterr\u00e1neo que del \u00c1rtico\u00bb, se registr\u00f3 en una estaci\u00f3n meteorol\u00f3gica local durante la ola de calor sufrida por Siberia ese verano, pese a tratarse habitualmente de una de las regiones m\u00e1s fr\u00edas del planeta.<\/p>\n<div class=\"edi-advertising ad__no-dotted ad__no-legend ad-desktop-intext hide-in-mobile\" style=\"text-align: justify;\">\n<div class=\"advertising-wrapper ad__no-dotted ad__no-legend ad-desktop-intext hide-in-mobile\">\n<div id=\"10_mediumRectangle\" class=\"advertising\" data-google-query-id=\"COuk9Y6Q-PQCFdebJwIdDpwGKA\">\n<div id=\"google_ads_iframe_\/123333327\/eldiario.es\/noticia_intext_0__container__\">Verkhoyansk est\u00e1 situada 115 kil\u00f3metros al norte del C\u00edrculo Polar \u00c1rtico, y su estaci\u00f3n meteorol\u00f3gica realiza mediciones desde 1885.<\/div>\n<\/div>\n<\/div>\n<\/div>\n<p class=\"article-text\" style=\"text-align: justify;\">El pasado a\u00f1o, Siberia tuvo durante gran parte de los meses estivales temperaturas superiores a la media local en hasta 10 grados, lo que contribuy\u00f3 a que se produjeran\u00a0<a class=\"link\" href=\"https:\/\/www.eldiario.es\/canariasahora\/nekuni\/natura\/incendios-permafrost-rusia-artico_1_6018803.html\" target=\"_blank\" rel=\"noopener\">devastadores incendios en la zona<\/a>\u00a0y hubiera una gran p\u00e9rdida de masa helada. Ello ayud\u00f3 a que el verano de 2020 fuera uno de los tres m\u00e1s c\u00e1lidos nunca registrados a nivel global.<\/p>\n<p class=\"article-text\" style=\"text-align: justify;\">La confirmaci\u00f3n de este r\u00e9cord es una se\u00f1al m\u00e1s del cambio clim\u00e1tico, subray\u00f3 el secretario general de la organizaci\u00f3n, Petteri Taalas, quien record\u00f3 que en 2020 tambi\u00e9n se midi\u00f3 una temperatura r\u00e9cord en la Ant\u00e1rtida, de 18,3 grados cent\u00edgrados.<\/p>\n<p class=\"article-text\" style=\"text-align: justify;\">La regi\u00f3n \u00e1rtica est\u00e1 experimentando un efecto invernadero m\u00e1s r\u00e1pido que otras regiones del planeta, con un aumento de temperaturas que duplica la media global.<\/p>\n<p class=\"article-text\" style=\"text-align: justify;\">La OMM contin\u00faa verificando mediciones extremas y actualmente se encuentra en proceso de confirmaci\u00f3n de varios registros de 54,4 grados en el Valle de la Muerte (California, Estados Unidos), medidos en 2020 y 2021, as\u00ed como un posible m\u00e1ximo europeo de 48,8 grados aportado por una estaci\u00f3n de la isla italiana de Sicilia este verano.<\/p>\n<p>FOTO: Arco\u00edris apareciendo en el horizonte en el \u00c1rtico.EFE\/YNA\/Archivo<\/p>\n<p>https:\/\/www.eldiario.es\/sociedad\/confirmada-temperatura-alta-registrada-artico-38-grados-20-junio_1_8576374.html<\/p>\n","protected":false},"excerpt":{"rendered":"<p>La temperatura, \u00abm\u00e1s propia del Mediterr\u00e1neo que del \u00c1rtico\u00bb, se registr\u00f3 en una estaci\u00f3n meteorol\u00f3gica&#8230;<\/p>\n","protected":false},"author":1,"featured_media":51118,"comment_status":"closed","ping_status":"closed","sticky":false,"template":"","format":"standard","meta":{"_coblocks_attr":"","_coblocks_dimensions":"","_coblocks_responsive_height":"","_coblocks_accordion_ie_support":"","jetpack_post_was_ever_published":false,"_jetpack_newsletter_access":"","_jetpack_dont_email_post_to_subs":false,"_jetpack_newsletter_tier_id":0,"_jetpack_memberships_contains_paywalled_content":false,"_jetpack_memberships_contains_paid_content":false,"footnotes":"","jetpack_publicize_message":"","jetpack_publicize_feature_enabled":true,"jetpack_social_post_already_shared":false,"jetpack_social_options":{"image_generator_settings":{"template":"highway","default_image_id":0,"enabled":false},"version":2}},"categories":[1161,9,44,15],"tags":[141,271],"class_list":["post-51117","post","type-post","status-publish","format-standard","has-post-thumbnail","hentry","category-ciudadania","category-medio-ambiente","category-noticias-de-hoy","category-ultimas-noticias","tag-artico","tag-cambio-climatico"],"jetpack_publicize_connections":[],"jetpack_featured_media_url":"https:\/\/i0.wp.com\/miradordeatarfe.es\/wp-content\/uploads\/2021\/12\/603e8e14-6b97-4126-8d72-bcb8287f613d_16-9-discover-aspect-ratio_default_0.jpg?fit=1200%2C675&ssl=1","jetpack_likes_enabled":true,"jetpack_sharing_enabled":true,"_links":{"self":[{"href":"https:\/\/miradordeatarfe.es\/index.php?rest_route=\/wp\/v2\/posts\/51117","targetHints":{"allow":["GET"]}}],"collection":[{"href":"https:\/\/miradordeatarfe.es\/index.php?rest_route=\/wp\/v2\/posts"}],"about":[{"href":"https:\/\/miradordeatarfe.es\/index.php?rest_route=\/wp\/v2\/types\/post"}],"author":[{"embeddable":true,"href":"https:\/\/miradordeatarfe.es\/index.php?rest_route=\/wp\/v2\/users\/1"}],"replies":[{"embeddable":true,"href":"https:\/\/miradordeatarfe.es\/index.php?rest_route=%2Fwp%2Fv2%2Fcomments&post=51117"}],"version-history":[{"count":1,"href":"https:\/\/miradordeatarfe.es\/index.php?rest_route=\/wp\/v2\/posts\/51117\/revisions"}],"predecessor-version":[{"id":51119,"href":"https:\/\/miradordeatarfe.es\/index.php?rest_route=\/wp\/v2\/posts\/51117\/revisions\/51119"}],"wp:featuredmedia":[{"embeddable":true,"href":"https:\/\/miradordeatarfe.es\/index.php?rest_route=\/wp\/v2\/media\/51118"}],"wp:attachment":[{"href":"https:\/\/miradordeatarfe.es\/index.php?rest_route=%2Fwp%2Fv2%2Fmedia&parent=51117"}],"wp:term":[{"taxonomy":"category","embeddable":true,"href":"https:\/\/miradordeatarfe.es\/index.php?rest_route=%2Fwp%2Fv2%2Fcategories&post=51117"},{"taxonomy":"post_tag","embeddable":true,"href":"https:\/\/miradordeatarfe.es\/index.php?rest_route=%2Fwp%2Fv2%2Ftags&post=51117"}],"curies":[{"name":"wp","href":"https:\/\/api.w.org\/{rel}","templated":true}]}}