{"id":51130,"date":"2021-12-28T09:31:25","date_gmt":"2021-12-28T08:31:25","guid":{"rendered":"https:\/\/miradordeatarfe.es\/?p=51130"},"modified":"2021-12-22T21:35:32","modified_gmt":"2021-12-22T20:35:32","slug":"datos-sobre-la-poblacion-sin-vacunar-en-espana-mayor-tasa-de-casos-hospitalizacion-y-fallecimiento-por-covid-19-que-los-vacunados","status":"publish","type":"post","link":"https:\/\/miradordeatarfe.es\/?p=51130","title":{"rendered":"Datos sobre la poblaci\u00f3n sin vacunar en Espa\u00f1a: mayor tasa de casos, hospitalizaci\u00f3n y fallecimiento por COVID-19 que los vacunados"},"content":{"rendered":"<div id=\"article-meta\" class=\"mb-6\">\n<div id=\"article-keys\" class=\"flex mb-6 \">\n<h3 style=\"text-align: justify;\">Entre las personas vacunadas hay una tasa mucho menor de positivos en situaci\u00f3n grave, seg\u00fan los datos del Ministerio de Sanidad<\/h3>\n<ul style=\"text-align: justify;\">\n<li>Las diferencias son mayores en los grupos de mayor edad: la tasa de hospitalizaci\u00f3n entre los vacunados de 60 a 79 a\u00f1os es 14 veces menor que la de quienes est\u00e1n sin vacunar<\/li>\n<li>El grupo con mayor mortalidad es el de mayores de 80 a\u00f1os sin vacunar: la tasa es superior en 18 puntos a los de la misma edad con pauta completa<\/li>\n<li>La incidencia acumulada tambi\u00e9n es mucho menor entre las personas vacunadas que entre las que no han recibido ning\u00fan pinchazo.<\/li>\n<\/ul>\n<\/div>\n<\/div>\n<div id=\"article-content\" class=\"flex flex-col-reverse lg:flex-row\">\n<div id=\"article-text\">\n<p style=\"text-align: justify;\">Con la sexta ola del coronavirus en curso, la incidencia acumulada (IA) en Espa\u00f1a es de 472,90 casos positivos por cada 100.000 habitantes en los \u00faltimos 14 d\u00edas, de acuerdo con\u00a0<a href=\"https:\/\/www.mscbs.gob.es\/profesionales\/saludPublica\/ccayes\/alertasActual\/nCov\/documentos\/Actualizacion_524_COVID-19.pdf\">los datos del Ministerio de Sanidad<\/a>\u00a0a 16 de diciembre. Pero\u00a0<strong>tanto la incidencia como las tasas de hospitalizaciones, personas en unidades de cuidados intensivos (UCI) y fallecimientos son distintas para las personas vacunadas que para las que no lo est\u00e1n<\/strong>.<\/p>\n<p style=\"text-align: justify;\">El informe de Sanidad del 16 de diciembre analiza<strong>\u00a0las infecciones por coronavirus entre las personas completamente vacunadas y las no vacunadas<\/strong>. Cuentan con la informaci\u00f3n de m\u00e1s del 99,8% de los casos reportados durante las 8 semanas transcurridas entre el 11 de octubre y el 5 de diciembre<strong>\u00a0<\/strong>[<a href=\"https:\/\/www.mscbs.gob.es\/profesionales\/saludPublica\/ccayes\/alertasActual\/nCov\/documentos\/Actualizacion_524_COVID-19.pdf\">p\u00e1g. 11<\/a>]. Y las conclusiones son claras:\u00a0<strong>entre las personas vacunadas hay una tasa mucho menor de personas en situaci\u00f3n grave<\/strong>.<\/p>\n<p style=\"text-align: justify;\">Con respecto a las<strong>\u00a0hospitalizaciones<\/strong>, la\u00a0<strong>mayor diferencia se encuentra en el grupo de edad entre los 60 y los 79 a\u00f1os<\/strong>: entre las personas vacunadas la tasa media semanal de hospitalizaciones por cada 100.000 personas es de 4,43; y entre los no vacunados, de 63,8 (14 veces superior).<\/p>\n<p><iframe class=\"flourish-embed-iframe\" title=\"Interactive or visual content\" src=\"https:\/\/flo.uri.sh\/visualisation\/8163062\/embed\" frameborder=\"0\" scrolling=\"no\" sandbox=\"allow-same-origin allow-forms allow-scripts allow-downloads allow-popups allow-popups-to-escape-sandbox allow-top-navigation-by-user-activation\" data-mce-fragment=\"1\"><\/iframe><\/p>\n<p style=\"text-align: justify;\">Pero la tasa de hospitalizaciones no es lo \u00fanico que es menor entre los vacunados: tambi\u00e9n hay\u00a0<strong>una menor proporci\u00f3n de individuos con la pauta completa en la UCI debido al coronavirus<\/strong>. Una vez m\u00e1s, el grupo en el que esta diferencia es m\u00e1s palpable es en el de personas de 60 a 79 a\u00f1os.<\/p>\n<p><iframe class=\"flourish-embed-iframe\" title=\"Interactive or visual content\" src=\"https:\/\/flo.uri.sh\/visualisation\/8163359\/embed\" frameborder=\"0\" scrolling=\"no\" sandbox=\"allow-same-origin allow-forms allow-scripts allow-downloads allow-popups allow-popups-to-escape-sandbox allow-top-navigation-by-user-activation\" data-mce-fragment=\"1\"><\/iframe><\/p>\n<p style=\"text-align: justify;\">Por \u00faltimo,<strong>\u00a0tambi\u00e9n hay una gran diferencia entre las defunciones<\/strong>. El grupo con una incidencia de muerte mayor es el de personas de 80 o m\u00e1s a\u00f1os sin vacunar. La diferencia entre vacunados y no vacunados es muy grande: de 18 puntos.<\/p>\n<p><iframe class=\"flourish-embed-iframe\" title=\"Interactive or visual content\" src=\"https:\/\/flo.uri.sh\/visualisation\/8163458\/embed\" frameborder=\"0\" scrolling=\"no\" sandbox=\"allow-same-origin allow-forms allow-scripts allow-downloads allow-popups allow-popups-to-escape-sandbox allow-top-navigation-by-user-activation\" data-mce-fragment=\"1\"><\/iframe><\/p>\n<h2 style=\"text-align: justify;\">La incidencia acumulada tambi\u00e9n es menor para las personas completamente vacunadas<\/h2>\n<p style=\"text-align: justify;\">La incidencia acumulada (IA) tambi\u00e9n es mucho menor entre quienes han recibido la pauta completa de la vacuna que entre quienes no se han vacunado. La \u00faltima semana del an\u00e1lisis, de hecho,\u00a0<strong>la incidencia entre las personas no vacunadas era de 147,65 y la de los no vacunados de 310,36, m\u00e1s del doble\u00a0<\/strong>(ambas incidencias acumuladas en los \u00faltimos 7 d\u00edas, no 14).<\/p>\n<p><iframe class=\"flourish-embed-iframe\" title=\"Interactive or visual content\" src=\"https:\/\/flo.uri.sh\/visualisation\/8160327\/embed\" frameborder=\"0\" scrolling=\"no\" sandbox=\"allow-same-origin allow-forms allow-scripts allow-downloads allow-popups allow-popups-to-escape-sandbox allow-top-navigation-by-user-activation\" data-mce-fragment=\"1\"><\/iframe><\/p>\n<p style=\"text-align: justify;\">Adem\u00e1s,\u00a0<strong>esta diferencia aumenta en los grupos de edad m\u00e1s mayores<\/strong>: el 5 de diciembre la incidencia semanal entre las personas vacunadas de 60 a 79 a\u00f1os era de 136,46; entre las no vacunadas, de 865,61, seis veces m\u00e1s.<\/p>\n<p><iframe class=\"flourish-embed-iframe\" title=\"Interactive or visual content\" src=\"https:\/\/flo.uri.sh\/visualisation\/8160779\/embed\" frameborder=\"0\" scrolling=\"no\" sandbox=\"allow-same-origin allow-forms allow-scripts allow-downloads allow-popups allow-popups-to-escape-sandbox allow-top-navigation-by-user-activation\" data-mce-fragment=\"1\"><\/iframe><\/p>\n<h2 style=\"text-align: justify;\">La vacuna protege de los s\u00edntomas graves de la enfermedad, de la hospitalizaci\u00f3n y del fallecimiento por la COVID-19<\/h2>\n<p style=\"text-align: justify;\">En\u00a0<em>Maldita.es<\/em>\u00a0ya hemos explicado que\u00a0<a href=\"https:\/\/maldita.es\/malditaciencia\/20211202\/positivo-test-covid-19-vacunado-vacuna-enfermedad-sintomas-graves\/\">las vacunas nos protegen de la enfermedad, por lo que la mayor\u00eda de personas que se contagian estando vacunadas pueden ser asintom\u00e1ticas o tener s\u00edntomas leves<\/a>.\u00a0<\/p>\n<p style=\"text-align: justify;\">Sonia Z\u00fa\u00f1iga, vir\u00f3loga e investigadora de coronavirus en el\u00a0<a href=\"https:\/\/www.cnb.csic.es\/index.php\/es\/\">Centro Nacional de Biotecnolog\u00eda (CNB-CSIC)<\/a>, nos explic\u00f3 que la vacuna \u00bb ayudar\u00e1 a disminuir el n\u00famero de infectados que tienen que ser hospitalizados y\/o requieren ingreso en UCI y, por tanto, a disminuir el n\u00famero de fallecidos. Por supuesto, esto repercutir\u00e1 en evitar el colapso del sistema sanitario\u00bb. Ahora, los datos de Sanidad refuerzan sus palabras.<\/p>\n<p style=\"text-align: justify;\">En cualquier caso, recordemos que\u00a0<a href=\"https:\/\/maldita.es\/malditaciencia\/20211202\/positivo-test-covid-19-vacunado-vacuna-enfermedad-sintomas-graves\/\">ninguna vacuna contra la COVID-19 es 100% efectiva, aunque todas tienen un porcentaje de efectividad alto<\/a>. Por tanto, la vacuna no nos garantiza que no vayamos a contraer la enfermedad o que no tengamos s\u00edntomas graves, aunque la probabilidad es mucho m\u00e1s baja que si no estamos vacunados.<\/p>\n<h2 style=\"text-align: justify;\">Las vacunas contra la COVID-19 no evitan el contagio ni la transmisi\u00f3n del virus, pero s\u00ed hay evidencias de que lo reducen<\/h2>\n<p style=\"text-align: justify;\">En\u00a0<em>Maldita.es<\/em>\u00a0ya explicamos que\u00a0<a href=\"https:\/\/maldita.es\/malditaciencia\/20211202\/vacunas-no-son-escudo-impenetrable-pat%C3%B3genos\/\">las vacunas no impiden que el SARS-CoV-2 entre en nuestro organismo<\/a>. Pero, despu\u00e9s de su uso en la vida real en millones de personas, cada vez hay m\u00e1s indicios de que s\u00ed reducen la infecci\u00f3n y la transmisi\u00f3n del virus.<\/p>\n<p style=\"text-align: justify;\">Los Centros para el Control y Prevenci\u00f3n de Enfermedades (CDC) de Estados Unidos destacan en su\u00a0<a href=\"https:\/\/www.cdc.gov\/coronavirus\/2019-ncov\/science\/science-briefs\/fully-vaccinated-people.html\">resumen cient\u00edfico sobre las vacunas de la COVID-19<\/a>\u00a0que el riesgo de transmisi\u00f3n se reduce \u00absustancialmente\u00bb en personas vacunadas.<\/p>\n<p style=\"text-align: justify;\">Un estudio realizado en Catalu\u00f1a,\u00a0<a href=\"https:\/\/www.bmj.com\/content\/bmj\/374\/bmj.n1868.full.pdf\">publicado en la revista\u00a0<em>British Medical Journal (BMJ)<\/em><\/a>, concluy\u00f3 que\u00a0<strong>la vacunaci\u00f3n con el suero de Pfizer se asoci\u00f3 con una reducci\u00f3n del 80-90% de la infecci\u00f3n por SARS-CoV-2<\/strong>\u00a0entre residentes de centros de mayores, personal sanitario y sociosanitario.<\/p>\n<p style=\"text-align: justify;\">Antonio Guti\u00e9rrez, farmac\u00e9utico y epidemi\u00f3logo del Hospital Universitario Virgen de Valme, y Mar\u00eda del Mar Tom\u00e1s, microbi\u00f3loga del Instituto de Investigaci\u00f3n Biom\u00e9dica de A Coru\u00f1a (Inibic), explican\u00a0<a href=\"https:\/\/theconversation.com\/las-personas-vacunadas-contra-la-covid-19-contagian-menos-167232\">en este art\u00edculo de\u00a0<em>The Conversation<\/em><\/a>\u00a0que, a pesar de que las vacunas no se dise\u00f1aron para prevenir la infecci\u00f3n, \u00abahora sabemos que todas tienen en cierta medida esa capacidad tras la pauta completa\u00bb. Adem\u00e1s, seg\u00fan apuntan los autores del art\u00edculo,\u00a0<strong>los vacunados son menos contagiosos que los no vacunados<\/strong>.<\/p>\n<p style=\"text-align: justify;\">MALDITA.ES<\/p>\n<p style=\"text-align: justify;\">https:\/\/maldita.es\/malditodato\/20211220\/covid-muerte-hospitalizacion-uci-vacuna\/<\/p>\n<p style=\"text-align: justify;\">Recursos utilizados<\/p>\n<div id=\"article-content\" class=\"flex flex-col-reverse lg:flex-row\">\n<div id=\"article-context\" class=\"lg:w-40 lg:min-w-context md:pr-6\">\n<div class=\"flex flex-row flex-wrap mb-4\">\n<div class=\"text-xs inline-flex items-center font-bold leading-sm uppercase px-3 py-1 break-words rounded-full bg-white text-gray-700 border mb-2\" style=\"text-align: justify;\">EXPERTOS<\/div>\n<div class=\"text-xs inline-flex items-center font-bold leading-sm uppercase px-3 py-1 break-words rounded-full bg-white text-gray-700 border mb-2\" style=\"text-align: justify;\">FUENTES OFICIALES (COMUNICADOS, BASES DE DATOS, BOE)<\/div>\n<\/div>\n<\/div>\n<\/div>\n<\/div>\n<\/div>\n","protected":false},"excerpt":{"rendered":"<p>Entre las personas vacunadas hay una tasa mucho menor de positivos en situaci\u00f3n grave, seg\u00fan&#8230;<\/p>\n","protected":false},"author":1,"featured_media":51131,"comment_status":"closed","ping_status":"closed","sticky":false,"template":"","format":"standard","meta":{"_coblocks_attr":"","_coblocks_dimensions":"","_coblocks_responsive_height":"","_coblocks_accordion_ie_support":"","jetpack_post_was_ever_published":false,"_jetpack_newsletter_access":"","_jetpack_dont_email_post_to_subs":false,"_jetpack_newsletter_tier_id":0,"_jetpack_memberships_contains_paywalled_content":false,"_jetpack_memberships_contains_paid_content":false,"footnotes":"","jetpack_publicize_message":"","jetpack_publicize_feature_enabled":true,"jetpack_social_post_already_shared":false,"jetpack_social_options":{"image_generator_settings":{"template":"highway","default_image_id":0,"enabled":false},"version":2}},"categories":[1161,7149,44,6937,15],"tags":[7021,804],"class_list":["post-51130","post","type-post","status-publish","format-standard","has-post-thumbnail","hentry","category-ciudadania","category-coronavirus","category-noticias-de-hoy","category-sociedad","category-ultimas-noticias","tag-coronavirus","tag-vacunas"],"jetpack_publicize_connections":[],"jetpack_featured_media_url":"https:\/\/i0.wp.com\/miradordeatarfe.es\/wp-content\/uploads\/2021\/12\/61bc9ff548fb4diseno-sin-titulo-jpg.jpg?fit=1600%2C675&ssl=1","jetpack_likes_enabled":true,"jetpack_sharing_enabled":true,"_links":{"self":[{"href":"https:\/\/miradordeatarfe.es\/index.php?rest_route=\/wp\/v2\/posts\/51130","targetHints":{"allow":["GET"]}}],"collection":[{"href":"https:\/\/miradordeatarfe.es\/index.php?rest_route=\/wp\/v2\/posts"}],"about":[{"href":"https:\/\/miradordeatarfe.es\/index.php?rest_route=\/wp\/v2\/types\/post"}],"author":[{"embeddable":true,"href":"https:\/\/miradordeatarfe.es\/index.php?rest_route=\/wp\/v2\/users\/1"}],"replies":[{"embeddable":true,"href":"https:\/\/miradordeatarfe.es\/index.php?rest_route=%2Fwp%2Fv2%2Fcomments&post=51130"}],"version-history":[{"count":1,"href":"https:\/\/miradordeatarfe.es\/index.php?rest_route=\/wp\/v2\/posts\/51130\/revisions"}],"predecessor-version":[{"id":51132,"href":"https:\/\/miradordeatarfe.es\/index.php?rest_route=\/wp\/v2\/posts\/51130\/revisions\/51132"}],"wp:featuredmedia":[{"embeddable":true,"href":"https:\/\/miradordeatarfe.es\/index.php?rest_route=\/wp\/v2\/media\/51131"}],"wp:attachment":[{"href":"https:\/\/miradordeatarfe.es\/index.php?rest_route=%2Fwp%2Fv2%2Fmedia&parent=51130"}],"wp:term":[{"taxonomy":"category","embeddable":true,"href":"https:\/\/miradordeatarfe.es\/index.php?rest_route=%2Fwp%2Fv2%2Fcategories&post=51130"},{"taxonomy":"post_tag","embeddable":true,"href":"https:\/\/miradordeatarfe.es\/index.php?rest_route=%2Fwp%2Fv2%2Ftags&post=51130"}],"curies":[{"name":"wp","href":"https:\/\/api.w.org\/{rel}","templated":true}]}}