{"id":51133,"date":"2021-12-29T09:38:15","date_gmt":"2021-12-29T08:38:15","guid":{"rendered":"https:\/\/miradordeatarfe.es\/?p=51133"},"modified":"2021-12-22T21:42:08","modified_gmt":"2021-12-22T20:42:08","slug":"las-teorias-conspiratorias-y-falsas-predicciones-que-hemos-desmentido-en-2021","status":"publish","type":"post","link":"https:\/\/miradordeatarfe.es\/?p=51133","title":{"rendered":"Las teor\u00edas conspiratorias y falsas predicciones que hemos desmentido en 2021"},"content":{"rendered":"<h3 style=\"text-align: justify;\">A lo largo de este a\u00f1o 2021 se han difundido todo tipo de teor\u00edas conspiratorias: en el mes de enero ya vimos c\u00f3mo se compart\u00edan las primeras con el\u00a0<strong>asalto al Capitolio de Estados Unidos<\/strong>\u00a0el 6 de enero,\u00a0<strong>la nieve de \u201cpl\u00e1stico\u201d durante la borrasca Filomena<\/strong>\u00a0y la supuesta\u00a0<strong>toma de posesi\u00f3n \u201cpregrabada\u201d<\/strong>\u00a0del presidente estadounidense, Joe Biden.<\/h3>\n<p style=\"text-align: justify;\">En marzo volvieron las conspiraciones con\u00a0<strong>el buque portacontenedores encallado en el Canal de Suez<\/strong>\u00a0(Egipto). Adem\u00e1s, este a\u00f1o se ha cumplido el 20 aniversario del 11-S y hemos visto c\u00f3mo algunas teor\u00edas de la conspiraci\u00f3n en relaci\u00f3n a este atentado han perdurado durante estas dos d\u00e9cadas. En octubre le toc\u00f3 el turno a Facebook, tras sufrir un apag\u00f3n a nivel global.<\/p>\n<p style=\"text-align: justify;\">Estas no son las \u00fanicas teor\u00edas de la conspiraci\u00f3n que hemos visto circular este 2021. Durante meses se ha difundido que\u00a0<strong>varios miembros de una supuesta \u201c\u00e9lite pederasta\u201d est\u00e1n \u201csiendo ejecutados\u201d<\/strong>\u00a0y a lo largo de todo el a\u00f1o se han difundido predicciones de sucesos que supuestamente iban a ocurrir en fechas determinadas: la investidura del expresidente de Estados Unidos Donald Trump, la ejecuci\u00f3n de Hillary Clinton, la detenci\u00f3n de Bill Gates o el fallecimiento del 30% de los vacunados frente a la COVID-19 en pocos meses son algunas de esas falsas\u00a0<strong>predicciones que, llegado el momento, no se han cumplido<\/strong>.<\/p>\n<h2 style=\"text-align: justify;\">Las teor\u00edas sobre el asalto al Capitolio de Estados Unidos en enero de 2021<\/h2>\n<p style=\"text-align: justify;\">El 6 de enero de 2021, un grupo de personas que se manifestaban en las puertas del Capitolio de EEUU contra los resultados de las elecciones presidenciales, que dio la victoria al dem\u00f3crata Joe Biden, acab\u00f3 asaltando el edificio. Desde entonces,\u00a0<a href=\"https:\/\/maldita.es\/malditobulo\/20210109\/bulos-desinformaciones-movimiento-antifa-asalto-capitolio-eeuu\/\">comenzaron a circular teor\u00edas<\/a>\u00a0que desvinculaban a estas personas del movimiento a favor del expresidente Donald Trump y, en cambio,\u00a0<a href=\"https:\/\/maldita.es\/malditobulo\/20210107\/bulo-imagen-no-demuestra-miembros-antifa-asaltado-capitolio-estados-unidos\/\">dec\u00edan que pertenec\u00edan a grupos \u201cantifa\u201d<\/a>\u00a0(antifascistas) o que eran \u201ccomunistas\u201d.<\/p>\n<p style=\"text-align: justify;\">Por ejemplo, en redes sociales se difundi\u00f3 que\u00a0<a href=\"https:\/\/maldita.es\/malditobulo\/20210107\/hombre-cuernos-vikingo-infiltrado-capitolio-estados-unidos-antifa\/\">el hombre que apareci\u00f3 all\u00ed con unos cuernos era un \u201cinfiltrado\u201d<\/a>, que no era seguidor de Trump y que pertenec\u00eda a los \u201cantifa\u201d. Pero se trataba de Jake Angeli, una persona que llevaba meses participando en concentraciones a favor de Donald Trump y mostr\u00e1ndose partidario de la teor\u00eda de la conspiraci\u00f3n\u00a0<a href=\"https:\/\/maldita.es\/malditobulo\/20210120\/qanon-teoria-conspiracion-trump-democratas-pedofilia-ninos\/\">QAnon<\/a>.<\/p>\n<p style=\"text-align: justify;\">Sobre otro de los asaltantes tambi\u00e9n se afirm\u00f3 que llevaba tatuado en la mano el s\u00edmbolo comunista y que se estaba haciendo \u201cpasar por patriota\u201d. Pero\u00a0<a href=\"https:\/\/maldita.es\/malditobulo\/20210107\/bulo-hombre-asalto-capitolio-estados-unidos-tatuaje-simbolo-comunista-dibujo-videojuego\/\">el tatuaje result\u00f3 ser del videojuego\u00a0<em>Dishonored<\/em><\/a>.<\/p>\n<h2 style=\"text-align: justify;\">La teor\u00eda que dice que la toma de posesi\u00f3n de Biden estaba \u00abpregrabada\u00bb y que se vio 11 horas antes en Espa\u00f1a<\/h2>\n<p style=\"text-align: justify;\">Como hemos dicho, las \u00faltimas elecciones presidenciales de EEUU dieron la victoria a Joe Biden, que tom\u00f3 posesi\u00f3n de su cargo el 20 de enero en Washington DC. Una ceremonia que tampoco se libr\u00f3 de las teor\u00edas de la conspiraci\u00f3n, pues comenz\u00f3 a circular que\u00a0<a href=\"https:\/\/maldita.es\/malditateexplica\/20210123\/inauguracion-biden-pregrabada-11-horas-antes-espana\/\">estaba pregrabada y que fue retransmitida en Espa\u00f1a 11 horas antes<\/a>.<\/p>\n<p style=\"text-align: justify;\">Esta desinformaci\u00f3n se bas\u00f3 en las declaraciones de una persona llamada Charlie Ward, quien\u00a0<strong>no aport\u00f3 ninguna prueba<\/strong>\u00a0para demostrar que la toma de posesi\u00f3n se hab\u00eda visto horas antes en Espa\u00f1a. Adem\u00e1s, las supuestas im\u00e1genes \u201cpregrabadas\u201d no aparecieron recogidas en ning\u00fan medio de comunicaci\u00f3n.\u00a0<\/p>\n<h2 style=\"text-align: justify;\">La nieve \u201cde pl\u00e1stico\u201d durante la borrasca Filomena<\/h2>\n<p style=\"text-align: justify;\">En enero lleg\u00f3 a Espa\u00f1a la borrasca Filomena, que dej\u00f3 grandes nevadas en varios puntos del pa\u00eds y llen\u00f3 ciudades como Madrid de una gran capa de nieve. A pesar de que se trata de un fen\u00f3meno meteorol\u00f3gico,\u00a0<a href=\"https:\/\/maldita.es\/malditobulo\/20210113\/nieve-mentira-plastico-quemar-mechero-negro\/\">se viraliz\u00f3 un v\u00eddeo en el que aseguraban que lo que hab\u00eda ca\u00eddo del cielo no era nieve, sino pl\u00e1stico<\/a>.<\/p>\n<p style=\"text-align: justify;\">La explicaci\u00f3n que daban para sostener esta teor\u00eda es que al acercar un mechero a una bola de esta nieve, en vez de derretise se pon\u00eda de color negro. Pero detr\u00e1s de este fen\u00f3meno hay una explicaci\u00f3n cient\u00edfica:\u00a0<strong>al acercar la llama a la bola de nieve<\/strong>\u00a0esta no se derrite sino que\u00a0<strong>se sublima, es decir, que pasa directamente a estado gaseoso<\/strong>. El color negro que adquiere la nieve y \u00abel olor a pl\u00e1stico quemado\u00bb del que habla la persona del v\u00eddeo proceden del combustible del mechero que se est\u00e1 utilizando.<\/p>\n<p style=\"text-align: justify;\">Por lo tanto, esta teor\u00eda tambi\u00e9n es un bulo.<\/p>\n<h2 style=\"text-align: justify;\">Las teor\u00edas conspirativas sobre el barco encallado en el canal de Suez en marzo de 2021<\/h2>\n<p style=\"text-align: justify;\">El 23 de marzo de 2021\u00a0<a href=\"https:\/\/maldita.es\/malditobulo\/20210329\/teorias-conspirativas-barco-encallado-canal-suez\/\">un barco portacontenedores qued\u00f3 encallado en el Canal de Suez, en Egipto<\/a>, bloqueando el paso a otros buques. Las teor\u00edas de la conspiraci\u00f3n sobre este fen\u00f3meno no tardaron en llegar. Entre las webs que las difund\u00edan hab\u00eda foros y perfiles de\u00a0<a href=\"https:\/\/maldita.es\/malditobulo\/20210120\/qanon-teoria-conspiracion-trump-democratas-pedofilia-ninos\/\">QAnon<\/a>.<\/p>\n<p style=\"text-align: justify;\">Una de estas desinformaciones giraba en torno al nombre del barco, que se llama\u00a0<a href=\"https:\/\/www.vesselfinder.com\/?imo=9811000\">Ever Given<\/a>\u00a0y est\u00e1 operado por la compa\u00f1\u00eda Evergreen. Afirmaban que se llama igual que una aerol\u00ednea que oper\u00f3 para la CIA (Agencia Central de Inteligencia por sus siglas en ingl\u00e9s) estadounidense, insinuando que\u00a0<strong>la agencia hab\u00eda podido tener algo que ver con el bloqueo del canal de Suez<\/strong>.<\/p>\n<p style=\"text-align: justify;\">Tambi\u00e9n vincularon con el incidente a<strong>\u00a0Hillary Clinton, asegurando que el barco era suyo<\/strong>, que traficaba con ni\u00f1os y que el bloqueo del canal de Suez preparaba el camino para \u00abel sistema financiero cu\u00e1ntico y el Gran Despertar preparado para Semana Santa\u00bb. Adem\u00e1s, la trayectoria que hizo el barco antes de encallar, que\u00a0<a href=\"https:\/\/www.vice.com\/en\/article\/pkdjzb\/cargo-ship-suez-canal-dick-pic-ever-given\">seg\u00fan algunos medios se trat\u00f3 de un pene o de unas nalgas<\/a>, tambi\u00e9n dio pie a conspiranoias.<\/p>\n<h2 style=\"text-align: justify;\">Las teor\u00edas de la conspiraci\u00f3n que perduran 20 a\u00f1os despu\u00e9s del 11-S<\/h2>\n<p style=\"text-align: justify;\">En 2021 se ha conmemorado el vig\u00e9simo aniversario de los atentados del 11-S que se cobraron la vida de casi 3.000 personas. Dos d\u00e9cadas despu\u00e9s, a\u00fan hay muchas personas que creen en multitud de\u00a0<a href=\"https:\/\/maldita.es\/malditobulo\/20210910\/11s-teorias-conspiracion-perduran-20-a%C3%B1os-despues\/\">teor\u00edas de la conspiraci\u00f3n sobre los ataques<\/a>.\u00a0<\/p>\n<p style=\"text-align: justify;\">Por ejemplo, que\u00a0<strong>\u201cEstados Unidos sab\u00eda del atentado y no lo evit\u00f3\u201d<\/strong>. Hay incluso quienes se\u00f1alan que a altos cargos del ejecutivo de George W. Bush, entonces presidente del pa\u00eds, de \u201cestar detr\u00e1s\u201d del atentado para, supuestamente, justificar las intervenciones militares que posteriormente se realizaron en Afganist\u00e1n e Irak. Tambi\u00e9n ha seguido difundi\u00e9ndose la idea de que los rascacielos de\u00a0<strong>las Torres Gemelas fueron derribados por una demolici\u00f3n interna controlada<\/strong>.<\/p>\n<p style=\"text-align: justify;\">Son desinformaciones desmentidas infinidad de veces a lo largo de estos 20 a\u00f1os.<\/p>\n<h2 style=\"text-align: justify;\">El apag\u00f3n de Facebook, WhatsApp e Instagram tambi\u00e9n gener\u00f3 teor\u00edas de la conspiraci\u00f3n<\/h2>\n<p style=\"text-align: justify;\">El 4 de octubre,\u00a0<a href=\"https:\/\/maldita.es\/malditatecnologia\/20211029\/facebook-meta-nombre-red-social-metaverso\/\">Facebook (ahora Meta)<\/a>\u00a0y las aplicaciones de su propiedad (WhatsApp, Instagram y Messenger) sufrieron un apag\u00f3n a nivel global y aunque el servicio se restableci\u00f3 unas siete horas m\u00e1s tarde,\u00a0<a href=\"https:\/\/maldita.es\/malditobulo\/20211007\/bulos-teorias-conspiracion-apagon-facebook-whatsapp-instagram\/\">las teor\u00edas de la conspiraci\u00f3n y la desinformaci\u00f3n ya circulaban por la red<\/a>.<\/p>\n<p style=\"text-align: justify;\">Algunas de ellas eran, por un lado, la del supuesto hackeo por parte de China y, por otro, la supuesta filtraci\u00f3n de datos de 1.500 millones de usuarios de Facebook, que tampoco ten\u00eda relaci\u00f3n con el apag\u00f3n de la compa\u00f1\u00eda. Tambi\u00e9n circularon unas capturas que aseguraban que WhatsApp, Facebook e Instagram \u00abno funcionar\u00edan durante 3 d\u00edas consecutivos\u00bb. Pero, como decimos, el servicio se restaur\u00f3 unas siete horas despu\u00e9s del apag\u00f3n.<\/p>\n<h2 style=\"text-align: justify;\">Los miembros de una supuesta \u201c\u00e9lite pederasta\u201d est\u00e1n \u201csiendo ejecutados\u201d, seg\u00fan otra de estas teor\u00edas<\/h2>\n<p style=\"text-align: justify;\"><a href=\"https:\/\/maldita.es\/malditobulo\/20210918\/qanon-teoria-conspiracion-trump-democratas-pedofilia-ninos\/\">QAnon<\/a>\u00a0est\u00e1 detr\u00e1s de la teor\u00eda que defiende que hay una supuesta \u00e9lite mundial que explota sexualmente a miles de ni\u00f1os o que los usan para\u00a0<a href=\"https:\/\/maldita.es\/malditobulo\/20210123\/la-teoria-de-la-conspiracion-sobre-el-adrenocromo-partidarios-de-qanon-defienden-que-esta-droga-se-extrae-de-ninos-torturados-en-tuneles-subterraneos\/\">extraer de ellos el adrenocromo<\/a>. Ahora, canales de difusi\u00f3n a trav\u00e9s de Telegram\u00a0<a href=\"https:\/\/maldita.es\/malditateexplica\/20210120\/teoria-conspiracion-miembros-elite-pederasta-ejecuciones\/\">afirman sin pruebas que se est\u00e1n produciendo \u201cejecuciones\u201d<\/a>\u00a0de esa supuesta \u00e9lite mundial a la que vinculan a famosos y pol\u00edticos dem\u00f3cratas.<\/p>\n<p style=\"text-align: justify;\">En algunas ocasiones utilizan el fallecimiento de personas por causas naturales para decir que han sido \u201cejecutados\u201d. Es el caso de Benjamin de Rothschild, m\u00e1ximo responsable y presidente del consejo de administraci\u00f3n del grupo financiero Edmond de Rothschild Holding, cuya muerte han usado para difundir esta teor\u00eda, pero que falleci\u00f3 de un ataque al coraz\u00f3n.\u00a0<\/p>\n<h2 style=\"text-align: justify;\">Las predicciones de 2021 que no se han cumplido: del bulo de la investidura de Trump en Estados Unidos al supuesto fallecimiento del 30% de los vacunados frente a la COVID-19 en tres o seis meses<\/h2>\n<p style=\"text-align: justify;\">Adem\u00e1s de estas teor\u00edas de la conspiraci\u00f3n, tambi\u00e9n hemos visto c\u00f3mo a lo largo de 2021 se han difundido numerosas predicciones de hechos que supuestamente iban a tener lugar en una fecha determinada y que, llegado el momento, no se han cumplido.<\/p>\n<p style=\"text-align: justify;\">Una de estas falsas predicciones es la de\u00a0<a href=\"https:\/\/maldita.es\/malditobulo\/20210412\/desinformadores-predicciones-falsas-nunca-cumplen\/\">la supuesta investidura de Trump el 21 de marzo<\/a>, tras la \u201ctoma del poder\u201d del ej\u00e9rcito estadounidense. Una teor\u00eda que se ha repetido a lo largo del tiempo, al igual que\u00a0<a href=\"https:\/\/maldita.es\/malditobulo\/20210922\/detenciones-juicios-ejecuciones-hillary-clinton\/\">la supuesta ejecuci\u00f3n de Hillary Clinton<\/a>, que dicen que ya se habr\u00eda producido. Sin embargo, cuando Clinton ha hecho apariciones p\u00fablicas, los desinformadores han utilizado un recurso muy com\u00fan entre los creadores de teor\u00edas de la conspiraci\u00f3n cuando sucede esto: en lugar de reconocer que su predicci\u00f3n era falsa, intentan dar a entender que\u00a0<strong>las personas que vemos no son quienes dicen ser, sino que se trata de sustitutos o clones<\/strong>.<\/p>\n<p style=\"text-align: justify;\">Otras de estas teor\u00edas que no han tenido lugar son\u00a0<a href=\"https:\/\/maldita.es\/malditobulo\/20210805\/conspiranoicos-falsas-predicciones-julio\/\">la detenci\u00f3n de Bill Gates<\/a>\u00a0o la predicci\u00f3n de los antivacunas sobre que\u00a0<a href=\"https:\/\/maldita.es\/malditobulo\/20210924\/30-por-ciento-vacunados-covid-19-moriran-pocos-meses\/\">el 30% de los vacunados contra la COVID-19 iban a morir en pocos meses<\/a>.\u00a0<\/p>\n<p style=\"text-align: justify;\">Estas son algunas de\u00a0<strong>las teor\u00edas de la conspiraci\u00f3n y falsas predicciones que os hemos ido contando a lo largo de este a\u00f1o<\/strong>. Son conspiraciones que pueden parecer inveros\u00edmiles, pero que llegan a gran cantidad de personas y que se acaban difundiendo como reales, por lo que terminan desinformando. Por eso, es importante que si detectas alguna nos la env\u00edes a trav\u00e9s de nuestro chatbot de WhatsApp al\u00a0<a href=\"https:\/\/wa.me\/34644229319\">+34 644 229 319<\/a>.<\/p>\n<p>MALDITA.ES<\/p>\n<p>https:\/\/maldita.es\/malditobulo\/20211222\/teorias-conspiratorias-falsas-predicciones-2021\/<\/p>\n<p>&nbsp;<\/p>\n","protected":false},"excerpt":{"rendered":"<p>A lo largo de este a\u00f1o 2021 se han difundido todo tipo de teor\u00edas conspiratorias:&#8230;<\/p>\n","protected":false},"author":1,"featured_media":51134,"comment_status":"closed","ping_status":"closed","sticky":false,"template":"","format":"standard","meta":{"_coblocks_attr":"","_coblocks_dimensions":"","_coblocks_responsive_height":"","_coblocks_accordion_ie_support":"","jetpack_post_was_ever_published":false,"_jetpack_newsletter_access":"","_jetpack_dont_email_post_to_subs":false,"_jetpack_newsletter_tier_id":0,"_jetpack_memberships_contains_paywalled_content":false,"_jetpack_memberships_contains_paid_content":false,"footnotes":"","jetpack_publicize_message":"","jetpack_publicize_feature_enabled":true,"jetpack_social_post_already_shared":false,"jetpack_social_options":{"image_generator_settings":{"template":"highway","default_image_id":0,"enabled":false},"version":2}},"categories":[1161,44,6937,15],"tags":[8805,1240],"class_list":["post-51133","post","type-post","status-publish","format-standard","has-post-thumbnail","hentry","category-ciudadania","category-noticias-de-hoy","category-sociedad","category-ultimas-noticias","tag-conspitraciones","tag-falsedades"],"jetpack_publicize_connections":[],"jetpack_featured_media_url":"https:\/\/i0.wp.com\/miradordeatarfe.es\/wp-content\/uploads\/2021\/12\/61c2fb48bd770teorias-conspiracion-y-predicciones-2021-jpg.jpg?fit=1600%2C675&ssl=1","jetpack_likes_enabled":true,"jetpack_sharing_enabled":true,"_links":{"self":[{"href":"https:\/\/miradordeatarfe.es\/index.php?rest_route=\/wp\/v2\/posts\/51133","targetHints":{"allow":["GET"]}}],"collection":[{"href":"https:\/\/miradordeatarfe.es\/index.php?rest_route=\/wp\/v2\/posts"}],"about":[{"href":"https:\/\/miradordeatarfe.es\/index.php?rest_route=\/wp\/v2\/types\/post"}],"author":[{"embeddable":true,"href":"https:\/\/miradordeatarfe.es\/index.php?rest_route=\/wp\/v2\/users\/1"}],"replies":[{"embeddable":true,"href":"https:\/\/miradordeatarfe.es\/index.php?rest_route=%2Fwp%2Fv2%2Fcomments&post=51133"}],"version-history":[{"count":1,"href":"https:\/\/miradordeatarfe.es\/index.php?rest_route=\/wp\/v2\/posts\/51133\/revisions"}],"predecessor-version":[{"id":51135,"href":"https:\/\/miradordeatarfe.es\/index.php?rest_route=\/wp\/v2\/posts\/51133\/revisions\/51135"}],"wp:featuredmedia":[{"embeddable":true,"href":"https:\/\/miradordeatarfe.es\/index.php?rest_route=\/wp\/v2\/media\/51134"}],"wp:attachment":[{"href":"https:\/\/miradordeatarfe.es\/index.php?rest_route=%2Fwp%2Fv2%2Fmedia&parent=51133"}],"wp:term":[{"taxonomy":"category","embeddable":true,"href":"https:\/\/miradordeatarfe.es\/index.php?rest_route=%2Fwp%2Fv2%2Fcategories&post=51133"},{"taxonomy":"post_tag","embeddable":true,"href":"https:\/\/miradordeatarfe.es\/index.php?rest_route=%2Fwp%2Fv2%2Ftags&post=51133"}],"curies":[{"name":"wp","href":"https:\/\/api.w.org\/{rel}","templated":true}]}}