{"id":51141,"date":"2021-12-26T11:20:19","date_gmt":"2021-12-26T10:20:19","guid":{"rendered":"http:\/\/miradordeatarfe.es\/?p=51141"},"modified":"2021-12-23T11:24:44","modified_gmt":"2021-12-23T10:24:44","slug":"no-es-el-momento-por-alberto-granados","status":"publish","type":"post","link":"https:\/\/miradordeatarfe.es\/?p=51141","title":{"rendered":"\u00abNO ES EL MOMENTO\u00bb por Alberto Granados"},"content":{"rendered":"<h3 class=\"has-black-color has-text-color has-medium-font-size\" data-adtags-visited=\"true\">Parece que cada \u00e9poca tiene su frase hecha, su mantra, ese concepto que se retroalimenta interesadamente y se repite sin el menor rigor o planteamiento cr\u00edtico para convertirse en un <em>leitmotiv<\/em> de nuestras vidas.<\/h3>\n<p class=\"has-black-color has-text-color has-medium-font-size\" data-adtags-visited=\"true\">Este fen\u00f3meno resultar\u00eda inocuo si la frase en cuesti\u00f3n no pasara del \u00e1mbito privado, pero se convierte en todo un peligro social si la idea es manejada, manipulada, manoseada, por los llamados agentes sociales interesados en mantener su estatus privilegiado: el mundo empresarial y financiero, que en los \u00faltimos meses no ha parado de repetirnos su consigna: <em>No es el momento<\/em>.<\/p>\n<figure class=\"wp-block-image size-large\"><a href=\"https:\/\/albertogranados.files.wordpress.com\/2021\/11\/captura-de-pantalla-de-el-diario.jpg\"><img data-recalc-dims=\"1\" decoding=\"async\" class=\"wp-image-8755\" src=\"https:\/\/albertogranados.files.wordpress.com\/2021\/11\/captura-de-pantalla-de-el-diario.jpg?w=640\" sizes=\"(max-width: 1024px) 100vw, 1024px\" srcset=\"https:\/\/albertogranados.files.wordpress.com\/2021\/11\/captura-de-pantalla-de-el-diario.jpg?w=1024 1024w, https:\/\/albertogranados.files.wordpress.com\/2021\/11\/captura-de-pantalla-de-el-diario.jpg?w=150 150w, https:\/\/albertogranados.files.wordpress.com\/2021\/11\/captura-de-pantalla-de-el-diario.jpg?w=300 300w, https:\/\/albertogranados.files.wordpress.com\/2021\/11\/captura-de-pantalla-de-el-diario.jpg?w=768 768w, https:\/\/albertogranados.files.wordpress.com\/2021\/11\/captura-de-pantalla-de-el-diario.jpg 1072w\" alt=\"\" data-attachment-id=\"8755\" data-permalink=\"https:\/\/albertogranados.wordpress.com\/captura-de-pantalla-de-el-diario\/\" data-orig-file=\"https:\/\/albertogranados.files.wordpress.com\/2021\/11\/captura-de-pantalla-de-el-diario.jpg\" data-orig-size=\"1072,891\" data-comments-opened=\"1\" data-image-meta=\"{&quot;aperture&quot;:&quot;0&quot;,&quot;credit&quot;:&quot;&quot;,&quot;camera&quot;:&quot;&quot;,&quot;caption&quot;:&quot;&quot;,&quot;created_timestamp&quot;:&quot;1637691098&quot;,&quot;copyright&quot;:&quot;&quot;,&quot;focal_length&quot;:&quot;0&quot;,&quot;iso&quot;:&quot;0&quot;,&quot;shutter_speed&quot;:&quot;0&quot;,&quot;title&quot;:&quot;&quot;,&quot;orientation&quot;:&quot;0&quot;}\" data-image-title=\"captura-de-pantalla-de-el-diario\" data-image-description=\"\" data-image-caption=\"\" data-medium-file=\"https:\/\/albertogranados.files.wordpress.com\/2021\/11\/captura-de-pantalla-de-el-diario.jpg?w=300\" data-large-file=\"https:\/\/albertogranados.files.wordpress.com\/2021\/11\/captura-de-pantalla-de-el-diario.jpg?w=560\" \/><\/a><figcaption>Captura de pantalla de El Diario 07\/09\/2021<\/figcaption><\/figure>\n<p class=\"has-black-color has-text-color has-medium-font-size\" data-adtags-visited=\"true\">\u00a0\u00a0\u00a0\u00a0\u00a0\u00a0\u00a0\u00a0\u00a0 <em>No es el momento<\/em>, dijeron los capitostes del cotarro empresarial el pasado verano cuando el gobierno subi\u00f3 el salario m\u00ednimo, uno de los m\u00e1s bajos de Europa, que no se correspond\u00eda con el rango global de nuestra econom\u00eda. <em>No es el momento<\/em>, han repetido cuando se he empezado a hablar de echar abajo la reforma laboral que el Partido Popular les regal\u00f3 en plan amiguetes, una reforma que supuso laminar todos los avances sociales y sindicales conseguidos por los trabajadores durante los \u00faltimos 50 a\u00f1os, y de paso disminuir el poder adquisitivo de las familias, asentar una brecha entre ricos y pobres que hemos empezado a ver con normalidad y dejar a una parte muy significativa de nuestra sociedad en la m\u00e1s dura exclusi\u00f3n de todo. <em>No es el momento<\/em>, han repetido recientemente cuando se ha puesto sobre el tapete la reforma del sistema de las pensiones. Es m\u00e1s, ayer mismo propusieron retrasarlas hasta los 70 a\u00f1os, en vez de asumir que van a disminuir sus beneficios, que es la premisa de la que habr\u00eda que partir. Comprendo que no lo tienen f\u00e1cil en esa pecera de tiburones que es la econom\u00eda global, pero es que quieren la sart\u00e9n por el mango y el mango tambi\u00e9n.<\/p>\n<p class=\"has-black-color has-text-color has-medium-font-size\" data-adtags-visited=\"true\">\u00a0\u00a0\u00a0\u00a0\u00a0\u00a0\u00a0\u00a0\u00a0 No es el momento. A m\u00ed me gustar\u00eda ver a quienes esgrimen tan sutil argumento vivir con unos ingresos de 1200 euros, prescindiendo de sus lujos, de su engrosada cuenta bancaria, de su segunda y aun tercera vivienda.<\/p>\n<figure class=\"wp-block-image size-large is-resized\"><a href=\"https:\/\/albertogranados.files.wordpress.com\/2021\/11\/no-es-el-momento-2-18-de-marzo-de-2021.jpg\"><img data-recalc-dims=\"1\" loading=\"lazy\" decoding=\"async\" class=\"wp-image-8757\" src=\"https:\/\/albertogranados.files.wordpress.com\/2021\/11\/no-es-el-momento-2-18-de-marzo-de-2021.jpg?w=650&#038;resize=640%2C678\" sizes=\"auto, (max-width: 836px) 100vw, 836px\" srcset=\"https:\/\/albertogranados.files.wordpress.com\/2021\/11\/no-es-el-momento-2-18-de-marzo-de-2021.jpg 650w, https:\/\/albertogranados.files.wordpress.com\/2021\/11\/no-es-el-momento-2-18-de-marzo-de-2021.jpg?w=142 142w, https:\/\/albertogranados.files.wordpress.com\/2021\/11\/no-es-el-momento-2-18-de-marzo-de-2021.jpg?w=283 283w\" alt=\"\" width=\"640\" height=\"678\" data-attachment-id=\"8757\" data-permalink=\"https:\/\/albertogranados.wordpress.com\/no-es-el-momento-2-18-de-marzo-de-2021\/\" data-orig-file=\"https:\/\/albertogranados.files.wordpress.com\/2021\/11\/no-es-el-momento-2-18-de-marzo-de-2021.jpg\" data-orig-size=\"650,688\" data-comments-opened=\"1\" data-image-meta=\"{&quot;aperture&quot;:&quot;0&quot;,&quot;credit&quot;:&quot;&quot;,&quot;camera&quot;:&quot;&quot;,&quot;caption&quot;:&quot;&quot;,&quot;created_timestamp&quot;:&quot;1637691563&quot;,&quot;copyright&quot;:&quot;&quot;,&quot;focal_length&quot;:&quot;0&quot;,&quot;iso&quot;:&quot;0&quot;,&quot;shutter_speed&quot;:&quot;0&quot;,&quot;title&quot;:&quot;&quot;,&quot;orientation&quot;:&quot;1&quot;}\" data-image-title=\"no-es-el-momento-2-18-de-marzo-de-2021\" data-image-description=\"\" data-image-caption=\"\" data-medium-file=\"https:\/\/albertogranados.files.wordpress.com\/2021\/11\/no-es-el-momento-2-18-de-marzo-de-2021.jpg?w=283\" data-large-file=\"https:\/\/albertogranados.files.wordpress.com\/2021\/11\/no-es-el-momento-2-18-de-marzo-de-2021.jpg?w=560\" \/><\/a><\/figure>\n<p class=\"has-black-color has-text-color has-medium-font-size\" data-adtags-visited=\"true\">\u00a0\u00a0\u00a0\u00a0\u00a0\u00a0\u00a0\u00a0\u00a0 Nuestros empresarios nunca ven el momento de aceptar algo tan simple como que los costes de la crisis deben asumirlos especialmente los poderosos en vez de bascular el peso de la desgracia sobre los hombros de los trabajadores para mantener su privilegiada situaci\u00f3n: sueldos desorbitados, viviendas de lujo, coches de alta gama, vacaciones y viajes de sue\u00f1o americano, costosas embarcaciones de recreo, blindajes incomprensibles\u2026 En algunos casos esos mismos empresarios son los protagonistas de fraudes manifiestos a la Seguridad Social, contabilidad enga\u00f1osa, conductas de delincuente. No parecen dispuestos a aceptar que una crisis nunca es el momento para despidos, para recortes salariales o de plantillas. La situaci\u00f3n actual no es el momento para enrocarse en posturas insolidarias y ego\u00edstas. No es el momento de plantear cierres arbitrarios: eso queda para el modesto empresario, para el aut\u00f3nomo que sobrevive con la soga al cuello y la amenaza del impago. La gran empresa, la deshumanizada gran empresa, la de los beneficios millonarios, no puede atrincherarse en la cerraz\u00f3n de que nunca es el momento de perder un solo euro, mientras el trabajador vive en condiciones cada vez peores.<\/p>\n<p id=\"inline-ad-0\" class=\"inline-ad-slot\" data-adtags-width=\"560\" data-adtags-visited=\"true\">\u00a0<\/p>\n<p class=\"has-black-color has-text-color has-medium-font-size\" data-adtags-visited=\"true\">\u00a0\u00a0\u00a0\u00a0\u00a0\u00a0\u00a0\u00a0\u00a0 Nunca es el momento de estabilizar un mercado laboral decente, de ser objetivos en el reparto del pastel. Por el contrario, llego a pensar que este, y no otro, es el momento de que los trabajadores reencuentren la fuerza que han perdido, amansados por el f\u00fatbol, Netflix y los bares, y recuperen la dignidad de la lucha, concepto ya casi desaparecido, cuando el neoliberalismo econ\u00f3mico m\u00e1s descarnado lo hace m\u00e1s necesario.<\/p>\n<p class=\"has-black-color has-text-color has-medium-font-size\" data-adtags-visited=\"true\">\u00a0\u00a0\u00a0\u00a0\u00a0\u00a0\u00a0\u00a0\u00a0 Las huelgas del sector del metal de C\u00e1diz me parecen significativas: suponen el reencuentro con la lucha por el puesto de trabajo y el salario digno. Me parecen una vuelta a los a\u00f1os de mi juventud y me hacen recordar aquellos versos de Carlos cano, que, a ritmo de coplilla de carnaval dec\u00edan: Guardias no tir\u00e9is pelotas \/ que pa pelotas Puerto Real. Es el momento de reinventar la lucha, aunque la avidez de nuestros empresarios no quiera verlo. Tal vez sea el momento de la dignidad.<\/p>\n<p data-adtags-visited=\"true\"><strong>Alberto Granados<\/strong><\/p>\n<p>https:\/\/albertogranados.wordpress.com\/<\/p>\n<p>foto: https:\/\/www.ugt.es\/la-reforma-laboral-ha-sido-un-fracaso-con-consecuencias-devastadoras<\/p>\n","protected":false},"excerpt":{"rendered":"<p>Parece que cada \u00e9poca tiene su frase hecha, su mantra, ese concepto que se retroalimenta&#8230;<\/p>\n","protected":false},"author":1,"featured_media":51142,"comment_status":"closed","ping_status":"closed","sticky":false,"template":"","format":"standard","meta":{"_coblocks_attr":"","_coblocks_dimensions":"","_coblocks_responsive_height":"","_coblocks_accordion_ie_support":"","jetpack_post_was_ever_published":false,"_jetpack_newsletter_access":"","_jetpack_dont_email_post_to_subs":false,"_jetpack_newsletter_tier_id":0,"_jetpack_memberships_contains_paywalled_content":false,"_jetpack_memberships_contains_paid_content":false,"footnotes":"","jetpack_publicize_message":"","jetpack_publicize_feature_enabled":true,"jetpack_social_post_already_shared":false,"jetpack_social_options":{"image_generator_settings":{"template":"highway","default_image_id":0,"enabled":false},"version":2}},"categories":[39,1161,44,7671,6937,15],"tags":[822,1983],"class_list":["post-51141","post","type-post","status-publish","format-standard","has-post-thumbnail","hentry","category-opinion-de-alberto-granados","category-ciudadania","category-noticias-de-hoy","category-politica","category-sociedad","category-ultimas-noticias","tag-reforma-laboral","tag-salario-minimo"],"jetpack_publicize_connections":[],"jetpack_featured_media_url":"https:\/\/i0.wp.com\/miradordeatarfe.es\/wp-content\/uploads\/2021\/12\/8_anyos-reforma-laboral-ugt_febrero2020-no.jpg?fit=800%2C390&ssl=1","jetpack_likes_enabled":true,"jetpack_sharing_enabled":true,"_links":{"self":[{"href":"https:\/\/miradordeatarfe.es\/index.php?rest_route=\/wp\/v2\/posts\/51141","targetHints":{"allow":["GET"]}}],"collection":[{"href":"https:\/\/miradordeatarfe.es\/index.php?rest_route=\/wp\/v2\/posts"}],"about":[{"href":"https:\/\/miradordeatarfe.es\/index.php?rest_route=\/wp\/v2\/types\/post"}],"author":[{"embeddable":true,"href":"https:\/\/miradordeatarfe.es\/index.php?rest_route=\/wp\/v2\/users\/1"}],"replies":[{"embeddable":true,"href":"https:\/\/miradordeatarfe.es\/index.php?rest_route=%2Fwp%2Fv2%2Fcomments&post=51141"}],"version-history":[{"count":1,"href":"https:\/\/miradordeatarfe.es\/index.php?rest_route=\/wp\/v2\/posts\/51141\/revisions"}],"predecessor-version":[{"id":51143,"href":"https:\/\/miradordeatarfe.es\/index.php?rest_route=\/wp\/v2\/posts\/51141\/revisions\/51143"}],"wp:featuredmedia":[{"embeddable":true,"href":"https:\/\/miradordeatarfe.es\/index.php?rest_route=\/wp\/v2\/media\/51142"}],"wp:attachment":[{"href":"https:\/\/miradordeatarfe.es\/index.php?rest_route=%2Fwp%2Fv2%2Fmedia&parent=51141"}],"wp:term":[{"taxonomy":"category","embeddable":true,"href":"https:\/\/miradordeatarfe.es\/index.php?rest_route=%2Fwp%2Fv2%2Fcategories&post=51141"},{"taxonomy":"post_tag","embeddable":true,"href":"https:\/\/miradordeatarfe.es\/index.php?rest_route=%2Fwp%2Fv2%2Ftags&post=51141"}],"curies":[{"name":"wp","href":"https:\/\/api.w.org\/{rel}","templated":true}]}}