{"id":51153,"date":"2021-12-30T10:50:33","date_gmt":"2021-12-30T09:50:33","guid":{"rendered":"https:\/\/miradordeatarfe.es\/?p=51153"},"modified":"2021-12-23T20:59:04","modified_gmt":"2021-12-23T19:59:04","slug":"las-imagenes-que-han-marcado-el-2021","status":"publish","type":"post","link":"https:\/\/miradordeatarfe.es\/?p=51153","title":{"rendered":"Las im\u00e1genes que han marcado el 2021"},"content":{"rendered":"<h3 class=\"epigraph\" style=\"text-align: justify;\">Del asalto al Capitolio a la guerra h\u00edbrida en Polonia, veinte historias que han protagonizado el a\u00f1o\u00a0<\/h3>\n<div class=\"article-modules\">\n<p class=\"paragraph\" style=\"text-align: justify;\" data-gtm-element-container=\"modulo-texto-link\">Ha sido el a\u00f1o de la vacunaci\u00f3n contra la covid, de los disturbios a la democracia y de las represiones pol\u00edticas. Pero tambi\u00e9n el del respetuoso adi\u00f3s de Angela Merkel, y el del nombramiento de la primera mujer vicepresidenta de Estados Unidos. Estas son las im\u00e1genes que han determinado el 2021 en el mundo.<\/p>\n<figure class=\"composite-image image-container \" style=\"text-align: justify;\" data-gtm-element-container=\"button-gallery\" data-drt-fotorama=\"1\"><picture><source srcset=\"https:\/\/www.lavanguardia.com\/files\/content_image_desktop_filter\/uploads\/2021\/12\/21\/61c1b7ad96bab.jpeg\" media=\"(min-width: 638px)\" \/><source srcset=\"https:\/\/www.lavanguardia.com\/files\/content_image_intermediate_filter\/uploads\/2021\/12\/21\/61c1b7ad96bab.jpeg\" media=\"(min-width: 480px)\" \/><\/picture>\n<div id=\"standard_10\" class=\"st-placement standard_10 inImage\">\n<div class=\"st-adunit st-reset st-show\">\u00a0<\/div>\n<\/div>\n<picture><img data-recalc-dims=\"1\" decoding=\"async\" class=\"lazy loaded\" src=\"https:\/\/i0.wp.com\/www.lavanguardia.com\/files\/content_image_mobile_filter\/uploads\/2021\/12\/21\/61c1b7ad96bab.jpeg?w=640&#038;ssl=1\" alt=\"Asalto al Capitolio de Estados Unidos, 6 de enero, Washington\" data-full-src=\"https:\/\/www.lavanguardia.com\/uploads\/2021\/12\/21\/61c1b7ad96bab.jpeg\" data-ll-status=\"loaded\" \/><\/picture><figcaption class=\"figure-caption\">\n<p class=\"caption-title \">Asalto al Capitolio de Estados Unidos, 6 de enero, Washington<\/p>\n<p>\u00a0<span class=\"caption-author \">AP<\/span><\/figcaption><\/figure>\n<p><span class=\"content-ad-module\"><span class=\"content-ad visible-md irr-container\"><span class=\"ad-unit irr\"><ins id=\"ad-2l0fgx94xu8\" class=\"ad-displayed\" data-ad-type=\"irr\" data-ad-device=\"md\" data-ad-keys=\"{}\" data-ad-lazy=\"false\" data-name=\"irr\" data-google-query-id=\"CO6zwOLY-vQCFSWPUQod5HcM_Q\"><\/p>\n<h3 id=\"google_ads_iframe_\/55964524\/lv_w\/internacional\/n_7__container__\">6 de enero, Washington, Estados Unidos<\/h3>\n<p><\/ins><\/span><\/span><\/span><\/p>\n<h3 class=\"subtitle\" style=\"text-align: justify;\">La noche del asalto al Capitolio<\/h3>\n<p class=\"paragraph\" style=\"text-align: justify;\" data-gtm-element-container=\"modulo-texto-link\">Pese a los intentos de Donald Trump de \u201c<i>Stop the count<\/i>\u201d \u2015parar el recuento\u2015 el resultado de las elecciones fue claro, pero no por ello menos cuestionado. A\u00fan se discute el papel de Trump en los hechos que sucedieron el 6 de enero: cuando los\u00a0<a href=\"https:\/\/stories.lavanguardia.com\/internacional\/20210107\/31923\/el-asalto-al-capitolio\" data-gtm-element=\"container-child-link\">defensores del todav\u00eda presidente entraron en el Capitolio<\/a>, hogar del Parlamento y Senado estadounidenses, en el que fue uno de los mayores golpes de la historia a la democracia nacional. Ventanas y puertas rotas, congresistas escondidos porque tem\u00edan por su vida y cuatro atacantes y un polic\u00eda muertos durante la noche.<\/p>\n<div id=\"hybs-mslot-3465-2\" class=\"hybs-mslot\" style=\"text-align: justify;\">\u00a0<\/div>\n<figure class=\"composite-image image-container \" style=\"text-align: justify;\" data-gtm-element-container=\"button-gallery\" data-drt-fotorama=\"2\"><picture><source srcset=\"https:\/\/www.lavanguardia.com\/files\/content_image_desktop_filter\/uploads\/2021\/12\/21\/61c1b85b9587e.jpeg\" media=\"(min-width: 638px)\" \/><source srcset=\"https:\/\/www.lavanguardia.com\/files\/content_image_intermediate_filter\/uploads\/2021\/12\/21\/61c1b85b9587e.jpeg\" media=\"(min-width: 480px)\" \/><\/picture>\n<div id=\"standard_10\" class=\"st-placement standard_10 inImage\">\n<div class=\"st-adunit st-reset st-show\">\u00a0<\/div>\n<\/div>\n<picture><img data-recalc-dims=\"1\" decoding=\"async\" class=\"lazy loaded\" src=\"https:\/\/i0.wp.com\/www.lavanguardia.com\/files\/content_image_mobile_filter\/uploads\/2021\/12\/21\/61c1b85b9587e.jpeg?w=640&#038;ssl=1\" alt=\"Estantes vac\u00edos en un supermercado en Belfast, Irlanda del Norte, 14 de enero\" data-full-src=\"https:\/\/www.lavanguardia.com\/uploads\/2021\/12\/21\/61c1b85b9587e.jpeg\" data-ll-status=\"loaded\" \/><\/picture><figcaption class=\"figure-caption\">\n<p class=\"caption-title \">Estantes vac\u00edos en un supermercado en Belfast, Irlanda del Norte, 14 de enero<\/p>\n<p>\u00a0<span class=\"caption-author \">Getty<\/span><\/figcaption><\/figure>\n<h2 class=\"subtitle\" style=\"text-align: justify;\">14 de enero, Belfast, Irlanda del Norte<\/h2>\n<h3 class=\"subtitle\" style=\"text-align: justify;\">Supermercados vac\u00edos por el Brexit<\/h3>\n<p class=\"paragraph\" style=\"text-align: justify;\" data-gtm-element-container=\"modulo-texto-link\">El \u201caterrizaje suave\u201d que Londres promet\u00eda en el Brexit, jam\u00e1s existi\u00f3. Dover, ciudad inglesa en primera l\u00ednea del canal de la Mancha, se convirti\u00f3 este 2021 en\u00a0<a href=\"https:\/\/www.lavanguardia.com\/internacional\/20180923\/451975278151\/brexit-consecuencias-dover-puerto-britanico-ue-colapso.html\" data-gtm-element=\"container-child-link\">el n\u00facleo de todas las transacciones con Francia<\/a>. Los puertos de la costa se convirtieron en la frontera del sinsentido. Las carreteras y zonas de descanso, llenas de camiones de mercanc\u00eda esperando hasta 8 horas que la burocracia internacional les permitiera subirse a los ferris. A su vez, los supermercados permanec\u00edan desabastecidos durante d\u00edas en Belfast, capital de Irlanda del Norte. El tiempo contribuy\u00f3 a solucionar los desajustes entre Reino Unido y la Uni\u00f3n Europea, y hoy vuelven a haber verduras en Belfast.<\/p>\n<figure class=\"composite-image image-container \" style=\"text-align: justify;\" data-gtm-element-container=\"button-gallery\" data-drt-fotorama=\"3\"><picture><source srcset=\"https:\/\/www.lavanguardia.com\/files\/content_image_desktop_filter\/uploads\/2021\/12\/21\/61c1b945ec34c.jpeg\" media=\"(min-width: 638px)\" \/><source srcset=\"https:\/\/www.lavanguardia.com\/files\/content_image_intermediate_filter\/uploads\/2021\/12\/21\/61c1b945ec34c.jpeg\" media=\"(min-width: 480px)\" \/><\/picture>\n<div id=\"standard_10\" class=\"st-placement standard_10 inImage\">\n<div class=\"st-adunit st-reset st-show\">\u00a0<\/div>\n<\/div>\n<picture><img data-recalc-dims=\"1\" decoding=\"async\" class=\"lazy loaded\" src=\"https:\/\/i0.wp.com\/www.lavanguardia.com\/files\/content_image_mobile_filter\/uploads\/2021\/12\/21\/61c1b945ec34c.jpeg?w=640&#038;ssl=1\" alt=\"Un soldado vigila un templo hind\u00fa en Rang\u00fan, Birmania, el 2 de febrero\" data-full-src=\"https:\/\/www.lavanguardia.com\/uploads\/2021\/12\/21\/61c1b945ec34c.jpeg\" data-ll-status=\"loaded\" \/><\/picture><figcaption class=\"figure-caption\">\n<p class=\"caption-title \">Un soldado vigila un templo hind\u00fa en Rang\u00fan, Birmania, el 2 de febrero<\/p>\n<p>\u00a0<span class=\"caption-author \">Europa Press<\/span><\/figcaption><\/figure>\n<h2 class=\"subtitle\" style=\"text-align: justify;\">1 de febrero, Rang\u00fan, Birmania<\/h2>\n<h3 class=\"subtitle\" style=\"text-align: justify;\">Punto final a una d\u00e9cada de democracia<\/h3>\n<p class=\"paragraph\" style=\"text-align: justify;\" data-gtm-element-container=\"modulo-texto-link\">Iba a cumplir diez a\u00f1os cuando acabaron con ella. Naci\u00f3 en 2011, cuando los militares dejaron el poder que hab\u00edan ocupado durante medio siglo. Con menos de una d\u00e9cada de edad, la democracia en Birmania era todav\u00eda menor y los conflictos entre grupos \u00e9tnicos imped\u00edan la paz en el pa\u00eds. Cuando los militares se hartaron, decidieron recuperar el poder y\u00a0<a href=\"https:\/\/www.lavanguardia.com\/internacional\/20210204\/6221453\/golpista-ejercito-birmano-presenta-cargos-absurdos-suu-kyi.html\" data-gtm-element=\"container-child-link\">encarcelaron a los dirigentes elegidos en las elecciones de 2020<\/a>, que tacharon \u2015sin ninguna\u00a0evidencia\u2015 de fraudulentas. La premio Nobel de la Paz, Aung San Suu Ky, entonces secretaria de estado, fue detenida, en uno de los mayores golpes a la libertad de los \u00faltimos a\u00f1os.<\/p>\n<figure class=\"composite-image image-container \" style=\"text-align: justify;\" data-gtm-element-container=\"button-gallery\" data-drt-fotorama=\"4\"><picture><source srcset=\"https:\/\/www.lavanguardia.com\/files\/content_image_desktop_filter\/uploads\/2021\/12\/21\/61c1ba1e1268a.jpeg\" media=\"(min-width: 638px)\" \/><source srcset=\"https:\/\/www.lavanguardia.com\/files\/content_image_intermediate_filter\/uploads\/2021\/12\/21\/61c1ba1e1268a.jpeg\" media=\"(min-width: 480px)\" \/><\/picture>\n<div id=\"standard_10\" class=\"st-placement standard_10 inImage\">\n<div class=\"st-adunit st-reset st-show\">\u00a0<\/div>\n<\/div>\n<picture><img data-recalc-dims=\"1\" decoding=\"async\" class=\"lazy loaded\" src=\"https:\/\/i0.wp.com\/www.lavanguardia.com\/files\/content_image_mobile_filter\/uploads\/2021\/12\/21\/61c1ba1e1268a.jpeg?w=640&#038;ssl=1\" alt=\"El l\u00edder opositor ruso Alex\u00e9i Navalni, en una celda de un tribunal de Mosc\u00fa\" data-full-src=\"https:\/\/www.lavanguardia.com\/uploads\/2021\/12\/21\/61c1ba1e1268a.jpeg\" data-ll-status=\"loaded\" \/><\/picture><figcaption class=\"figure-caption\">\n<p class=\"caption-title \">El l\u00edder opositor ruso Alex\u00e9i Navalni, en una celda de un tribunal de Mosc\u00fa<\/p>\n<p>\u00a0<span class=\"caption-author \">Alexander Zemlianichenko\/AP<\/span><\/figcaption><\/figure>\n<h2 class=\"subtitle\" style=\"text-align: justify;\">20 de febrero, Mosc\u00fa, Rusia<\/h2>\n<h3 class=\"subtitle\" style=\"text-align: justify;\">Putin encarcela Navalni<\/h3>\n<p class=\"paragraph\" style=\"text-align: justify;\" data-gtm-element-container=\"modulo-texto-link\">Tras ser presuntamente envenenado por las autoridades y huir del pa\u00eds para recuperar su salud, Alex\u00e9i Navalni fue detenido en su vuelta a Rusia \u201cpor violar la condicional\u201d. Semanas despu\u00e9s, el principal opositor del gobierno ruso fue llevado ante los tribunales por un supuesto caso de fraude en 2014 y\u00a0<a href=\"https:\/\/www.lavanguardia.com\/internacional\/20210202\/6218008\/navalni-prision-juicio-putin.html\" data-gtm-element=\"container-child-link\">condenado a tres a\u00f1os y medio de c\u00e1rcel<\/a>. Las tensiones entre el Kremlin y la oposici\u00f3n han escalado junto a la popularidad de Navalni. El presidente Vladimir Putin acus\u00f3 al detenido de ser \u201cun instrumento de occidente para frenar a Rusia\u201d, mientras era juzgado en Mosc\u00fa por un tribunal que la oposici\u00f3n considera \u201cimparcial\u201d.<\/p>\n<figure class=\"composite-image image-container \" style=\"text-align: justify;\" data-gtm-element-container=\"button-gallery\" data-drt-fotorama=\"5\"><picture><source srcset=\"https:\/\/www.lavanguardia.com\/files\/content_image_desktop_filter\/uploads\/2021\/12\/21\/61c1bb12cd7f7.jpeg\" media=\"(min-width: 638px)\" \/><source srcset=\"https:\/\/www.lavanguardia.com\/files\/content_image_intermediate_filter\/uploads\/2021\/12\/21\/61c1bb12cd7f7.jpeg\" media=\"(min-width: 480px)\" \/><\/picture>\n<div id=\"standard_10\" class=\"st-placement standard_10 inImage\">\n<div class=\"st-adunit st-reset st-show\">\u00a0<\/div>\n<\/div>\n<picture><img data-recalc-dims=\"1\" decoding=\"async\" class=\"lazy loaded\" src=\"https:\/\/i0.wp.com\/www.lavanguardia.com\/files\/content_image_mobile_filter\/uploads\/2021\/12\/21\/61c1bb12cd7f7.jpeg?w=640&#038;ssl=1\" alt=\"Desplazados por el conflicto en la regi\u00f3n de Tigr\u00e9\" data-full-src=\"https:\/\/www.lavanguardia.com\/uploads\/2021\/12\/21\/61c1bb12cd7f7.jpeg\" data-ll-status=\"loaded\" \/><\/picture><figcaption class=\"figure-caption\">\n<p class=\"caption-title \">Desplazados por el conflicto en la regi\u00f3n de Tigr\u00e9<\/p>\n<p>\u00a0<span class=\"caption-author \">AP<\/span><\/figcaption><\/figure>\n<h2 class=\"subtitle\" style=\"text-align: justify;\">23 de febrero, Ad\u00eds Abeba, Etiop\u00eda<\/h2>\n<h3 class=\"subtitle\" style=\"text-align: justify;\">Tigr\u00e9, la guerra inhumana<\/h3>\n<p class=\"paragraph\" style=\"text-align: justify;\" data-gtm-element-container=\"modulo-texto-link\">La disputa por la regi\u00f3n de Tigr\u00e9, al norte de Etiop\u00eda, ha sido el mayor foco de llamamientos de ayuda humanitaria del mundo en el \u00faltimo a\u00f1o. El conflicto b\u00e9lico se ha mezclado con la hambruna para causar incontables desplazados. El Frente de Liberaci\u00f3n Nacional Popular \u2015un grupo nacionalista \u00e9tnico\u2015 se ha propuesto recuperar la regi\u00f3n y crear un estado independiente por la fuerza. Desde el inicio del conflicto, fuerzas eritreas enemistadas hist\u00f3ricamente con el bando tigr\u00e9 ayudaron al ej\u00e9rcito et\u00edope, y\u00a0<a href=\"https:\/\/www.lavanguardia.com\/internacional\/20211103\/7835278\/todas-partes-conflicto-tigre-han-cometido-crimenes-guerra.html\" data-gtm-element=\"container-child-link\">cometieron abusos contra los derechos humanos,<\/a>\u00a0seg\u00fan denunciaron en verano varias organizaciones humanitarias.<\/p>\n<figure class=\"composite-image image-container \" style=\"text-align: justify;\" data-gtm-element-container=\"button-gallery\" data-drt-fotorama=\"6\"><picture><source srcset=\"https:\/\/www.lavanguardia.com\/files\/content_image_desktop_filter\/uploads\/2021\/12\/21\/61c1bbfd0b7c3.jpeg\" media=\"(min-width: 638px)\" \/><source srcset=\"https:\/\/www.lavanguardia.com\/files\/content_image_intermediate_filter\/uploads\/2021\/12\/21\/61c1bbfd0b7c3.jpeg\" media=\"(min-width: 480px)\" \/><\/picture>\n<div id=\"standard_10\" class=\"st-placement standard_10 inImage\">\n<div class=\"st-adunit st-reset st-show\">\u00a0<\/div>\n<\/div>\n<picture><img data-recalc-dims=\"1\" decoding=\"async\" class=\"lazy loaded\" src=\"https:\/\/i0.wp.com\/www.lavanguardia.com\/files\/content_image_mobile_filter\/uploads\/2021\/12\/21\/61c1bbfd0b7c3.jpeg?w=640&#038;ssl=1\" alt=\"Aplausos para el presidente chino, Xi Jinping, en el Congreso Nacional del Pueblo\" data-full-src=\"https:\/\/www.lavanguardia.com\/uploads\/2021\/12\/21\/61c1bbfd0b7c3.jpeg\" data-ll-status=\"loaded\" \/><\/picture><figcaption class=\"figure-caption\">\n<p class=\"caption-title \">Aplausos para el presidente chino, Xi Jinping, en el Congreso Nacional del Pueblo<\/p>\n<p>\u00a0<span class=\"caption-author \">AFP<\/span><\/figcaption><\/figure>\n<h2 class=\"subtitle\" style=\"text-align: justify;\">5 de marzo. Pek\u00edn, China<\/h2>\n<h3 class=\"subtitle\" style=\"text-align: justify;\">Xi Jinping, un l\u00edder cada vez m\u00e1s absoluto<\/h3>\n<p class=\"paragraph\" style=\"text-align: justify;\" data-gtm-element-container=\"modulo-texto-link\">El presidente de China, Xi Jinping, lleva a\u00f1os moldeando la imagen de l\u00edder absoluto en los idearios de los ciudadanos. El pasado noviembre consigui\u00f3 ser nombrado \u201cn\u00facleo\u201d y \u201cl\u00edder central\u201d del Partido Comunista, en una cumbre hist\u00f3rica que le\u00a0<a href=\"https:\/\/www.lavanguardia.com\/internacional\/20211112\/7857180\/xi-jinping-eleva-mao-resolucion-historica.html\" data-gtm-element=\"container-child-link\">elev\u00f3 a la par del expresidente Mao Zedong en la formaci\u00f3n<\/a>. En marzo, Xi hab\u00eda dado un paso al frente al proponer una reforma del sistema electoral de Hong Kong. China se reservaba as\u00ed el derecho a veto a los candidatos legislativos en la antigua colonia brit\u00e1nica. El movimiento fue muy cuestionado y acarre\u00f3 protestas, pero permiti\u00f3 a Xi, l\u00edder de firmeza arrolladora, reducir todav\u00eda m\u00e1s la disidencia en Hong Kong.<\/p>\n<figure class=\"composite-image image-container \" style=\"text-align: justify;\" data-gtm-element-container=\"button-gallery\" data-drt-fotorama=\"7\"><picture><source srcset=\"https:\/\/www.lavanguardia.com\/files\/content_image_desktop_filter\/uploads\/2021\/12\/21\/61c1bc98a76c4.jpeg\" media=\"(min-width: 638px)\" \/><source srcset=\"https:\/\/www.lavanguardia.com\/files\/content_image_intermediate_filter\/uploads\/2021\/12\/21\/61c1bc98a76c4.jpeg\" media=\"(min-width: 480px)\" \/><\/picture>\n<div id=\"standard_10\" class=\"st-placement standard_10 inImage\">\n<div class=\"st-adunit st-reset st-show\">\u00a0<\/div>\n<\/div>\n<picture><img data-recalc-dims=\"1\" decoding=\"async\" class=\"lazy loaded\" src=\"https:\/\/i0.wp.com\/www.lavanguardia.com\/files\/content_image_mobile_filter\/uploads\/2021\/12\/21\/61c1bc98a76c4.jpeg?w=640&#038;ssl=1\" alt=\"El primer ministro brit\u00e1nico, Boris Johnson, recibe la primera dosis de la vacuna covid\" data-full-src=\"https:\/\/www.lavanguardia.com\/uploads\/2021\/12\/21\/61c1bc98a76c4.jpeg\" data-ll-status=\"loaded\" \/><\/picture><figcaption class=\"figure-caption\">\n<p class=\"caption-title \">El primer ministro brit\u00e1nico, Boris Johnson, recibe la primera dosis de la vacuna covid<\/p>\n<p>\u00a0<span class=\"caption-author \">Frank Augstein\/AP<\/span><\/figcaption><\/figure>\n<h2 class=\"subtitle\" style=\"text-align: justify;\">19 de marzo, Londres, Reino Unido<\/h2>\n<h3 class=\"subtitle\" style=\"text-align: justify;\">El a\u00f1o de la vacunaci\u00f3n<\/h3>\n<p class=\"paragraph\" style=\"text-align: justify;\" data-gtm-element-container=\"modulo-texto-link\">Si 2020 fue el a\u00f1o del confinamiento, 2021 ha sido el de la vacunaci\u00f3n. Centros masivos de inoculaci\u00f3n y debate en todos los medios del mundo sobre la necesidad de recibir la pauta completa, el \u00e9xito de cada fabricante de vacunas o la distribuci\u00f3n por franjas de edades. Reino Unido ha protagonizado muchas de las conversaciones sobre la covid en los \u00faltimos meses. Tanto por el \u00e9xito de su vacunaci\u00f3n \u2015el primer ministro Boris Johnson fue inoculado el 19 de marzo, el d\u00eda que el estado bati\u00f3 el r\u00e9cord de dosis administradas en un d\u00eda\u2015, como por el fracaso en la gesti\u00f3n global de la pandemia. Fueron uno de los estados m\u00e1s afectados por la variante delta, y de nuevo lo son por la nueva versi\u00f3n del virus, \u00f3micron. De momento,<a href=\"https:\/\/www.lavanguardia.com\/internacional\/20211215\/7929818\/mayor-rebelion-johnson.html\" data-gtm-element=\"container-child-link\">\u00a0Johnson no consigue el apoyo de su partido<\/a>\u00a0para aprobar medidas m\u00e1s restrictivas, y se ve obligado a aplicarlas con la ayuda de la oposici\u00f3n laborista.<\/p>\n<figure class=\"composite-image image-container \" style=\"text-align: justify;\" data-gtm-element-container=\"button-gallery\" data-drt-fotorama=\"8\"><picture><source srcset=\"https:\/\/www.lavanguardia.com\/files\/content_image_desktop_filter\/uploads\/2021\/12\/21\/61c1bdd364379.jpeg\" media=\"(min-width: 638px)\" \/><source srcset=\"https:\/\/www.lavanguardia.com\/files\/content_image_intermediate_filter\/uploads\/2021\/12\/21\/61c1bdd364379.jpeg\" media=\"(min-width: 480px)\" \/><\/picture>\n<div id=\"standard_10\" class=\"st-placement standard_10 inImage\">\n<div class=\"st-adunit st-reset st-show\">\u00a0<\/div>\n<\/div>\n<picture><img data-recalc-dims=\"1\" decoding=\"async\" class=\"lazy loaded\" src=\"https:\/\/i0.wp.com\/www.lavanguardia.com\/files\/content_image_mobile_filter\/uploads\/2021\/12\/21\/61c1bdd364379.jpeg?w=640&#038;ssl=1\" alt=\"El portacontendores 'Ever Given', atascado en el Canal de Suez\" data-full-src=\"https:\/\/www.lavanguardia.com\/uploads\/2021\/12\/21\/61c1bdd364379.jpeg\" data-ll-status=\"loaded\" \/><\/picture><figcaption class=\"figure-caption\">\n<p class=\"caption-title \">El portacontendores &#8216;Ever Given&#8217;, atascado en el Canal de Suez<\/p>\n<p>\u00a0<span class=\"caption-author \">EFE<\/span><\/figcaption><\/figure>\n<h2 class=\"subtitle\" style=\"text-align: justify;\">25 de marzo, Canal de Suez, Egipto<\/h2>\n<h3 class=\"subtitle\" style=\"text-align: justify;\">Un bloqueo naval desafortunado<\/h3>\n<p class=\"paragraph\" style=\"text-align: justify;\" data-gtm-element-container=\"modulo-texto-link\">A lo largo de la historia ha sido com\u00fan, como maniobra de guerra, sitiar al enemigo para impedir su comercio exterior. Sin necesidad de atacar, el enemigo iba debilit\u00e1ndose, perd\u00eda recursos y provisiones. Algo as\u00ed ocurri\u00f3 desafortunadamente durante cinco d\u00edas en el Canal de Suez, Egipto, cuando\u00a0<a href=\"https:\/\/www.lavanguardia.com\/internacional\/20210503\/7425698\/ever-given-tripulacion-bloqueados-gobierno-egipto.html\" data-gtm-element=\"container-child-link\">el portacontenedores\u00a0<i>Ever Given\u00a0<\/i><\/a>se qued\u00f3 encallado bloqueando el paso por el estrecho. En esta ocasi\u00f3n no se trataba de una maniobra b\u00e9lica, sino de un accidente debido a las fuertes tormentas de arena que desviaron el carguero. Las consecuencias fueron nefastas. Por el canal transcurre el 12% del comercio mundial y seg\u00fan una estimaci\u00f3n de Lloyd\u2019s List, cada d\u00eda de bloqueo supuso 9.000 millones de d\u00f3lares perdidos.<\/p>\n<figure class=\"composite-image image-container \" style=\"text-align: justify;\" data-gtm-element-container=\"button-gallery\" data-drt-fotorama=\"9\"><picture><source srcset=\"https:\/\/www.lavanguardia.com\/files\/content_image_desktop_filter\/uploads\/2021\/12\/21\/61c1beb5d8c84.jpeg\" media=\"(min-width: 638px)\" \/><source srcset=\"https:\/\/www.lavanguardia.com\/files\/content_image_intermediate_filter\/uploads\/2021\/12\/21\/61c1beb5d8c84.jpeg\" media=\"(min-width: 480px)\" \/><\/picture>\n<div id=\"standard_10\" class=\"st-placement standard_10 inImage\">\n<div class=\"st-adunit st-reset st-show\">\u00a0<\/div>\n<\/div>\n<picture><img data-recalc-dims=\"1\" decoding=\"async\" class=\"lazy loaded\" src=\"https:\/\/i0.wp.com\/www.lavanguardia.com\/files\/content_image_mobile_filter\/uploads\/2021\/12\/21\/61c1beb5d8c84.jpeg?w=640&#038;ssl=1\" alt=\"Marcha de ultranacionalistas jud\u00edos en Jerusal\u00e9n\" data-full-src=\"https:\/\/www.lavanguardia.com\/uploads\/2021\/12\/21\/61c1beb5d8c84.jpeg\" data-ll-status=\"loaded\" \/><\/picture><figcaption class=\"figure-caption\">\n<p class=\"caption-title \">Marcha de ultranacionalistas jud\u00edos en Jerusal\u00e9n<\/p>\n<p>\u00a0<span class=\"caption-author \">Uriel Sinai\/Getty<\/span><\/figcaption><\/figure>\n<h2 class=\"subtitle\" style=\"text-align: justify;\">25 de abril, Jerusal\u00e9n, Israel<\/h2>\n<h3 class=\"subtitle\" style=\"text-align: justify;\">Protestas ante el adi\u00f3s de Netanyahu<\/h3>\n<p class=\"paragraph\" style=\"text-align: justify;\" data-gtm-element-container=\"modulo-texto-link\">El entonces presidente israel\u00ed, Benjamin Netanyahu, pod\u00eda perder su puesto. Ante ello, los jud\u00edos m\u00e1s ortodoxos sal\u00edan a las calles, protegidos por las autoridades, para protestar. La manifestaci\u00f3n ten\u00eda voluntad provocativa: la ruta elegida pasaba de lleno por los barrios isl\u00e1micos de la ciudad. Aquello que tem\u00edan los ortodoxos termin\u00f3 pasando en junio. El nuevo gobierno israel\u00ed, formado por una coalici\u00f3n de ocho partidos distintos, logr\u00f3 derrocar tras doce a\u00f1os de mandato a Netanyahu.\u00a0<a href=\"https:\/\/www.lavanguardia.com\/internacional\/20210505\/7429800\/netanyahu-desiste-lapid-podria-intentarlo.html\" data-gtm-element=\"container-child-link\">Se trata de una coalici\u00f3n muy plural, liderada por Naftali Bennett<\/a>. Entre sus miembros, un partido a favor de los derechos LGTB y el primer partido \u00e1rabe en llegar al gobierno israel\u00ed, pero tambi\u00e9n dos partidos conservadores que se oponen radicalmente a las ideas de ambos. Un gobierno creado en contra de Netanyahu, pero al que le costar\u00e1 gobernar en conjunto.<\/p>\n<figure class=\"composite-image image-container \" style=\"text-align: justify;\" data-gtm-element-container=\"button-gallery\" data-drt-fotorama=\"10\"><picture><source srcset=\"https:\/\/www.lavanguardia.com\/files\/content_image_desktop_filter\/uploads\/2021\/12\/21\/61c1c379e4448.jpeg\" media=\"(min-width: 638px)\" \/><source srcset=\"https:\/\/www.lavanguardia.com\/files\/content_image_intermediate_filter\/uploads\/2021\/12\/21\/61c1c379e4448.jpeg\" media=\"(min-width: 480px)\" \/><\/picture>\n<div id=\"standard_10\" class=\"st-placement standard_10 inImage\">\n<div class=\"st-adunit st-reset st-show\">\u00a0<\/div>\n<\/div>\n<picture><img data-recalc-dims=\"1\" decoding=\"async\" class=\"lazy loaded\" src=\"https:\/\/i0.wp.com\/www.lavanguardia.com\/files\/content_image_mobile_filter\/uploads\/2021\/12\/21\/61c1c379e4448.jpeg?w=640&#038;ssl=1\" alt=\"El presidente de EE.UU., Joe Biden, junto a la vicepresidenta, Kamala Harris, y la presidenta de la C\u00e1mara de Representantes, Nancy Pelosi  \/ POOL\" data-full-src=\"https:\/\/www.lavanguardia.com\/uploads\/2021\/12\/21\/61c1c379e4448.jpeg\" data-ll-status=\"loaded\" \/><\/picture><figcaption class=\"figure-caption\">\n<p class=\"caption-title \">El presidente de EE.UU., Joe Biden, junto a la vicepresidenta, Kamala Harris, y la presidenta de la C\u00e1mara de Representantes, Nancy Pelosi\u00a0<\/p>\n<p>\u00a0<span class=\"caption-author \">EFE<\/span><\/figcaption><\/figure>\n<h2 class=\"subtitle\" style=\"text-align: justify;\">28 de abril, Washington, Estados Unidos<\/h2>\n<h3 class=\"subtitle\" style=\"text-align: justify;\">Todas las mujeres del presidente<\/h3>\n<p class=\"paragraph\" style=\"text-align: justify;\" data-gtm-element-container=\"modulo-texto-link\">Si la pel\u00edcula de Robert Redford y Dustin Hoffman se grabase hoy, entre los hombres del presidente habr\u00eda m\u00e1s mujeres. El 28 de abril el Capitolio en Washington vivi\u00f3 otra imagen hist\u00f3rica. No por el primer discurso de Joe Biden como presidente de los Estados Unidos, sino por ellas, por fin presentes aunque todav\u00eda detr\u00e1s. La\u00a0<a href=\"https:\/\/www.lavanguardia.com\/internacional\/20211119\/7875046\/kamala-harris-sera-primera-mujer-asumir-poderes-presidenciales.html\" data-gtm-element=\"container-child-link\">elecci\u00f3n de Kamala Harris como vicepresidenta del pa\u00eds\u00a0<\/a>supone la primera vez que una mujer ocupa el cargo. Junto a Nancy Pelosi, presidenta del Congreso, observaban al electo dirigirse a la c\u00e1mara baja. Ambas fueron las primeras mujeres en su cargo. Un importante paso hacia la igualdad.<\/p>\n<figure class=\"composite-image image-container \" style=\"text-align: justify;\" data-gtm-element-container=\"button-gallery\" data-drt-fotorama=\"11\"><picture><source srcset=\"https:\/\/www.lavanguardia.com\/files\/content_image_desktop_filter\/uploads\/2021\/05\/25\/60acd1ad2f960.jpeg\" media=\"(min-width: 638px)\" \/><source srcset=\"https:\/\/www.lavanguardia.com\/files\/content_image_intermediate_filter\/uploads\/2021\/05\/25\/60acd1ad2f960.jpeg\" media=\"(min-width: 480px)\" \/><\/picture>\n<div id=\"standard_10\" class=\"st-placement standard_10 inImage\">\n<div class=\"st-adunit st-reset st-show\">\u00a0<\/div>\n<\/div>\n<picture><img data-recalc-dims=\"1\" decoding=\"async\" class=\"lazy loaded\" src=\"https:\/\/i0.wp.com\/www.lavanguardia.com\/files\/content_image_mobile_filter\/uploads\/2021\/05\/25\/60acd1ad2f960.jpeg?w=640&#038;ssl=1\" alt=\"Vertical\" data-full-src=\"https:\/\/www.lavanguardia.com\/uploads\/2021\/05\/25\/60acd1ad2f960.jpeg\" data-ll-status=\"loaded\" \/><\/picture><figcaption class=\"figure-caption\">\n<p class=\"caption-title \">El bloguero cr\u00edtico Rom\u00e1n Protas\u00e9vich, habla desde un centro de detenci\u00f3n antes de ser juzgado en Minsk\u00a0<\/p>\n<p>\u00a0<span class=\"caption-author \">Reuters<\/span><\/figcaption><\/figure>\n<h2 class=\"subtitle\" style=\"text-align: justify;\">23 de mayo, Minsk, Bielorrusia<\/h2>\n<h3 class=\"subtitle\" style=\"text-align: justify;\">El avi\u00f3n traicionero<\/h3>\n<p class=\"paragraph\" style=\"text-align: justify;\" data-gtm-element-container=\"modulo-texto-link\">Que Bielorrusia enviara una aeronave de combate para interceptar un avi\u00f3n europeo que atravesaba su espacio a\u00e9reo gener\u00f3 incertidumbre. Pero que ordenara al\u00a0<a href=\"https:\/\/www.lavanguardia.com\/internacional\/20210523\/7476420\/detenido-periodista-activista-bielorruso-roman-protasevich.html\" data-gtm-element=\"container-child-link\">avi\u00f3n aterrizar en Minsk para detener a un pasajero<\/a>, un periodista de la oposici\u00f3n, provoc\u00f3 la indignaci\u00f3n internacional. Horas despu\u00e9s se filtraba un v\u00eddeo del detenido, Rom\u00e1n Protas\u00e9vich, visiblemente maquillado, donde declaraba que estaba bien. Lejos de convencer a sus familiares, la imagen gener\u00f3 preocupaci\u00f3n por la salud del periodista y el presidente de Bielorrusia, Aleksandr Lukashenko, demostraba que estaba dispuesto a mucho para combatir la disidencia.<\/p>\n<figure class=\"composite-image image-container \" style=\"text-align: justify;\" data-gtm-element-container=\"button-gallery\" data-drt-fotorama=\"12\"><picture><source srcset=\"https:\/\/www.lavanguardia.com\/files\/content_image_desktop_filter\/uploads\/2021\/12\/21\/61c1c59c3423b.jpeg\" media=\"(min-width: 638px)\" \/><source srcset=\"https:\/\/www.lavanguardia.com\/files\/content_image_intermediate_filter\/uploads\/2021\/12\/21\/61c1c59c3423b.jpeg\" media=\"(min-width: 480px)\" \/><\/picture>\n<div id=\"standard_10\" class=\"st-placement standard_10 inImage\">\n<div class=\"st-adunit st-reset st-show\">\u00a0<\/div>\n<\/div>\n<picture><img data-recalc-dims=\"1\" decoding=\"async\" class=\"lazy loaded\" src=\"https:\/\/i0.wp.com\/www.lavanguardia.com\/files\/content_image_mobile_filter\/uploads\/2021\/12\/21\/61c1c59c3423b.jpeg?w=640&#038;ssl=1\" alt=\"Covidgate\" data-full-src=\"https:\/\/www.lavanguardia.com\/uploads\/2021\/12\/21\/61c1c59c3423b.jpeg\" data-ll-status=\"loaded\" \/><\/picture><figcaption class=\"figure-caption\">\n<p class=\"caption-title \">Manifestaci\u00f3n contra Jair Bolsonaro por su gesti\u00f3n de la pandemia\u00a0<\/p>\n<p>\u00a0<span class=\"caption-author \">EFE<\/span><\/figcaption><\/figure>\n<h2 class=\"subtitle\" style=\"text-align: justify;\">19 de junio, Cuiab\u00e1, Brasil<\/h2>\n<h3 class=\"subtitle\" style=\"text-align: justify;\">El \u2018Covidgate\u2019 de Bolsonaro<\/h3>\n<p class=\"paragraph\" style=\"text-align: justify;\" data-gtm-element-container=\"modulo-texto-link\">El tiempo dir\u00e1 cu\u00e1ntos gobiernos se ha cobrado la pandemia. En Brasil,\u00a0<a href=\"https:\/\/www.lavanguardia.com\/internacional\/20211027\/7818698\/bolsonaro-asesino-serie-acusado-crimenes-contra-humanidad.html\" data-gtm-element=\"container-child-link\">fueron 500.000 los fallecidos para que el pueblo dijera basta<\/a>. El presidente, Jair Bolsonaro, era criticado en las calles del pa\u00eds por haber dejado pasar oportunidades de comprar vacunas, tal y como hab\u00eda afirmado la farmac\u00e9utica Pfizer. En aquel momento, solo el 11% de los brasile\u00f1os se hab\u00edan vacunado con la pauta completa. Ahora la cifra supera el 66%, pero la poblaci\u00f3n desaprueba la gesti\u00f3n del negacionista Bolsonaro. Con elecciones a la vista en octubre de 2022, el expresidente \u2018Lula\u2019 da Silva se postula como el favorito al cargo.<\/p>\n<figure class=\"composite-image image-container \" style=\"text-align: justify;\" data-gtm-element-container=\"button-gallery\" data-drt-fotorama=\"13\"><picture><source srcset=\"https:\/\/www.lavanguardia.com\/files\/content_image_desktop_filter\/uploads\/2021\/12\/21\/61c1c64cefdba.jpeg\" media=\"(min-width: 638px)\" \/><source srcset=\"https:\/\/www.lavanguardia.com\/files\/content_image_intermediate_filter\/uploads\/2021\/12\/21\/61c1c64cefdba.jpeg\" media=\"(min-width: 480px)\" \/><\/picture>\n<div id=\"standard_10\" class=\"st-placement standard_10 inImage\">\n<div class=\"st-adunit st-reset st-show\">\u00a0<\/div>\n<\/div>\n<picture><img data-recalc-dims=\"1\" decoding=\"async\" class=\"lazy loaded\" src=\"https:\/\/i0.wp.com\/www.lavanguardia.com\/files\/content_image_mobile_filter\/uploads\/2021\/12\/21\/61c1c64cefdba.jpeg?w=640&#038;ssl=1\" alt=\"Hait\u00ed\" data-full-src=\"https:\/\/www.lavanguardia.com\/uploads\/2021\/12\/21\/61c1c64cefdba.jpeg\" data-ll-status=\"loaded\" \/><\/picture><figcaption class=\"figure-caption\">\n<p class=\"caption-title \">Una detenci\u00f3n en Puerto Pr\u00edncipe un d\u00eda despu\u00e9s del asesinato del presidente Jovenel Mo\u00efse\u00a0<\/p>\n<p>\u00a0<span class=\"caption-author \">EFE<\/span><\/figcaption><\/figure>\n<h2 class=\"subtitle\" style=\"text-align: justify;\">8 de julio, Puerto Pr\u00edncipe, Hait\u00ed<\/h2>\n<h3 class=\"subtitle\" style=\"text-align: justify;\">Un pa\u00eds sin ley<\/h3>\n<p class=\"paragraph\" style=\"text-align: justify;\" data-gtm-element-container=\"modulo-texto-link\">Desde que la naci\u00f3n isle\u00f1a fue liberada de la colonizaci\u00f3n francesa en una sublevaci\u00f3n de esclavos, Hait\u00ed se ha visto envuelto en un legado de corrupci\u00f3n, violencia y estancamiento pol\u00edtico. El\u00a0<a href=\"https:\/\/www.lavanguardia.com\/internacional\/20210707\/7583613\/asesinado-presidente-haiti-jovenel-moise.html\" data-gtm-element=\"container-child-link\">asesinato del presidente Jovenel Mo\u00efse<\/a>, fue la culminaci\u00f3n de muchos a\u00f1os de indignaci\u00f3n e inseguridad, tanto por la gesti\u00f3n del terremoto que trastoc\u00f3 el pa\u00eds en 2010, como por la gran presencia de grupos criminales y la ausencia de vacunas para combatir la covid. El fracaso pol\u00edtico ha convertido a Hait\u00ed en un pa\u00eds sin ley, con un aumento creciente\u00a0de los delitos, tales como secuestros y asesinatos. El m\u00e1s destacado, el del propio presidente.<\/p>\n<figure class=\"composite-image image-container \" style=\"text-align: justify;\" data-gtm-element-container=\"button-gallery\" data-drt-fotorama=\"14\"><picture><source srcset=\"https:\/\/www.lavanguardia.com\/files\/content_image_desktop_filter\/uploads\/2021\/12\/21\/61c1c727eb542.jpeg\" media=\"(min-width: 638px)\" \/><source srcset=\"https:\/\/www.lavanguardia.com\/files\/content_image_intermediate_filter\/uploads\/2021\/12\/21\/61c1c727eb542.jpeg\" media=\"(min-width: 480px)\" \/><\/picture>\n<div id=\"standard_10\" class=\"st-placement standard_10 inImage\">\n<div class=\"st-adunit st-reset st-show\">\u00a0<\/div>\n<\/div>\n<picture><img data-recalc-dims=\"1\" decoding=\"async\" class=\"lazy loaded\" src=\"https:\/\/i0.wp.com\/www.lavanguardia.com\/files\/content_image_mobile_filter\/uploads\/2021\/12\/21\/61c1c727eb542.jpeg?w=640&#038;ssl=1\" alt=\"Un hombre es arrestado durante las protestas antigubernamentales en Cuba\" data-full-src=\"https:\/\/www.lavanguardia.com\/uploads\/2021\/12\/21\/61c1c727eb542.jpeg\" data-ll-status=\"loaded\" \/><\/picture><figcaption class=\"figure-caption\">\n<p class=\"caption-title \">Un hombre es arrestado durante las protestas antigubernamentales en Cuba<\/p>\n<p>\u00a0<span class=\"caption-author \">AFP<\/span><\/figcaption><\/figure>\n<h2 class=\"subtitle\" style=\"text-align: justify;\">11 de julio, La Habana, Cuba<\/h2>\n<h3 class=\"subtitle\" style=\"text-align: justify;\">Cuando la crisis estalla<\/h3>\n<p class=\"paragraph\" style=\"text-align: justify;\" data-gtm-element-container=\"modulo-texto-link\">Que la nueva revoluci\u00f3n en Cuba estallara en 2021 solo fue porque la covid fue la gota que colm\u00f3 el vaso. Hace a\u00f1os que la poblaci\u00f3n cubana denuncia la falta de libertades y los efectos de la crisis econ\u00f3mica, agravada por las sanciones de Estados Unidos. Cuba sufre todav\u00eda hoy el bloqueo que impuso el gobierno de EE.UU. durante la guerra fr\u00eda para impedir que el estado socialista negociara con la mayor\u00eda de pa\u00edses del mundo. Bloqueo que Donald Trump endureci\u00f3 como m\u00e9todo de presi\u00f3n. La falta de alimentos y vacunas, generaron malestar, y la poblaci\u00f3n apunt\u00f3 en julio al socialismo como responsable.<a href=\"https:\/\/www.lavanguardia.com\/internacional\/20210712\/7593663\/cuba-regimen-protesta-comunismo-habana-diaz-canel.html\" data-gtm-element=\"container-child-link\">\u00a0El gobierno respondi\u00f3 con represi\u00f3n<\/a>\u00a0y acus\u00f3 a los disidentes de estar financiados por Estados Unidos.<\/p>\n<figure class=\"composite-image image-container \" style=\"text-align: justify;\" data-gtm-element-container=\"button-gallery\" data-drt-fotorama=\"15\"><picture><source srcset=\"https:\/\/www.lavanguardia.com\/files\/content_image_desktop_filter\/files\/fp\/uploads\/2021\/12\/21\/61c1c7cd1842e.r_d.2016-1404.jpeg\" media=\"(min-width: 638px)\" \/><source srcset=\"https:\/\/www.lavanguardia.com\/files\/content_image_intermediate_filter\/files\/fp\/uploads\/2021\/12\/21\/61c1c7cd1842e.r_d.2016-1404.jpeg\" media=\"(min-width: 480px)\" \/><\/picture>\n<div id=\"standard_10\" class=\"st-placement standard_10 inImage\">\n<div class=\"st-adunit st-reset st-show\">\u00a0<\/div>\n<\/div>\n<picture><img data-recalc-dims=\"1\" decoding=\"async\" class=\"lazy loaded\" src=\"https:\/\/i0.wp.com\/www.lavanguardia.com\/files\/content_image_mobile_filter\/files\/fp\/uploads\/2021\/12\/21\/61c1c7cd1842e.r_d.2016-1404.jpeg?w=640&#038;ssl=1\" alt=\"Los talibanes se hacen con el control del Palacio presidencial de Afganist\u00e1n, antigua residencia del huido Ashraf Ghani\" data-full-src=\"https:\/\/www.lavanguardia.com\/uploads\/2021\/12\/21\/61c1c7cd1842e.jpeg\" data-ll-status=\"loaded\" \/><\/picture><figcaption class=\"figure-caption\">\n<p class=\"caption-title \">Los talibanes se hacen con el control del Palacio presidencial de Afganist\u00e1n, antigua residencia del huido Ashraf Ghani<\/p>\n<p>\u00a0<span class=\"caption-author \">AP<\/span><\/figcaption><\/figure>\n<h2 class=\"subtitle\" style=\"text-align: justify;\">16 de agosto, Kabul, Afganist\u00e1n<\/h2>\n<h3 class=\"subtitle\" style=\"text-align: justify;\">En la mesa de los talibanes<\/h3>\n<p class=\"paragraph\" style=\"text-align: justify;\" data-gtm-element-container=\"modulo-texto-link\">Donald Trump le dej\u00f3 un jaque al rey a Joe Biden antes de dejar la presidencia. Orden\u00f3 retirar las tropas de Afganist\u00e1n y su sucesor lo cumpli\u00f3. A medida que Estados Unidos retiraba los militares, los talibanes tomaron el terreno, hasta que a mediados de agosto entraron en Kabul y se apoderaron de la capital. La\u00a0<a href=\"https:\/\/www.lavanguardia.com\/internacional\/20210823\/7675842\/mas-aviones-mas-prisa-huir.html\" data-gtm-element=\"container-child-link\">marcha de las tropas estadounidenses\u00a0<\/a>supuso el fin de una guerra hist\u00f3rica, pero tambi\u00e9n dej\u00f3 a millones de personas a la merced de los talibanes, que segaron los derechos y libertades de la poblaci\u00f3n, en especial de las mujeres. Todav\u00eda hoy miles de afganos intentan huir del ya instaurado r\u00e9gimen talib\u00e1n.<\/p>\n<figure class=\"composite-image image-container \" style=\"text-align: justify;\" data-gtm-element-container=\"button-gallery\" data-drt-fotorama=\"16\"><picture><source srcset=\"https:\/\/www.lavanguardia.com\/files\/content_image_desktop_filter\/uploads\/2021\/12\/21\/61c1c8cb462f1.jpeg\" media=\"(min-width: 638px)\" \/><source srcset=\"https:\/\/www.lavanguardia.com\/files\/content_image_intermediate_filter\/uploads\/2021\/12\/21\/61c1c8cb462f1.jpeg\" media=\"(min-width: 480px)\" \/><\/picture>\n<div id=\"standard_10\" class=\"st-placement standard_10 inImage\">\n<div class=\"st-adunit st-reset st-show\">\u00a0<\/div>\n<\/div>\n<picture><img data-recalc-dims=\"1\" decoding=\"async\" class=\"lazy loaded\" src=\"https:\/\/i0.wp.com\/www.lavanguardia.com\/files\/content_image_mobile_filter\/uploads\/2021\/12\/21\/61c1c8cb462f1.jpeg?w=640&#038;ssl=1\" alt=\"Migrantes, rodeados por soldados polacos tras cruzar la frontera desde Bielorrusia\" data-full-src=\"https:\/\/www.lavanguardia.com\/uploads\/2021\/12\/21\/61c1c8cb462f1.jpeg\" data-ll-status=\"loaded\" \/><\/picture><figcaption class=\"figure-caption\">\n<p class=\"caption-title \">Migrantes, rodeados por soldados polacos tras cruzar la frontera desde Bielorrusia<\/p>\n<p>\u00a0<span class=\"caption-author \">Reuters<\/span><\/figcaption><\/figure>\n<h2 class=\"subtitle\" style=\"text-align: justify;\">14 de octubre, Frontera entre Polonia y Bielorrusia<\/h2>\n<h3 class=\"subtitle\" style=\"text-align: justify;\">Cuando las vidas son armas<\/h3>\n<p class=\"paragraph\" style=\"text-align: justify;\" data-gtm-element-container=\"modulo-texto-link\">No hay mayor crudeza que causar sufrimiento para el beneficio propio. Miles de migrantes quedaron atrapados en los bosques de la frontera entre Polonia y Bielorrusia despu\u00e9s de que el gobierno bieloruso de Lukashenko les permitiera avanzar hasta la frontera para presionar a la Uni\u00f3n Europea. Cuando se encontraron con el ej\u00e9rcito polaco que les imped\u00eda entrar en el pa\u00eds trataron de dar media vuelta, pero Bielorrusia les neg\u00f3 el paso. Quedaron atrapados durante semanas, mientras Bruselas y Minsk discut\u00edan sobre en qu\u00e9 tejado estaba el bal\u00f3n.\u00a0<a href=\"https:\/\/www.lavanguardia.com\/internacional\/20211109\/7848614\/claves-crisis-migratoria-polonia-bielorrusia.html\" data-gtm-element=\"container-child-link\">Bielorrusia usa a los migrantes como medida de presi\u00f3n<\/a>\u00a0en contra de las sanciones de la Uni\u00f3n Europea. La UE se negaba a ceder. El resultado, vidas humanas que nadie quer\u00eda acoger, muriendo de fr\u00edo en la frontera. En ocasiones, cuando intentaban entrar de nuevo en Bielorrusia, los migrantes eran rociados con agua congelada. En la frontera con Polonia, las vidas de los desplazados eran solo un arma pol\u00edtica.<\/p>\n<figure class=\"composite-image image-container \" style=\"text-align: justify;\" data-gtm-element-container=\"button-gallery\" data-drt-fotorama=\"17\"><picture><source srcset=\"https:\/\/www.lavanguardia.com\/files\/content_image_desktop_filter\/uploads\/2021\/12\/21\/61c1c9c95ac8e.jpeg\" media=\"(min-width: 638px)\" \/><source srcset=\"https:\/\/www.lavanguardia.com\/files\/content_image_intermediate_filter\/uploads\/2021\/12\/21\/61c1c9c95ac8e.jpeg\" media=\"(min-width: 480px)\" \/><\/picture>\n<div id=\"standard_10\" class=\"st-placement standard_10 inImage\">\n<div class=\"st-adunit st-reset st-show\">\u00a0<\/div>\n<\/div>\n<picture><img data-recalc-dims=\"1\" decoding=\"async\" class=\"lazy loaded\" src=\"https:\/\/i0.wp.com\/www.lavanguardia.com\/files\/content_image_mobile_filter\/uploads\/2021\/12\/21\/61c1c9c95ac8e.jpeg?w=640&#038;ssl=1\" alt=\"Protesta por las estrictas leyes antiaborto de Polonia tras la muerte de una mujer embarazada de 22 semanas\" data-full-src=\"https:\/\/www.lavanguardia.com\/uploads\/2021\/12\/21\/61c1c9c95ac8e.jpeg\" data-ll-status=\"loaded\" \/><\/picture><figcaption class=\"figure-caption\">\n<p class=\"caption-title \">Protesta por las estrictas leyes antiaborto de Polonia tras la muerte de una mujer embarazada de 22 semanas<\/p>\n<p>\u00a0<span class=\"caption-author \">Agencja Wyborcza\/Reuters<\/span><\/figcaption><\/figure>\n<h2 class=\"subtitle\" style=\"text-align: justify;\">6 de noviembre, Varsovia, Polonia<\/h2>\n<h3 class=\"subtitle\" style=\"text-align: justify;\">Mujeres en huelga<\/h3>\n<p class=\"paragraph\" style=\"text-align: justify;\" data-gtm-element-container=\"modulo-texto-link\">Tras protagonizar pol\u00e9micas internacionales por la limitaci\u00f3n de derechos a la comunidad LGTB, como la creaci\u00f3n de \u201cpueblos libres de homosexualidad\u201d, Polonia ha estado otra vez en el punto de mira por su decisi\u00f3n de restringir al aborto casi al completo. Las\u00a0<a href=\"https:\/\/www.lavanguardia.com\/internacional\/20201128\/49777808813\/manifestacion-varsovia-contra-ley-aborto.html\" data-gtm-element=\"container-child-link\">protestas escalaron este noviembre<\/a>\u00a0tras la muerte de una mujer embarazada cuyo feto presentaba anomal\u00edas, pero que no pudo abortar debido a las restricciones.<\/p>\n<figure class=\"composite-image image-container \" style=\"text-align: justify;\" data-gtm-element-container=\"button-gallery\" data-drt-fotorama=\"18\"><picture><source srcset=\"https:\/\/www.lavanguardia.com\/files\/content_image_desktop_filter\/uploads\/2021\/12\/21\/61c1ca680dcda.jpeg\" media=\"(min-width: 638px)\" \/><source srcset=\"https:\/\/www.lavanguardia.com\/files\/content_image_intermediate_filter\/uploads\/2021\/12\/21\/61c1ca680dcda.jpeg\" media=\"(min-width: 480px)\" \/><\/picture>\n<div id=\"standard_10\" class=\"st-placement standard_10 inImage\">\n<div class=\"st-adunit st-reset st-show\">\u00a0<\/div>\n<\/div>\n<picture><img data-recalc-dims=\"1\" decoding=\"async\" class=\"lazy loaded\" src=\"https:\/\/i0.wp.com\/www.lavanguardia.com\/files\/content_image_mobile_filter\/uploads\/2021\/12\/21\/61c1ca680dcda.jpeg?w=640&#038;ssl=1\" alt=\"Kyle Rittenhouse llora mientras declara en su juicio\" data-full-src=\"https:\/\/www.lavanguardia.com\/uploads\/2021\/12\/21\/61c1ca680dcda.jpeg\" data-ll-status=\"loaded\" \/><\/picture><figcaption class=\"figure-caption\">\n<p class=\"caption-title \">Kyle Rittenhouse llora mientras declara en su juicio<\/p>\n<p>\u00a0<span class=\"caption-author \">Reuters<\/span><\/figcaption><\/figure>\n<h2 class=\"subtitle\" style=\"text-align: justify;\">10 de noviembre, Kenosha, Estados Unidos<\/h2>\n<h3 class=\"subtitle\" style=\"text-align: justify;\">Las l\u00e1grimas de la absoluci\u00f3n<\/h3>\n<p class=\"paragraph\" style=\"text-align: justify;\" data-gtm-element-container=\"modulo-texto-link\">Tras la imagen del rostro llorando en las cortes del condado de Kenosha, Wisconsin, se esconde Kyle Rittenhouse, el joven que mat\u00f3 a dos manifestantes de Black Lives Matter en noviembre de 2020. Con solo 17 a\u00f1os de edad, viaj\u00f3 50 kil\u00f3metros con un fusil AR-15 y cometi\u00f3 un doble asesinato durante las protestas por la muerte de George Floyd. El caso Rittenhouse dividi\u00f3 Estados Unidos. Los conservadores defienden que lo hizo \u201cen defensa propia\u201d y le llaman h\u00e9roe. Para los progresistas es un villano. El jurado le absolvi\u00f3.<\/p>\n<figure class=\"composite-image image-container \" style=\"text-align: justify;\" data-gtm-element-container=\"button-gallery\" data-drt-fotorama=\"19\"><picture><source srcset=\"https:\/\/www.lavanguardia.com\/files\/content_image_desktop_filter\/uploads\/2021\/12\/21\/61c1caed0908a.jpeg\" media=\"(min-width: 638px)\" \/><source srcset=\"https:\/\/www.lavanguardia.com\/files\/content_image_intermediate_filter\/uploads\/2021\/12\/21\/61c1caed0908a.jpeg\" media=\"(min-width: 480px)\" \/><\/picture>\n<div id=\"standard_10\" class=\"st-placement standard_10 inImage\">\n<div class=\"st-adunit st-reset st-show\">\u00a0<\/div>\n<\/div>\n<picture><img data-recalc-dims=\"1\" decoding=\"async\" class=\"lazy loaded\" src=\"https:\/\/i0.wp.com\/www.lavanguardia.com\/files\/content_image_mobile_filter\/uploads\/2021\/12\/21\/61c1caed0908a.jpeg?w=640&#038;ssl=1\" alt=\"Miles de manifestantes piden mayores acciones contra el cambio clim\u00e1tico durante la COP26, Londres\" data-full-src=\"https:\/\/www.lavanguardia.com\/uploads\/2021\/12\/21\/61c1caed0908a.jpeg\" data-ll-status=\"loaded\" \/><\/picture><figcaption class=\"figure-caption\">\n<p class=\"caption-title \">Miles de manifestantes piden mayores acciones contra el cambio clim\u00e1tico durante la COP26, Londres<\/p>\n<p>\u00a0<span class=\"caption-author \">EFE<\/span><\/figcaption><\/figure>\n<h2 class=\"subtitle\" style=\"text-align: justify;\">13 de noviembre, Glasgow, Escocia<\/h2>\n<h3 class=\"subtitle\" style=\"text-align: justify;\">Hablar sin decir nada<\/h3>\n<p class=\"paragraph\" style=\"text-align: justify;\" data-gtm-element-container=\"modulo-texto-link\">La Conferencia de las Naciones Unidas sobre el Cambio Clim\u00e1tico movi\u00f3 la diplomacia hacia Glasgow. El evento, en que\u00a0<a href=\"https:\/\/www.lavanguardia.com\/natural\/20211115\/7862195\/acuerdos-glasgow-dejan-insatisfecho-medio-planeta.html\" data-gtm-element=\"container-child-link\">se pactaron unos objetivos que ya se conoc\u00edan de antemano<\/a>, no convenci\u00f3 a la ciudadan\u00eda. Las organizaciones ecologistas, como Fridays for Future o Extinction Rebellion, organizaron actos reivindicativos delante de la sede de la COP26.<\/p>\n<figure class=\"composite-image image-container \" style=\"text-align: justify;\" data-gtm-element-container=\"button-gallery\" data-drt-fotorama=\"20\"><picture><source srcset=\"https:\/\/www.lavanguardia.com\/files\/content_image_desktop_filter\/uploads\/2021\/12\/21\/61c1cb6553fd1.jpeg\" media=\"(min-width: 638px)\" \/><source srcset=\"https:\/\/www.lavanguardia.com\/files\/content_image_intermediate_filter\/uploads\/2021\/12\/21\/61c1cb6553fd1.jpeg\" media=\"(min-width: 480px)\" \/><\/picture>\n<div id=\"standard_10\" class=\"st-placement standard_10 inImage\">\n<div class=\"st-adunit st-reset st-show\">\u00a0<\/div>\n<\/div>\n<picture><img data-recalc-dims=\"1\" decoding=\"async\" class=\"lazy loaded\" src=\"https:\/\/i0.wp.com\/www.lavanguardia.com\/files\/content_image_mobile_filter\/uploads\/2021\/12\/21\/61c1cb6553fd1.jpeg?w=640&#038;ssl=1\" alt=\"Angela Merkel se despide tras dejar la canciller\u00eda\" data-full-src=\"https:\/\/www.lavanguardia.com\/uploads\/2021\/12\/21\/61c1cb6553fd1.jpeg\" data-ll-status=\"loaded\" \/><\/picture><figcaption class=\"figure-caption\">\n<p class=\"caption-title \">Angela Merkel se despide tras dejar la canciller\u00eda<\/p>\n<p>\u00a0<span class=\"caption-author \">Sean Gallup\/Getty<\/span><\/figcaption><\/figure>\n<h2 class=\"subtitle\" style=\"text-align: justify;\">10 de diciembre, Berl\u00edn, Alemania<\/h2>\n<h3 class=\"subtitle\" style=\"text-align: justify;\">El \u00faltimo baile de la canciller<\/h3>\n<p class=\"paragraph\" style=\"text-align: justify;\" data-gtm-element-container=\"modulo-texto-link\">Incluso la oposici\u00f3n socialdem\u00f3crata se puso en pie para aplaudir su legado. Todos los partidos lo hicieron, excepto la extrema derecha. Hasta tres veces tuvo que levantarse y saludar, antes de ceder su puesto de canciller a Olaf Scholz, su sucesor. Angela Merkel ha sido la l\u00edder del gobierno alem\u00e1n los \u00faltimos 16 a\u00f1os y ahora, tras la derrota en los comicios, se retirar\u00e1 de la primera l\u00ednea pol\u00edtica.\u00a0<a href=\"https:\/\/www.lavanguardia.com\/magazine\/personalidades\/20210926\/7738763\/adios-merkel.html\" data-gtm-element=\"container-child-link\">Merkel es historia de la pol\u00edtica internacional<\/a>\u00a0y una de las pol\u00edticas m\u00e1s prestigiosas de los \u00faltimos a\u00f1os.<\/p>\n<\/div>\n<div class=\"spotim-open comments-article-7944411\">\u00a0<\/div>\n","protected":false},"excerpt":{"rendered":"<p>Del asalto al Capitolio a la guerra h\u00edbrida en Polonia, veinte historias que han protagonizado&#8230;<\/p>\n","protected":false},"author":1,"featured_media":51155,"comment_status":"closed","ping_status":"closed","sticky":false,"template":"","format":"standard","meta":{"_coblocks_attr":"","_coblocks_dimensions":"","_coblocks_responsive_height":"","_coblocks_accordion_ie_support":"","jetpack_post_was_ever_published":false,"_jetpack_newsletter_access":"","_jetpack_dont_email_post_to_subs":false,"_jetpack_newsletter_tier_id":0,"_jetpack_memberships_contains_paywalled_content":false,"_jetpack_memberships_contains_paid_content":false,"footnotes":"","jetpack_publicize_message":"","jetpack_publicize_feature_enabled":true,"jetpack_social_post_already_shared":false,"jetpack_social_options":{"image_generator_settings":{"template":"highway","default_image_id":0,"enabled":false},"version":2}},"categories":[1161,7149,44,7671,6937,15],"tags":[8808,236],"class_list":["post-51153","post","type-post","status-publish","format-standard","has-post-thumbnail","hentry","category-ciudadania","category-coronavirus","category-noticias-de-hoy","category-politica","category-sociedad","category-ultimas-noticias","tag-ano-2021","tag-fotografia"],"jetpack_publicize_connections":[],"jetpack_featured_media_url":"https:\/\/i0.wp.com\/miradordeatarfe.es\/wp-content\/uploads\/2021\/12\/61c1c7cd1842e-1-scaled.jpeg?fit=2560%2C1782&ssl=1","jetpack_likes_enabled":true,"jetpack_sharing_enabled":true,"_links":{"self":[{"href":"https:\/\/miradordeatarfe.es\/index.php?rest_route=\/wp\/v2\/posts\/51153","targetHints":{"allow":["GET"]}}],"collection":[{"href":"https:\/\/miradordeatarfe.es\/index.php?rest_route=\/wp\/v2\/posts"}],"about":[{"href":"https:\/\/miradordeatarfe.es\/index.php?rest_route=\/wp\/v2\/types\/post"}],"author":[{"embeddable":true,"href":"https:\/\/miradordeatarfe.es\/index.php?rest_route=\/wp\/v2\/users\/1"}],"replies":[{"embeddable":true,"href":"https:\/\/miradordeatarfe.es\/index.php?rest_route=%2Fwp%2Fv2%2Fcomments&post=51153"}],"version-history":[{"count":1,"href":"https:\/\/miradordeatarfe.es\/index.php?rest_route=\/wp\/v2\/posts\/51153\/revisions"}],"predecessor-version":[{"id":51156,"href":"https:\/\/miradordeatarfe.es\/index.php?rest_route=\/wp\/v2\/posts\/51153\/revisions\/51156"}],"wp:featuredmedia":[{"embeddable":true,"href":"https:\/\/miradordeatarfe.es\/index.php?rest_route=\/wp\/v2\/media\/51155"}],"wp:attachment":[{"href":"https:\/\/miradordeatarfe.es\/index.php?rest_route=%2Fwp%2Fv2%2Fmedia&parent=51153"}],"wp:term":[{"taxonomy":"category","embeddable":true,"href":"https:\/\/miradordeatarfe.es\/index.php?rest_route=%2Fwp%2Fv2%2Fcategories&post=51153"},{"taxonomy":"post_tag","embeddable":true,"href":"https:\/\/miradordeatarfe.es\/index.php?rest_route=%2Fwp%2Fv2%2Ftags&post=51153"}],"curies":[{"name":"wp","href":"https:\/\/api.w.org\/{rel}","templated":true}]}}