{"id":51158,"date":"2021-12-26T07:35:14","date_gmt":"2021-12-26T06:35:14","guid":{"rendered":"https:\/\/miradordeatarfe.es\/?p=51158"},"modified":"2021-12-25T17:42:21","modified_gmt":"2021-12-25T16:42:21","slug":"los-50-mejores-libros-de-2021-2a-parte","status":"publish","type":"post","link":"https:\/\/miradordeatarfe.es\/?p=51158","title":{"rendered":"Los 50 mejores libros de 2021 (2\u00aa parte)"},"content":{"rendered":"<div class=\"a_fts\" data-dtm-region=\"articulo_sumarioenlaces-fototexto\">\n<section class=\"a_ft _g _g-xs\">\n<h3 class=\"a_ft_m a_m-h\">CONTINUAMOS LA RELACI\u00d3N DE LOS 50 LIBROS MEJORES DE 2021 PUBLICADO POR EL PAIS EN BABELIA Y QUE EL MIRADOR PUBLICO EN <a href=\"%20https:\/\/miradordeatarfe.es\/?p=50858 \">https:\/\/miradordeatarfe.es\/?p=50858<\/a><\/h3>\n<figure class=\"a_ft_m a_m-h\"><span class=\"a_m_w _db\"><img data-recalc-dims=\"1\" loading=\"lazy\" decoding=\"async\" class=\"_re lazyload a_m-h\" src=\"https:\/\/i0.wp.com\/imagenes.elpais.com\/resizer\/fBaDV08-TPu9psay0Uy21r425Ys%3D\/414x0\/cloudfront-eu-central-1.images.arcpublishing.com\/prisa\/2354ZCC5GBATRLGBQ3EFLFIE7U.jpg?resize=414%2C0&#038;ssl=1\" srcset=\"https:\/\/imagenes.elpais.com\/resizer\/fBaDV08-TPu9psay0Uy21r425Ys=\/414x0\/cloudfront-eu-central-1.images.arcpublishing.com\/prisa\/2354ZCC5GBATRLGBQ3EFLFIE7U.jpg 414w,https:\/\/imagenes.elpais.com\/resizer\/oqN4DTEKWjfAPQPc4hppmU-T4Js=\/828x0\/cloudfront-eu-central-1.images.arcpublishing.com\/prisa\/2354ZCC5GBATRLGBQ3EFLFIE7U.jpg 828w\" alt=\"Portada de 'Variaciones sobre un tema dado', de Ana Blandiana.\" width=\"414\" height=\"0\" \/><\/span><\/figure>\n<div class=\"a_ft_txt\">\n<h2 class=\"a_ft_t\">26. Variaciones sobre un tema dado<\/h2>\n<div>Ana Blandiana<br \/>\nTraducci\u00f3n de Viorica Patea y Natalia Carbajosa<br \/>\nVisor<\/div>\n<\/div>\n<\/section>\n<\/div>\n<p class=\"\">\u201cCaen las hojas&#8230; \/ \u00bfVosotros tambi\u00e9n ten\u00e9is estaciones? \/ Son m\u00e1s hermosas cuando caen \/ Que en el \u00e1rbol. \/ Se iluminan \/ Cuando la muerte se enciende en ellas \/ Como en la llama de una vela \/ Una catedral\u201d. El v<i>osotros\u00a0<\/i>del segundo verso se refiere a los muertos que acompa\u00f1an en el m\u00e1s all\u00e1 al marido de Ana Blandiana, al que la poeta rumana le dedica una larga eleg\u00eda en la que alternan el drama y la chispa. A grandes temas, grandes poemas.<\/p>\n<ul>\n<li><a href=\"https:\/\/www.libreriavisor.com\/libro\/variaciones-sobre-un-tema-dado_76580\" target=\"_blank\" rel=\"noopener\" data-link-track-dtm=\"\">Enlace del libro en la editorial<\/a><\/li>\n<\/ul>\n<div class=\"a_fts\" data-dtm-region=\"articulo_sumarioenlaces-fototexto\">\n<section class=\"a_ft _g _g-xs\">\n<figure class=\"a_ft_m a_m-h\"><span class=\"a_m_w _db\"><img data-recalc-dims=\"1\" loading=\"lazy\" decoding=\"async\" class=\"_re lazyload a_m-h\" src=\"https:\/\/i0.wp.com\/imagenes.elpais.com\/resizer\/gVgQGo6cIZp9l6pG903jIY0Crow%3D\/414x0\/cloudfront-eu-central-1.images.arcpublishing.com\/prisa\/426WN53FPFDYNB7HKG4XBBHZCE.jpg?resize=414%2C0&#038;ssl=1\" srcset=\"https:\/\/imagenes.elpais.com\/resizer\/gVgQGo6cIZp9l6pG903jIY0Crow=\/414x0\/cloudfront-eu-central-1.images.arcpublishing.com\/prisa\/426WN53FPFDYNB7HKG4XBBHZCE.jpg 414w,https:\/\/imagenes.elpais.com\/resizer\/xVfL1eIcSZFHOtBfcNBD5-vQv0s=\/828x0\/cloudfront-eu-central-1.images.arcpublishing.com\/prisa\/426WN53FPFDYNB7HKG4XBBHZCE.jpg 828w\" alt=\"portada 'Animal de bosque', JOAN MARGARIT. EDITORIAL VISOR POES\u00cdA\" width=\"414\" height=\"0\" \/><\/span><\/figure>\n<div class=\"a_ft_txt\">\n<h2 class=\"a_ft_t\">27. Animal de bosque<\/h2>\n<div>Joan Margarit<br \/>\nVisor<\/div>\n<\/div>\n<\/section>\n<\/div>\n<p class=\"\"><i>Animal de bosque<\/i>\u00a0nos presenta a un individuo \u201cmisteriosamente feliz\u201d. En efecto, resultan admirables la serenidad expresiva y la altivez estoica con las que un veterano de derrotas vitales afronta la prospecci\u00f3n de la propia muerte. El autor que hace 20 a\u00f1os enton\u00f3 un estremecedor r\u00e9quiem por su hija Joana nos habla aqu\u00ed sin tapujos de la enfermedad, pero sortea h\u00e1bilmente la tentaci\u00f3n del patetismo autocompasivo. Y es que el balance de\u00a0<i>Animal de bosque<\/i>\u00a0est\u00e1 recorrido por una soterrada celebraci\u00f3n de la existencia, en la que se dan cita conquistas moment\u00e1neas y cicatrices duraderas.<\/p>\n<ul>\n<li><a href=\"https:\/\/elpais.com\/babelia\/2021-07-23\/el-animal-moribundo.html\" target=\"_blank\" rel=\"noopener\" data-link-track-dtm=\"\">Cr\u00edtica de Luis Bagu\u00e9 Qu\u00edlez<\/a><\/li>\n<li><a href=\"https:\/\/elpais.com\/elpais\/2020\/12\/21\/eps\/1608572087_646862.html\" target=\"_blank\" rel=\"noopener\" data-link-track-dtm=\"\">Entrevista con Joan Margarit, de Jes\u00fas Ruiz Mantilla<\/a><\/li>\n<li><a href=\"https:\/\/www.libreriavisor.com\/libro\/animal-de-bosque_76587\" target=\"_blank\" rel=\"noopener\" data-link-track-dtm=\"\">Enlace del libro en la editorial<\/a><\/li>\n<\/ul>\n<div class=\"a_fts\" data-dtm-region=\"articulo_sumarioenlaces-fototexto\">\n<section class=\"a_ft _g _g-xs\">\n<figure class=\"a_ft_m a_m-h\"><span class=\"a_m_w _db\"><img data-recalc-dims=\"1\" loading=\"lazy\" decoding=\"async\" class=\"_re lazyload a_m-h\" src=\"https:\/\/i0.wp.com\/imagenes.elpais.com\/resizer\/AjkI8IOm7Fvdq_DDqkUegyNwc9Q%3D\/414x0\/cloudfront-eu-central-1.images.arcpublishing.com\/prisa\/P6VE3U34ORBZTH6BJAHUH4JE6Q.jpg?resize=414%2C0&#038;ssl=1\" srcset=\"https:\/\/imagenes.elpais.com\/resizer\/AjkI8IOm7Fvdq_DDqkUegyNwc9Q=\/414x0\/cloudfront-eu-central-1.images.arcpublishing.com\/prisa\/P6VE3U34ORBZTH6BJAHUH4JE6Q.jpg 414w,https:\/\/imagenes.elpais.com\/resizer\/qct8jxgd4KnYbBdAci1CgB4HA6s=\/828x0\/cloudfront-eu-central-1.images.arcpublishing.com\/prisa\/P6VE3U34ORBZTH6BJAHUH4JE6Q.jpg 828w\" alt=\"'Valle inquietante' ANNA WIENER. EDITORIAL LIBROS DEL ASTEROIDE\" width=\"414\" height=\"0\" \/><\/span><\/figure>\n<div class=\"a_ft_txt\">\n<h2 class=\"a_ft_t\">28. Valle inquietante<\/h2>\n<div>Anna Wiener<br \/>\nTraducci\u00f3n de Javier Calvo<br \/>\nLibros del Asteroide<\/div>\n<\/div>\n<\/section>\n<\/div>\n<p class=\"\">En 2013, Anna Wiener decidi\u00f3 sumarse a la caravana de presuntos triunfadores y se instal\u00f3 en el San Francisco de la pasada d\u00e9cada, al calor de una oferta laboral de una\u00a0<i>start-up<\/i>\u00a0de libros. El salto salarial de Wiener, que con 25 a\u00f1os pas\u00f3 de cobrar 30.000 d\u00f3lares anuales (24.500 euros) en la editorial a triplicar su sueldo en Silicon Valley, exig\u00eda como contrapartida una hom\u00e9rica traves\u00eda desde el mundo laboral e industrial del siglo XX a la exuberante y a menudo irracional cultura del ecosistema tecnol\u00f3gico californiano. La autora de\u00a0<i>Valle inquietante<\/i>\u00a0nos narra esta odisea profesional y personal en un maravilloso relato en el que se alternan la voz dolorida de Joan Didion y ecos escatol\u00f3gicos del Ignatius J. Reilly de\u00a0<i>La conjura de los necios<\/i>.<\/p>\n<ul>\n<li><a href=\"https:\/\/elpais.com\/babelia\/2021-05-22\/adios-a-la-inocencia-en-el-valle-del-silicio.html\" target=\"_blank\" rel=\"noopener\" data-link-track-dtm=\"\">Critica de Borja Bergareche<\/a><\/li>\n<li><a href=\"https:\/\/elpais.com\/babelia\/2021-05-22\/anna-wiener-el-cuento-de-la-meritocracia-en-la-industria-tecnologica-es-una-patrana.html\" target=\"_blank\" rel=\"noopener\" data-link-track-dtm=\"\">Entrevista con Anne Wiener, de Luis Pablo de Beauregard<\/a><\/li>\n<li><a href=\"https:\/\/librosdelasteroide.com\/libro\/valle-inquietante\" target=\"_blank\" rel=\"noopener\" data-link-track-dtm=\"\">Enlace del libro en la editorial<\/a><\/li>\n<\/ul>\n<div class=\"a_fts\" data-dtm-region=\"articulo_sumarioenlaces-fototexto\">\n<section class=\"a_ft _g _g-xs\">\n<figure class=\"a_ft_m a_m-h\"><span class=\"a_m_w _db\"><img data-recalc-dims=\"1\" loading=\"lazy\" decoding=\"async\" class=\"_re lazyload a_m-h\" src=\"https:\/\/i0.wp.com\/imagenes.elpais.com\/resizer\/i61FSzYQo07Udn35ni1_hZOYsmQ%3D\/414x0\/cloudfront-eu-central-1.images.arcpublishing.com\/prisa\/4LPDZYN3WJHDHMPFBOL5KRTUVE.jpg?resize=414%2C0&#038;ssl=1\" srcset=\"https:\/\/imagenes.elpais.com\/resizer\/i61FSzYQo07Udn35ni1_hZOYsmQ=\/414x0\/cloudfront-eu-central-1.images.arcpublishing.com\/prisa\/4LPDZYN3WJHDHMPFBOL5KRTUVE.jpg 414w,https:\/\/imagenes.elpais.com\/resizer\/-JzA2PGv5HZmpn21VKFvPyDyiXc=\/828x0\/cloudfront-eu-central-1.images.arcpublishing.com\/prisa\/4LPDZYN3WJHDHMPFBOL5KRTUVE.jpg 828w\" alt=\"portada 'Noche fiel y virtuosa', LOUISE GL\u00dcCK. EDITORIAL VISOR DE POES\u00cdA\" width=\"414\" height=\"0\" \/><\/span><\/figure>\n<div class=\"a_ft_txt\">\n<h2 class=\"a_ft_t\">29. Noche fiel y virtuosa<\/h2>\n<div>Louise Gl\u00fcck<br \/>\nTraducci\u00f3n de Andr\u00e9s Catal\u00e1n<br \/>\nVisor<\/div>\n<\/div>\n<\/section>\n<\/div>\n<p class=\"\"><i>Noche fiel y virtuosa<\/i>, publicado originalmente en 2014 y el primer libro de Louise Gl\u00fcck traducido al castellano tras ganar el Premio Nobel, es, en definitiva, un gran libro de una gran poeta, no de las m\u00e1s cacareadas en los ambientes de moda, como dej\u00f3 bien claro Patti Smith: \u201c\u00bfLouise Gl\u00fcck?\u201d, le preguntaron cuando el Nobel. \u201cNo he le\u00eddo una sola l\u00ednea suya\u201d. Solo le falt\u00f3 decir: \u201cNo s\u00e9 qui\u00e9n es\u201d.<\/p>\n<ul>\n<li><a href=\"https:\/\/elpais.com\/babelia\/2021-05-08\/la-muerte-de-la-belleza.html\" target=\"_blank\" rel=\"noopener\" data-link-track-dtm=\"\">Cr\u00edtica de \u00c1ngel Rup\u00e9rez<\/a><\/li>\n<li><a href=\"https:\/\/elpais.com\/cultura\/2020-10-08\/premio-nobel-de-literatura-2020.html\" target=\"_blank\" rel=\"noopener\" data-link-track-dtm=\"\">Art\u00edculo de Javier Rodr\u00edguez Marcos tras la concesi\u00f3n del Nobel a Louise Gl\u00fcck (8\/10\/2020)<\/a><\/li>\n<li><a href=\"https:\/\/www.libreriavisor.com\/libro\/noche-fiel-y-virtuosa_75066\" target=\"_blank\" rel=\"noopener\" data-link-track-dtm=\"\">Enlace del libro en la editorial<\/a><\/li>\n<\/ul>\n<div class=\"a_fts\" data-dtm-region=\"articulo_sumarioenlaces-fototexto\">\n<section class=\"a_ft _g _g-xs\">\n<figure class=\"a_ft_m a_m-h\"><span class=\"a_m_w _db\"><img data-recalc-dims=\"1\" loading=\"lazy\" decoding=\"async\" class=\"_re lazyload a_m-h\" src=\"https:\/\/i0.wp.com\/imagenes.elpais.com\/resizer\/EqtgjtPJgdkNLQGq7By3W7_kkQg%3D\/414x0\/cloudfront-eu-central-1.images.arcpublishing.com\/prisa\/6KZBEKMV7ZCBLDDWWOZ6WXSOOU.jpg?resize=414%2C0&#038;ssl=1\" srcset=\"https:\/\/imagenes.elpais.com\/resizer\/EqtgjtPJgdkNLQGq7By3W7_kkQg=\/414x0\/cloudfront-eu-central-1.images.arcpublishing.com\/prisa\/6KZBEKMV7ZCBLDDWWOZ6WXSOOU.jpg 414w,https:\/\/imagenes.elpais.com\/resizer\/4Vuo07SF5HsrIE9Z7xN7j_8Ke-o=\/828x0\/cloudfront-eu-central-1.images.arcpublishing.com\/prisa\/6KZBEKMV7ZCBLDDWWOZ6WXSOOU.jpg 828w\" alt=\"\" width=\"414\" height=\"0\" \/><\/span><\/figure>\n<div class=\"a_ft_txt\">\n<h2 class=\"a_ft_t\">30. Hervaciana<\/h2>\n<div>Gonzalo Hidalgo Bayal<br \/>\nTusquets<\/div>\n<\/div>\n<\/section>\n<\/div>\n<p class=\"\"><i>Hervaciana\u00a0<\/i>es un libro unitario, aunque los cap\u00edtulos que lo conforman funcionen como relatos aut\u00f3nomos. El prop\u00f3sito, el tono y la atmosfera son los de un texto compacto, con un prop\u00f3sito de libro de formaci\u00f3n. La escritura de Gonzalo Hidalgo Bayal en este soberbio volumen tiene ecos cervantinos y borgianos. Por la iron\u00eda pactada con la ternura, la exactitud flaubertiana de los vocablos y, sobre todo, por la infinitud de los gestos y comportamientos psicol\u00f3gicos retratados.<\/p>\n<ul>\n<li><a href=\"https:\/\/elpais.com\/babelia\/2021-09-24\/dias-de-escuela.html\" target=\"_blank\" rel=\"noopener\" data-link-track-dtm=\"\">Cr\u00edtica de J. Ernesto Ayala-Dip<\/a><\/li>\n<li><a href=\"https:\/\/www.planetadelibros.com\/libro-hervaciana\/335651\" target=\"_blank\" rel=\"noopener\" data-link-track-dtm=\"\">Enlace del libro en la editorial<\/a><\/li>\n<\/ul>\n<div class=\"a_fts\" data-dtm-region=\"articulo_sumarioenlaces-fototexto\">\n<section class=\"a_ft _g _g-xs\">\n<figure class=\"a_ft_m a_m-h\"><span class=\"a_m_w _db\"><img data-recalc-dims=\"1\" loading=\"lazy\" decoding=\"async\" class=\"_re lazyload a_m-h\" src=\"https:\/\/i0.wp.com\/imagenes.elpais.com\/resizer\/LQT7yk1-011nDfGq3Akn_YkQAjA%3D\/414x0\/cloudfront-eu-central-1.images.arcpublishing.com\/prisa\/XIEZKPFKZJH3TI6Y3MSQTQH4NU.jpg?resize=414%2C0&#038;ssl=1\" srcset=\"https:\/\/imagenes.elpais.com\/resizer\/LQT7yk1-011nDfGq3Akn_YkQAjA=\/414x0\/cloudfront-eu-central-1.images.arcpublishing.com\/prisa\/XIEZKPFKZJH3TI6Y3MSQTQH4NU.jpg 414w,https:\/\/imagenes.elpais.com\/resizer\/QEhFoy-Reuvs3Lu_mWII96qM_FA=\/828x0\/cloudfront-eu-central-1.images.arcpublishing.com\/prisa\/XIEZKPFKZJH3TI6Y3MSQTQH4NU.jpg 828w\" alt=\"Portada de 'Segunda casa', de Rachel Cusk.\" width=\"414\" height=\"0\" \/><\/span><\/figure>\n<div class=\"a_ft_txt\">\n<h2 class=\"a_ft_t\">31. Segunda casa<\/h2>\n<div>Rachel Cusk<br \/>\nTraducci\u00f3n de Catalina Mart\u00ednez Mu\u00f1oz<br \/>\nLibros del Asteroide<\/div>\n<\/div>\n<\/section>\n<\/div>\n<p class=\"\">Autora de libros escandalosos como\u00a0<i>Despojos<\/i>, en el que relat\u00f3 su terrible divorcio, y de la exitosa trilog\u00eda que inici\u00f3\u00a0<i>A contraluz,\u00a0<\/i>casi un atentado terrorista a la ficci\u00f3n m\u00e1s tradicional y fl\u00e1cida, el nuevo t\u00edtulo de Rachel Cusk,\u00a0<i>Segunda casa\u00a0<\/i>(Libros del Asteroide), cuento moral sobre una mujer que duda entre un hombre bueno y otro malo, supone un regreso inesperado a un g\u00e9nero en el que hab\u00eda dejado de creer: la ficci\u00f3n.<\/p>\n<ul>\n<li><a href=\"https:\/\/elpais.com\/eps\/2021-10-23\/rachel-cusk-en-reino-unido-solo-un-lider-con-una-identidad-radical-nos-hara-salir-de-esta.html\" target=\"_blank\" rel=\"noopener\" data-link-track-dtm=\"\">Entrevista con Rachel Cusk, de \u00c0lex Vicente<\/a><\/li>\n<li><a href=\"https:\/\/librosdelasteroide.com\/libro\/segunda-casa\" target=\"_blank\" rel=\"noopener\" data-link-track-dtm=\"\">Enlace del libro en la editorial<\/a><\/li>\n<\/ul>\n<div class=\"a_fts\" data-dtm-region=\"articulo_sumarioenlaces-fototexto\">\n<section class=\"a_ft _g _g-xs\">\n<figure class=\"a_ft_m a_m-h\"><span class=\"a_m_w _db\"><img data-recalc-dims=\"1\" loading=\"lazy\" decoding=\"async\" class=\"_re lazyload a_m-h\" src=\"https:\/\/i0.wp.com\/imagenes.elpais.com\/resizer\/_JU2YUNkql8OUvxEx31FniNZ_sQ%3D\/414x0\/cloudfront-eu-central-1.images.arcpublishing.com\/prisa\/IYOH2HL7R5F7DEVRRSRS2L7KU4.jpg?resize=414%2C0&#038;ssl=1\" srcset=\"https:\/\/imagenes.elpais.com\/resizer\/_JU2YUNkql8OUvxEx31FniNZ_sQ=\/414x0\/cloudfront-eu-central-1.images.arcpublishing.com\/prisa\/IYOH2HL7R5F7DEVRRSRS2L7KU4.jpg 414w,https:\/\/imagenes.elpais.com\/resizer\/1b5-82OZV9Joda5Kc21-tiMUogE=\/828x0\/cloudfront-eu-central-1.images.arcpublishing.com\/prisa\/IYOH2HL7R5F7DEVRRSRS2L7KU4.jpg 828w\" alt=\"Portada de 'Tienes que mirar', de Anna Starobinets.\" width=\"414\" height=\"0\" \/><\/span><\/figure>\n<div class=\"a_ft_txt\">\n<h2 class=\"a_ft_t\">32. Tienes que mirar<\/h2>\n<div>Anna Starobinets<br \/>\nTraducci\u00f3n de Viktoria Lefterova y Enrique Maldonado<br \/>\nImpedimenta<\/div>\n<\/div>\n<\/section>\n<\/div>\n<p class=\"\">La angustiosa historia que relata Anna Starobinets, la reina rusa del terror, en\u00a0<i>Tienes que mirar<\/i>\u00a0no est\u00e1 en su cabeza. Es su vida. La descriptiva, conmovedora y angustiosa memoria de una mujer que acude a una ecograf\u00eda rutinaria y recibe la noticia de que el hijo que espera tiene una anomal\u00eda cong\u00e9nita grave. Que no sobrevivir\u00e1. El relato de horror de una mujer que choca contra la pared del r\u00edgido engranaje de salud ruso y tiene que viajar a Alemania para abortar.<\/p>\n<ul>\n<li><a href=\"https:\/\/elpais.com\/cultura\/2021-03-20\/anna-starobinets-hay-un-intento-de-gobernar-sobre-el-cuerpo-de-la-mujer.html\" target=\"_blank\" rel=\"noopener\" data-link-track-dtm=\"\">Entrevista con Anna Starobinets, de Mar\u00eda R. Sahuquillo<\/a><\/li>\n<li><a href=\"https:\/\/impedimenta.es\/producto\/tienes-que-mirar\" target=\"_blank\" rel=\"noopener\" data-link-track-dtm=\"\">Enlace del libro en la editorial<\/a><\/li>\n<\/ul>\n<div class=\"a_fts\" data-dtm-region=\"articulo_sumarioenlaces-fototexto\">\n<section class=\"a_ft _g _g-xs\">\n<figure class=\"a_ft_m a_m-h\"><span class=\"a_m_w _db\"><img data-recalc-dims=\"1\" loading=\"lazy\" decoding=\"async\" class=\"_re lazyload a_m-h\" src=\"https:\/\/i0.wp.com\/imagenes.elpais.com\/resizer\/fAObtczWZYyhRkYW7T_pLgExAM8%3D\/414x0\/cloudfront-eu-central-1.images.arcpublishing.com\/prisa\/YE2X76QNRNH3VASPE2GAIG3YYI.jpg?resize=414%2C0&#038;ssl=1\" srcset=\"https:\/\/imagenes.elpais.com\/resizer\/fAObtczWZYyhRkYW7T_pLgExAM8=\/414x0\/cloudfront-eu-central-1.images.arcpublishing.com\/prisa\/YE2X76QNRNH3VASPE2GAIG3YYI.jpg 414w,https:\/\/imagenes.elpais.com\/resizer\/E-oSpWHbGMhcBYDDrcQ26rMY0z0=\/828x0\/cloudfront-eu-central-1.images.arcpublishing.com\/prisa\/YE2X76QNRNH3VASPE2GAIG3YYI.jpg 828w\" alt=\"Portada de 'Creer en las fieras', de Nastassja Martin.\" width=\"414\" height=\"0\" \/><\/span><\/figure>\n<div class=\"a_ft_txt\">\n<h2 class=\"a_ft_t\">33. Creer en las fieras<\/h2>\n<div>Nastassja Martin<br \/>\nTraducci\u00f3n de Teresa Lanero Ladr\u00f3n de Guevara<br \/>\nErrata Naturae<\/div>\n<\/div>\n<\/section>\n<\/div>\n<p class=\"\">Natassja Martin, doctora en antropolog\u00eda, de 35 a\u00f1os, ten\u00eda 29 cuando, mientras realizaba trabajo de campo en la pen\u00ednsula de Kamchatka, la atac\u00f3 un oso que probablemente la hubiera matado de no defenderse ella con un piolet. El plant\u00edgrado se march\u00f3 con un trozo de mand\u00edbula y tres dientes de la antrop\u00f3loga, caus\u00e1ndole grandes heridas en el rostro y la cabeza, adem\u00e1s de otra en la pierna. A partir de semejante ordal\u00eda, Martin ha escrito un libro hermos\u00edsimo, hipn\u00f3tico y conmovedor, de un extra\u00f1o lirismo, sobre la relaci\u00f3n de los seres humanos y los animales y sobre la pr\u00e1ctica de la antropolog\u00eda,\u00a0<i>Creer en las fieras<\/i>.<\/p>\n<ul>\n<li><a href=\"https:\/\/elpais.com\/cultura\/2021-11-09\/una-antropologa-atacada-por-un-oso-mientras-me-mordia-la-cara-podia-ver-el-interior-de-su-boca-fue-horrible.html\" target=\"_blank\" rel=\"noopener\" data-link-track-dtm=\"\">Art\u00edculo de Jacinto Ant\u00f3n sobre\u00a0<i>Creer en las fieras<\/i><\/a><\/li>\n<li><a href=\"https:\/\/erratanaturae.com\/product\/creer-en-las-fieras\/\" target=\"_blank\" rel=\"noopener\" data-link-track-dtm=\"\">Enlace del libro en la editorial<\/a><\/li>\n<\/ul>\n<div class=\"a_fts\" data-dtm-region=\"articulo_sumarioenlaces-fototexto\">\n<section class=\"a_ft _g _g-xs\">\n<figure class=\"a_ft_m a_m-h\"><span class=\"a_m_w _db\"><img data-recalc-dims=\"1\" loading=\"lazy\" decoding=\"async\" class=\"_re lazyload a_m-h\" src=\"https:\/\/i0.wp.com\/imagenes.elpais.com\/resizer\/jdP7WQeosvqzYc0qOf6lAvFyypY%3D\/414x0\/cloudfront-eu-central-1.images.arcpublishing.com\/prisa\/E2CSD5QTUVGCZNT7BLZRMESOAI.jpg?resize=414%2C0&#038;ssl=1\" srcset=\"https:\/\/imagenes.elpais.com\/resizer\/jdP7WQeosvqzYc0qOf6lAvFyypY=\/414x0\/cloudfront-eu-central-1.images.arcpublishing.com\/prisa\/E2CSD5QTUVGCZNT7BLZRMESOAI.jpg 414w,https:\/\/imagenes.elpais.com\/resizer\/_kMH7tImaxmT03UlE-MqxNT13j8=\/828x0\/cloudfront-eu-central-1.images.arcpublishing.com\/prisa\/E2CSD5QTUVGCZNT7BLZRMESOAI.jpg 828w\" alt=\"portada 'El secreto de la fuerza sobrehumana', ALISON BECHDEL. EDITORIAL RESERVOIR BOOKS\" width=\"414\" height=\"0\" \/><\/span><\/figure>\n<div class=\"a_ft_txt\">\n<h2 class=\"a_ft_t\">34. El secreto de la fuerza sobrehumana<\/h2>\n<div>Alison Bechdel<br \/>\nTraducci\u00f3n de Roc\u00edo de la Maya Retamar<br \/>\nReservoir Books<\/div>\n<\/div>\n<\/section>\n<\/div>\n<p class=\"\"><i>El secreto de la fuerza sobrehumana,<\/i>\u00a0de Alison Bechdel, son unas memorias en las que repasa su vida a trav\u00e9s de la obsesi\u00f3n por el ejercicio. En el pr\u00f3logo, la autora del exitoso\u00a0<i>Fun Home<\/i>, de 61 a\u00f1os, admite que se ha apuntado \u201ca casi todas las modas del\u00a0<i>fitness\u00a0<\/i>de las \u00faltimas seis d\u00e9cadas\u201d. Los motivos: la fijaci\u00f3n por los m\u00fasculos y el hechizo de la fuerza bruta. Pero sobre todo porque, como reconoce, \u201ccuando te est\u00e1s machacando dejas de pensar sobre lo que est\u00e1s haciendo. Lo haces, y punto\u201d.<\/p>\n<ul>\n<li><a href=\"https:\/\/elpais.com\/babelia\/2021-11-13\/alison-bechdel-correr-ayuda-mas-a-combatir-la-depresion-que-las-pastillas.html\" target=\"_blank\" rel=\"noopener\" data-link-track-dtm=\"\">Entrevista con Alison Bechdel, de Iker Seisdedos<\/a><\/li>\n<li><a href=\"https:\/\/www.penguinlibros.com\/es\/tematicas\/258594-ebook-el-secreto-de-la-fuerza-sobrehumana\" target=\"_blank\" rel=\"noopener\" data-link-track-dtm=\"\">Enlace del libro en la editorial<\/a><\/li>\n<\/ul>\n<div class=\"a_fts\" data-dtm-region=\"articulo_sumarioenlaces-fototexto\">\n<section class=\"a_ft _g _g-xs\">\n<figure class=\"a_ft_m a_m-h\"><span class=\"a_m_w _db\"><img data-recalc-dims=\"1\" loading=\"lazy\" decoding=\"async\" class=\"_re lazyload a_m-h\" src=\"https:\/\/i0.wp.com\/imagenes.elpais.com\/resizer\/YvKalgISOJDzBQp-pt6jQP-l0zk%3D\/414x0\/cloudfront-eu-central-1.images.arcpublishing.com\/prisa\/I7QU36HXPZF5BITHDMOR22GQ5M.jpg?resize=414%2C0&#038;ssl=1\" srcset=\"https:\/\/imagenes.elpais.com\/resizer\/YvKalgISOJDzBQp-pt6jQP-l0zk=\/414x0\/cloudfront-eu-central-1.images.arcpublishing.com\/prisa\/I7QU36HXPZF5BITHDMOR22GQ5M.jpg 414w,https:\/\/imagenes.elpais.com\/resizer\/rLcVsoGEeQG796ShceTnWs9cpK0=\/828x0\/cloudfront-eu-central-1.images.arcpublishing.com\/prisa\/I7QU36HXPZF5BITHDMOR22GQ5M.jpg 828w\" alt=\"'En la casa de los sue\u00f1os', CARMEN MAR\u00cdA MACHADO. EDITORIAL ANAGRAMA\" width=\"414\" height=\"0\" \/><\/span><\/figure>\n<div class=\"a_ft_txt\">\n<h2 class=\"a_ft_t\">35. En la casa de los sue\u00f1os<\/h2>\n<div>Carmen Mar\u00eda Machado<br \/>\nTraducci\u00f3n de Laura Salas Rodr\u00edguez<br \/>\nAnagrama<\/div>\n<\/div>\n<\/section>\n<\/div>\n<p class=\"\">Durante a\u00f1os, Carmen Maria Machado trat\u00f3 de relatar su historia a gente que no sab\u00eda escucharla. Por eso acab\u00f3 escribiendo un libro,\u00a0<i>En la casa de los sue\u00f1os<\/i>, que describe su traum\u00e1tica relaci\u00f3n con la mujer que la maltrat\u00f3 al final de su veintena. Su libro aborda un tab\u00fa: el de los casos de abuso que se producen dentro de las relaciones l\u00e9sbicas. Su historia empieza como una comedia rom\u00e1ntica LGTB+, pero ese romance id\u00edlico no tardar\u00e1 en convertirse en un cuento de horror dom\u00e9stico.<\/p>\n<ul>\n<li><a href=\"https:\/\/elpais.com\/babelia\/2021-05-22\/carmen-maria-machado-escribir-mi-libro-no-fue-sanador-sino-un-asco.html\" target=\"_blank\" rel=\"noopener\" data-link-track-dtm=\"\">Entrevista de Carmen Mar\u00eda Machado, de \u00c0lex Vicente<\/a><\/li>\n<li><a href=\"https:\/\/www.anagrama-ed.es\/libro\/panorama-de-narrativas\/en-la-casa-de-los-suenos\/9788433980908\/PN_1049\" target=\"_blank\" rel=\"noopener\" data-link-track-dtm=\"\">Enlace del libro en la editorial<\/a><\/li>\n<\/ul>\n<div class=\"a_fts\" data-dtm-region=\"articulo_sumarioenlaces-fototexto\">\n<section class=\"a_ft _g _g-xs\">\n<figure class=\"a_ft_m a_m-h\"><span class=\"a_m_w _db\"><img data-recalc-dims=\"1\" loading=\"lazy\" decoding=\"async\" class=\"_re lazyload a_m-h\" src=\"https:\/\/i0.wp.com\/imagenes.elpais.com\/resizer\/h9wyvhGF33_0i1NmJneI8Mr8m7g%3D\/414x0\/cloudfront-eu-central-1.images.arcpublishing.com\/prisa\/GVBZ3PC2U5DQZAIEL6O5RNABK4.jpg?resize=414%2C0&#038;ssl=1\" srcset=\"https:\/\/imagenes.elpais.com\/resizer\/h9wyvhGF33_0i1NmJneI8Mr8m7g=\/414x0\/cloudfront-eu-central-1.images.arcpublishing.com\/prisa\/GVBZ3PC2U5DQZAIEL6O5RNABK4.jpg 414w,https:\/\/imagenes.elpais.com\/resizer\/BjCm6RScgLHBrZ-HnxL-Tl4yzvs=\/828x0\/cloudfront-eu-central-1.images.arcpublishing.com\/prisa\/GVBZ3PC2U5DQZAIEL6O5RNABK4.jpg 828w\" alt=\"portada 'Encrucijadas' JONATHAN FRANZEN. EDITORIAL SALAMANDRA\" width=\"414\" height=\"0\" \/><\/span><\/figure>\n<div class=\"a_ft_txt\">\n<h2 class=\"a_ft_t\">36. Encrucijadas<\/h2>\n<div>Jonathan Franzen<br \/>\nTraducci\u00f3n de Eugenia V\u00e1zquez Nacarino<br \/>\nSalamandra<\/div>\n<\/div>\n<\/section>\n<\/div>\n<p class=\"\">Jonathan Franzen acapara como nadie la atenci\u00f3n de los medios con solo anunciar la aparici\u00f3n de una nueva novela suya. Meses antes de su publicaci\u00f3n,\u00a0<i>Encrucijadas\u00a0<\/i>hab\u00eda despertado una expectaci\u00f3n pocas veces vista en los c\u00edrculos literarios dentro y fuera de Estados Unidos. Cuando por fin llegaron las cr\u00edticas, el consenso ha sido un\u00e1nime.\u00a0<i>Encrucijadas\u00a0<\/i>es una novela excelente, la mejor de Franzen.<\/p>\n<ul>\n<li><a href=\"https:\/\/elpais.com\/babelia\/2021-10-16\/jonathan-franzen-el-sexo-es-uno-de-los-retos-mas-dificiles-para-un-escritor.html\" target=\"_blank\" rel=\"noopener\" data-link-track-dtm=\"\">Entrevista con Jonathan Franzen, de Eduardo Lago<\/a><\/li>\n<li><a href=\"https:\/\/elpais.com\/babelia\/2021-08-30\/una-novela-sobre-la-libertad-amenazada.html\" target=\"_blank\" rel=\"noopener\" data-link-track-dtm=\"\">Lea las primeras p\u00e1ginas de\u00a0<i>Encrucijadas<\/i><\/a><\/li>\n<li><a href=\"https:\/\/www.penguinlibros.com\/es\/literatura-contemporanea\/260256-libro-encrucijadas-9788418363634\" target=\"_blank\" rel=\"noopener\" data-link-track-dtm=\"\">Enlace del libro en la editorial<\/a><\/li>\n<\/ul>\n<div class=\"a_fts\" data-dtm-region=\"articulo_sumarioenlaces-fototexto\">\n<section class=\"a_ft _g _g-xs\">\n<figure class=\"a_ft_m a_m-h\"><span class=\"a_m_w _db\"><img data-recalc-dims=\"1\" loading=\"lazy\" decoding=\"async\" class=\"_re lazyload a_m-h\" src=\"https:\/\/i0.wp.com\/imagenes.elpais.com\/resizer\/i3fcyFv1_5h1rQHvEsUAQ2BW5-I%3D\/414x0\/cloudfront-eu-central-1.images.arcpublishing.com\/prisa\/AEKT7CPFA5BK5JHYCCB6SHMJ2A.jpg?resize=414%2C0&#038;ssl=1\" srcset=\"https:\/\/imagenes.elpais.com\/resizer\/i3fcyFv1_5h1rQHvEsUAQ2BW5-I=\/414x0\/cloudfront-eu-central-1.images.arcpublishing.com\/prisa\/AEKT7CPFA5BK5JHYCCB6SHMJ2A.jpg 414w,https:\/\/imagenes.elpais.com\/resizer\/rOiZT5PWWiz_5L0YjvF7So8beo8=\/828x0\/cloudfront-eu-central-1.images.arcpublishing.com\/prisa\/AEKT7CPFA5BK5JHYCCB6SHMJ2A.jpg 828w\" alt=\"'El hombre de la providencia', ANTONIO SCURATI. EDITORIAL ALFAGUARA\" width=\"414\" height=\"0\" \/><\/span><\/figure>\n<div class=\"a_ft_txt\">\n<h2 class=\"a_ft_t\">37. M. El hombre de la providencia<\/h2>\n<div>Antonio Scurati<br \/>\nTraducci\u00f3n de Carlos Gumpert<br \/>\nAlfaguara<\/div>\n<\/div>\n<\/section>\n<\/div>\n<p class=\"\"><i>M. El hombre de la providencia,\u00a0<\/i>segunda entrega de la megal\u00f3mana y celebrada \u201cnovela documental\u201d de Antoio Scurati, es una obra hipn\u00f3tica, pero seguramente retrata con mayor fidelidad la figura de Benito Mussolini que los trabajos de Andrew Roberts sobre Churchill, de Joachim Fest sobre Hitler o de Giorgio Pini en su biograf\u00eda del Duce de 1926. Seguro que D\u2019Annunzio se hubiese apresurado a asegurar que\u00a0<i>M<\/i>\u00a0es el testimonio incontestable de que \u201ctodo hombre alimenta un desenfrenado deseo de placer y de ego\u00edsmo\u201d.<\/p>\n<ul>\n<li><a href=\"https:\/\/elpais.com\/babelia\/2021-06-11\/mussolini-ya-es-el-duce.html\" target=\"_blank\" rel=\"noopener\" data-link-track-dtm=\"\">Cr\u00edtica de Javier Aparicio Maydeu<\/a><\/li>\n<li><a href=\"https:\/\/elpais.com\/cultura\/2021-05-05\/antonio-scurati-el-dano-a-la-democracia-esta-en-la-derecha-populista-aunque-no-sea-violenta.html\" target=\"_blank\" rel=\"noopener\" data-link-track-dtm=\"\">Entrevista con Antono Scurati, de Daniel Verd\u00fa<\/a><\/li>\n<li><a href=\"https:\/\/elpais.com\/babelia\/2021-05-04\/elogio-de-la-violencia-desprecio-de-la-inteligencia-asi-habla-un-fascista.html\" target=\"_blank\" rel=\"noopener\" data-link-track-dtm=\"\">Lea un fragmento de M. El hombre de la providencia<\/a><\/li>\n<li><a href=\"https:\/\/www.penguinlibros.com\/es\/literatura-contemporanea\/235709-ebook-m-el-hombre-de-la-providencia\" target=\"_blank\" rel=\"noopener\" data-link-track-dtm=\"\">Enlace del libro en la editorial<\/a><\/li>\n<\/ul>\n<div class=\"a_fts\" data-dtm-region=\"articulo_sumarioenlaces-fototexto\">\n<section class=\"a_ft _g _g-xs\">\n<figure class=\"a_ft_m a_m-h\"><span class=\"a_m_w _db\"><img data-recalc-dims=\"1\" loading=\"lazy\" decoding=\"async\" class=\"_re lazyload a_m-h\" src=\"https:\/\/i0.wp.com\/imagenes.elpais.com\/resizer\/gYA_EiJyX52_uDr5Cr9hSuFjgLU%3D\/414x0\/cloudfront-eu-central-1.images.arcpublishing.com\/prisa\/XXBWPJE73ZCRVAMCIZHKO42BO4.jpg?resize=414%2C0&#038;ssl=1\" srcset=\"https:\/\/imagenes.elpais.com\/resizer\/gYA_EiJyX52_uDr5Cr9hSuFjgLU=\/414x0\/cloudfront-eu-central-1.images.arcpublishing.com\/prisa\/XXBWPJE73ZCRVAMCIZHKO42BO4.jpg 414w,https:\/\/imagenes.elpais.com\/resizer\/gAQ34t4TlGR3SRhSTWJ2Hb4_X2w=\/828x0\/cloudfront-eu-central-1.images.arcpublishing.com\/prisa\/XXBWPJE73ZCRVAMCIZHKO42BO4.jpg 828w\" alt=\"Portada de 'Desmorir', de Anne Boyer.\" width=\"414\" height=\"0\" \/><\/span><\/figure>\n<div class=\"a_ft_txt\">\n<h2 class=\"a_ft_t\">38. Desmorir<\/h2>\n<div>Anne Boyer<br \/>\nTraducci\u00f3n de Patricia Gonzalo de Jes\u00fas<br \/>\nSexto Piso<\/div>\n<\/div>\n<\/section>\n<\/div>\n<p class=\"\">A la poeta y ensayista Anne Boyer, que se alz\u00f3 con el Pulitzer de no ficci\u00f3n en 2020, le hab\u00eda ido la vida, en m\u00e1s de un sentido, con ese libro premiado,\u00a0<i>Desmorir\u00a0<\/i>(Sexto Piso), un ensayo en el que abord\u00f3 el agresivo c\u00e1ncer de mama que padeci\u00f3. En esas p\u00e1ginas construy\u00f3 una historia literaria, cultural y social de la enfermedad, resistiendo con conmovedora fuerza \u201cel miedo a convertir el dolor en un producto\u201d.<\/p>\n<ul>\n<li><a href=\"https:\/\/elpais.com\/babelia\/2021-02-12\/anne-boyer-el-mundo-entero-esta-castroficamente-enfermo.html\" target=\"_blank\" rel=\"noopener\" data-link-track-dtm=\"\">Entrevista con Anne Boyer, de Andrea Aguilar<\/a><\/li>\n<li><a href=\"https:\/\/elpais.com\/eps\/2021-08-21\/un-metodo-llamado-anne-boyer.html\" target=\"_blank\" rel=\"noopener\" data-link-track-dtm=\"\">Columna de Leila Guerriero<\/a><\/li>\n<li><a href=\"http:\/\/sextopiso.es\/esp\/item\/486\/desmorir-una-reflexion-sobre-la-enfermedad-en-un-mundo-capitalista\" target=\"_blank\" rel=\"noopener\" data-link-track-dtm=\"\">Enlace del libro en la editorial<\/a><\/li>\n<\/ul>\n<div class=\"a_fts\" data-dtm-region=\"articulo_sumarioenlaces-fototexto\">\n<section class=\"a_ft _g _g-xs\">\n<figure class=\"a_ft_m a_m-h\"><span class=\"a_m_w _db\"><img data-recalc-dims=\"1\" loading=\"lazy\" decoding=\"async\" class=\"_re lazyload a_m-h\" src=\"https:\/\/i0.wp.com\/imagenes.elpais.com\/resizer\/xos_uAOIWTGJlf8fmGxPrY2jmDM%3D\/414x0\/cloudfront-eu-central-1.images.arcpublishing.com\/prisa\/YMZZ5MJJZBGKJG6DLBOKA3G7IQ.jpg?resize=414%2C0&#038;ssl=1\" srcset=\"https:\/\/imagenes.elpais.com\/resizer\/xos_uAOIWTGJlf8fmGxPrY2jmDM=\/414x0\/cloudfront-eu-central-1.images.arcpublishing.com\/prisa\/YMZZ5MJJZBGKJG6DLBOKA3G7IQ.jpg 414w,https:\/\/imagenes.elpais.com\/resizer\/F-T5Bst48DjaZ_eG7hP9QiS9Bqw=\/828x0\/cloudfront-eu-central-1.images.arcpublishing.com\/prisa\/YMZZ5MJJZBGKJG6DLBOKA3G7IQ.jpg 828w\" alt=\"portada 'Poes\u00eda esencial', MIRCEA CARTARESCU. EDITORIAL IMPEDIMENTA\" width=\"414\" height=\"0\" \/><\/span><\/figure>\n<div class=\"a_ft_txt\">\n<h2 class=\"a_ft_t\">39. Poes\u00eda esencial<\/h2>\n<div>Mircea C\u0103rt\u0103rescu<br \/>\nTraducci\u00f3n de Marian Ochoa de Eribe y Eta Htrubaru<br \/>\nImpedimenta<\/div>\n<\/div>\n<\/section>\n<\/div>\n<p class=\"\">Antes de ser el novelista m\u00e1s importante de su generaci\u00f3n y una de las figuras m\u00e1s premiadas de la narrativa europea, Mircea C\u0103rt\u0103rescu (Bucarest, 1956) escribi\u00f3 poes\u00eda compulsivamente. Admirador de la generaci\u00f3n\u00a0<i>beat<\/i>, de Bob Dylan y los Beatles, sus poemas fueron considerados subversivos por la dictadura de Ceausescu. Muchos poemas parecen letras para una m\u00fasica no escrita, melod\u00edas con un \u201caire con diamantes\u201d. Entretejiendo el realismo y el sue\u00f1o, la memoria y el mito, la iron\u00eda y la par\u00e1bola, la \u00e9pica y la l\u00edrica, su poes\u00eda brilla en la ausencia de l\u00edmites.<\/p>\n<ul>\n<li><a href=\"https:\/\/elpais.com\/babelia\/2021-10-16\/aire-con-diamantes-la-poesia-de-mircea-cartarescu.html\" target=\"_blank\" rel=\"noopener\" data-link-track-dtm=\"\">Cr\u00edtica de Antonio Ortega<\/a><\/li>\n<li><a href=\"https:\/\/impedimenta.es\/producto\/poesia-esencial\" target=\"_blank\" rel=\"noopener\" data-link-track-dtm=\"\">Enlace del libro en la editorial<\/a><\/li>\n<\/ul>\n<div class=\"a_fts\" data-dtm-region=\"articulo_sumarioenlaces-fototexto\">\n<section class=\"a_ft _g _g-xs\">\n<figure class=\"a_ft_m a_m-h\"><span class=\"a_m_w _db\"><img data-recalc-dims=\"1\" loading=\"lazy\" decoding=\"async\" class=\"_re lazyload a_m-h\" src=\"https:\/\/i0.wp.com\/imagenes.elpais.com\/resizer\/bCGS_cyzD1B0801tthl1vFUbw3s%3D\/414x0\/cloudfront-eu-central-1.images.arcpublishing.com\/prisa\/QQMH2SSC5RGHDEMF6KLXF7COTY.jpg?resize=414%2C0&#038;ssl=1\" srcset=\"https:\/\/imagenes.elpais.com\/resizer\/bCGS_cyzD1B0801tthl1vFUbw3s=\/414x0\/cloudfront-eu-central-1.images.arcpublishing.com\/prisa\/QQMH2SSC5RGHDEMF6KLXF7COTY.jpg 414w,https:\/\/imagenes.elpais.com\/resizer\/Q9wZra3XWUgffKO1Ef3pwahN-eM=\/828x0\/cloudfront-eu-central-1.images.arcpublishing.com\/prisa\/QQMH2SSC5RGHDEMF6KLXF7COTY.jpg 828w\" alt=\"portada 'Wagnerismo, Arte y pol\u00edtica a la sombra de la m\u00fasica' ALEX ROSS, EDITORIAL SEIX BARRAL\" width=\"414\" height=\"0\" \/><\/span><\/figure>\n<div class=\"a_ft_txt\">\n<h2 class=\"a_ft_t\">40. Wagnerismo<\/h2>\n<div>Alex Ross<br \/>\nTraducci\u00f3n de Luis Gago<br \/>\nSeix-Barral<\/div>\n<\/div>\n<\/section>\n<\/div>\n<p class=\"\"><i>Wagnerismo<\/i>\u00a0cuenta la historia de la \u201cinfluencia m\u00e1s grande que un compositor haya tenido nunca m\u00e1s all\u00e1 de la m\u00fasica\u201d. \u201cLos hay m\u00e1s escuchados y los hay m\u00e1s populares, pero nada es comparable a Wagner, salvo quiz\u00e1 los Beatles o Dylan en los sesenta. No hay un bachismo, ni un beethovenismo, y s\u00ed un wagnerismo como fen\u00f3meno cultural aut\u00f3nomo\u201d, como explica el cr\u00edtico musical de\u00a0<i>The New Yorker<\/i>, Alex Ross, tambi\u00e9n autor de\u00a0<i>El ruido eterno<\/i>\u00a0(2009), fenomenal superventas, tambi\u00e9n en Espa\u00f1a, sobre la m\u00fasica del siglo XX.<\/p>\n<ul>\n<li><a href=\"https:\/\/elpais.com\/babelia\/2021-10-09\/alex-ross-solo-los-beatles-son-tan-influyentes-como-wagner.html\" target=\"_blank\" rel=\"noopener\" data-link-track-dtm=\"\">Entrevista con Alex Ross, de Iker Seisdedos<\/a><\/li>\n<li><a href=\"https:\/\/elpais.com\/babelia\/2021-10-09\/todos-los-caminos-conducen-a-wagner.html\" target=\"_blank\" rel=\"noopener\" data-link-track-dtm=\"\">Art\u00edculo de Chris Walton<\/a><\/li>\n<li><a href=\"https:\/\/elpais.com\/babelia\/2021-10-05\/wagner-filonazi-y-omnipresente.html\" target=\"_blank\" rel=\"noopener\" data-link-track-dtm=\"\">Lea un fragmento de\u00a0<i>Wagnerismo<\/i><\/a><\/li>\n<li><a href=\"https:\/\/www.planetadelibros.com\/libro-wagnerismo\/337038\" target=\"_blank\" rel=\"noopener\" data-link-track-dtm=\"\">Enlace del libro en la editorial<\/a><\/li>\n<\/ul>\n<div class=\"a_fts\" data-dtm-region=\"articulo_sumarioenlaces-fototexto\">\n<section class=\"a_ft _g _g-xs\">\n<figure class=\"a_ft_m a_m-h\"><span class=\"a_m_w _db\"><img data-recalc-dims=\"1\" loading=\"lazy\" decoding=\"async\" class=\"_re lazyload a_m-h\" src=\"https:\/\/i0.wp.com\/imagenes.elpais.com\/resizer\/TCsdBqgRElxbZhr0n37srNJXx0A%3D\/414x0\/cloudfront-eu-central-1.images.arcpublishing.com\/prisa\/4GYYGA4U4NHCHJBYUQNAQFKMDI.jpg?resize=414%2C0&#038;ssl=1\" srcset=\"https:\/\/imagenes.elpais.com\/resizer\/TCsdBqgRElxbZhr0n37srNJXx0A=\/414x0\/cloudfront-eu-central-1.images.arcpublishing.com\/prisa\/4GYYGA4U4NHCHJBYUQNAQFKMDI.jpg 414w,https:\/\/imagenes.elpais.com\/resizer\/dclG1KEVlFckBijZsBFOabv1nNw=\/828x0\/cloudfront-eu-central-1.images.arcpublishing.com\/prisa\/4GYYGA4U4NHCHJBYUQNAQFKMDI.jpg 828w\" alt=\"portada 'Tongolele no sab\u00eda bailar', SERGIO RAM\u00cdREZ. EDITORIAL ALFAGUARA\" width=\"414\" height=\"0\" \/><\/span><\/figure>\n<div class=\"a_ft_txt\">\n<h2 class=\"a_ft_t\">41. Tongolele no sab\u00eda bailar<\/h2>\n<div>Sergio Ram\u00edrez<br \/>\nAlfaguara<\/div>\n<\/div>\n<\/section>\n<\/div>\n<p class=\"\">Sergio Ram\u00edrez es uno de los referentes literarios, morales y pol\u00edticos de la literatura en espa\u00f1ol desde hace ya d\u00e9cadas. Y\u00a0<i>Tongolele no sab\u00eda bailar<\/i>\u00a0es un pedazo de novela. Y lo seguir\u00e1 siendo porque en ella no hay nada coyuntural \u2014a pesar de lo que relata en ella, el levantamiento de 2018 en Nicaragua y la sangrienta represi\u00f3n que se cobr\u00f3 427 muertes, la mayor\u00eda estudiantes\u2014 sino esencial. La denuncia de la corrupci\u00f3n, de la brutalidad, del miedo de la v\u00edctima pero tambi\u00e9n de los verdugos, el juego infantil, cruel, rid\u00edculo y paranoico del poder y su aquelarre de horror.<\/p>\n<ul>\n<li><a href=\"https:\/\/elpais.com\/babelia\/2021-09-18\/literatura-peligrosa.html\" target=\"_blank\" rel=\"noopener\" data-link-track-dtm=\"\">Cr\u00edtica de Carlos Zan\u00f3n<\/a><\/li>\n<li><a href=\"https:\/\/elpais.com\/internacional\/2021-09-12\/sergio-ramirez-la-orden-de-arresto-es-una-condena-para-que-no-vuelva-a-nicaragua.html\" target=\"_blank\" rel=\"noopener\" data-link-track-dtm=\"\">Entrevista con Sergio Ram\u00edrez, de Javier Lafuente<\/a><\/li>\n<li><a href=\"https:\/\/elpais.com\/opinion\/2021-08-31\/la-novela-en-carne-viva.html\" target=\"_blank\" rel=\"noopener\" data-link-track-dtm=\"\">Tribuna de Sergio Ram\u00edrez<\/a><\/li>\n<li><a href=\"https:\/\/www.penguinlibros.com\/es\/novela-negra-misterio-y-thriller\/256145-libro-tongolele-no-sabia-bailar-9788420460536\" target=\"_blank\" rel=\"noopener\" data-link-track-dtm=\"\">Enlace del libro en la editorial<\/a><\/li>\n<\/ul>\n<div class=\"a_fts\" data-dtm-region=\"articulo_sumarioenlaces-fototexto\">\n<section class=\"a_ft _g _g-xs\">\n<figure class=\"a_ft_m a_m-h\"><span class=\"a_m_w _db\"><img data-recalc-dims=\"1\" loading=\"lazy\" decoding=\"async\" class=\"_re lazyload a_m-h\" src=\"https:\/\/i0.wp.com\/imagenes.elpais.com\/resizer\/N6qvVEEpUzZcwP5NyC7DpvZLKi4%3D\/414x0\/cloudfront-eu-central-1.images.arcpublishing.com\/prisa\/POJ5HY6SUNAUNLIXLYKTDZ7HR4.jpg?resize=414%2C0&#038;ssl=1\" srcset=\"https:\/\/imagenes.elpais.com\/resizer\/N6qvVEEpUzZcwP5NyC7DpvZLKi4=\/414x0\/cloudfront-eu-central-1.images.arcpublishing.com\/prisa\/POJ5HY6SUNAUNLIXLYKTDZ7HR4.jpg 414w,https:\/\/imagenes.elpais.com\/resizer\/ZmgoWvNAyrT0edsmFkA210yRND8=\/828x0\/cloudfront-eu-central-1.images.arcpublishing.com\/prisa\/POJ5HY6SUNAUNLIXLYKTDZ7HR4.jpg 828w\" alt=\"portada 'Cu\u00e1l es tu tormento', SIGRID NUNEZ. EDITORIAL ANAGRAMA\" width=\"414\" height=\"0\" \/><\/span><\/figure>\n<div class=\"a_ft_txt\">\n<h2 class=\"a_ft_t\">42. Cu\u00e1l es tu tormento<\/h2>\n<div>Sigrid Nunez<br \/>\nTraducci\u00f3n de Mercedes Cebri\u00e1n<br \/>\nAnagrama<\/div>\n<\/div>\n<\/section>\n<\/div>\n<p class=\"\">Sigrid Nunez, autora respetada pero con una trayectoria algo discreta, se vio propulsada por el \u00e9xito de su libro anterior,\u00a0<i>El amigo,<\/i>\u00a0sobre la insospechada amistad entre una escritora solitaria y un perro, con el que gan\u00f3 el prestigioso National Book Award en 2018. De repente, Nunez dej\u00f3 de ser el secreto mejor guardado de las letras estadounidenses. Su \u00faltimo t\u00edtulo,\u00a0<i>Cu\u00e1l es tu tormento,<\/i>\u00a0es una falsa autoficci\u00f3n sobre la empat\u00eda y el dolor de los dem\u00e1s, en la que retoma ciertas tesis de su primera mentora, Susan Sontag.<\/p>\n<ul>\n<li><a href=\"https:\/\/elpais.com\/babelia\/2021-09-25\/sigrid-nunez-internet-nos-ha-hecho-la-vida-mas-dificil-en-lo-emocional.html\" target=\"_blank\" rel=\"noopener\" data-link-track-dtm=\"\">Entrevista con Sigrid Nunez, de \u00c0lex Vicente<\/a><\/li>\n<li><a href=\"https:\/\/www.anagrama-ed.es\/libro\/panorama-de-narrativas\/cual-es-tu-tormento\/9788433980991\/PN_1055\" target=\"_blank\" rel=\"noopener\" data-link-track-dtm=\"\">Enlace del libro en la editorial<\/a><\/li>\n<\/ul>\n<div class=\"a_fts\" data-dtm-region=\"articulo_sumarioenlaces-fototexto\">\n<section class=\"a_ft _g _g-xs\">\n<figure class=\"a_ft_m a_m-h\"><span class=\"a_m_w _db\"><img data-recalc-dims=\"1\" loading=\"lazy\" decoding=\"async\" class=\"_re lazyload a_m-h\" src=\"https:\/\/i0.wp.com\/imagenes.elpais.com\/resizer\/P6sc8bAty0fu5_SKL-u9fyc8zrc%3D\/414x0\/cloudfront-eu-central-1.images.arcpublishing.com\/prisa\/ZG7BFF7G5ZAJNCMCB5WZFD3PNQ.jpg?resize=414%2C0&#038;ssl=1\" srcset=\"https:\/\/imagenes.elpais.com\/resizer\/P6sc8bAty0fu5_SKL-u9fyc8zrc=\/414x0\/cloudfront-eu-central-1.images.arcpublishing.com\/prisa\/ZG7BFF7G5ZAJNCMCB5WZFD3PNQ.jpg 414w,https:\/\/imagenes.elpais.com\/resizer\/cY2c4Jdz4TWakJ9Cb7WOkoxPNLc=\/828x0\/cloudfront-eu-central-1.images.arcpublishing.com\/prisa\/ZG7BFF7G5ZAJNCMCB5WZFD3PNQ.jpg 828w\" alt=\"Portada de 'Los d\u00edas perfectos', de Jorge Bergareche\" width=\"414\" height=\"0\" \/><\/span><\/figure>\n<div class=\"a_ft_txt\">\n<h2 class=\"a_ft_t\">43. Los d\u00edas perfectos<\/h2>\n<div>Jacobo Bergareche<br \/>\nLibros del Asteroide<\/div>\n<\/div>\n<\/section>\n<\/div>\n<p class=\"\">Estamos ante una novela epistolar, compuesta solo de dos misivas largu\u00edsimas que no reciben respuesta alguna. Son cartas que, contrariamente a lo habitual en este g\u00e9nero, aparecen sin ning\u00fan anclaje en la realidad exterior ni explicaci\u00f3n alguna dada por un editor ficticio. Nada sabemos de los receptores sino aquello que ronda por la cabeza de Luis, el que piensa y escribe todo lo que leemos. A trav\u00e9s de las misivas, Jacobo Bergareche reflexiona sobre el amor y sus debilidades, el fracaso final.<\/p>\n<ul>\n<li><a href=\"https:\/\/elpais.com\/babelia\/2021-09-18\/juego-de-cartas.html\" target=\"_blank\" rel=\"noopener\" data-link-track-dtm=\"\">Cr\u00edtica de Llu\u00eds Satorras<\/a><\/li>\n<li><a href=\"https:\/\/elpais.com\/opinion\/2021-05-16\/senor-del-laberinto.html\" target=\"_blank\" rel=\"noopener\" data-link-track-dtm=\"\">Tribuna de Mario Vargas Llosa<\/a><\/li>\n<li><a href=\"https:\/\/elpais.com\/icon\/cultura\/2021-09-15\/jacobo-bergareche-todo-el-mundo-tiene-la-impresion-de-que-si-se-aburre-es-que-le-han-estafado-en-la-vida.html\" target=\"_blank\" rel=\"noopener\" data-link-track-dtm=\"\">Entrevista con Jacobo Bergareche, de Tom C. Avenda\u00f1o<\/a><\/li>\n<li><a href=\"https:\/\/librosdelasteroide.com\/libro\/los-dias-perfectos\" target=\"_blank\" rel=\"noopener\" data-link-track-dtm=\"\">Enlace del libro en la editorial<\/a><\/li>\n<\/ul>\n<div class=\"a_fts\" data-dtm-region=\"articulo_sumarioenlaces-fototexto\">\n<section class=\"a_ft _g _g-xs\">\n<figure class=\"a_ft_m a_m-h\"><span class=\"a_m_w _db\"><img data-recalc-dims=\"1\" loading=\"lazy\" decoding=\"async\" class=\"_re lazyload a_m-h\" src=\"https:\/\/i0.wp.com\/imagenes.elpais.com\/resizer\/RGXQD2NFveMLsyg_VvFM0UMAyZg%3D\/414x0\/cloudfront-eu-central-1.images.arcpublishing.com\/prisa\/J2QGOM55VRE33DYJAW2LB3JYDY.jpeg?resize=414%2C0&#038;ssl=1\" srcset=\"https:\/\/imagenes.elpais.com\/resizer\/RGXQD2NFveMLsyg_VvFM0UMAyZg=\/414x0\/cloudfront-eu-central-1.images.arcpublishing.com\/prisa\/J2QGOM55VRE33DYJAW2LB3JYDY.jpeg 414w,https:\/\/imagenes.elpais.com\/resizer\/25MGixvBtXrjkY-MVF9o5L-gks8=\/828x0\/cloudfront-eu-central-1.images.arcpublishing.com\/prisa\/J2QGOM55VRE33DYJAW2LB3JYDY.jpeg 828w\" alt=\"\" width=\"414\" height=\"0\" \/><\/span><\/figure>\n<div class=\"a_ft_txt\">\n<h2 class=\"a_ft_t\">44. Ruta de escape<\/h2>\n<div>Philippe Sands<br \/>\nTraducci\u00f3n de Francisco Jos\u00e9 Ramos Mena<br \/>\nAnagrama<\/div>\n<\/div>\n<\/section>\n<\/div>\n<p class=\"\">En\u00a0<i>Calle Este-Oeste\u00a0<\/i>(2017), Philippe Sands destapaba el secreto de sus abuelos, que escaparon de los nazis a Par\u00eds. El libro era una memoria familiar, un ensayo hist\u00f3rico y un tratado sobre el derecho internacional criminal, la especialidad profesional del autor. Este a\u00f1o Sands ha publicado\u00a0<i>Ruta de escape,\u00a0<\/i>el trepidante relato de la huida de Otto von W\u00e4chter, oficial de las SS. Una obra llena de giros inesperados que bebe de la novela de esp\u00edas y contiene una desasosegante reflexi\u00f3n sobre el mal.<\/p>\n<ul>\n<li><a href=\"https:\/\/elpais.com\/babelia\/2021-01-22\/la-novela-del-verdugo-nazi.html\" target=\"_blank\" rel=\"noopener\" data-link-track-dtm=\"\">Art\u00edculo de Marc Bassets<\/a><\/li>\n<li><a href=\"https:\/\/elpais.com\/cultura\/2021-03-02\/memoria-del-genocidio.html\" target=\"_blank\" rel=\"noopener\" data-link-track-dtm=\"\">Columna de Javier Rodr\u00edguez Marcos<\/a><\/li>\n<li><a href=\"https:\/\/www.anagrama-ed.es\/libro\/panorama-de-narrativas\/ruta-de-escape\/9788433980809\/PN_1038\" target=\"_blank\" rel=\"noopener\" data-link-track-dtm=\"\">Enlace del libro en la editorial<\/a><\/li>\n<\/ul>\n<div class=\"a_fts\" data-dtm-region=\"articulo_sumarioenlaces-fototexto\">\n<section class=\"a_ft _g _g-xs\">\n<figure class=\"a_ft_m a_m-h\"><span class=\"a_m_w _db\"><img loading=\"lazy\" decoding=\"async\" class=\"_re lazyload a_m-h\" src=\"https:\/\/imagenes.elpais.com\/resizer\/BJ9zCKs7XltFYdDn8jah5_3G-38=\/414x0\/cloudfront-eu-central-1.images.arcpublishing.com\/prisa\/WHLSIICR5BBTNNXFLFEDCQJUMM.jfif\" srcset=\"https:\/\/imagenes.elpais.com\/resizer\/BJ9zCKs7XltFYdDn8jah5_3G-38=\/414x0\/cloudfront-eu-central-1.images.arcpublishing.com\/prisa\/WHLSIICR5BBTNNXFLFEDCQJUMM.jfif 414w,https:\/\/imagenes.elpais.com\/resizer\/DdZ7OB0IgfXgKgKDDDiNo1PzFRA=\/828x0\/cloudfront-eu-central-1.images.arcpublishing.com\/prisa\/WHLSIICR5BBTNNXFLFEDCQJUMM.jfif 828w\" alt=\"\" width=\"414\" height=\"0\" \/><\/span><\/figure>\n<div class=\"a_ft_txt\">\n<h2 class=\"a_ft_t\">45. Bluets<\/h2>\n<div>Maggie Nelson<br \/>\nTraducci\u00f3n de Lawrence Schimel<br \/>\nTres Puntos<\/div>\n<\/div>\n<\/section>\n<\/div>\n<p class=\"\">Rechazado por m\u00e1s de 20 sellos, finalmente\u00a0<i>Bluets<\/i>, este bello y breve ensayo, construido a partir de 240 anotaciones o divagaciones en torno a la obsesi\u00f3n de la autora con el color azul, fue publicado en Estados Unidos en 2009. Convertido en libro de culto, ahora llega su versi\u00f3n en castellano. Mallarm\u00e9, Goethe o el recuerdo de una tarde de sexo en el Chelsea Hotel se van a sumando a Emerson, Yves Klein o Billie Holiday, en un texto que se mueve como una conversaci\u00f3n entre la poes\u00eda, el comentario ilustrado, la cr\u00edtica cultural y la autobiograf\u00eda.<\/p>\n<ul>\n<li><a href=\"https:\/\/elpais.com\/babelia\/2021-02-12\/maggie-nelson-una-ventaja-de-ser-mujer-es-llevar-el-canon-a-tu-terreno.html\" target=\"_blank\" rel=\"noopener\" data-link-track-dtm=\"\">Entrevista con Maggie Nelson, de Andrea Aguilar<\/a><\/li>\n<li><a href=\"https:\/\/www.trespuntosediciones.es\/\" target=\"_blank\" rel=\"noopener\" data-link-track-dtm=\"\">Enlace de la editorial<\/a><\/li>\n<\/ul>\n<div class=\"a_fts\" data-dtm-region=\"articulo_sumarioenlaces-fototexto\">\n<section class=\"a_ft _g _g-xs\">\n<figure class=\"a_ft_m a_m-h\"><span class=\"a_m_w _db\"><img data-recalc-dims=\"1\" loading=\"lazy\" decoding=\"async\" class=\"_re lazyload a_m-h\" src=\"https:\/\/i0.wp.com\/imagenes.elpais.com\/resizer\/6CHabIXNyZiJGF27k7FDrL9CBbQ%3D\/414x0\/cloudfront-eu-central-1.images.arcpublishing.com\/prisa\/OXVBRL4FPFD3HCHECGMO5IBRCM.jpg?resize=414%2C0&#038;ssl=1\" srcset=\"https:\/\/imagenes.elpais.com\/resizer\/6CHabIXNyZiJGF27k7FDrL9CBbQ=\/414x0\/cloudfront-eu-central-1.images.arcpublishing.com\/prisa\/OXVBRL4FPFD3HCHECGMO5IBRCM.jpg 414w,https:\/\/imagenes.elpais.com\/resizer\/AV8wOHe3pZx6qGQvRHeKTYaWwos=\/828x0\/cloudfront-eu-central-1.images.arcpublishing.com\/prisa\/OXVBRL4FPFD3HCHECGMO5IBRCM.jpg 828w\" alt=\"'Los abismos', de Pilar Quintana.\" width=\"414\" height=\"0\" \/><\/span><\/figure>\n<div class=\"a_ft_txt\">\n<h2 class=\"a_ft_t\">46. Los abismos<\/h2>\n<div>Pilar Quintana<br \/>\nAlfaguara<\/div>\n<\/div>\n<\/section>\n<\/div>\n<p class=\"\">El primer acierto de\u00a0<i>Los abismos<\/i>, \u00faltimo premio Alfaguara de novela, es la perspectiva sutil, casi asordinada, con que refleja la fuerte violencia estructural de una sociedad machista. Frente al imperativo, tan de \u00e9poca, de que la literatura se\u00f1ale claramente sus intenciones, Pilar Quintana apuesta por un tono amable, casi na\u00edf, que no obstante arrincona y carga de dolor la mirada de la narradora, Claudia, una ni\u00f1a de ocho a\u00f1os.<\/p>\n<ul>\n<li><a href=\"https:\/\/elpais.com\/babelia\/2021-04-24\/la-peor-mama-del-mundo.html\" target=\"_blank\" rel=\"noopener\" data-link-track-dtm=\"\">Cr\u00edtica de Carlos Pardo<\/a><\/li>\n<li><a href=\"https:\/\/elpais.com\/cultura\/2021-11-01\/pilar-quintana-me-ubico-en-el-lugar-de-lo-no-dicho-lo-que-no-nos-dejan-decir-es-lo-que-cuento.html\" target=\"_blank\" rel=\"noopener\" data-link-track-dtm=\"\">Entrevista con Pilar Quintana, de Juan Cruz<\/a><\/li>\n<li><a href=\"https:\/\/elpais.com\/babelia\/2021-03-24\/el-principio-del-fin-de-la-infancia.html\" target=\"_blank\" rel=\"noopener\" data-link-track-dtm=\"\">Lea las primeras p\u00e1ginas de\u00a0<i>Los abismos<\/i><\/a><\/li>\n<li><a href=\"https:\/\/www.penguinlibros.com\/es\/literatura-contemporanea\/233738-libro-los-abismos-premio-alfaguara-de-novela-2021-9788420454979\" target=\"_blank\" rel=\"noopener\" data-link-track-dtm=\"\">Enlace del libro en la editorial<\/a><\/li>\n<\/ul>\n<div class=\"a_fts\" data-dtm-region=\"articulo_sumarioenlaces-fototexto\">\n<section class=\"a_ft _g _g-xs\">\n<figure class=\"a_ft_m a_m-h\"><span class=\"a_m_w _db\"><img data-recalc-dims=\"1\" loading=\"lazy\" decoding=\"async\" class=\"_re lazyload a_m-h\" src=\"https:\/\/i0.wp.com\/imagenes.elpais.com\/resizer\/eqGecUYuRf_kzSsjD7nOyDqhb2o%3D\/414x0\/cloudfront-eu-central-1.images.arcpublishing.com\/prisa\/IHRS6IZ5XBF7JGZREZH67CN7PM.jpg?resize=414%2C0&#038;ssl=1\" srcset=\"https:\/\/imagenes.elpais.com\/resizer\/eqGecUYuRf_kzSsjD7nOyDqhb2o=\/414x0\/cloudfront-eu-central-1.images.arcpublishing.com\/prisa\/IHRS6IZ5XBF7JGZREZH67CN7PM.jpg 414w,https:\/\/imagenes.elpais.com\/resizer\/5HX2z6rtH16Tf3JnTVC9_xk66Zs=\/828x0\/cloudfront-eu-central-1.images.arcpublishing.com\/prisa\/IHRS6IZ5XBF7JGZREZH67CN7PM.jpg 828w\" alt=\"portada 'La Fragilidad', DIEGO DONCEL. Editorial VISOR DE POES\u00cdA\" width=\"414\" height=\"0\" \/><\/span><\/figure>\n<div class=\"a_ft_txt\">\n<h2 class=\"a_ft_t\">47. La fragilidad<\/h2>\n<div>Diego Doncel<br \/>\nVisor<\/div>\n<\/div>\n<\/section>\n<\/div>\n<p class=\"\">Los lectores de\u00a0<i>La fragilidad\u00a0<\/i>alcanzar\u00e1n la unanimidad del jurado que le otorg\u00f3 el XXXIII Premio Loewe de Poes\u00eda por su abrumadora madurez vital y su soberbia capacidad expresiva, por enunciar una \u201cteor\u00eda de la vida\u201d desde la enfermedad, el dolor y la muerte. Fruto de un intenso proceso de depuraci\u00f3n emocional, estos poemas asumen un habla tan viva como po\u00e9tica, sin artificios ni ficciones, lejos de la mediocridad sentimental para dar voz al caos, a la resoluci\u00f3n final de una p\u00e9rdida irrecuperable.<\/p>\n<ul>\n<li><a href=\"https:\/\/elpais.com\/babelia\/2021-04-10\/la-suspension-de-la-vida.html\" target=\"_blank\" rel=\"noopener\" data-link-track-dtm=\"\">Cr\u00edtica de Antonio Ortega<\/a><\/li>\n<li><a href=\"https:\/\/elpais.com\/babelia\/2020-11-06\/diego-doncel-crearia-un-premio-cervantes-para-los-que-no-lo-tuvieron-en-vida.html\" target=\"_blank\" rel=\"noopener\" data-link-track-dtm=\"\">Diego Doncel. En Pocas Palabras<\/a><\/li>\n<li><a href=\"https:\/\/www.libreriavisor.com\/libro\/la-fragilidad_75006\" target=\"_blank\" rel=\"noopener\" data-link-track-dtm=\"\">Enlace del libro en la editorial<\/a><\/li>\n<\/ul>\n<div class=\"a_fts\" data-dtm-region=\"articulo_sumarioenlaces-fototexto\">\n<section class=\"a_ft _g _g-xs\">\n<figure class=\"a_ft_m a_m-h\"><span class=\"a_m_w _db\"><img data-recalc-dims=\"1\" loading=\"lazy\" decoding=\"async\" class=\"_re lazyload a_m-h\" src=\"https:\/\/i0.wp.com\/imagenes.elpais.com\/resizer\/zTjUsWl4m8uWQTnYmzEllQn6dYI%3D\/414x0\/cloudfront-eu-central-1.images.arcpublishing.com\/prisa\/WNLCRBIM7JFVTASZBKGKJKOCOQ.jpg?resize=414%2C0&#038;ssl=1\" srcset=\"https:\/\/imagenes.elpais.com\/resizer\/zTjUsWl4m8uWQTnYmzEllQn6dYI=\/414x0\/cloudfront-eu-central-1.images.arcpublishing.com\/prisa\/WNLCRBIM7JFVTASZBKGKJKOCOQ.jpg 414w,https:\/\/imagenes.elpais.com\/resizer\/9pfdZnvUvwr7CBW8dkLUaqsfx2Y=\/828x0\/cloudfront-eu-central-1.images.arcpublishing.com\/prisa\/WNLCRBIM7JFVTASZBKGKJKOCOQ.jpg 828w\" alt=\"Portada de 'Escribir en el agua', de John Cage.\" width=\"414\" height=\"0\" \/><\/span><\/figure>\n<div class=\"a_ft_txt\">\n<h2 class=\"a_ft_t\">48. Escribir en el agua<\/h2>\n<div>John Cage<br \/>\nTraducci\u00f3n de Gerardo Jorge<br \/>\nCaja Negra<\/div>\n<\/div>\n<\/section>\n<\/div>\n<p class=\"\">De una forma involuntaria a la hora de escribirlas, pero con una dimensi\u00f3n conjunta cuando se contemplan reunidas en un mismo volumen, las misivas que componen\u00a0<i>Escribir en el agua. Cartas (1930-1992)<\/i>\u00a0conforman una autobiograf\u00eda del compositor estadounidense desde que ten\u00eda apenas 18 a\u00f1os hasta el a\u00f1o de su fallecimiento. Adem\u00e1s de ser un itinerario comentado a trav\u00e9s de las obras del autor, el lector encuentra en el libro interesantes debates e intercambios culturales con figuras como Morton Feldman, Merce Cunningham, Pierre Boulez, Peter Yates, Marshall McLuhan, Christian Wolff y David Tudor.<\/p>\n<ul>\n<li><a href=\"https:\/\/cajanegraeditora.com.ar\/libros\/escribir-en-el-agua\/\" target=\"_blank\" rel=\"noopener\" data-link-track-dtm=\"\">Enlace del libro en la editorial<\/a><\/li>\n<\/ul>\n<div class=\"a_fts\" data-dtm-region=\"articulo_sumarioenlaces-fototexto\">\n<section class=\"a_ft _g _g-xs\">\n<figure class=\"a_ft_m a_m-h\"><span class=\"a_m_w _db\"><img data-recalc-dims=\"1\" loading=\"lazy\" decoding=\"async\" class=\"_re lazyload a_m-h\" src=\"https:\/\/i0.wp.com\/imagenes.elpais.com\/resizer\/kWcFsy-DCL0FxQdf2rSYJdcqrCg%3D\/414x0\/cloudfront-eu-central-1.images.arcpublishing.com\/prisa\/KWOAEUBY5JG2HPTIX3R5G5M3UI.jpg?resize=414%2C0&#038;ssl=1\" srcset=\"https:\/\/imagenes.elpais.com\/resizer\/kWcFsy-DCL0FxQdf2rSYJdcqrCg=\/414x0\/cloudfront-eu-central-1.images.arcpublishing.com\/prisa\/KWOAEUBY5JG2HPTIX3R5G5M3UI.jpg 414w,https:\/\/imagenes.elpais.com\/resizer\/xSMUHKzQS5gTpnBOMLzt4IbBFV0=\/828x0\/cloudfront-eu-central-1.images.arcpublishing.com\/prisa\/KWOAEUBY5JG2HPTIX3R5G5M3UI.jpg 828w\" alt=\"Portada de 'Agente Sonya', de Ben Macintyre.\" width=\"414\" height=\"0\" \/><\/span><\/figure>\n<div class=\"a_ft_txt\">\n<h2 class=\"a_ft_t\">49. Agente Sonya<\/h2>\n<div>Ben Macintyre<br \/>\nTraducci\u00f3n de Efr\u00e9n del Valle<br \/>\nCr\u00edtica<\/div>\n<\/div>\n<\/section>\n<\/div>\n<p class=\"\">Ursula Kuczynski, alias\u00a0<i>Ruth Werner<\/i>, alias\u00a0<i>Agente Sonya<\/i>\u00a0fue una oficial del Ej\u00e9rcito Rojo, experta en comunicaci\u00f3n por radio, saboteadora, esp\u00eda de primer nivel y escritora de gran \u00e9xito. \u201cSu trabajo era letal. Si fracasaba, morir\u00eda y su familia tambi\u00e9n. Ten\u00eda una gran capacidad para compartimentar, algo que hacen los buenos esp\u00edas, pero reconoc\u00eda que si hubiera llegado a un conflicto entre su familia y la revoluci\u00f3n ella habr\u00eda elegido la revoluci\u00f3n. En muchos aspectos era una fan\u00e1tica comunista\u201d, afirma el historiador Ben Macintyre, que acaba de publicar en Espa\u00f1a\u00a0<i>Agente Sonya<\/i>.<\/p>\n<ul>\n<li><a href=\"https:\/\/elpais.com\/cultura\/2021-04-05\/ursula-kuczynski-esposa-madre-y-la-mejor-espia-de-todos-los-tiempos.html\" target=\"_blank\" rel=\"noopener\" data-link-track-dtm=\"\">Art\u00edculo de Juan Carlos Galindo<\/a><\/li>\n<li><a href=\"https:\/\/www.planetadelibros.com\/libro-agente-sonya\/328784\" target=\"_blank\" rel=\"noopener\" data-link-track-dtm=\"\">Enlace del libro en la editorial<\/a><\/li>\n<\/ul>\n<div class=\"a_fts\" data-dtm-region=\"articulo_sumarioenlaces-fototexto\">\n<section class=\"a_ft _g _g-xs\">\n<figure class=\"a_ft_m a_m-h\"><span class=\"a_m_w _db\"><img data-recalc-dims=\"1\" loading=\"lazy\" decoding=\"async\" class=\"_re lazyload a_m-h\" src=\"https:\/\/i0.wp.com\/imagenes.elpais.com\/resizer\/njW5KgBhDbJ8QXylPMjJegBc1wM%3D\/414x0\/cloudfront-eu-central-1.images.arcpublishing.com\/prisa\/WX7VWE7DGRGT5GL3KD7KL4X55Q.jpg?resize=414%2C0&#038;ssl=1\" srcset=\"https:\/\/imagenes.elpais.com\/resizer\/njW5KgBhDbJ8QXylPMjJegBc1wM=\/414x0\/cloudfront-eu-central-1.images.arcpublishing.com\/prisa\/WX7VWE7DGRGT5GL3KD7KL4X55Q.jpg 414w,https:\/\/imagenes.elpais.com\/resizer\/vnMrgL_ev5u1g9i2ufL8KQS3Ktg=\/828x0\/cloudfront-eu-central-1.images.arcpublishing.com\/prisa\/WX7VWE7DGRGT5GL3KD7KL4X55Q.jpg 828w\" alt=\"Portada de 'El amor es una cosa extra\u00f1a', de Hebe Uhart.\" width=\"414\" height=\"0\" \/><\/span><\/figure>\n<div class=\"a_ft_txt\">\n<h2 class=\"a_ft_t\">50. El amor es una cosa extra\u00f1a<\/h2>\n<div>Hebe Uhart<br \/>\nAdriana Hidalgo<\/div>\n<\/div>\n<\/section>\n<\/div>\n<p class=\"\">Para comenzar a trinchar el vasto universo personal de Hebe Uhart, se puede empezar por\u00a0<i>El amor es una cosa extra\u00f1a<\/i>, que recopila tres novelas cortas in\u00e9ditas tituladas\u00a0<i>Beni<\/i>,\u00a0<i>Leonilda<\/i>\u00a0y\u00a0<i>El tren que nos lleva<\/i>. En ellas est\u00e1 presente su universo caracter\u00edstico: el ambiente de las peque\u00f1as localidades de distintas regiones de Argentina que ella recrea con particular encanto, el dilema de elegir entre la vida del campo o la de la ciudad, o la reproducci\u00f3n de voces de personajes de diversa procedencia sociocultural, ya sea el portero de un edificio, una migrante de la regi\u00f3n argentina de El Chaco que se muda a Buenos Aires o la maestra de una escuela rural.<\/p>\n<ul>\n<li><a href=\"https:\/\/elpais.com\/babelia\/2021-06-18\/los-ojos-bien-abiertos-de-hebe-uhart.html\" target=\"_blank\" rel=\"noopener\" data-link-track-dtm=\"\">Art\u00edculo de Mercedes Cebri\u00e1n<\/a><\/li>\n<li><a href=\"https:\/\/www.adrianahidalgo.com\/libro\/el-amor-es-una-cosa-extrana-hebe-uhart\/\" target=\"_blank\" rel=\"noopener\" data-link-track-dtm=\"\">Enlace del libro en la editorial<\/a><\/li>\n<\/ul>\n<section class=\"a_de\">\n<h3 class=\"a_de_t\">FUERON LIBROS DEL A\u00d1O&#8230;<\/h3>\n<div class=\"a_de_txt\">\n<p>&nbsp;<\/p>\n<p><b>2020. Un amor.<\/b>\u00a0Sara Mesa. Anagrama.<\/p>\n<p>&nbsp;<\/p>\n<p><a href=\"https:\/\/elpais.com\/especiales\/2020\/los-50-mejores-libros\/\" data-link-track-dtm=\"\">Vea aqu\u00ed el especial de 2020<\/a><\/p>\n<p>&nbsp;<\/p>\n<p>&nbsp;<\/p>\n<p>&nbsp;<\/p>\n<p>&nbsp;<\/p>\n<p><b>2019. Lluvia fina.<\/b>\u00a0Luis Landero. Tusquets.<\/p>\n<p>&nbsp;<\/p>\n<p><a href=\"https:\/\/elpais.com\/cultura\/2019\/12\/19\/babelia\/1576754312_263800.html\" data-link-track-dtm=\"\">Vea aqu\u00ed el especial de 2019<\/a><\/p>\n<p>&nbsp;<\/p>\n<p>&nbsp;<\/p>\n<p>&nbsp;<\/p>\n<p><b>2018. Ordesa.<\/b>\u00a0Manuel Vilas. Alfaguara.<\/p>\n<p>&nbsp;<\/p>\n<p><a href=\"https:\/\/elpais.com\/elpais\/2018\/12\/12\/album\/1544639128_742310.html\" data-link-track-dtm=\"\">Vea aqu\u00ed el especial de 2018<\/a><\/p>\n<p>&nbsp;<\/p>\n<p>&nbsp;<\/p>\n<p>&nbsp;<\/p>\n<p><b>2017. Berta Isla.<\/b>\u00a0Javier Mar\u00edas. Alfaguara.<\/p>\n<p>&nbsp;<\/p>\n<p><a href=\"https:\/\/elpais.com\/elpais\/2017\/12\/13\/album\/1513165826_434167.html\" data-link-track-dtm=\"\">Vea aqu\u00ed el especial de 2017<\/a><\/p>\n<p>&nbsp;<\/p>\n<p>&nbsp;<\/p>\n<p>&nbsp;<\/p>\n<p><b>2016. Manual para mujeres de la limpieza.<\/b>\u00a0Lucia Berlin. Alfaguara.<\/p>\n<p>&nbsp;<\/p>\n<p><a href=\"https:\/\/elpais.com\/elpais\/2016\/12\/15\/fotorrelato\/1481819040_975161.html\" data-link-track-dtm=\"\">Vea aqu\u00ed el especial de 2016<\/a><\/p>\n<p>&nbsp;<\/p>\n<p>&nbsp;<\/p>\n<p>&nbsp;<\/p>\n<p><b>2015. Los diarios de Emilio Renzi. A\u00f1os de formaci\u00f3n<\/b>\u00a0Ricardo Piglia. Anagrama.<\/p>\n<p>&nbsp;<\/p>\n<p><a href=\"https:\/\/elpais.com\/cultura\/2015\/12\/17\/babelia\/1450366041_247687.html\" data-link-track-dtm=\"\">Vea aqu\u00ed el especial de 2015<\/a><\/p>\n<p>&nbsp;<\/p>\n<p>&nbsp;<\/p>\n<p>&nbsp;<\/p>\n<p><b>2014. As\u00ed empieza lo malo.<\/b>\u00a0Javier Mar\u00edas. Alfaguara.<\/p>\n<p>&nbsp;<\/p>\n<p><a href=\"https:\/\/elpais.com\/cultura\/2014\/12\/18\/babelia\/1418927732_556078.html\" data-link-track-dtm=\"\">Vea aqu\u00ed el especial de 2014<\/a><\/p>\n<p>&nbsp;<\/p>\n<p>&nbsp;<\/p>\n<p>&nbsp;<\/p>\n<p><b>2013. En la orilla.<\/b>\u00a0Rafael Chirbes. Anagrama.<\/p>\n<p>&nbsp;<\/p>\n<p><a href=\"https:\/\/elpais.com\/cultura\/2013\/12\/23\/actualidad\/1387800848_386395.html\" data-link-track-dtm=\"\">Vea aqu\u00ed el especial de 2013<\/a><\/p>\n<p>&nbsp;<\/p>\n<p>&nbsp;<\/p>\n<p>&nbsp;<\/p>\n<p><b>2012. Pensar el siglo XX.<\/b>\u00a0Tony Judt. Taurus.<\/p>\n<p>&nbsp;<\/p>\n<p><a href=\"https:\/\/elpais.com\/cultura\/2012\/12\/27\/actualidad\/1356639232_823109.html\" data-link-track-dtm=\"\">Vea aqu\u00ed el especial de 2012<\/a><\/p>\n<p>&nbsp;<\/p>\n<p>&nbsp;<\/p>\n<p>&nbsp;<\/p>\n<p><b>2011. Los enamoramientos.<\/b>\u00a0Javier Mar\u00edas. Alfaguara.<\/p>\n<p>&nbsp;<\/p>\n<p><a href=\"https:\/\/elpais.com\/diario\/2011\/12\/24\/babelia\/1324689137_850215.html\" data-link-track-dtm=\"\">Vea aqu\u00ed el especial de 2011<\/a><\/p>\n<p>&nbsp;<\/p>\n<p>&nbsp;<\/p>\n<p>&nbsp;<\/p>\n<p><b>2010. Verano.<\/b>\u00a0J. M. Coetzee. Literatura Random House.<\/p>\n<p>&nbsp;<\/p>\n<p>&nbsp;<\/p>\n<p><b>2009. Anatom\u00eda de un instante.<\/b>\u00a0Javier Cercas. Literatura Random House.<\/p>\n<p>&nbsp;<\/p>\n<p>&nbsp;<\/p>\n<p><b>2008. Chesil Beach.<\/b>\u00a0Ian McEwan. Anagrama.<\/p>\n<p>&nbsp;<\/p>\n<p>&nbsp;<\/p>\n<p><b>2007. Vida y destino.<\/b>\u00a0Vasili Grossman. Galaxia Gutenberg.<\/p>\n<\/div>\n<\/section>\n<section class=\"a_de\">\n<h3 class=\"a_de_t\">Siete visiones desde Am\u00e9rica Latina<\/h3>\n<div class=\"a_de_txt\">\n<p><b>RICHARD PARRA<\/b><\/p>\n<p>&nbsp;<\/p>\n<p>&nbsp;<\/p>\n<p><i>La caza espiritual<\/i>, de Miluska Benavides. Hipatia Ediciones<\/p>\n<p>&nbsp;<\/p>\n<p>&nbsp;<\/p>\n<p>La mejor publicaci\u00f3n que le\u00ed este 2021 es la reedici\u00f3n del libro de cuentos\u00a0<i>La caza espiritual<\/i>\u00a0de la escritora peruana Miluska Benavides. Se trata de un texto que superpone experiencias \u00edntimas y genealog\u00edas con dis\u00edmiles eventos hist\u00f3ricos no expresamente vinculados. El libro es un ensamble de geograf\u00edas, cuerpos y subjetividades lejanas; se constituye por formas diversas como la oralidad, el relato cient\u00edfico, la historia colonial genocida y la descripci\u00f3n de perturbadores sue\u00f1os. Los cuentos poseen una cadencia unitaria; sin embargo, su discontinua sintaxis, temporalidad y er\u00f3tica en las que sus materiales se intersectan se desv\u00edan radicalmente de la tradici\u00f3n est\u00e9tica occidental de la que se alimentan. Lo sublime kantiano otorgado a lo inconmensurable de la naturaleza se instala, m\u00e1s bien, dentro de lo siniestro freudiano; as\u00ed, lo cotidiano se desplaza hacia un atroz malestar. En La caza espiritual, la reconstrucci\u00f3n de la tr\u00e1gica memoria colectiva cohabita con la fatal amenaza de su borramiento.<\/p>\n<p>&nbsp;<\/p>\n<p>&nbsp;<\/p>\n<p><b>VANESSA LONDO\u00d1O<\/b><\/p>\n<p>&nbsp;<\/p>\n<p>&nbsp;<\/p>\n<p><i>\u00c4\u00e4: Manifiestos sobre la diversidad ling\u00fc\u00edstica<\/i>, de Y\u00e1snaya Elena A. Gil. Almad\u00eda<\/p>\n<p>&nbsp;<\/p>\n<p>&nbsp;<\/p>\n<p>Pensar la lengua es trazar la cartograf\u00eda de un mapa, y en\u00a0<i>\u00c4\u00e4: Manifiestos sobre la diversidad ling\u00fc\u00edstica<\/i>, Y\u00e1snaya Elena A. Gil nos localiza en el suyo. Un libro indispensable para repensarnos como\u00a0<i>latinoamericanxs<\/i>, para desestabilizar el territorio de nuestras m\u00faltiples identidades, y cuestionarnos por qu\u00e9 nuestras antolog\u00edas siguen construy\u00e9ndose casi que exclusivamente desde los textos hispanohablantes. Aunque\u00a0<i>muchxs<\/i>\u00a0de\u00a0<i>nosotrxs<\/i>\u00a0desconocemos la expresividad y precisi\u00f3n de idiomas como el Mixe, este libro nos entrega las coordenadas suficientes para imaginarnos c\u00f3mo ser\u00eda pensar desde otra cosmogon\u00eda, desde otro lugar, e incluso con otros colores. Y\u00e1snaya nos recuerda que cambiar de lengua es enunciarnos desde otros mundos y desde otros saberes; de mundos y de saberes que, de manera absurda, han sido y siguen estando subordinados al espa\u00f1ol.<\/p>\n<p>&nbsp;<\/p>\n<p>&nbsp;<\/p>\n<p><b>ANDREA JEFTANOVIC<\/b><\/p>\n<p>&nbsp;<\/p>\n<p>&nbsp;<\/p>\n<p><i>Unas fotograf\u00edas<\/i>, de Carlos Altamirano. Ediciones UDP<\/p>\n<p><i>Ambiente familiar<\/i>, de Maivo Su\u00e1rez. La Lumbre<\/p>\n<p>&nbsp;<\/p>\n<p>&nbsp;<\/p>\n<p>En este per\u00edodo de umbral que nos trajo la pandemia, en tanto incertidumbre, aislamiento y contagio, me ha sido sostenedor leer (y claro, escribir). Le\u00ed torres de libros, cl\u00e1sicos pendientes, muchas publicaciones del 2020, y de todos los g\u00e9neros con especial afici\u00f3n por ejemplares h\u00edbridos. Fue mi forma de protegerme y de participar en el mundo tejiendo subjetividades en silencio. De los libros que corresponden al 2021, y aprovechando este espacio para susurrar dos joyas secretas de mi pa\u00eds, Chile. Quisiera recomendar dos t\u00edtulos.<\/p>\n<p>Primero, el texto\u00a0<i>Unas fotograf\u00edas<\/i>, de Carlos Altamirano. Fue una sorpresa leer este libro inclasificable de un artista visual (famoso por los lentes trizados de Allende) que teje cap\u00edtulos a partir de 16 fotograf\u00edas, que toma por azar, para desarrollar un texto que oscila entre la memoria de la escena y que relaciona con sucesos biogr\u00e1ficos. Son textos reflexivos, casi meditativos del oficio de artista y de la vida, de los a\u00f1os de resistencia en la dictadura, de los lazos afectivos. Por ejemplo, encontramos frases tales como \u201cEl tiempo recordado es el\u00e1stico; se comprime y se estira sin el impulso de la voluntad. Hay un desfase entre la extrema rapidez de las cosas fugadas, y la velocidad pausada del cuerpo que busca hacerse y expandirse en un mundo que le falta\u201d.<\/p>\n<p>Otro libro asombroso es el conjunto de relatos\u00a0<i>Ambiente familiar<\/i>, de Maivo Su\u00e1rez. Esta autora, con oficio de visitadora social en el pasado, es una voz feroz que se ven\u00eda destacando con su novela\u00a0<i>Sara<\/i>. En este libro vuelve a mostrar que es una narradora que sabe armar atm\u00f3sfera, construir personajes entra\u00f1ables, en especial mujeres, con determinaci\u00f3n y osad\u00eda en distintas etapas de vida. Entra con aplomo a mundos precarios, a vidas frustradas, a las promesas falsas de \u00e9xito f\u00fatil. O bien, al mismo tiempo, denuncia el abandono de personas vulneradas, se\u00f1ala las grietas sociales de Chile y Argentina (pa\u00edses donde ha vivido).<\/p>\n<p>&nbsp;<\/p>\n<p>&nbsp;<\/p>\n<p><b>JUAN GABRIEL V\u00c1SQUEZ<\/b><\/p>\n<p>&nbsp;<\/p>\n<p>&nbsp;<\/p>\n<p><i>Profesi\u00f3n: espectador<\/i>, de Sandro Romero Rey. Cr\u00edtica<\/p>\n<p>&nbsp;<\/p>\n<p>&nbsp;<\/p>\n<p>Sandro Romero ha escrito algo para cada g\u00e9nero narrativo \u2014novelas y cuentos, guiones y cr\u00f3nicas y memorias\u2014 y ha dirigido para el teatro, la televisi\u00f3n y el cine, pero\u00a0<i>Profesi\u00f3n: espectador<\/i>\u00a0es la obra del que est\u00e1 del otro lado de la creaci\u00f3n. El libro es una colecci\u00f3n de ensayos extraordinarios sobre todo lo que pueda aparecer en un escenario, desde las pel\u00edculas de Bergman o Fernando Trueba hasta la m\u00fasica de los Beatles, Sabina o Charly Garc\u00eda. Romero es, por supuesto, un espectador ideal: sus ensayos tienen esa ampl\u00edsima cultura que es una de las formas de la pasi\u00f3n, y est\u00e1n escritos en una prosa de inteligencia precisa que, cuando no nos lleva de la mano por los caminos de la mejor nostalgia, es capaz de un humor c\u00f3mplice digno del cin\u00e9filo Cabrera Infante. Como si eso fuera poco, Romero sabe admirar: al escribir sobre la obra de otros, tiene esa rara generosidad que acompa\u00f1a con frecuencia al talento genuino.\u00a0<i>Profesi\u00f3n: espectador<\/i>\u00a0consigue ese milagro: darnos palabras que no ten\u00edamos para que recordemos por qu\u00e9 nos gusta lo que nos gusta. No se me ocurre mejor elogio.<\/p>\n<p>&nbsp;<\/p>\n<p>&nbsp;<\/p>\n<p><b>CLYO MENDOZA<\/b><\/p>\n<p>&nbsp;<\/p>\n<p>&nbsp;<\/p>\n<p><i>Chapeo<\/i>, de Johan Mijail. Elefanta Editorial<\/p>\n<p>&nbsp;<\/p>\n<p>&nbsp;<\/p>\n<p>El ritmo de la oralidad, el argot de las redes sociales, los rezos del sincretismo y el lenguaje inclusivo conviven en\u00a0<i>Chapeo<\/i>, de Johan Mijail. Aqu\u00ed, un desfile de hombres odiantes conforman la gran mafia eyaculatoria que ataca y seduce a las hijas, hijos e hijes de las mujeres esclavas que huyeron con semillas ocultas en los rizos y las trenzas. Semillas que har\u00edan crecer frutos lejos de sus amos y que dar\u00edan de comer a todos esos cuerpos latinos y negros que hoy son objetivizados, exotizados e hipersexualizos, pero que bailan, igual, y gozan. Hay en este libro un ritmo caliente y fren\u00e9tico, parecido a la m\u00fasica para el desfogue, el olvido y el sexo que nace en los bajos mundos, en los barrios pobres; esa m\u00fasica que la industria musical ha aprovechado y que, parad\u00f3jicamente, hace mover tambi\u00e9n los cuerpos de los que fueron colonos. Aqu\u00ed el g\u00e9nero ambiguo de sus personajes es un s\u00edntoma m\u00e1s del sincretismo, del desdoblamiento, de la capacidad de cambio. Quien protagoniza tiene la posibilidad de dejarse poseer por seres femeninos y masculinos y por toda la potencia de sus sexualidades (alberga incluso santas que le poseen para recomendarle lecturas sobre teor\u00edas de la emancipaci\u00f3n).\u00a0<i>Chapeo<\/i>\u00a0es un libro loco y representa a un mundo plural, latino, afro, queer. Quiz\u00e1 por eso su g\u00e9nero literario es, tambi\u00e9n, ambiguo y desafiante: delirio, rezo, manifiesto, poes\u00eda, ensayo, cr\u00f3nica, post y, sobre todo, una suerte de revancha.<\/p>\n<p>&nbsp;<\/p>\n<p>&nbsp;<\/p>\n<p><b>PILAR QUINTANA<\/b><\/p>\n<p>&nbsp;<\/p>\n<p>&nbsp;<\/p>\n<p><i>Las primas<\/i>, de Aurora Veturini. Tusquets<\/p>\n<p>&nbsp;<\/p>\n<p>&nbsp;<\/p>\n<p>El libro que m\u00e1s me gust\u00f3 de 2021 fue publicado en Colombia en febrero por Tusquets. Es de una autora muy singular: Aurora Venturini. Ten\u00eda 85 a\u00f1os cuando lo present\u00f3 al Premio Nueva Novela del diario argentino P\u00e1gina\/12 y sali\u00f3 ganadora. Se trata de\u00a0<i>Las primas<\/i>, una historia sobre los secretos de una familia disfuncional de mujeres: los deseos, el sexo, las cosas que pasan en la sombra. \u00abTendr\u00eda que dome\u00f1ar la bestia hirsuta que ara\u00f1a mis entra\u00f1as\u00bb, dice la narradora, que tiene un talento excepcional para el arte y se convierte en una pintora famosa, aunque es idiota. En esta novela todas las personajas tienen alguna tara mental o f\u00edsica. Es una novela perversa.<\/p>\n<p>&nbsp;<\/p>\n<p>&nbsp;<\/p>\n<p><b>SERGIO RAM\u00cdREZ<\/b><\/p>\n<p>&nbsp;<\/p>\n<p>&nbsp;<\/p>\n<p><i>Volver la vista atr\u00e1s<\/i>, de Juan Gabriel V\u00e1squez. Alfaguara<\/p>\n<p>&nbsp;<\/p>\n<p>&nbsp;<\/p>\n<p><i>Volver la vista atr\u00e1s<\/i>\u00a0abre una nueva perspectiva de la manera de narrar las historias ver\u00eddicas dentro del contexto de un aparato de ficci\u00f3n que se funde y se confunde con la propia realidad. La vida real de Sergio Cabrera, el personaje principal, es a la vez la vida de muchos que entraron en el t\u00fanel de la utop\u00eda y salieron hacia el extra\u00f1o paisaje de la distop\u00eda. Y el novelista remacha todos los clavos de la historia con maestr\u00eda, juntando y alternando diversos escenarios, de Medell\u00edn a la China de las brigadas rojas a la manigua de las guerrillas mao\u00edstas colombianas, como un cronista que sabe convertir hechos en ficciones, y viceversa.<\/p>\n<\/div>\n<\/section>\n","protected":false},"excerpt":{"rendered":"<p>CONTINUAMOS LA RELACI\u00d3N DE LOS 50 LIBROS MEJORES DE 2021 PUBLICADO POR EL PAIS EN&#8230;<\/p>\n","protected":false},"author":1,"featured_media":51159,"comment_status":"closed","ping_status":"closed","sticky":false,"template":"","format":"standard","meta":{"_coblocks_attr":"","_coblocks_dimensions":"","_coblocks_responsive_height":"","_coblocks_accordion_ie_support":"","jetpack_post_was_ever_published":false,"_jetpack_newsletter_access":"","_jetpack_dont_email_post_to_subs":false,"_jetpack_newsletter_tier_id":0,"_jetpack_memberships_contains_paywalled_content":false,"_jetpack_memberships_contains_paid_content":false,"footnotes":"","jetpack_publicize_message":"","jetpack_publicize_feature_enabled":true,"jetpack_social_post_already_shared":false,"jetpack_social_options":{"image_generator_settings":{"template":"highway","default_image_id":0,"enabled":false},"version":2}},"categories":[1161,44,6937,15],"tags":[8777,8809],"class_list":["post-51158","post","type-post","status-publish","format-standard","has-post-thumbnail","hentry","category-ciudadania","category-noticias-de-hoy","category-sociedad","category-ultimas-noticias","tag-babelia","tag-libros-20021"],"jetpack_publicize_connections":[],"jetpack_featured_media_url":"https:\/\/i0.wp.com\/miradordeatarfe.es\/wp-content\/uploads\/2021\/12\/BlogEditorial.jpg?fit=730%2C428&ssl=1","jetpack_likes_enabled":true,"jetpack_sharing_enabled":true,"_links":{"self":[{"href":"https:\/\/miradordeatarfe.es\/index.php?rest_route=\/wp\/v2\/posts\/51158","targetHints":{"allow":["GET"]}}],"collection":[{"href":"https:\/\/miradordeatarfe.es\/index.php?rest_route=\/wp\/v2\/posts"}],"about":[{"href":"https:\/\/miradordeatarfe.es\/index.php?rest_route=\/wp\/v2\/types\/post"}],"author":[{"embeddable":true,"href":"https:\/\/miradordeatarfe.es\/index.php?rest_route=\/wp\/v2\/users\/1"}],"replies":[{"embeddable":true,"href":"https:\/\/miradordeatarfe.es\/index.php?rest_route=%2Fwp%2Fv2%2Fcomments&post=51158"}],"version-history":[{"count":2,"href":"https:\/\/miradordeatarfe.es\/index.php?rest_route=\/wp\/v2\/posts\/51158\/revisions"}],"predecessor-version":[{"id":51161,"href":"https:\/\/miradordeatarfe.es\/index.php?rest_route=\/wp\/v2\/posts\/51158\/revisions\/51161"}],"wp:featuredmedia":[{"embeddable":true,"href":"https:\/\/miradordeatarfe.es\/index.php?rest_route=\/wp\/v2\/media\/51159"}],"wp:attachment":[{"href":"https:\/\/miradordeatarfe.es\/index.php?rest_route=%2Fwp%2Fv2%2Fmedia&parent=51158"}],"wp:term":[{"taxonomy":"category","embeddable":true,"href":"https:\/\/miradordeatarfe.es\/index.php?rest_route=%2Fwp%2Fv2%2Fcategories&post=51158"},{"taxonomy":"post_tag","embeddable":true,"href":"https:\/\/miradordeatarfe.es\/index.php?rest_route=%2Fwp%2Fv2%2Ftags&post=51158"}],"curies":[{"name":"wp","href":"https:\/\/api.w.org\/{rel}","templated":true}]}}