{"id":51162,"date":"2021-12-27T11:38:17","date_gmt":"2021-12-27T10:38:17","guid":{"rendered":"https:\/\/miradordeatarfe.es\/?p=51162"},"modified":"2021-12-25T18:04:52","modified_gmt":"2021-12-25T17:04:52","slug":"la-cancion-del-nino-por-remedios-sanchez","status":"publish","type":"post","link":"https:\/\/miradordeatarfe.es\/?p=51162","title":{"rendered":"\u00abLA CANCI\u00d3N DEL NI\u00d1O\u00bb por Remedios S\u00e1nchez"},"content":{"rendered":"<h3 align=\"JUSTIFY\"><span style=\"font-family: Times New Roman, serif;\"><span style=\"font-size: medium;\"><span lang=\"es-ES\">En estos d\u00edas de melanc\u00f3lica penumbra, recobramos por un instante \u201caquel tiempo feliz que fue la infancia\u201d.<\/span><\/span><\/span><\/h3>\n<p align=\"JUSTIFY\"><span style=\"font-family: Times New Roman, serif;\"><span style=\"font-size: medium;\"><span lang=\"es-ES\">Las calles se han llenado de un fr\u00edo rebelde que paraliza hasta el temblor lev\u00edsimo de las \u00faltimas hojas que albergaban los \u00e1rboles desnudos. Casi todas conforman ya una alfombra de amarillos que transforma las aceras en un espacio m\u00e1gico de losetas doradas, caminos por donde transita el tiempo y te lleva a la infancia. Porque la ni\u00f1ez es una \u00e9poca bulliciosa donde todo es posible: canciones y juegos hasta la atardecida, un sue\u00f1o tranquilo tras un cuento por las noches y la esperanza eterna de un ma\u00f1ana que siempre empieza al alba. Es el instante preciso para descubrir el mundo de lo diminuto, observar con inocencia plena c\u00f3mo cae la lluvia y da esplendor a las rosas n\u00edveas, el matiz exacto del color del viento en las tardes incendiadas de poniente o, en ocasiones, el movimiento perezoso de las nubes que van cambiando sus formas, curiosa geometr\u00eda de blanco contra azul, y pasan ante sus ojos de candor y asombro convertidas en elefantes y tortugas, aviones o, incluso, palacios con sus almenas y un capit\u00e1n de barco (pirata, claro) que te saluda con la mano. Y todo esto, que es verdad y nadie tuvo que cont\u00e1rmelo, es la canci\u00f3n que abarca los perfiles de ingenuidad de nuestros ni\u00f1os y ni\u00f1as todav\u00eda hoy; m\u00e1s incluso en navidad, cuando se colocan belenes en las casas, un arbolito peque\u00f1o, trocitos de turr\u00f3n en la bandeja y toda la ambici\u00f3n se sustenta en el ahora, moment\u00e1nea inmortalidad del instante donde la madre mira con infinita ternura mientras compone, cuidadosa, el pelo alborotado, esos rizos indome\u00f1ables. <\/span><\/span><\/span><\/p>\n<p align=\"JUSTIFY\"><span style=\"font-family: Times New Roman, serif;\"><span style=\"font-size: medium;\"><span lang=\"es-ES\">Por eso estos d\u00edas provocan una infinita nostalgia en muchos adultos y s\u00f3lo regresar a los ni\u00f1os, reconocerse en sus voces y risas compartidas nos devuelve, acaso, por un momento esa etapa vital que contin\u00faa siendo una patria, un puerto seguro donde recobrar fuerzas cuando oscurece y afuera graniza con esquirlas de plata. As\u00ed sucedi\u00f3 poco antes de Nochebuena con los chiquillos del \u2018Ave Mar\u00eda de la Quinta\u2019 y los muchachos y muchachas del instituto \u2018Los Neveros\u2019, que acudieron a la Biblioteca Provincial para regalarnos, con sus manos limpias y su complicidad fraterna, la magia de la poes\u00eda de Mariluz Escribano, la m\u00fasica del verso asociado al piano, al viol\u00edn o al oboe; me gustan mucho estos chavales que comprenden la trascendencia de caminar por la vida apoy\u00e1ndose en sus referentes, que ya tienen la certeza de que la identidad se forja mir\u00e1ndose en los espejos de agua que son nuestros poetas. Y me entusiasma ver la fortuna que tienen con sus maestros, excelentes profesionales que encienden sus miradas (porque los ni\u00f1os no son c\u00e1ntaros que se llenan, sino luces que se encienden) y les abren senderillos de misterio, les regalan las monedillas de oro que son las palabras y ejercen de gu\u00edas de sus pasos con pertinacia firme y dulce. En cualquier etapa el magisterio supone un sacerdocio laico, un modo comprometido y feraz de estar en el mundo, que se ejemplifica con el modo de proceder de los (y las) docentes de ambos centros, en ese entusiasmo por ofrecerles oportunidades, creatividad y sorpresa. Evidentemente lo perciben los quinterillos avemarianos (as\u00ed los llamaba Mariluz) y tambi\u00e9n los alegres adolescentes huete\u00f1os. Son afortunados. Y tambi\u00e9n nosotros que, en estos d\u00edas de melanc\u00f3lica penumbra, recobramos por un instante \u201caquel tiempo feliz que fue la infancia\u201d.<\/span><\/span><\/span><\/p>\n","protected":false},"excerpt":{"rendered":"<p>En estos d\u00edas de melanc\u00f3lica penumbra, recobramos por un instante \u201caquel tiempo feliz que fue&#8230;<\/p>\n","protected":false},"author":1,"featured_media":51163,"comment_status":"closed","ping_status":"closed","sticky":false,"template":"","format":"standard","meta":{"_coblocks_attr":"","_coblocks_dimensions":"","_coblocks_responsive_height":"","_coblocks_accordion_ie_support":"","jetpack_post_was_ever_published":false,"_jetpack_newsletter_access":"","_jetpack_dont_email_post_to_subs":false,"_jetpack_newsletter_tier_id":0,"_jetpack_memberships_contains_paywalled_content":false,"_jetpack_memberships_contains_paid_content":false,"footnotes":"","jetpack_publicize_message":"","jetpack_publicize_feature_enabled":true,"jetpack_social_post_already_shared":false,"jetpack_social_options":{"image_generator_settings":{"template":"highway","default_image_id":0,"enabled":false},"version":2}},"categories":[1161,44,6914,6937,15],"tags":[1189,8810,1826],"class_list":["post-51162","post","type-post","status-publish","format-standard","has-post-thumbnail","hentry","category-ciudadania","category-noticias-de-hoy","category-opinion-de-reme-sanchez","category-sociedad","category-ultimas-noticias","tag-colegios","tag-mari-luz-escrubano","tag-navidad"],"jetpack_publicize_connections":[],"jetpack_featured_media_url":"https:\/\/i0.wp.com\/miradordeatarfe.es\/wp-content\/uploads\/2021\/12\/269848097_10227028545361669_1267904158927289054_n.jpg?fit=526%2C526&ssl=1","jetpack_likes_enabled":true,"jetpack_sharing_enabled":true,"_links":{"self":[{"href":"https:\/\/miradordeatarfe.es\/index.php?rest_route=\/wp\/v2\/posts\/51162","targetHints":{"allow":["GET"]}}],"collection":[{"href":"https:\/\/miradordeatarfe.es\/index.php?rest_route=\/wp\/v2\/posts"}],"about":[{"href":"https:\/\/miradordeatarfe.es\/index.php?rest_route=\/wp\/v2\/types\/post"}],"author":[{"embeddable":true,"href":"https:\/\/miradordeatarfe.es\/index.php?rest_route=\/wp\/v2\/users\/1"}],"replies":[{"embeddable":true,"href":"https:\/\/miradordeatarfe.es\/index.php?rest_route=%2Fwp%2Fv2%2Fcomments&post=51162"}],"version-history":[{"count":1,"href":"https:\/\/miradordeatarfe.es\/index.php?rest_route=\/wp\/v2\/posts\/51162\/revisions"}],"predecessor-version":[{"id":51164,"href":"https:\/\/miradordeatarfe.es\/index.php?rest_route=\/wp\/v2\/posts\/51162\/revisions\/51164"}],"wp:featuredmedia":[{"embeddable":true,"href":"https:\/\/miradordeatarfe.es\/index.php?rest_route=\/wp\/v2\/media\/51163"}],"wp:attachment":[{"href":"https:\/\/miradordeatarfe.es\/index.php?rest_route=%2Fwp%2Fv2%2Fmedia&parent=51162"}],"wp:term":[{"taxonomy":"category","embeddable":true,"href":"https:\/\/miradordeatarfe.es\/index.php?rest_route=%2Fwp%2Fv2%2Fcategories&post=51162"},{"taxonomy":"post_tag","embeddable":true,"href":"https:\/\/miradordeatarfe.es\/index.php?rest_route=%2Fwp%2Fv2%2Ftags&post=51162"}],"curies":[{"name":"wp","href":"https:\/\/api.w.org\/{rel}","templated":true}]}}