{"id":51165,"date":"2021-12-29T11:18:46","date_gmt":"2021-12-29T10:18:46","guid":{"rendered":"https:\/\/miradordeatarfe.es\/?p=51165"},"modified":"2021-12-25T18:13:28","modified_gmt":"2021-12-25T17:13:28","slug":"mariluz-escribano-en-la-voz-y-la-memoria-de-300-alumnos","status":"publish","type":"post","link":"https:\/\/miradordeatarfe.es\/?p=51165","title":{"rendered":"Mariluz Escribano, en la voz y la memoria de 300 alumnos"},"content":{"rendered":"<div class=\"voc-article-container\">\n<article class=\"voc-article voc-article--detail voc-article--detail--base voc-article--photo-bottom\">\n<div class=\"voc-info-container\">\n<h3 class=\"voc-sub-title\" style=\"text-align: justify;\">Ni\u00f1os y ni\u00f1as del Colegio Ave Mar\u00eda La Quinta y del IES Los Neveros leen en la Biblioteca de Andaluc\u00eda la obra de la autora en un acto lleno de emoci\u00f3n<\/h3>\n<\/div>\n<\/article>\n<\/div>\n<div class=\"voc-detail\" data-voc-share-selection=\"\">\n<div class=\"voc-author-timesocial \">\n<div class=\"voc-author-timesocial__signature\">\n<div class=\"voc-author-timesocial__info\">\n<div class=\"voc-author-info\">La Biblioteca de Andaluc\u00eda fue ayer el escenario de un acto cargado de emoci\u00f3n, que culmina las celebraciones del a\u00f1o en que la autora granadina Mariluz Escribano ha sido declarada por la Junta de Andaluc\u00eda como Autora Cl\u00e1sica. Casi 300 alumnos fueron convocados a la Biblioteca de Andaluc\u00eda por la propia Junta y la Asociaci\u00f3n Colegial de Escritores para participar en un recital en el que se leyeron los poemas incluidos en &#8216;Yo quiero ser un \u00e1rbol&#8217; (Valpara\u00edso), que re\u00fane algunos de los poemas m\u00e1s conocidos dedicados a la infancia.<\/div>\n<\/div>\n<\/div>\n<\/div>\n<p class=\"voc-paragraph\">En el acto intervinieron 143 alumnos de segundo ciclo de Primaria del Colegio Ave Mar\u00eda La Quinta, a quienes acompa\u00f1\u00f3 su profesor, el tambi\u00e9n poeta Javier Gilabert. Este colegio fue objeto de un reportaje en las p\u00e1ginas de IDEAL hace ahora un a\u00f1o tras participar en un proyecto literario creativo que revela el inter\u00e9s de sus alumnos por la lectura. Adem\u00e1s, es preciso recordar que la instituci\u00f3n manjoniana fue el &#8216;alma mater&#8217; de los hijos de Mariluz Escribano, y el lugar en el que se form\u00f3 su padre, Agust\u00edn Escribano, becado por el Padre Manj\u00f3n tras llegar desde su Burgos natal.<\/p>\n<div class=\"voc-detail__cmp\">\n<div class=\"voc-article-container\">\n<article class=\"voc-article voc-article--cmp-photo-text\">\n<div class=\"voc-img-container\">\n<div class=\"voc-horizontal voc-img-icon-link\"><img data-recalc-dims=\"1\" decoding=\"async\" class=\"lazy\" src=\"https:\/\/i0.wp.com\/static1.ideal.es\/www\/multimedia\/202112\/24\/media\/cortadas\/MURAL-kdtD-U160353633502aWF-624x385%40Ideal.jpg?w=640&#038;ssl=1\" alt=\"Uno de los murales realizdos por alumnado del IES Los Neveros.\" data-original=\"\/\/static1.ideal.es\/www\/multimedia\/202112\/24\/media\/cortadas\/MURAL-kdtD-U160353633502aWF-624x385@Ideal.jpg\" \/><\/div>\n<p class=\"figure-caption \">Uno de los murales realizdos por alumnado del IES Los Neveros. \/\u00a0<span class=\"voc-photo-author\">IDEAL<\/span><\/p>\n<\/div>\n<\/article>\n<\/div>\n<\/div>\n<p class=\"voc-paragraph\">Del mismo modo, 127 alumnos del IES Los Neveros, con su profesor, el tambi\u00e9n poeta Jos\u00e9 Cabrera Martos, leyeron poemas del mismo t\u00edtulo antes rese\u00f1ado, y decoraron el escenario con murales que mostraban la imagen de la autora y algunos de sus t\u00edtulos. La lectura fue acompa\u00f1ada por m\u00fasica de piano, viol\u00edn y oboe, lo que dot\u00f3 a esta de una atm\u00f3sfera muy especial.<\/p>\n<p class=\"voc-paragraph\">El acto cont\u00f3 con la presencia del director de la Biblioteca Provincial, Mariano Boza, la directora de la Fundaci\u00f3n Caja Rural Granada, Poli Servi\u00e1n, y de Ruth Martos, coordinadora del Instituto Andaluz de la Mujer en Granada. Para la responsable del legado literario de Mariluz Escribano, la profesora Remedios S\u00e1nchez, \u00abha resultado uno de los actos m\u00e1s emocionantes de este a\u00f1o, porque respond\u00eda exactamente a lo que representa Mariluz Escribano, el compromiso con la infancia, con lo que implica la educaci\u00f3n lectora de unos ni\u00f1os y ni\u00f1as que han demostrado brillantemente su talento y su respeto y cari\u00f1o por la Autora Cl\u00e1sica del A\u00f1o en Andaluc\u00eda\u00bb.<\/p>\n<p><strong><a class=\"voc-author\" title=\"JOS\u00c9 ANTONIO MU\u00d1OZ\">JOS\u00c9 ANTONIO MU\u00d1OZ<\/a><\/strong><\/p>\n<p>FOTO: Poli Servi\u00e1n, Ruth Martos, Remedios S\u00e1nchez, Jos\u00e9 Cabrera y Mariano Boza. \/\u00a0<span class=\"voc-photo-author\">IDEAL<\/span><\/p>\n<p>https:\/\/www.ideal.es\/culturas\/mariluz-escribano-memoria-20211224175636-nt.html?fbclid=IwAR1FvO4gj2o9o6jqMYjTm6k_DE86sBsNKjvL9Lk5-A3JFIWZRAMXeJZJwsI<\/p>\n<\/div>\n","protected":false},"excerpt":{"rendered":"<p>Ni\u00f1os y ni\u00f1as del Colegio Ave Mar\u00eda La Quinta y del IES Los Neveros leen&#8230;<\/p>\n","protected":false},"author":1,"featured_media":51166,"comment_status":"closed","ping_status":"closed","sticky":false,"template":"","format":"standard","meta":{"_coblocks_attr":"","_coblocks_dimensions":"","_coblocks_responsive_height":"","_coblocks_accordion_ie_support":"","jetpack_post_was_ever_published":false,"_jetpack_newsletter_access":"","_jetpack_dont_email_post_to_subs":false,"_jetpack_newsletter_tier_id":0,"_jetpack_memberships_contains_paywalled_content":false,"_jetpack_memberships_contains_paid_content":false,"footnotes":"","jetpack_publicize_message":"","jetpack_publicize_feature_enabled":true,"jetpack_social_post_already_shared":false,"jetpack_social_options":{"image_generator_settings":{"template":"highway","default_image_id":0,"enabled":false},"version":2}},"categories":[1161,44,6914,6937,15],"tags":[1189,4711,8811],"class_list":["post-51165","post","type-post","status-publish","format-standard","has-post-thumbnail","hentry","category-ciudadania","category-noticias-de-hoy","category-opinion-de-reme-sanchez","category-sociedad","category-ultimas-noticias","tag-colegios","tag-mariluz-escribano","tag-recital"],"jetpack_publicize_connections":[],"jetpack_featured_media_url":"https:\/\/i0.wp.com\/miradordeatarfe.es\/wp-content\/uploads\/2021\/12\/MARILUZBIBLIOTECA01-kdtD-U160353633502gH-624x385%40Ideal.jpg?fit=624%2C385&ssl=1","jetpack_likes_enabled":true,"jetpack_sharing_enabled":true,"_links":{"self":[{"href":"https:\/\/miradordeatarfe.es\/index.php?rest_route=\/wp\/v2\/posts\/51165","targetHints":{"allow":["GET"]}}],"collection":[{"href":"https:\/\/miradordeatarfe.es\/index.php?rest_route=\/wp\/v2\/posts"}],"about":[{"href":"https:\/\/miradordeatarfe.es\/index.php?rest_route=\/wp\/v2\/types\/post"}],"author":[{"embeddable":true,"href":"https:\/\/miradordeatarfe.es\/index.php?rest_route=\/wp\/v2\/users\/1"}],"replies":[{"embeddable":true,"href":"https:\/\/miradordeatarfe.es\/index.php?rest_route=%2Fwp%2Fv2%2Fcomments&post=51165"}],"version-history":[{"count":1,"href":"https:\/\/miradordeatarfe.es\/index.php?rest_route=\/wp\/v2\/posts\/51165\/revisions"}],"predecessor-version":[{"id":51167,"href":"https:\/\/miradordeatarfe.es\/index.php?rest_route=\/wp\/v2\/posts\/51165\/revisions\/51167"}],"wp:featuredmedia":[{"embeddable":true,"href":"https:\/\/miradordeatarfe.es\/index.php?rest_route=\/wp\/v2\/media\/51166"}],"wp:attachment":[{"href":"https:\/\/miradordeatarfe.es\/index.php?rest_route=%2Fwp%2Fv2%2Fmedia&parent=51165"}],"wp:term":[{"taxonomy":"category","embeddable":true,"href":"https:\/\/miradordeatarfe.es\/index.php?rest_route=%2Fwp%2Fv2%2Fcategories&post=51165"},{"taxonomy":"post_tag","embeddable":true,"href":"https:\/\/miradordeatarfe.es\/index.php?rest_route=%2Fwp%2Fv2%2Ftags&post=51165"}],"curies":[{"name":"wp","href":"https:\/\/api.w.org\/{rel}","templated":true}]}}