{"id":51215,"date":"2021-12-30T10:21:03","date_gmt":"2021-12-30T09:21:03","guid":{"rendered":"https:\/\/miradordeatarfe.es\/?p=51215"},"modified":"2021-12-27T18:27:07","modified_gmt":"2021-12-27T17:27:07","slug":"un-palido-reflejo-por-juan-jose-millas","status":"publish","type":"post","link":"https:\/\/miradordeatarfe.es\/?p=51215","title":{"rendered":"\u00abUN P\u00c1LIDO REFLEJO\u00bb por Juan Jos\u00e9 Mill\u00e1s"},"content":{"rendered":"<div class=\"cxmmr5t8 oygrvhab hcukyx3x c1et5uql o9v6fnle ii04i59q\">\n<h3 dir=\"auto\">No hay que ser un experto en bal\u00edstica para deducir que los agujeros de esa fachada han sido provocados por proyectiles de diversos calibres, quiz\u00e1 tambi\u00e9n por la metralla de los bombardeos sufridos por Madrid en los comienzos de la Guerra Civil.<\/h3>\n<div dir=\"auto\" style=\"text-align: justify;\">La foto, tomada por Robert Capa a finales de 1936, fue publicada en The New York Times Magazine el 24 de enero de 1937 y ha sufrido diversas peripecias hasta recalar en el nuevo recorrido de la colecci\u00f3n permanente del Reina Sof\u00eda. En cuanto al edificio, situado en el n\u00famero 10 de la calle de Peironcely, en Vallecas (Madrid), se ha salvado tambi\u00e9n de la piqueta gracias a la presi\u00f3n ciudadana, quedando, para quien quiera verlo, como testimonio de los horrores del conflicto.<\/div>\n<div dir=\"auto\">\u00a0<\/div>\n<div dir=\"auto\" style=\"text-align: justify;\">Quiz\u00e1 el mayor de esos horrores sea el de la naturalidad con la que los ni\u00f1os departen sobre la acera rota, sobre ese suelo lleno de cascotes que metaforizan la escombrera en la que se empezaba a convertir el pa\u00eds. Produce p\u00e1nico esta capacidad de convivir con el espanto una vez que se cuela en la vida cotidiana. Lo que un lunes nos habr\u00eda parecido inaceptable, lo admitimos como normal el mi\u00e9rcoles siguiente.<\/div>\n<div dir=\"auto\">\u00a0<\/div>\n<div dir=\"auto\" style=\"text-align: justify;\">No estamos seguros de que esa plasticidad sea moralmente elogiable. Para defenderse de ella, conviene asomarse de vez en cuando a testimonios como el de Capa imaginando que las heridas practicadas en el ladrillo son solo un p\u00e1lido reflejo de las que sufrieron los cuerpos de cientos de miles de seres humanos en la fachada de sus rostros, en el pecho y en la espalda de sus troncos, en las paredes delicadas de sus vientres, en sus muslos, sus nucas, sus piernas, sus rodillas\u2026<\/div>\n<div dir=\"auto\">\u00a0<\/div>\n<\/div>\n<div class=\"cxmmr5t8 oygrvhab hcukyx3x c1et5uql o9v6fnle ii04i59q\">\n<div dir=\"auto\" style=\"text-align: justify;\">Fotograf\u00eda de una casa en Vallecas (Madrid) tomada entre noviembre y diciembre de 1936 por Robert Capa, despu\u00e9s de los ataques a\u00e9reos de Italia y Alemania durante la Guerra Civil.<\/div>\n<div dir=\"auto\" style=\"text-align: justify;\">\u00a0<\/div>\n<div dir=\"auto\" style=\"text-align: justify;\">FOTO: ROBERT CAPA \u00a9 INTERNATIONAL CEN (\u00a9ROBERT CAPA \u00a9 INTERNATIONAL C)<\/div>\n<div dir=\"auto\">\n<div dir=\"auto\">26-Dic-2021<\/div>\n<div dir=\"auto\">Fuente: El Pa\u00eds Semanal<\/div>\n<\/div>\n<\/div>\n","protected":false},"excerpt":{"rendered":"<p>No hay que ser un experto en bal\u00edstica para deducir que los agujeros de esa&#8230;<\/p>\n","protected":false},"author":1,"featured_media":51216,"comment_status":"closed","ping_status":"closed","sticky":false,"template":"","format":"standard","meta":{"_coblocks_attr":"","_coblocks_dimensions":"","_coblocks_responsive_height":"","_coblocks_accordion_ie_support":"","jetpack_post_was_ever_published":false,"_jetpack_newsletter_access":"","_jetpack_dont_email_post_to_subs":false,"_jetpack_newsletter_tier_id":0,"_jetpack_memberships_contains_paywalled_content":false,"_jetpack_memberships_contains_paid_content":false,"footnotes":"","jetpack_publicize_message":"","jetpack_publicize_feature_enabled":true,"jetpack_social_post_already_shared":false,"jetpack_social_options":{"image_generator_settings":{"template":"highway","default_image_id":0,"enabled":false},"version":2}},"categories":[1161,44,7671,6937,15],"tags":[8820,959],"class_list":["post-51215","post","type-post","status-publish","format-standard","has-post-thumbnail","hentry","category-ciudadania","category-noticias-de-hoy","category-politica","category-sociedad","category-ultimas-noticias","tag-bombardeos","tag-guerra-civil"],"jetpack_publicize_connections":[],"jetpack_featured_media_url":"https:\/\/i0.wp.com\/miradordeatarfe.es\/wp-content\/uploads\/2021\/12\/269999680_3138558106387792_2171141510111886515_n.jpg?fit=720%2C525&ssl=1","jetpack_likes_enabled":true,"jetpack_sharing_enabled":true,"_links":{"self":[{"href":"https:\/\/miradordeatarfe.es\/index.php?rest_route=\/wp\/v2\/posts\/51215","targetHints":{"allow":["GET"]}}],"collection":[{"href":"https:\/\/miradordeatarfe.es\/index.php?rest_route=\/wp\/v2\/posts"}],"about":[{"href":"https:\/\/miradordeatarfe.es\/index.php?rest_route=\/wp\/v2\/types\/post"}],"author":[{"embeddable":true,"href":"https:\/\/miradordeatarfe.es\/index.php?rest_route=\/wp\/v2\/users\/1"}],"replies":[{"embeddable":true,"href":"https:\/\/miradordeatarfe.es\/index.php?rest_route=%2Fwp%2Fv2%2Fcomments&post=51215"}],"version-history":[{"count":1,"href":"https:\/\/miradordeatarfe.es\/index.php?rest_route=\/wp\/v2\/posts\/51215\/revisions"}],"predecessor-version":[{"id":51217,"href":"https:\/\/miradordeatarfe.es\/index.php?rest_route=\/wp\/v2\/posts\/51215\/revisions\/51217"}],"wp:featuredmedia":[{"embeddable":true,"href":"https:\/\/miradordeatarfe.es\/index.php?rest_route=\/wp\/v2\/media\/51216"}],"wp:attachment":[{"href":"https:\/\/miradordeatarfe.es\/index.php?rest_route=%2Fwp%2Fv2%2Fmedia&parent=51215"}],"wp:term":[{"taxonomy":"category","embeddable":true,"href":"https:\/\/miradordeatarfe.es\/index.php?rest_route=%2Fwp%2Fv2%2Fcategories&post=51215"},{"taxonomy":"post_tag","embeddable":true,"href":"https:\/\/miradordeatarfe.es\/index.php?rest_route=%2Fwp%2Fv2%2Ftags&post=51215"}],"curies":[{"name":"wp","href":"https:\/\/api.w.org\/{rel}","templated":true}]}}