{"id":51218,"date":"2021-12-28T10:29:02","date_gmt":"2021-12-28T09:29:02","guid":{"rendered":"https:\/\/miradordeatarfe.es\/?p=51218"},"modified":"2021-12-27T18:34:08","modified_gmt":"2021-12-27T17:34:08","slug":"felices-fiestas-por-juan-jose-millas","status":"publish","type":"post","link":"https:\/\/miradordeatarfe.es\/?p=51218","title":{"rendered":"\u00abFELICES FIESTAS\u00bb por Juan Jos\u00e9 Mill\u00e1s"},"content":{"rendered":"<div dir=\"auto\">\u00a0<\/div>\n<h3 dir=\"auto\" style=\"text-align: justify;\">Como siempre por estas fechas, empiezan a llegar a Occidente los juguetes falsificados en Oriente. Los Reyes Magos vienen precisamente de all\u00ed, de donde los falsifican.<\/h3>\n<div dir=\"auto\" style=\"text-align: justify;\">Se trata de una coincidencia curiosa. Pienso en ello mientras la polic\u00eda revienta contenedores repletos de mu\u00f1ecas Barbie de imitaci\u00f3n, que tanto da\u00f1o hacen a la industria juguetera nacional. El a\u00f1o pasado le regal\u00e9 a la hija de un vecino una de estas mu\u00f1ecas y a los pocos d\u00edas le revelaron que era falsa, aunque yo la hab\u00eda adquirido como verdadera. Lo descubri\u00f3 un inspector, cu\u00f1ado del padre de la cr\u00eda, que fue a cenar. La diferencia estaba en los dedos de los pies, que en la falsa son un poco palm\u00edpedos. Qued\u00e9 fatal, claro. La ni\u00f1a ya no me habla y los padres me saludan con frialdad y evitan coincidir en el ascensor. Solo puedes regalar mu\u00f1ecas falsas a hijas falsas, pero no es tan f\u00e1cil distinguir unas hijas de otras. No basta con mirarles los dedos de los pies.<\/div>\n<div dir=\"auto\">\u00a0<\/div>\n<div dir=\"auto\" style=\"text-align: justify;\">Lo de los juguetes falsos me fascina, sobre todo cuando los traen los Reyes Magos verdaderos. A ver c\u00f3mo distinguen estos se\u00f1ores, a su edad, cu\u00e1ndo un tanque de juguete es aut\u00e9ntico y cu\u00e1ndo una copia. Quien dice los Reyes Magos dice Pap\u00e1 Noel, aunque hay m\u00e1s Pap\u00e1s Noel impostores que Reyes Magos aparentes.<\/div>\n<div dir=\"auto\">\u00a0<\/div>\n<div dir=\"auto\" style=\"text-align: justify;\">Hace poco, en Madrid, se organiz\u00f3 una marat\u00f3n de Pap\u00e1s Noel que recorrieron el Paseo de la Castellana. Eran diez mil, cada uno con su traje rojo, su tripa, su gorrito y su barba blanca. Impresionaba observarlos, como ver a diez mil personas normales juntas. Me pregunt\u00e9 si entre todos ellos habr\u00eda uno verdadero. Se trataba de una pregunta ret\u00f3rica, claro, pero si le das muchas vueltas a una pregunta ret\u00f3rica se vuelve natural. No creo en Pap\u00e1 Noel, pero s\u00ed en el misterio y lo misterioso se suele mimetizar con lo prosaico.<\/div>\n<div dir=\"auto\">\u00a0<\/div>\n<div dir=\"auto\" style=\"text-align: justify;\">En unos grandes almacenes, cerca de aqu\u00ed, han convocado plazas para Pap\u00e1 Noel y se han presentado miles de aspirantes, muchos de ellos con estudios universitarios e idiomas. Pap\u00e1s Noel mercenarios, podr\u00edamos decir. Falsos, como la Barbie que le regal\u00e9 a mi vecina. Espero que los Reyes Magos sean voluntarios y que Baltasar sea un negro aut\u00e9ntico en vez de la imitaci\u00f3n de los \u00faltimos a\u00f1os. Los ni\u00f1os de ahora poseen un olfato especial para distinguir el original de la copia. Felices fiestas.<\/div>\n<div dir=\"auto\" style=\"text-align: justify;\">\u00a0<\/div>\n<div dir=\"auto\" style=\"text-align: justify;\">Juan Jos\u00e9 Mill\u00e1s<\/div>\n","protected":false},"excerpt":{"rendered":"<p>\u00a0 Como siempre por estas fechas, empiezan a llegar a Occidente los juguetes falsificados en&#8230;<\/p>\n","protected":false},"author":1,"featured_media":51219,"comment_status":"closed","ping_status":"closed","sticky":false,"template":"","format":"standard","meta":{"_coblocks_attr":"","_coblocks_dimensions":"","_coblocks_responsive_height":"","_coblocks_accordion_ie_support":"","jetpack_post_was_ever_published":false,"_jetpack_newsletter_access":"","_jetpack_dont_email_post_to_subs":false,"_jetpack_newsletter_tier_id":0,"_jetpack_memberships_contains_paywalled_content":false,"_jetpack_memberships_contains_paid_content":false,"footnotes":"","jetpack_publicize_message":"","jetpack_publicize_feature_enabled":true,"jetpack_social_post_already_shared":false,"jetpack_social_options":{"image_generator_settings":{"template":"highway","default_image_id":0,"enabled":false},"version":2}},"categories":[1161,44,6937,15],"tags":[1333,1826],"class_list":["post-51218","post","type-post","status-publish","format-standard","has-post-thumbnail","hentry","category-ciudadania","category-noticias-de-hoy","category-sociedad","category-ultimas-noticias","tag-fiestas","tag-navidad"],"jetpack_publicize_connections":[],"jetpack_featured_media_url":"https:\/\/i0.wp.com\/miradordeatarfe.es\/wp-content\/uploads\/2021\/12\/felices-fiestas.png?fit=672%2C372&ssl=1","jetpack_likes_enabled":true,"jetpack_sharing_enabled":true,"_links":{"self":[{"href":"https:\/\/miradordeatarfe.es\/index.php?rest_route=\/wp\/v2\/posts\/51218","targetHints":{"allow":["GET"]}}],"collection":[{"href":"https:\/\/miradordeatarfe.es\/index.php?rest_route=\/wp\/v2\/posts"}],"about":[{"href":"https:\/\/miradordeatarfe.es\/index.php?rest_route=\/wp\/v2\/types\/post"}],"author":[{"embeddable":true,"href":"https:\/\/miradordeatarfe.es\/index.php?rest_route=\/wp\/v2\/users\/1"}],"replies":[{"embeddable":true,"href":"https:\/\/miradordeatarfe.es\/index.php?rest_route=%2Fwp%2Fv2%2Fcomments&post=51218"}],"version-history":[{"count":1,"href":"https:\/\/miradordeatarfe.es\/index.php?rest_route=\/wp\/v2\/posts\/51218\/revisions"}],"predecessor-version":[{"id":51220,"href":"https:\/\/miradordeatarfe.es\/index.php?rest_route=\/wp\/v2\/posts\/51218\/revisions\/51220"}],"wp:featuredmedia":[{"embeddable":true,"href":"https:\/\/miradordeatarfe.es\/index.php?rest_route=\/wp\/v2\/media\/51219"}],"wp:attachment":[{"href":"https:\/\/miradordeatarfe.es\/index.php?rest_route=%2Fwp%2Fv2%2Fmedia&parent=51218"}],"wp:term":[{"taxonomy":"category","embeddable":true,"href":"https:\/\/miradordeatarfe.es\/index.php?rest_route=%2Fwp%2Fv2%2Fcategories&post=51218"},{"taxonomy":"post_tag","embeddable":true,"href":"https:\/\/miradordeatarfe.es\/index.php?rest_route=%2Fwp%2Fv2%2Ftags&post=51218"}],"curies":[{"name":"wp","href":"https:\/\/api.w.org\/{rel}","templated":true}]}}