{"id":51221,"date":"2021-12-29T11:41:07","date_gmt":"2021-12-29T10:41:07","guid":{"rendered":"https:\/\/miradordeatarfe.es\/?p=51221"},"modified":"2021-12-27T20:53:08","modified_gmt":"2021-12-27T19:53:08","slug":"atarfe-en-granada-por-antonio-jara-andreu-2","status":"publish","type":"post","link":"https:\/\/miradordeatarfe.es\/?p=51221","title":{"rendered":"\u00abATARFE EN GRANADA\u00bb por Antonio Jara Andreu"},"content":{"rendered":"<h3 style=\"text-align: justify;\">En Granada parece ya definitivamente aceptado que la soluci\u00f3n de nuestros viejos problemas, pasa, prioritariamente, por un mayor grado de integraci\u00f3n social y por una mejor articulaci\u00f3n de nuestro territorio.<\/h3>\n<p style=\"text-align: justify;\">Sin cumplir estas dos condiciones ser\u00e1 muy dif\u00edcil nuestro desarrollo econ\u00f3mico y nuestro progreso social. Las centralidades hist\u00f3ricas, definidas generalmente por ciudades grandes o medianas, se han visto desbordadas, perdiendo funcionalidad y deterior\u00e1ndose en t\u00e9rminos de calidad de vida. El fen\u00f3meno de la creciente concentraci\u00f3n urbana nos obliga a todos a pensar m\u00e1s all\u00e1 de un localismo miope, administrat\u00edvista y r\u00edgido.<\/p>\n<p style=\"text-align: justify;\">Tenemos que ser capaces de, sin renunciar ni abandonar nuestros pueblos, ver por encima y m\u00e1s all\u00e1 de nuestros pueblos. Si Granada ya no puede entenderse sin los pueblos, los pueblos tienen que ser capaces de verse en Granada.<br \/>\nPor eso Atarfe, un pueblo hist\u00f3ricamente significado y puntero en los grandes proyectos de desarrollo de Granada, debe implicarse ahora, plena y firmemente, en la configuraci\u00f3n y en el desarrollo de una Granada metropolitana.<\/p>\n<p style=\"text-align: justify;\">Su proyecto de futuro, como pueblo, consiste en ser cada d\u00eda m\u00e1s Granada, sin dejar nunca de ser Atarfe, Los l\u00edmites del t\u00e9rmino municipal no pueden ser frontera para nada ni para nadie, porque la idea de \u201ccercan\u00eda\u201d no viene definida ya por una delimitaci\u00f3n administrativa. El af\u00e1n por tener trabajo aqu\u00ed no debe ser incompatible con lograr tenerlo un poco m\u00e1s all\u00e1.<\/p>\n<p style=\"text-align: justify;\">El centro cultural, que siempre ha estado m\u00e1s all\u00e1, puede ahora ubicarse m\u00e1s ac\u00e1. Las comunicaciones, que cas\u00ed siempre son \u201cpara ir all\u00ed\u201d, ahora deben servir \u201cpara venir aqu\u00ed\u201d. En la Granada metropolitana, territorio en el que<br \/>\nAtarfe es un pueblo influyente e influido, la amplia oferta comercial de un territorio puede ser complementada e intercambiada con la pujanza industrial de otro, y \u00e9sta con la mayor calidad ambiental y paisaj\u00edstica de un<br \/>\ntercero.<\/p>\n<p style=\"text-align: justify;\">En cualquier caso, no hay que olvidar nunca que un pueblo es algo m\u00e1s que un lugar para habitar, dormir, trabajar o comerciar. Un pueblo es una comunidad de valores. Por eso, para tener una vida rica no basta con disponer de bienes materiales para la satisfacci\u00f3n de los propios intereses; supone vivir con dignidad plena, disfrutar de riqueza intelectual y, en sentido amplio, de un espacio moral satisfactorio. De ah\u00ed, que sea muy importante favorecer una historia propia y un sentimiento compartido de identidad. Por eso es muy importante que Atarfe siga siendo Atarfe.<\/p>\n<p><a href=\"https:\/\/i0.wp.com\/miradordeatarfe.es\/wp-content\/uploads\/2021\/12\/1640628515318.jpg?ssl=1\"><img data-recalc-dims=\"1\" loading=\"lazy\" decoding=\"async\" class=\"alignnone wp-image-51224 size-full\" src=\"https:\/\/i0.wp.com\/miradordeatarfe.es\/wp-content\/uploads\/2021\/12\/1640628515318.jpg?resize=640%2C471&#038;ssl=1\" alt=\"\" width=\"640\" height=\"471\" srcset=\"https:\/\/i0.wp.com\/miradordeatarfe.es\/wp-content\/uploads\/2021\/12\/1640628515318.jpg?w=2123&amp;ssl=1 2123w, https:\/\/i0.wp.com\/miradordeatarfe.es\/wp-content\/uploads\/2021\/12\/1640628515318.jpg?resize=300%2C221&amp;ssl=1 300w, https:\/\/i0.wp.com\/miradordeatarfe.es\/wp-content\/uploads\/2021\/12\/1640628515318.jpg?resize=1024%2C753&amp;ssl=1 1024w, https:\/\/i0.wp.com\/miradordeatarfe.es\/wp-content\/uploads\/2021\/12\/1640628515318.jpg?resize=768%2C565&amp;ssl=1 768w, https:\/\/i0.wp.com\/miradordeatarfe.es\/wp-content\/uploads\/2021\/12\/1640628515318.jpg?resize=1536%2C1130&amp;ssl=1 1536w, https:\/\/i0.wp.com\/miradordeatarfe.es\/wp-content\/uploads\/2021\/12\/1640628515318.jpg?resize=2048%2C1507&amp;ssl=1 2048w, https:\/\/i0.wp.com\/miradordeatarfe.es\/wp-content\/uploads\/2021\/12\/1640628515318.jpg?resize=1320%2C971&amp;ssl=1 1320w, https:\/\/i0.wp.com\/miradordeatarfe.es\/wp-content\/uploads\/2021\/12\/1640628515318.jpg?w=1920&amp;ssl=1 1920w\" sizes=\"auto, (max-width: 640px) 100vw, 640px\" \/><\/a><\/p>\n<p>Con clara conciencia de que nuestra vida gana en calidad a medida que progresa su dimensi\u00f3n social y comunitaria. Se vive mejor en comunicaci\u00f3n con los otros y la sensaci\u00f3n de seguridad se ampl\u00eda con la pr\u00e1ctica de la cooperaci\u00f3n y<br \/>\nla solidaridad. El acercamiento, no hay duda, ser\u00e1 bueno y beneficioso para todos.<\/p>\n<p>La preocupaci\u00f3n por las comunicaciones, por ejemplo, nace de la necesidad de favorecer la movilidad y acentuar el sentimiento de cercan\u00eda. La movilidad es necesaria para romper el aislamiento y, por tanto, es un requisito imprescindible del desarrollo, material e intelectual. En este comienzo de siglo, un pueblo que quiere ser rico debe impulsar un \u201ccrecimiento inteligente\u201d, dise\u00f1ar un espacio urbano de calidad, que favorezca el bienestar de sus ciudadanos y su autoestima como pueblo, y cuidar de su propia identidad hist\u00f3rica colectiva como comunidad. M\u00e1s en concreto, Atarfe debe aprovechar el \u201cdesbordamiento intelectual\u201d que supone la circulaci\u00f3n de informaci\u00f3n, ideas y pensamiento, dentro de la gran aglomeraci\u00f3n urbana de Granada.<\/p>\n<p>Para este programa hace falta el concurso de todas y todos. En una democracia de calidad, los ciudadanos no son simples consumidores pasivos de servicios p\u00fablicos; son sujetos activos y capaces de encarar, juntos, la soluci\u00f3n de sus propios problemas. Son muchos los que tienen que hablar de muchas cosas y durante mucho tiempo.<\/p>\n<p style=\"text-align: justify;\">\u00bfC\u00f3mo casamos desarrollo econ\u00f3mico y protecci\u00f3n del medio ambiente? \u00bfC\u00f3mo progresamosen el camino de la igualdad entre hombres y mujeres? \u00bfC\u00f3mo hacemos real y efectivo el igual derecho de todos a la educaci\u00f3n? \u00bfC\u00f3mo distribuimos entre todos los bienes de la cultura? \u00bfC\u00f3mo ponemos al alcance de todos el uso de las nuevas tecnolog\u00edas de la informaci\u00f3n y la comunicaci\u00f3n?<\/p>\n<p style=\"text-align: justify;\">Las respuestas son cosa de todos y, por eso, la participaci\u00f3n de todos es imprescindible. Es verdad que tenemos problemas. No es menos verdad que salir de ellos no ser\u00e1 cosa f\u00e1cil. Pero podemos estar seguros de que las ideas claras, cuando las mueve una\u00a0 voluntad colectiva, acaban abri\u00e9ndose paso. Aclaremos las ideas, pongamos de acuerdo nuestras voluntades y aceleremos el paso. Los padres se lo deben a sus hijos, los j\u00f3venes se lo deben a los viejos y el Atarfe de hoy se lo debe al Atarfe de ma\u00f1ana<\/p>\n<p><span class=\"_5yl5\">Art\u00edculo editado por Corporaci\u00f3n de Medios de Andaluc\u00eda y el Ayuntamiento de Atarfe, coordinado por Jos\u00e9 Enrique Granados y tiene por nombre \u00abAtarfe en el papel\u00bb<\/span><\/p>\n<p>P\u00c1GINA 257-28<\/p>\n<p>FOTO: Vista a\u00e9rea del entrono de los Tres Juanes<\/p>\n","protected":false},"excerpt":{"rendered":"<p>En Granada parece ya definitivamente aceptado que la soluci\u00f3n de nuestros viejos problemas, pasa, prioritariamente,&#8230;<\/p>\n","protected":false},"author":1,"featured_media":51226,"comment_status":"closed","ping_status":"closed","sticky":false,"template":"","format":"standard","meta":{"_coblocks_attr":"","_coblocks_dimensions":"","_coblocks_responsive_height":"","_coblocks_accordion_ie_support":"","jetpack_post_was_ever_published":false,"_jetpack_newsletter_access":"","_jetpack_dont_email_post_to_subs":false,"_jetpack_newsletter_tier_id":0,"_jetpack_memberships_contains_paywalled_content":false,"_jetpack_memberships_contains_paid_content":false,"footnotes":"","jetpack_publicize_message":"","jetpack_publicize_feature_enabled":true,"jetpack_social_post_already_shared":false,"jetpack_social_options":{"image_generator_settings":{"template":"highway","default_image_id":0,"enabled":false},"version":2}},"categories":[2,7537,1161,1225,186,44,15],"tags":[81,4188],"class_list":["post-51221","post","type-post","status-publish","format-standard","has-post-thumbnail","hentry","category-atarfe","category-atarfe-en-papel-de-ideal","category-ciudadania","category-ha-de-atarfe","category-instituciones","category-noticias-de-hoy","category-ultimas-noticias","tag-atarfe","tag-ciudad-metropolitana"],"jetpack_publicize_connections":[],"jetpack_featured_media_url":"https:\/\/i0.wp.com\/miradordeatarfe.es\/wp-content\/uploads\/2021\/12\/1640628515326-3.jpg?fit=1510%2C1053&ssl=1","jetpack_likes_enabled":true,"jetpack_sharing_enabled":true,"_links":{"self":[{"href":"https:\/\/miradordeatarfe.es\/index.php?rest_route=\/wp\/v2\/posts\/51221","targetHints":{"allow":["GET"]}}],"collection":[{"href":"https:\/\/miradordeatarfe.es\/index.php?rest_route=\/wp\/v2\/posts"}],"about":[{"href":"https:\/\/miradordeatarfe.es\/index.php?rest_route=\/wp\/v2\/types\/post"}],"author":[{"embeddable":true,"href":"https:\/\/miradordeatarfe.es\/index.php?rest_route=\/wp\/v2\/users\/1"}],"replies":[{"embeddable":true,"href":"https:\/\/miradordeatarfe.es\/index.php?rest_route=%2Fwp%2Fv2%2Fcomments&post=51221"}],"version-history":[{"count":3,"href":"https:\/\/miradordeatarfe.es\/index.php?rest_route=\/wp\/v2\/posts\/51221\/revisions"}],"predecessor-version":[{"id":51227,"href":"https:\/\/miradordeatarfe.es\/index.php?rest_route=\/wp\/v2\/posts\/51221\/revisions\/51227"}],"wp:featuredmedia":[{"embeddable":true,"href":"https:\/\/miradordeatarfe.es\/index.php?rest_route=\/wp\/v2\/media\/51226"}],"wp:attachment":[{"href":"https:\/\/miradordeatarfe.es\/index.php?rest_route=%2Fwp%2Fv2%2Fmedia&parent=51221"}],"wp:term":[{"taxonomy":"category","embeddable":true,"href":"https:\/\/miradordeatarfe.es\/index.php?rest_route=%2Fwp%2Fv2%2Fcategories&post=51221"},{"taxonomy":"post_tag","embeddable":true,"href":"https:\/\/miradordeatarfe.es\/index.php?rest_route=%2Fwp%2Fv2%2Ftags&post=51221"}],"curies":[{"name":"wp","href":"https:\/\/api.w.org\/{rel}","templated":true}]}}