{"id":51244,"date":"2022-01-02T10:28:20","date_gmt":"2022-01-02T09:28:20","guid":{"rendered":"https:\/\/miradordeatarfe.es\/?p=51244"},"modified":"2021-12-27T21:10:49","modified_gmt":"2021-12-27T20:10:49","slug":"lideres-por-manuel-vicent-2","status":"publish","type":"post","link":"https:\/\/miradordeatarfe.es\/?p=51244","title":{"rendered":"\u00abL\u00edderes\u00bb por Manuel Vicent"},"content":{"rendered":"<div id=\"main-content\" class=\"mh-content\">\n<article id=\"post-54092\" class=\"post-54092 post type-post status-publish format-standard has-post-thumbnail hentry category-ame-informa category-leido-en-los-medios\">\n<h4><em>Existen dos Espa\u00f1as, no la de derechas o de izquierdas, sino la de los\u00a0pol\u00edticos\u00a0nefastos y la de ciudadanos con talento<\/em><\/h4>\n<p class=\"entry-content mh-clearfix\" style=\"text-align: justify;\"><span style=\"font-family: helvetica, arial, sans-serif;\"><strong>Por organismos internacionales de toda solvencia Espa\u00f1a ha sido declarado el mejor pa\u00eds del mundo para nacer, el m\u00e1s sociable para vivir y el m\u00e1s seguro para viajar solos sin peligro por todo su territorio. <a href=\"https:\/\/www.economist.com\/leaders\/2018\/07\/26\/lessons-from-spains-recovery-after-the-euro-crisis\" target=\"_blank\" rel=\"noopener\">Seg\u00fan\u00a0<em>The<\/em><\/a>\u00a0<em><a href=\"https:\/\/www.economist.com\/leaders\/2018\/07\/26\/lessons-from-spains-recovery-after-the-euro-crisis\" target=\"_blank\" rel=\"noopener\">Economist<\/a>,<\/em>\u00a0nuestro nivel democr\u00e1tico est\u00e1 muy por encima de B\u00e9lgica, Francia e Italia. Pese al masoquismo antropol\u00f3gico de los espa\u00f1oles, este pa\u00eds es l\u00edder mundial en donaci\u00f3n y trasplantes de \u00f3rganos, en fecundaci\u00f3n asistida, en sistemas de detecci\u00f3n precoz del c\u00e1ncer, en protecci\u00f3n sanitaria universal gratuita,\u00a0<a href=\"https:\/\/elpais.com\/sociedad\/2018\/10\/16\/actualidad\/1539678495_813483.html\" target=\"_blank\" rel=\"noopener\">en esperanza de vida<\/a>\u00a0solo detr\u00e1s de Jap\u00f3n, en rob\u00f3tica social, en energ\u00eda e\u00f3lica, en producci\u00f3n editorial, en conservaci\u00f3n mar\u00edtima, en tratamiento de aguas, en energ\u00edas limpias, en playas con bandera azul, en construcci\u00f3n de grandes infraestructuras ferroviarias de alta velocidad y en una empresa textil que se estudia en todas las escuelas de negocios del extranjero. Y encima para celebrarlo tenemos la segunda mejor cocina del mundo.<\/strong><\/span><\/p>\n<div id=\"elpais_gpt-MPU1\" class=\"publi_luto_vertical\" data-google-query-id=\"CIGK37bgv-8CFdVnGwodANkPIQ\">\n<div id=\"google_ads_iframe_7811748\/elpais_web\/opinion\/mpu1_0__container__\"><span style=\"font-family: helvetica, arial, sans-serif;\"><strong>Frente a la agresividad que rezuman los telediarios, Espa\u00f1a es el pa\u00eds de menor violencia de g\u00e9nero en Europa, muy por detr\u00e1s de las socialmente envidiadas Finlandia, Francia, Dinamarca o Suecia; el tercero con menos asesinatos por 100.000 habitantes, y junto con Italia el de menor tasa de suicidios. Dejando aparte la historia, el clima y el paisaje, las fiestas, el folklore y el arte cuya riqueza es evidente, Espa\u00f1a posee una de las lenguas m\u00e1s poderosas, m\u00e1s habladas y estudiadas del planeta y es el tercer pa\u00eds, seg\u00fan la Unesco, por patrimonio universal detr\u00e1s de Italia y China.<\/strong><\/span><\/div>\n<div><a href=\"https:\/\/i0.wp.com\/miradordeatarfe.es\/wp-content\/uploads\/2021\/12\/el-roto.png?ssl=1\"><img data-recalc-dims=\"1\" loading=\"lazy\" decoding=\"async\" class=\"alignnone wp-image-51245 size-full\" src=\"https:\/\/i0.wp.com\/miradordeatarfe.es\/wp-content\/uploads\/2021\/12\/el-roto.png?resize=327%2C400&#038;ssl=1\" alt=\"\" width=\"327\" height=\"400\" srcset=\"https:\/\/i0.wp.com\/miradordeatarfe.es\/wp-content\/uploads\/2021\/12\/el-roto.png?w=327&amp;ssl=1 327w, https:\/\/i0.wp.com\/miradordeatarfe.es\/wp-content\/uploads\/2021\/12\/el-roto.png?resize=245%2C300&amp;ssl=1 245w\" sizes=\"auto, (max-width: 327px) 100vw, 327px\" \/><\/a><\/div>\n<\/div>\n<div id=\"_wmass_19131999998353422\">\n<div id=\"jw-5342253422\">\u00a0<\/div>\n<\/div>\n<p class=\"entry-content mh-clearfix\" style=\"text-align: justify;\"><span style=\"font-family: helvetica, arial, sans-serif;\"><strong>Todo esto demuestra que en realidad existen dos Espa\u00f1as, no la de derechas o de izquierdas, sino la de los pol\u00edticos nefastos y l\u00edderes de opini\u00f3n bocazas que gritan, crispan, se insultan y chapotean en el estercolero y la de los ciudadanos con talento que cumplen con su deber, trabajan y callan.<\/strong><\/span><\/p>\n<p>FOTO:Una familia, en Manzanares el Real (Madrid).<span class=\"a_m_m\">SANTI BURGOS<\/span><\/p>\n<p class=\"entry-content mh-clearfix\" style=\"text-align: justify;\">\n<span style=\"font-family: helvetica, arial, sans-serif;\"><strong>Fuente:<a href=\"https:\/\/elpais.com\/elpais\/2018\/11\/16\/opinion\/1542382409_239207.html\">https:\/\/elpais.com\/elpais\/2018\/11\/16\/opinion\/1542382409_239207.html<\/a><\/strong><\/span><\/p>\n<\/article>\n<\/div>\n<aside class=\"mh-sidebar\">\n<div id=\"search-2\" class=\"sb-widget mh-clearfix widget_search\">\u00a0<\/div>\n<\/aside>\n","protected":false},"excerpt":{"rendered":"<p>Existen dos Espa\u00f1as, no la de derechas o de izquierdas, sino la de los\u00a0pol\u00edticos\u00a0nefastos y&#8230;<\/p>\n","protected":false},"author":1,"featured_media":51248,"comment_status":"closed","ping_status":"closed","sticky":false,"template":"","format":"standard","meta":{"_coblocks_attr":"","_coblocks_dimensions":"","_coblocks_responsive_height":"","_coblocks_accordion_ie_support":"","jetpack_post_was_ever_published":false,"_jetpack_newsletter_access":"","_jetpack_dont_email_post_to_subs":false,"_jetpack_newsletter_tier_id":0,"_jetpack_memberships_contains_paywalled_content":false,"_jetpack_memberships_contains_paid_content":false,"footnotes":"","jetpack_publicize_message":"","jetpack_publicize_feature_enabled":true,"jetpack_social_post_already_shared":false,"jetpack_social_options":{"image_generator_settings":{"template":"highway","default_image_id":0,"enabled":false},"version":2}},"categories":[1161,44,7671,6937,15],"tags":[725,42],"class_list":["post-51244","post","type-post","status-publish","format-standard","has-post-thumbnail","hentry","category-ciudadania","category-noticias-de-hoy","category-politica","category-sociedad","category-ultimas-noticias","tag-espana","tag-politica"],"jetpack_publicize_connections":[],"jetpack_featured_media_url":"https:\/\/i0.wp.com\/miradordeatarfe.es\/wp-content\/uploads\/2021\/12\/RPWMUVCQEF2F37DO5XTVITEPB4.jpg?fit=1960%2C1100&ssl=1","jetpack_likes_enabled":true,"jetpack_sharing_enabled":true,"_links":{"self":[{"href":"https:\/\/miradordeatarfe.es\/index.php?rest_route=\/wp\/v2\/posts\/51244","targetHints":{"allow":["GET"]}}],"collection":[{"href":"https:\/\/miradordeatarfe.es\/index.php?rest_route=\/wp\/v2\/posts"}],"about":[{"href":"https:\/\/miradordeatarfe.es\/index.php?rest_route=\/wp\/v2\/types\/post"}],"author":[{"embeddable":true,"href":"https:\/\/miradordeatarfe.es\/index.php?rest_route=\/wp\/v2\/users\/1"}],"replies":[{"embeddable":true,"href":"https:\/\/miradordeatarfe.es\/index.php?rest_route=%2Fwp%2Fv2%2Fcomments&post=51244"}],"version-history":[{"count":2,"href":"https:\/\/miradordeatarfe.es\/index.php?rest_route=\/wp\/v2\/posts\/51244\/revisions"}],"predecessor-version":[{"id":51249,"href":"https:\/\/miradordeatarfe.es\/index.php?rest_route=\/wp\/v2\/posts\/51244\/revisions\/51249"}],"wp:featuredmedia":[{"embeddable":true,"href":"https:\/\/miradordeatarfe.es\/index.php?rest_route=\/wp\/v2\/media\/51248"}],"wp:attachment":[{"href":"https:\/\/miradordeatarfe.es\/index.php?rest_route=%2Fwp%2Fv2%2Fmedia&parent=51244"}],"wp:term":[{"taxonomy":"category","embeddable":true,"href":"https:\/\/miradordeatarfe.es\/index.php?rest_route=%2Fwp%2Fv2%2Fcategories&post=51244"},{"taxonomy":"post_tag","embeddable":true,"href":"https:\/\/miradordeatarfe.es\/index.php?rest_route=%2Fwp%2Fv2%2Ftags&post=51244"}],"curies":[{"name":"wp","href":"https:\/\/api.w.org\/{rel}","templated":true}]}}