{"id":51277,"date":"2021-12-31T11:25:55","date_gmt":"2021-12-31T10:25:55","guid":{"rendered":"http:\/\/miradordeatarfe.es\/?p=51277"},"modified":"2022-02-12T12:19:12","modified_gmt":"2022-02-12T11:19:12","slug":"correr-por-o-para-por-manuel-jimenez","status":"publish","type":"post","link":"https:\/\/miradordeatarfe.es\/?p=51277","title":{"rendered":"\u00abCORRER POR O PARA \u2026\u00bb por Manuel Jim\u00e9nez"},"content":{"rendered":"<h3 align=\"JUSTIFY\"><span style=\"font-family: Arial, serif;\">En estos d\u00edas en que hacemos repaso de lo acontecido durante el a\u00f1o y nos hacemos planes y compromisos para el a\u00f1o que se inicia y como la competici\u00f3n atl\u00e9tica est\u00e1 bastante parada es un buen momento para intentar buscar explicaci\u00f3n a porqu\u00e9 COMPETIMOS pues finalmente es a lo que se dedica esta secci\u00f3n, a glosar las competiciones de cada fin de semana.<\/span><\/h3>\n<p align=\"JUSTIFY\"><span style=\"font-family: Arial, serif;\">El psiquiatra sevillano con residencia en New York ha debutado a sus 78 a\u00f1os en el marat\u00f3n de su ciudad de adopci\u00f3n, coment\u00f3 lo siguiente cuando sus allegados dudaban si llegar\u00eda a completarlo: \u201c<\/span><span style=\"font-family: Arial, serif;\"><i>Si no puedes volar corre, sino puedes correr anda; si no puedes andar gatea; pero hagas lo que hagas, \u00a1sigue avanzando\u00a1\u201d.<\/i><\/span><\/p>\n<p align=\"JUSTIFY\"><span style=\"font-family: Arial, serif;\">Bueno pues ya tenemos una primera raz\u00f3n: avanzar, desplazarse, \u00bfevadirse?<\/span><\/p>\n<p align=\"JUSTIFY\"><span style=\"font-family: Arial, serif;\">Hay mucha filosof\u00eda detr\u00e1s de cada dorsal: \u201cNunca des m\u00e1s importancia al tiempo conseguido detr\u00e1s de una l\u00ednea de meta que al tiempo invertido antes de una l\u00ednea de salida\u201d<\/span><\/p>\n<p align=\"JUSTIFY\"><span style=\"font-family: Arial, serif;\">Hay mucha introspecci\u00f3n detr\u00e1s de muchos atletas: \u201cNo corremos para ganar a nadie sino para competir contra nosotros mismos\u201d, \u2026 hasta que le bate el r\u00e9cord el vecino del 2\u00ba A.<\/span><\/p>\n<p align=\"JUSTIFY\"><span style=\"font-family: Arial, serif;\">A ciertas edades, el motivo principal es atrasar la senectud: \u201c<\/span><span style=\"font-family: Arial, serif;\"><i>No se deja de correr porque uno se hace viejo, sino que se envejece si dejas de correr<\/i><\/span><span style=\"font-family: Arial, serif;\">\u201d y \u201c<\/span><span style=\"font-family: Arial, serif;\"><i>No a\u00f1adas m\u00e1s a\u00f1os a tu vida sino m\u00e1s vida a tus a\u00f1os<\/i><\/span><span style=\"font-family: Arial, serif;\">\u201d. <\/span><\/p>\n<p align=\"JUSTIFY\"><span style=\"font-family: Arial, serif;\">Lo que est\u00e1 claro es que son muchas las ventajas: ganamos autoestima: <\/span><span style=\"font-family: Arial, serif;\"><i>La fuerza de voluntad es un m\u00fasculo que se debe ejercitar al igual que los m\u00fasculos del cuerpo\u201d; <\/i><\/span><span style=\"font-family: Arial, serif;\">nos preparamos para superar adversidades: \u201cEl metro m\u00e1s dif\u00edcil de recorrer es el que separa la cama del suelo\u201d; nos hacemos adaptativos: \u201c<\/span><span style=\"font-family: Arial, serif;\"><i>Si un d\u00eda no te apetece correr, cambia de d\u00eda\u201d, <\/i><\/span><span style=\"font-family: Arial, serif;\">alimentamos nuestro sentido del humor: \u201c<\/span><span style=\"font-family: Arial, serif;\"><i>Correr es de cobardes<\/i><\/span><span style=\"font-family: Arial, serif;\">\u201d y todos coincidimos en las etapas mentales de un d\u00eda de competici\u00f3n: \u201c<\/span><span style=\"font-family: Arial, serif;\"><i>qui\u00e9n me mandar\u00e1 a m\u00ed \u2026; una y no m\u00e1s Santo Tom\u00e1s; \u00bfcu\u00e1ndo dices qu\u00e9 es la pr\u00f3xima?\u201d.<\/i><\/span><\/p>\n<p align=\"JUSTIFY\"><span style=\"font-family: Arial, serif;\">En definitiva, cada cual encuentra su motivaci\u00f3n y esta puede ir mutando como un mal virus a lo largo del tiempo como aqu\u00e9l longevo atleta que tras pasar por todas las fases posibles desde sus inicios como alev\u00edn disputando \u201cmaratones\u201d de feria de pueblo ir creciendo como atleta y llegar a disputar m\u00edtines, campeonatos, ligas; aficionarse a las romer\u00edas, disputar campeonatos de veteranos y adaptarse al ocaso cambiando de modalidad deportiva por otra que no exija correr a diario y seguir disfrutando d\u00eda a d\u00eda del deporte reinvent\u00e1ndose a diario y encontrando nuevos gozos como wasearse con una campeona de Espa\u00f1a para conocer los tiempos de su entreno y buscar acercarse en alguna serie a sus d\u00edgitos cronom\u00e9tricos y seguir so\u00f1ando con bajar, aunque s\u00f3lo sea una vez m\u00e1s,<\/span> <span style=\"font-family: Arial, serif;\">de tres minutos en un mil. <\/span><\/p>\n<div class=\"tiled-gallery type-rectangular tiled-gallery-unresized\" data-original-width=\"640\" data-carousel-extra='null' itemscope itemtype=\"http:\/\/schema.org\/ImageGallery\" > <div class=\"gallery-row\" style=\"width: 640px; height: 328px;\" data-original-width=\"640\" data-original-height=\"328\" > <div class=\"gallery-group images-1\" style=\"width: 429px; height: 328px;\" data-original-width=\"429\" data-original-height=\"328\" > <div class=\"tiled-gallery-item tiled-gallery-item-large\" itemprop=\"associatedMedia\" itemscope itemtype=\"http:\/\/schema.org\/ImageObject\"> <a href=\"https:\/\/miradordeatarfe.es\/?attachment_id=51282\" border=\"0\" itemprop=\"url\"> <meta itemprop=\"width\" content=\"425\"> <meta itemprop=\"height\" content=\"324\"> <img decoding=\"async\" class=\"\" data-attachment-id=\"51282\" data-orig-file=\"https:\/\/miradordeatarfe.es\/wp-content\/uploads\/2021\/12\/IMG_0842-2.png\" data-orig-size=\"586,446\" data-comments-opened=\"\" data-image-meta=\"{&quot;aperture&quot;:&quot;0&quot;,&quot;credit&quot;:&quot;&quot;,&quot;camera&quot;:&quot;&quot;,&quot;caption&quot;:&quot;&quot;,&quot;created_timestamp&quot;:&quot;0&quot;,&quot;copyright&quot;:&quot;&quot;,&quot;focal_length&quot;:&quot;0&quot;,&quot;iso&quot;:&quot;0&quot;,&quot;shutter_speed&quot;:&quot;0&quot;,&quot;title&quot;:&quot;&quot;,&quot;orientation&quot;:&quot;0&quot;}\" data-image-title=\"IMG_0842 (2)\" data-image-description=\"\" data-medium-file=\"https:\/\/i0.wp.com\/miradordeatarfe.es\/wp-content\/uploads\/2021\/12\/IMG_0842-2.png?fit=300%2C228&#038;ssl=1\" data-large-file=\"https:\/\/i0.wp.com\/miradordeatarfe.es\/wp-content\/uploads\/2021\/12\/IMG_0842-2.png?fit=586%2C446&#038;ssl=1\" src=\"https:\/\/i0.wp.com\/miradordeatarfe.es\/wp-content\/uploads\/2021\/12\/IMG_0842-2.png?w=425&#038;h=324&#038;ssl=1\" srcset=\"https:\/\/i0.wp.com\/miradordeatarfe.es\/wp-content\/uploads\/2021\/12\/IMG_0842-2.png?w=586&amp;ssl=1 586w, https:\/\/i0.wp.com\/miradordeatarfe.es\/wp-content\/uploads\/2021\/12\/IMG_0842-2.png?resize=300%2C228&amp;ssl=1 300w\" width=\"425\" height=\"324\" loading=\"lazy\" data-original-width=\"425\" data-original-height=\"324\" itemprop=\"http:\/\/schema.org\/image\" title=\"IMG_0842 (2)\" alt=\"IMG_0842 (2)\" style=\"width: 425px; height: 324px;\" \/> <\/a> <\/div> <\/div> <!-- close group --> <div class=\"gallery-group images-1\" style=\"width: 211px; height: 328px;\" data-original-width=\"211\" data-original-height=\"328\" > <div class=\"tiled-gallery-item tiled-gallery-item-small\" itemprop=\"associatedMedia\" itemscope itemtype=\"http:\/\/schema.org\/ImageObject\"> <a href=\"https:\/\/miradordeatarfe.es\/?attachment_id=51283\" border=\"0\" itemprop=\"url\"> <meta itemprop=\"width\" content=\"207\"> <meta itemprop=\"height\" content=\"324\"> <img decoding=\"async\" class=\"\" data-attachment-id=\"51283\" data-orig-file=\"https:\/\/miradordeatarfe.es\/wp-content\/uploads\/2021\/12\/IMG_9278-2.jpg\" data-orig-size=\"409,640\" data-comments-opened=\"\" data-image-meta=\"{&quot;aperture&quot;:&quot;0&quot;,&quot;credit&quot;:&quot;&quot;,&quot;camera&quot;:&quot;&quot;,&quot;caption&quot;:&quot;&quot;,&quot;created_timestamp&quot;:&quot;1640873214&quot;,&quot;copyright&quot;:&quot;&quot;,&quot;focal_length&quot;:&quot;0&quot;,&quot;iso&quot;:&quot;0&quot;,&quot;shutter_speed&quot;:&quot;0&quot;,&quot;title&quot;:&quot;&quot;,&quot;orientation&quot;:&quot;1&quot;}\" data-image-title=\"IMG_9278 (2)\" data-image-description=\"\" data-medium-file=\"https:\/\/i0.wp.com\/miradordeatarfe.es\/wp-content\/uploads\/2021\/12\/IMG_9278-2.jpg?fit=192%2C300&#038;ssl=1\" data-large-file=\"https:\/\/i0.wp.com\/miradordeatarfe.es\/wp-content\/uploads\/2021\/12\/IMG_9278-2.jpg?fit=409%2C640&#038;ssl=1\" src=\"https:\/\/i0.wp.com\/miradordeatarfe.es\/wp-content\/uploads\/2021\/12\/IMG_9278-2.jpg?w=207&#038;h=324&#038;ssl=1\" srcset=\"https:\/\/i0.wp.com\/miradordeatarfe.es\/wp-content\/uploads\/2021\/12\/IMG_9278-2.jpg?w=409&amp;ssl=1 409w, https:\/\/i0.wp.com\/miradordeatarfe.es\/wp-content\/uploads\/2021\/12\/IMG_9278-2.jpg?resize=192%2C300&amp;ssl=1 192w\" width=\"207\" height=\"324\" loading=\"lazy\" data-original-width=\"207\" data-original-height=\"324\" itemprop=\"http:\/\/schema.org\/image\" title=\"IMG_9278 (2)\" alt=\"IMG_9278 (2)\" style=\"width: 207px; height: 324px;\" \/> <\/a> <\/div> <\/div> <!-- close group --> <\/div> <!-- close row --> <\/div>\n","protected":false},"excerpt":{"rendered":"<p>En estos d\u00edas en que hacemos repaso de lo acontecido durante el a\u00f1o y nos&#8230;<\/p>\n","protected":false},"author":1,"featured_media":51285,"comment_status":"closed","ping_status":"closed","sticky":false,"template":"","format":"standard","meta":{"_coblocks_attr":"","_coblocks_dimensions":"","_coblocks_responsive_height":"","_coblocks_accordion_ie_support":"","jetpack_post_was_ever_published":false,"_jetpack_newsletter_access":"","_jetpack_dont_email_post_to_subs":false,"_jetpack_newsletter_tier_id":0,"_jetpack_memberships_contains_paywalled_content":false,"_jetpack_memberships_contains_paid_content":false,"footnotes":"","jetpack_publicize_message":"","jetpack_publicize_feature_enabled":true,"jetpack_social_post_already_shared":false,"jetpack_social_options":{"image_generator_settings":{"template":"highway","default_image_id":0,"enabled":false},"version":2}},"categories":[2,182,186,6915,44,15],"tags":[81,85,123],"class_list":["post-51277","post","type-post","status-publish","format-standard","has-post-thumbnail","hentry","category-atarfe","category-deportes","category-instituciones","category-opinion-de-manuel-jimenez","category-noticias-de-hoy","category-ultimas-noticias","tag-atarfe","tag-atletismo","tag-deportes"],"jetpack_publicize_connections":[],"jetpack_featured_media_url":"https:\/\/i0.wp.com\/miradordeatarfe.es\/wp-content\/uploads\/2021\/12\/83B030E9-C119-4DFD-B0E1-D5291F6AD3CA-2.jpg?fit=457%2C435&ssl=1","jetpack_likes_enabled":true,"jetpack_sharing_enabled":true,"_links":{"self":[{"href":"https:\/\/miradordeatarfe.es\/index.php?rest_route=\/wp\/v2\/posts\/51277","targetHints":{"allow":["GET"]}}],"collection":[{"href":"https:\/\/miradordeatarfe.es\/index.php?rest_route=\/wp\/v2\/posts"}],"about":[{"href":"https:\/\/miradordeatarfe.es\/index.php?rest_route=\/wp\/v2\/types\/post"}],"author":[{"embeddable":true,"href":"https:\/\/miradordeatarfe.es\/index.php?rest_route=\/wp\/v2\/users\/1"}],"replies":[{"embeddable":true,"href":"https:\/\/miradordeatarfe.es\/index.php?rest_route=%2Fwp%2Fv2%2Fcomments&post=51277"}],"version-history":[{"count":2,"href":"https:\/\/miradordeatarfe.es\/index.php?rest_route=\/wp\/v2\/posts\/51277\/revisions"}],"predecessor-version":[{"id":51284,"href":"https:\/\/miradordeatarfe.es\/index.php?rest_route=\/wp\/v2\/posts\/51277\/revisions\/51284"}],"wp:featuredmedia":[{"embeddable":true,"href":"https:\/\/miradordeatarfe.es\/index.php?rest_route=\/wp\/v2\/media\/51285"}],"wp:attachment":[{"href":"https:\/\/miradordeatarfe.es\/index.php?rest_route=%2Fwp%2Fv2%2Fmedia&parent=51277"}],"wp:term":[{"taxonomy":"category","embeddable":true,"href":"https:\/\/miradordeatarfe.es\/index.php?rest_route=%2Fwp%2Fv2%2Fcategories&post=51277"},{"taxonomy":"post_tag","embeddable":true,"href":"https:\/\/miradordeatarfe.es\/index.php?rest_route=%2Fwp%2Fv2%2Ftags&post=51277"}],"curies":[{"name":"wp","href":"https:\/\/api.w.org\/{rel}","templated":true}]}}