{"id":51309,"date":"2022-01-03T08:15:56","date_gmt":"2022-01-03T07:15:56","guid":{"rendered":"http:\/\/miradordeatarfe.es\/?p=51309"},"modified":"2022-01-02T14:20:19","modified_gmt":"2022-01-02T13:20:19","slug":"el-ano-por-delante-editorial-del-pais","status":"publish","type":"post","link":"https:\/\/miradordeatarfe.es\/?p=51309","title":{"rendered":"\u00abEl a\u00f1o por delante\u00bb editorial del pais"},"content":{"rendered":"<h2 class=\"a_st\">El fin de la pandemia puede contribuir a frenar a escala global los instintos m\u00e1s disruptivos del populismo de ultraderecha<\/h2>\n<p class=\"\" style=\"text-align: justify;\">Todo tiene visos de tomar un rumbo decisivo en el a\u00f1o 2022 que ahora empieza: la salida de la pandemia,<a href=\"https:\/\/elpais.com\/economia\/negocios\/2021-12-26\/la-economia-mundial-en-2022-crecimiento-en-un-estanque-lleno-de-piranas.html\" target=\"_blank\" rel=\"noopener\" data-link-track-dtm=\"\"> la recuperaci\u00f3n econ\u00f3mica<\/a>, el futuro de la democracia, el orden geopol\u00edtico mundial e incluso <a href=\"https:\/\/elpais.com\/clima-y-medio-ambiente\/2021-12-30\/2021-un-ano-de-crisis-climatica.html\" target=\"_blank\" rel=\"noopener\" data-link-track-dtm=\"\">la gobernanza medioambiental del planeta<\/a>. Si el final no se produce pronto, recibir\u00e1n nuevos impulsos los instintos disruptivos m\u00e1s populistas que han alentado las protestas contra los confinamientos, las mascarillas y las vacunas, hasta influir m\u00e1s all\u00e1 de lo razonable en el signo de las citas electorales m\u00e1s trascendentales del a\u00f1o: las presidenciales en Francia y en Brasil, las generales en Hungr\u00eda y las de mitad de mandato en Estados Unidos. El populismo de ultraderecha juega fuerte en todas estas partidas pero tambi\u00e9n dos mandatarios de signo opuesto como Macron y Orban dirimen su futuro y el de los 27, como lo hace Estados Unidos, donde <a href=\"https:\/\/elpais.com\/opinion\/2021-10-10\/bye-bye-democracia.html\" target=\"_blank\" rel=\"noopener\" data-link-track-dtm=\"\">el republicanismo trumpista pretende recuperar las dos c\u00e1maras<\/a>.<\/p>\n<p class=\"\" style=\"text-align: justify;\">A la democracia ahora vacilante o en retroceso<a href=\"https:\/\/elpais.com\/sociedad\/2021-12-30\/la-imparable-ola-de-contagios-de-la-ola-omicron-obliga-al-gobierno-a-dar-un-giro-en-la-gestion-de-la-pandemia.html\" target=\"_blank\" rel=\"noopener\" data-link-track-dtm=\"\"> le conviene una salida inmediata de la pandemia <\/a>y una recuperaci\u00f3n acelerada, a ser posible acompa\u00f1ada de una persistencia en los planes de est\u00edmulo y de las pol\u00edticas expansivas, no tan solo para <a href=\"https:\/\/elpais.com\/opinion\/2021-11-02\/finanzas-sostenibles.html\" target=\"_blank\" rel=\"noopener\" data-link-track-dtm=\"\">asegurar el cambio digital y la econom\u00eda verde,<\/a> sino tambi\u00e9n paliar la extensi\u00f3n de la nueva pobreza y los incrementos de las desigualdades que han acompa\u00f1ado a esta crisis. No facilitar\u00e1n una recuperaci\u00f3n robusta y libre de sobresaltos los altos niveles de endeudamiento, el horizonte inflacionario y la disrupci\u00f3n de las cadenas globales de producci\u00f3n y de distribuci\u00f3n, no tan solo los producidos por la pandemia, sino tambi\u00e9n los que son fruto de la incipiente guerra fr\u00eda con Rusia y China.<\/p>\n<p>https:\/\/elpais.com\/opinion\/2022-01-01\/el-ano-por-delante.html<\/p>\n","protected":false},"excerpt":{"rendered":"<p>El fin de la pandemia puede contribuir a frenar a escala global los instintos m\u00e1s&#8230;<\/p>\n","protected":false},"author":1,"featured_media":51310,"comment_status":"closed","ping_status":"closed","sticky":false,"template":"","format":"standard","meta":{"_coblocks_attr":"","_coblocks_dimensions":"","_coblocks_responsive_height":"","_coblocks_accordion_ie_support":"","jetpack_post_was_ever_published":false,"_jetpack_newsletter_access":"","_jetpack_dont_email_post_to_subs":false,"_jetpack_newsletter_tier_id":0,"_jetpack_memberships_contains_paywalled_content":false,"_jetpack_memberships_contains_paid_content":false,"footnotes":"","jetpack_publicize_message":"","jetpack_publicize_feature_enabled":true,"jetpack_social_post_already_shared":false,"jetpack_social_options":{"image_generator_settings":{"template":"highway","default_image_id":0,"enabled":false},"version":2}},"categories":[1161,7149,44,7671,6937,15],"tags":[3572,2178,3175],"class_list":["post-51309","post","type-post","status-publish","format-standard","has-post-thumbnail","hentry","category-ciudadania","category-coronavirus","category-noticias-de-hoy","category-politica","category-sociedad","category-ultimas-noticias","tag-pandemia","tag-populismo","tag-ultraderecha"],"jetpack_publicize_connections":[],"jetpack_featured_media_url":"https:\/\/i0.wp.com\/miradordeatarfe.es\/wp-content\/uploads\/2022\/01\/gran-ano-por-delante-22739_8.jpg?fit=846%2C600&ssl=1","jetpack_likes_enabled":true,"jetpack_sharing_enabled":true,"_links":{"self":[{"href":"https:\/\/miradordeatarfe.es\/index.php?rest_route=\/wp\/v2\/posts\/51309","targetHints":{"allow":["GET"]}}],"collection":[{"href":"https:\/\/miradordeatarfe.es\/index.php?rest_route=\/wp\/v2\/posts"}],"about":[{"href":"https:\/\/miradordeatarfe.es\/index.php?rest_route=\/wp\/v2\/types\/post"}],"author":[{"embeddable":true,"href":"https:\/\/miradordeatarfe.es\/index.php?rest_route=\/wp\/v2\/users\/1"}],"replies":[{"embeddable":true,"href":"https:\/\/miradordeatarfe.es\/index.php?rest_route=%2Fwp%2Fv2%2Fcomments&post=51309"}],"version-history":[{"count":1,"href":"https:\/\/miradordeatarfe.es\/index.php?rest_route=\/wp\/v2\/posts\/51309\/revisions"}],"predecessor-version":[{"id":51311,"href":"https:\/\/miradordeatarfe.es\/index.php?rest_route=\/wp\/v2\/posts\/51309\/revisions\/51311"}],"wp:featuredmedia":[{"embeddable":true,"href":"https:\/\/miradordeatarfe.es\/index.php?rest_route=\/wp\/v2\/media\/51310"}],"wp:attachment":[{"href":"https:\/\/miradordeatarfe.es\/index.php?rest_route=%2Fwp%2Fv2%2Fmedia&parent=51309"}],"wp:term":[{"taxonomy":"category","embeddable":true,"href":"https:\/\/miradordeatarfe.es\/index.php?rest_route=%2Fwp%2Fv2%2Fcategories&post=51309"},{"taxonomy":"post_tag","embeddable":true,"href":"https:\/\/miradordeatarfe.es\/index.php?rest_route=%2Fwp%2Fv2%2Ftags&post=51309"}],"curies":[{"name":"wp","href":"https:\/\/api.w.org\/{rel}","templated":true}]}}