{"id":51338,"date":"2022-01-06T08:42:41","date_gmt":"2022-01-06T07:42:41","guid":{"rendered":"http:\/\/miradordeatarfe.es\/?p=51338"},"modified":"2022-01-03T14:49:23","modified_gmt":"2022-01-03T13:49:23","slug":"erich-fromm-y-su-reflexion-sobre-la-capacidad-de-desobedecer-1-enero-2022","status":"publish","type":"post","link":"https:\/\/miradordeatarfe.es\/?p=51338","title":{"rendered":"Erich Fromm y su reflexi\u00f3n sobre la capacidad de desobedecer 1 Enero 2022"},"content":{"rendered":"<header><\/header>\n<div class=\"itemBody\">\n<div class=\"itemIntroText\">\n<h3 style=\"text-align: justify;\"><strong>Erich Fromm<\/strong>, el psicoanalista, psic\u00f3logo social y fil\u00f3sofo humanista de origen jud\u00edo alem\u00e1n conocido por renovadar la teor\u00eda y pr\u00e1ctica psicoanal\u00edtica firm\u00f3 el texto &#8216;La desobediencia como problema psicol\u00f3gico y moral<\/h3>\n<\/div>\n<div class=\"itemFullText\">\n<p style=\"text-align: justify;\">Fromm nos ha regalado sentencias como \u00abAmar con inteligencia y de forma plena es el resultado de un acto deliberado, un prop\u00f3sito que requiere y al mismo tiempo demanda buscar la excelencia\u00bb. En el texto que reproducimos a continuaci\u00f3n, se presentan las ideas del fil\u00f3sofo respecto a la obediencia y la capacidad de desobedecer, que para\u00a0Fromm est\u00e1 perdida.\u00a0<\/p>\n<p style=\"text-align: justify;\">\u00abReyes, sacerdotes, se\u00f1ores feudales, patrones de industrias y padres han insistido durante siglos en que la obediencia es una virtud y la desobediencia es un vicio. Para presentar otro punto de vista enfrentamos esta posici\u00f3n con la formulaci\u00f3n siguiente: la historia humana comenz\u00f3 con un acto de desobediencia, y es probable que termine por un acto de obediencia.<\/p>\n<p style=\"text-align: justify;\">Seg\u00fan los mitos hebreos y griegos, la historia humana se inaugur\u00f3 con un acto de desobediencia. Ad\u00e1n y Eva, cuando viv\u00edan en el Jard\u00edn del Ed\u00e9n, eran parte de la naturaleza; estaban en armon\u00eda con ella, pero no la trascend\u00edan. Estaban en la naturaleza como el feto en el \u00fatero de la madre. Todo esto cambi\u00f3 cuando desobedecieron una orden. Al romper v\u00ednculos con la tierra y madre, al cortar el cord\u00f3n umbilical, el hombre emergi\u00f3 y fue capaz de dar el primer paso hacia la independencia y la libertad. El acto de desobediencia liber\u00f3 a Ad\u00e1n y Eva y les abri\u00f3 los ojos. Se reconocieron uno a otro como extra\u00f1os y al mundo exterior como extra\u00f1o e incluso hostil. El &#8216;pecado original lejos de corromper al hombre, lo liber\u00f3; fue el comienzo de la historia humana. El hombre tuvo que abandonar el Jard\u00edn del Ed\u00e9n para aprende fiar en sus propias fuerzas y llegar a ser plenamente humano\u00bb.<\/p>\n<p style=\"text-align: justify;\">\u00abSi la capacidad de desobediencia constituy\u00f3 el comienzo de la historia humana, la obediencia podr\u00eda muy bien, provocar el fin de la historia humana. No estoy hablando en t\u00e9rminos simb\u00f3licos o po\u00e9ticos. Existe la probabilidad de que la raza humana destruya la civilizaci\u00f3n y tambi\u00e9n toda la vida sobre<a href=\"https:\/\/i0.wp.com\/miradordeatarfe.es\/wp-content\/uploads\/2022\/01\/fromm.webp?ssl=1\"><img data-recalc-dims=\"1\" loading=\"lazy\" decoding=\"async\" class=\"wp-image-51339 size-full alignright\" src=\"https:\/\/i0.wp.com\/miradordeatarfe.es\/wp-content\/uploads\/2022\/01\/fromm.webp?resize=640%2C782&#038;ssl=1\" alt=\"\" width=\"640\" height=\"782\" srcset=\"https:\/\/i0.wp.com\/miradordeatarfe.es\/wp-content\/uploads\/2022\/01\/fromm.webp?w=800&amp;ssl=1 800w, https:\/\/i0.wp.com\/miradordeatarfe.es\/wp-content\/uploads\/2022\/01\/fromm.webp?resize=246%2C300&amp;ssl=1 246w, https:\/\/i0.wp.com\/miradordeatarfe.es\/wp-content\/uploads\/2022\/01\/fromm.webp?resize=768%2C938&amp;ssl=1 768w\" sizes=\"auto, (max-width: 640px) 100vw, 640px\" \/><\/a> la tierra. Estamos viviendo t\u00e9cnicamente en la era at\u00f3mica, pero la mayor\u00eda de los hombres -incluida la mayor\u00eda de los que est\u00e1n en el poder- viven a\u00fan emocionalmente en la Edad de Piedra. Si la humanidad se suicida, ser\u00e1 porque la gente obedecer\u00e1 a quienes le ordenan apretar los botones de la muerte; porque obedecer\u00e1 a las pasiones arcaicas de temor, odio, codicia; porque obedecer\u00e1 a los clis\u00e9s obsoletos de soberan\u00eda estatal y honor nacional.<\/p>\n<p style=\"text-align: justify;\">Pero no quiero significar que toda la desobediencia sea una virtud y toda obediencia un vicio. Tal punto de vista ignorar\u00eda la relaci\u00f3n dial\u00e9ctica que existe entre obediencia y desobediencia. Un acto de obediencia a un principio es necesariamente un acto de desobediencia a su contra parte, y viceversa. Ant\u00edgona constituye el ejemplo cl\u00e1sico de esta dicotom\u00eda. Si obedece a las leyes inhumanas del Estado, Ant\u00edgona debe desobedecer necesariamente las leyes de la humanidad. Si obedece a estas \u00faltimas, debe desobedecer a las primeras. Todos los m\u00e1rtires de la fe religiosa, de la libertad y de la ciencia han tenido que desobedecer a quienes deseaban amordazarlos, para obedecer a su propia conciencia, a las leyes de la humanidad y la raz\u00f3n. Si un hombre solo puede obedecer y no desobedecer, es un esclavo; si solo puede desobedecer y no obedecer, es un rebelde (no un revolucionario); act\u00faa por c\u00f3lera, despecho, resentimiento, pero no en nombre de una convicci\u00f3n o de un principio\u00bb.<\/p>\n<p style=\"text-align: justify;\">\u00abPara desobedecer debemos tener el coraje de estar solos, errar y pecar. Pero el coraje no basta. La capacidad de coraje depende del estado de desarrollo de una persona.<\/p>\n<p style=\"text-align: justify;\">S\u00f3lo si una persona ha emergido del regazo materno y de los mandatos de su padre, s\u00f3lo si ha emergido como individuo plenamente desarrollado y ha adquirido as\u00ed la capacidad de pensar y sentir por s\u00ed mismo, puede tenerel coraje de decir \u201cno\u201d al poder, de desobedecer. Una persona puede llegar a ser libre mediante actos de desobediencia, aprendiendo a decir no al poder. Pero no s\u00f3lo la capacidad de desobediencia es la condici\u00f3n de la libertad; la libertad es tambi\u00e9n la condici\u00f3n de la desobediencia. Si temo a la libertad no puedo atreverme a decir \u201cno\u201d, no puedo tener el coraje de ser desobediente. En verdad, la libertad y la capacidad de desobediencia son inseparables; de ah\u00ed que cualquier sistema social, pol\u00edtico y religioso que proclame la libertad pero reprima la desobediencia, no puede ser sincero. Hay otra raz\u00f3n por la que es tan dif\u00edcil atreverse a desobedecer, a decir \u201cno\u201d a la autoridad. Durante la mayor parte de la historia humana la obediencia se identific\u00f3 con la virtud y la desobediencia con el pecado. La raz\u00f3n es simple: hasta ahora, a lo largo de la mayor parte de la historia, una minor\u00eda ha gobernado a la mayor\u00eda. Este dominio fue necesario por el hecho de que las cosas buenas que exist\u00edan s\u00f3lo bastaban para unos pocos, y los m\u00e1s deb\u00edan conformarse con las migajas.<\/p>\n<p style=\"text-align: justify;\">El hombre ha perdido su capacidad de desobedecer, ni siquiera se da cuenta del hecho de que obedece. En este punto de la historia, la capacidad de dudar, de criticar y de desobedecer puede ser todo lo que media entre la posibilidad de un futuro para la humanidad, y el fin de la civilizaci\u00f3n\u00bb.<\/p>\n<p>FOTO: Una imagen de Ricardo Arce<\/p>\n<p>https:\/\/culturainquieta.com\/es\/pensamiento\/item\/18905-erich-fromm-y-su-reflexion-sobre-la-capacidad-de-desobedecer.html<\/p>\n<\/div>\n<\/div>\n","protected":false},"excerpt":{"rendered":"<p>Erich Fromm, el psicoanalista, psic\u00f3logo social y fil\u00f3sofo humanista de origen jud\u00edo alem\u00e1n conocido por&#8230;<\/p>\n","protected":false},"author":1,"featured_media":51343,"comment_status":"closed","ping_status":"closed","sticky":false,"template":"","format":"standard","meta":{"_coblocks_attr":"","_coblocks_dimensions":"","_coblocks_responsive_height":"","_coblocks_accordion_ie_support":"","jetpack_post_was_ever_published":false,"_jetpack_newsletter_access":"","_jetpack_dont_email_post_to_subs":false,"_jetpack_newsletter_tier_id":0,"_jetpack_memberships_contains_paywalled_content":false,"_jetpack_memberships_contains_paid_content":false,"footnotes":"","jetpack_publicize_message":"","jetpack_publicize_feature_enabled":true,"jetpack_social_post_already_shared":false,"jetpack_social_options":{"image_generator_settings":{"template":"highway","default_image_id":0,"enabled":false},"version":2}},"categories":[1161,44,7671,6937,15],"tags":[1666,8832,2993],"class_list":["post-51338","post","type-post","status-publish","format-standard","has-post-thumbnail","hentry","category-ciudadania","category-noticias-de-hoy","category-politica","category-sociedad","category-ultimas-noticias","tag-desobediencia","tag-obedecer","tag-pensamiento"],"jetpack_publicize_connections":[],"jetpack_featured_media_url":"https:\/\/i0.wp.com\/miradordeatarfe.es\/wp-content\/uploads\/2022\/01\/ricardo_arce-scaled.webp?fit=2560%2C1809&ssl=1","jetpack_likes_enabled":true,"jetpack_sharing_enabled":true,"_links":{"self":[{"href":"https:\/\/miradordeatarfe.es\/index.php?rest_route=\/wp\/v2\/posts\/51338","targetHints":{"allow":["GET"]}}],"collection":[{"href":"https:\/\/miradordeatarfe.es\/index.php?rest_route=\/wp\/v2\/posts"}],"about":[{"href":"https:\/\/miradordeatarfe.es\/index.php?rest_route=\/wp\/v2\/types\/post"}],"author":[{"embeddable":true,"href":"https:\/\/miradordeatarfe.es\/index.php?rest_route=\/wp\/v2\/users\/1"}],"replies":[{"embeddable":true,"href":"https:\/\/miradordeatarfe.es\/index.php?rest_route=%2Fwp%2Fv2%2Fcomments&post=51338"}],"version-history":[{"count":5,"href":"https:\/\/miradordeatarfe.es\/index.php?rest_route=\/wp\/v2\/posts\/51338\/revisions"}],"predecessor-version":[{"id":51346,"href":"https:\/\/miradordeatarfe.es\/index.php?rest_route=\/wp\/v2\/posts\/51338\/revisions\/51346"}],"wp:featuredmedia":[{"embeddable":true,"href":"https:\/\/miradordeatarfe.es\/index.php?rest_route=\/wp\/v2\/media\/51343"}],"wp:attachment":[{"href":"https:\/\/miradordeatarfe.es\/index.php?rest_route=%2Fwp%2Fv2%2Fmedia&parent=51338"}],"wp:term":[{"taxonomy":"category","embeddable":true,"href":"https:\/\/miradordeatarfe.es\/index.php?rest_route=%2Fwp%2Fv2%2Fcategories&post=51338"},{"taxonomy":"post_tag","embeddable":true,"href":"https:\/\/miradordeatarfe.es\/index.php?rest_route=%2Fwp%2Fv2%2Ftags&post=51338"}],"curies":[{"name":"wp","href":"https:\/\/api.w.org\/{rel}","templated":true}]}}