{"id":51384,"date":"2022-01-07T10:32:07","date_gmt":"2022-01-07T09:32:07","guid":{"rendered":"http:\/\/miradordeatarfe.es\/?p=51384"},"modified":"2022-01-05T10:37:45","modified_gmt":"2022-01-05T09:37:45","slug":"a-la-carta-por-manuel-vicent","status":"publish","type":"post","link":"https:\/\/miradordeatarfe.es\/?p=51384","title":{"rendered":"\u00bb A LA CARTA\u00bb por Manuel Vicent"},"content":{"rendered":"<h2 class=\"a_st\" style=\"text-align: justify;\">Sin necesidad de ser un h\u00e9roe, uno debe elegir exactamente lo que desea ver, o\u00edr, pensar y creer<\/h2>\n<p style=\"text-align: justify;\">No se trata de ser un h\u00e9roe, pero una persona decente deber\u00eda prohibirse ciertas veleidades este nuevo a\u00f1o. Si no se quiere perder la dignidad habr\u00eda que negarse a prestar atenci\u00f3n a los debates tabernarios del Parlamento.<\/p>\n<p style=\"text-align: justify;\">Los<a href=\"https:\/\/elpais.com\/espana\/2021-12-12\/la-escalada-de-insultos-envenena-el-parlamento.html\" target=\"_blank\" rel=\"noopener\" data-link-track-dtm=\"\"> insultos y r\u00e9plicas procaces que se intercambian algunos diputados <\/a>van dirigidos con toda intenci\u00f3n a la parte inferior del cuerpo humano donde residen las emociones primarias y los sentimientos m\u00e1s innobles y no hacen sino degradar moralmente al ciudadano corriente, de derechas o de izquierdas. Cuando oigas el rebuzno de alg\u00fan pol\u00edtico exaltado, ponte a salvo, y como ant\u00eddoto elige, por ejemplo, un poema de <a href=\"https:\/\/elpais.com\/espana\/madrid\/2021-12-26\/el-madrilenismo-de-pedro-salinas.html\" target=\"_blank\" rel=\"noopener\" data-link-track-dtm=\"\">Pedro Salinas, lee en voz alta uno de sus versos al azar<\/a> y ver\u00e1s que las palabras tambi\u00e9n pueden tener una cadencia \u00e1urea, un sonido de manantial.<\/p>\n<p style=\"text-align: justify;\">No se trata de ser un h\u00e9roe, pero este a\u00f1o 2022 una persona decente tampoco deber\u00eda permitir que la contaminaci\u00f3n le cause lesiones irreparables en el cerebro. Esta contaminaci\u00f3n t\u00f3xica no se deriva del CO\u2082, sino del veneno informativo que algunos medios y <a href=\"https:\/\/elpais.com\/icon\/actualidad\/2021-04-14\/intercambio-de-ideas-o-nido-de-insultos-el-problema-no-resuelto-de-la-seccion-de-comentarios.html\" target=\"_blank\" rel=\"noopener\" data-link-track-dtm=\"\">las redes sociales vierten en la atm\u00f3sfera<\/a>.<\/p>\n<p style=\"text-align: justify;\">Hay que ponerse a salvo de los infames noticieros, de las opiniones que se solventan a gritos en las tertulias, de los bulos que se propagan de forma exponencial y se convierten en un postre indigesto en cualquier sobremesa. Cuando sientas que el aire es irrespirable pon a todo volumen el <a href=\"https:\/\/www.youtube.com\/watch?v=CIF1kq9s_L0\" target=\"_blank\" rel=\"noopener\" data-link-track-dtm=\"\"><i>Aleluya<\/i> de H\u00e4ndel<\/a>, aspira profundamente su m\u00fasica y un raudal de alegr\u00eda y de optimismo te llenar\u00e1 los pulmones y por un momento llegar\u00e1s a pensar que el mundo, pese a tantos idiotas, sigue siendo maravilloso. Despu\u00e9s de todo, lo que uno oye no es muy distinto de lo que come. Una persona decente no debe permitir que otros le impongan el men\u00fa de su mierda informativa en el plato. Sin necesidad de ser un h\u00e9roe uno debe elegir a la carta lo que desea ver, o\u00edr, pensar y creer. Feliz a\u00f1o.<\/p>\n<p>OPINI\u00d3N EN EL PAIS<\/p>\n<p>https:\/\/elpais.com\/opinion\/2022-01-02\/a-la-carta.html<\/p>\n<p>FOTO: Un libro es un buen ant\u00eddoto contra los rebuznos de los pol\u00edticos exaltados.<span class=\"a_m_m\">\u00a9 GETTYIMAGES<\/span><\/p>\n","protected":false},"excerpt":{"rendered":"<p>Sin necesidad de ser un h\u00e9roe, uno debe elegir exactamente lo que desea ver, o\u00edr,&#8230;<\/p>\n","protected":false},"author":1,"featured_media":51385,"comment_status":"closed","ping_status":"closed","sticky":false,"template":"","format":"standard","meta":{"_coblocks_attr":"","_coblocks_dimensions":"","_coblocks_responsive_height":"","_coblocks_accordion_ie_support":"","jetpack_post_was_ever_published":false,"_jetpack_newsletter_access":"","_jetpack_dont_email_post_to_subs":false,"_jetpack_newsletter_tier_id":0,"_jetpack_memberships_contains_paywalled_content":false,"_jetpack_memberships_contains_paid_content":false,"footnotes":"","jetpack_publicize_message":"","jetpack_publicize_feature_enabled":true,"jetpack_social_post_already_shared":false,"jetpack_social_options":{"image_generator_settings":{"template":"highway","default_image_id":0,"enabled":false},"version":2}},"categories":[1161,44,7671,6937,15],"tags":[8837],"class_list":["post-51384","post","type-post","status-publish","format-standard","has-post-thumbnail","hentry","category-ciudadania","category-noticias-de-hoy","category-politica","category-sociedad","category-ultimas-noticias","tag-salud-social"],"jetpack_publicize_connections":[],"jetpack_featured_media_url":"https:\/\/i0.wp.com\/miradordeatarfe.es\/wp-content\/uploads\/2022\/01\/FIDZ7EXCTQHOFB4MTEII326TRY.webp?fit=1960%2C1308&ssl=1","jetpack_likes_enabled":true,"jetpack_sharing_enabled":true,"_links":{"self":[{"href":"https:\/\/miradordeatarfe.es\/index.php?rest_route=\/wp\/v2\/posts\/51384","targetHints":{"allow":["GET"]}}],"collection":[{"href":"https:\/\/miradordeatarfe.es\/index.php?rest_route=\/wp\/v2\/posts"}],"about":[{"href":"https:\/\/miradordeatarfe.es\/index.php?rest_route=\/wp\/v2\/types\/post"}],"author":[{"embeddable":true,"href":"https:\/\/miradordeatarfe.es\/index.php?rest_route=\/wp\/v2\/users\/1"}],"replies":[{"embeddable":true,"href":"https:\/\/miradordeatarfe.es\/index.php?rest_route=%2Fwp%2Fv2%2Fcomments&post=51384"}],"version-history":[{"count":1,"href":"https:\/\/miradordeatarfe.es\/index.php?rest_route=\/wp\/v2\/posts\/51384\/revisions"}],"predecessor-version":[{"id":51386,"href":"https:\/\/miradordeatarfe.es\/index.php?rest_route=\/wp\/v2\/posts\/51384\/revisions\/51386"}],"wp:featuredmedia":[{"embeddable":true,"href":"https:\/\/miradordeatarfe.es\/index.php?rest_route=\/wp\/v2\/media\/51385"}],"wp:attachment":[{"href":"https:\/\/miradordeatarfe.es\/index.php?rest_route=%2Fwp%2Fv2%2Fmedia&parent=51384"}],"wp:term":[{"taxonomy":"category","embeddable":true,"href":"https:\/\/miradordeatarfe.es\/index.php?rest_route=%2Fwp%2Fv2%2Fcategories&post=51384"},{"taxonomy":"post_tag","embeddable":true,"href":"https:\/\/miradordeatarfe.es\/index.php?rest_route=%2Fwp%2Fv2%2Ftags&post=51384"}],"curies":[{"name":"wp","href":"https:\/\/api.w.org\/{rel}","templated":true}]}}