{"id":51404,"date":"2022-01-08T11:35:53","date_gmt":"2022-01-08T10:35:53","guid":{"rendered":"http:\/\/miradordeatarfe.es\/?p=51404"},"modified":"2022-01-05T12:03:22","modified_gmt":"2022-01-05T11:03:22","slug":"patrimonio-industrial-de-atarfe-por-jose-enrique-granados","status":"publish","type":"post","link":"https:\/\/miradordeatarfe.es\/?p=51404","title":{"rendered":"\u00bb PATRIMONIO INDUSTRIAL DE ATARFE\u00bb por Jos\u00e9 Enrique Granados"},"content":{"rendered":"<div class=\"\" dir=\"auto\">\n<div id=\"jsc_c_1bml\" class=\"ecm0bbzt hv4rvrfc ihqw7lf3 dati1w0a\" data-ad-comet-preview=\"message\" data-ad-preview=\"message\">\n<div class=\"j83agx80 cbu4d94t ew0dbk1b irj2b8pg\">\n<div class=\"qzhwtbm6 knvmm38d\">\n<div class=\"kvgmc6g5 cxmmr5t8 oygrvhab hcukyx3x c1et5uql ii04i59q\">\n<h3 dir=\"auto\" style=\"text-align: justify;\">A lo largo de la historia reciente la actividad industrial ha generado una serie de elementos que paulatinamente se van considerando parte de nuestro patrimonio cultural.<\/h3>\n<div dir=\"auto\" style=\"text-align: justify;\">\u00a0<\/div>\n<div dir=\"auto\" style=\"text-align: justify;\">Estos elementos constitutivos de los procesos de producci\u00f3n y del transporte, as\u00ed como de los equipamientos t\u00e9cnicos, han desempe\u00f1ado un importante papel en la evoluci\u00f3n de nuestras ciudades, en la formaci\u00f3n de los rasgos de identidad de sus espacios y paisajes, y en general en la definici\u00f3n del ambiente vital en que se ha desarrollado la industrializaci\u00f3n.De esta forma, la conservaci\u00f3n y el estudio de dichos testimonios es fundamental para comprender y documentar un periodo clave en la historia de la humanidad.<\/div>\n<div dir=\"auto\" style=\"text-align: justify;\">\u00a0<\/div>\n<div dir=\"auto\" style=\"text-align: justify;\">Se entiende por patrimonio industrial el conjunto de los bienes muebles, inmuebles y sistemas de sociabilidad relacionados con la cultura del trabajo que han sido generados por las actividades de extracci\u00f3n, de transformaci\u00f3n, de transporte, de distribuci\u00f3n y gesti\u00f3n generadas por el sistema econ\u00f3mico surgido de la \u201crevoluci\u00f3n industrial\u201d.<\/div>\n<div dir=\"auto\" style=\"text-align: justify;\">Estos bienes se deben entender como un todo integral compuesto por el paisaje en el que se insertan, las relaciones industriales en que se estructuran, las arquitecturas que los caracteriza, las t\u00e9cnicas utilizadas en sus procedimientos, los archivos generados durante su actividad y sus pr\u00e1cticas de car\u00e1cter simb\u00f3lico.<\/div>\n<div dir=\"auto\" style=\"text-align: justify;\">\u00a0<\/div>\n<div dir=\"auto\" style=\"text-align: justify;\">El patrimonio industrial dispone de una metodolog\u00eda propia de car\u00e1cter interdisciplinar que se denomina Arqueolog\u00eda Industrial. Esta disciplina cient\u00edfica estudia y pone en valor los vestigios materiales e inmateriales como testimonios hist\u00f3ricos de los procesos productivos. Su estudio nos aproxima a una mejor comprensi\u00f3n de las estructuras y los procesos que han generado el desarrollo de las sociedades t\u00e9cnico-industriales, sus fuentes de energ\u00eda, sus lugares y espacios de trabajo, su organizaci\u00f3n productiva y su forma de responder a una econom\u00eda basada en la mecanizaci\u00f3n de los procesos productivos. (Plan Nacional de Patrimonio Industrial, Ministerio de Cultura y Deporte).<\/div>\n<\/div>\n<div class=\"cxmmr5t8 oygrvhab hcukyx3x c1et5uql o9v6fnle ii04i59q\">\n<div dir=\"auto\" style=\"text-align: justify;\">\u00a0<\/div>\n<div dir=\"auto\" style=\"text-align: justify;\">\u00bfSe proteger\u00e1 nuestro patrimonio industrial? \u00bfSeremos capaces de ponerlo en valor y generar los recursos que conlleva su conservaci\u00f3n?<\/div>\n<\/div>\n<div dir=\"auto\"><a href=\"https:\/\/i0.wp.com\/miradordeatarfe.es\/wp-content\/uploads\/2022\/01\/269819395_306868904779932_7862547198468038305_n.jpg?ssl=1\"><img data-recalc-dims=\"1\" loading=\"lazy\" decoding=\"async\" class=\"alignnone wp-image-51405 size-full\" src=\"https:\/\/i0.wp.com\/miradordeatarfe.es\/wp-content\/uploads\/2022\/01\/269819395_306868904779932_7862547198468038305_n.jpg?resize=524%2C960&#038;ssl=1\" alt=\"\" width=\"524\" height=\"960\" srcset=\"https:\/\/i0.wp.com\/miradordeatarfe.es\/wp-content\/uploads\/2022\/01\/269819395_306868904779932_7862547198468038305_n.jpg?w=524&amp;ssl=1 524w, https:\/\/i0.wp.com\/miradordeatarfe.es\/wp-content\/uploads\/2022\/01\/269819395_306868904779932_7862547198468038305_n.jpg?resize=164%2C300&amp;ssl=1 164w\" sizes=\"auto, (max-width: 524px) 100vw, 524px\" \/><\/a><\/div>\n<div class=\"cxmmr5t8 oygrvhab hcukyx3x c1et5uql o9v6fnle ii04i59q\">\n<div dir=\"auto\">\u00a0<\/div>\n<div dir=\"auto\">Fotograf\u00eda cortes\u00eda Jos\u00e9 Manuel Peula.<\/div>\n<\/div>\n<div class=\"cxmmr5t8 oygrvhab hcukyx3x c1et5uql o9v6fnle ii04i59q\">\n<div dir=\"auto\">\u00a0<\/div>\n<div dir=\"auto\">Curiosidades elvirenses.<\/div>\n<\/div>\n<\/div>\n<\/div>\n<\/div>\n<\/div>\n","protected":false},"excerpt":{"rendered":"<p>A lo largo de la historia reciente la actividad industrial ha generado una serie de&#8230;<\/p>\n","protected":false},"author":1,"featured_media":51406,"comment_status":"closed","ping_status":"closed","sticky":false,"template":"","format":"standard","meta":{"_coblocks_attr":"","_coblocks_dimensions":"","_coblocks_responsive_height":"","_coblocks_accordion_ie_support":"","jetpack_post_was_ever_published":false,"_jetpack_newsletter_access":"","_jetpack_dont_email_post_to_subs":false,"_jetpack_newsletter_tier_id":0,"_jetpack_memberships_contains_paywalled_content":false,"_jetpack_memberships_contains_paid_content":false,"footnotes":"","jetpack_publicize_message":"","jetpack_publicize_feature_enabled":true,"jetpack_social_post_already_shared":false,"jetpack_social_options":{"image_generator_settings":{"template":"highway","default_image_id":0,"enabled":false},"version":2}},"categories":[2,1161,1225,186,38,44,15],"tags":[8839],"class_list":["post-51404","post","type-post","status-publish","format-standard","has-post-thumbnail","hentry","category-atarfe","category-ciudadania","category-ha-de-atarfe","category-instituciones","category-opinion-de-jose-enrique-granados","category-noticias-de-hoy","category-ultimas-noticias","tag-patrimonio-industrial"],"jetpack_publicize_connections":[],"jetpack_featured_media_url":"https:\/\/i0.wp.com\/miradordeatarfe.es\/wp-content\/uploads\/2022\/01\/IMG_20201117_124602-scaled.jpg?fit=2560%2C1807&ssl=1","jetpack_likes_enabled":true,"jetpack_sharing_enabled":true,"_links":{"self":[{"href":"https:\/\/miradordeatarfe.es\/index.php?rest_route=\/wp\/v2\/posts\/51404","targetHints":{"allow":["GET"]}}],"collection":[{"href":"https:\/\/miradordeatarfe.es\/index.php?rest_route=\/wp\/v2\/posts"}],"about":[{"href":"https:\/\/miradordeatarfe.es\/index.php?rest_route=\/wp\/v2\/types\/post"}],"author":[{"embeddable":true,"href":"https:\/\/miradordeatarfe.es\/index.php?rest_route=\/wp\/v2\/users\/1"}],"replies":[{"embeddable":true,"href":"https:\/\/miradordeatarfe.es\/index.php?rest_route=%2Fwp%2Fv2%2Fcomments&post=51404"}],"version-history":[{"count":1,"href":"https:\/\/miradordeatarfe.es\/index.php?rest_route=\/wp\/v2\/posts\/51404\/revisions"}],"predecessor-version":[{"id":51407,"href":"https:\/\/miradordeatarfe.es\/index.php?rest_route=\/wp\/v2\/posts\/51404\/revisions\/51407"}],"wp:featuredmedia":[{"embeddable":true,"href":"https:\/\/miradordeatarfe.es\/index.php?rest_route=\/wp\/v2\/media\/51406"}],"wp:attachment":[{"href":"https:\/\/miradordeatarfe.es\/index.php?rest_route=%2Fwp%2Fv2%2Fmedia&parent=51404"}],"wp:term":[{"taxonomy":"category","embeddable":true,"href":"https:\/\/miradordeatarfe.es\/index.php?rest_route=%2Fwp%2Fv2%2Fcategories&post=51404"},{"taxonomy":"post_tag","embeddable":true,"href":"https:\/\/miradordeatarfe.es\/index.php?rest_route=%2Fwp%2Fv2%2Ftags&post=51404"}],"curies":[{"name":"wp","href":"https:\/\/api.w.org\/{rel}","templated":true}]}}