{"id":51408,"date":"2022-01-07T11:05:53","date_gmt":"2022-01-07T10:05:53","guid":{"rendered":"http:\/\/miradordeatarfe.es\/?p=51408"},"modified":"2022-01-05T12:12:48","modified_gmt":"2022-01-05T11:12:48","slug":"natividad-2021-por-alberto-granados","status":"publish","type":"post","link":"https:\/\/miradordeatarfe.es\/?p=51408","title":{"rendered":"\u00abNATIVIDAD, 2021\u00bb por Alberto Granados"},"content":{"rendered":"<div class=\"entry-content\">\n<h3 class=\"has-text-align-right has-black-color has-text-color has-medium-font-size\" style=\"text-align: justify;\" data-adtags-visited=\"true\">A mi buen amigo Manuel Arredondo<\/h3>\n<p class=\"has-black-color has-text-color has-medium-font-size\" style=\"text-align: justify;\" data-adtags-visited=\"true\">Alguien de Forocoches viraliz\u00f3 la noticia: un ni\u00f1o llamado Jes\u00fas (o Cristo, seg\u00fan otros) hab\u00eda nacido en la madrugada del 25 de diciembre de 2021 en uno de los suburbios m\u00e1s desolados de Bel\u00e9n, una ciudad pr\u00f3xima a Jerusal\u00e9n, administrada por Israel. Los medios difundieron el natalicio desde distintos enfoques: seg\u00fan unos, aquel ni\u00f1o era hijo de Mar\u00eda y Jos\u00e9 de Nazaret, un joven matrimonio que viv\u00eda horadamente del trabajo artesanal, mientras para otros el origen de Jes\u00fas era un misterio que dio lugar a montones de memes y <em>tuits<\/em> humor\u00edsticos, ya que afirmaban que era hijo de una muchacha virgen y de una forma de la divinidad llamada Esp\u00edritu Santo. Si ya resultaba raro que existiera una joven que a la edad de Mar\u00eda mantuviera intacta su virginidad, lo de la paternidad divina era m\u00e1s dif\u00edcil de asumir, aunque m\u00e1s de un tertuliano manten\u00eda que era algo similar a la luz que atraviesa el vidrio sin romperlo ni mancharlo.<\/p>\n<p class=\"has-black-color has-text-color has-medium-font-size\" style=\"text-align: justify;\" data-adtags-visited=\"true\">\u00a0\u00a0\u00a0\u00a0\u00a0\u00a0\u00a0\u00a0\u00a0 Este nacimiento, superada la primera oleada de comentarios en las redes, se habr\u00eda difuminado y olvidado en pocos d\u00edas, pero tres conocidos <em>influencers<\/em>, Melchor, Gaspar y Baltasar, anunciaron su intenci\u00f3n de visitar al beb\u00e9 en Bel\u00e9n y dieron cumplida cuenta de las gestiones para obtener el permiso del Estado de Israel, algo que desquiciaba a los jud\u00edos ultraortodoxos y que cre\u00f3 serias tensiones diplom\u00e1ticas. Pensaban regalarle tres extra\u00f1os obsequios: oro, incienso y mirra, productos que inmediatamente se encarecieron y que muchos compraron compulsivamente para tener algo en com\u00fan con la popular familia que, provisionalmente segu\u00eda viviendo en el establo donde hab\u00eda nacido el ni\u00f1o. Amazon, eBay y otras plataformas similares vendieron lo nunca so\u00f1ado, sobre todo, desde que los blogs de los tres hombres detallaban simbolog\u00edas, gestos del beb\u00e9 y fotos, lo que los hac\u00eda reventar de comentarios de sus seguidores. De este modo, una familia tan humilde se convirti\u00f3 en un fen\u00f3meno medi\u00e1tico sin precedentes.<\/p>\n<p class=\"has-black-color has-text-color has-medium-font-size\" style=\"text-align: justify;\" data-adtags-visited=\"true\">Los programas de televisi\u00f3n y las revistas del coraz\u00f3n encontraron una forma de aumentar sus ventas narrando peque\u00f1as an\u00e9cdotas sobre el ni\u00f1o y Telecinco le dedic\u00f3 varias sesiones de <em>S\u00e1lvame de luxe<\/em> donde se comentaba cualquier aspecto del asunto: las finanzas de la familia, la virginidad de Mar\u00eda, la desenfadada complacencia del marido, etc. Hasta hubo un espabilado que se ofreci\u00f3 a servirles de representante a cambio de un 25% de las ganancias obtenidas por conceder entrevistas, posar para sesiones de fotos y otras situaciones parecidas. La revista <em>Hola<\/em> sac\u00f3 un monogr\u00e1fico que tuvo que ser reimprimido hasta cuatro veces y otras revistas del coraz\u00f3n comentaron el maquillaje o el vestuario de Mar\u00eda, en tanto que Boris Izaguirre public\u00f3 una columna en <em>El Pa\u00eds <\/em>en que analizaba los pormenores de aquella extra\u00f1a concepci\u00f3n. \u00a0<\/p>\n<p class=\"has-black-color has-text-color has-medium-font-size\" style=\"text-align: justify;\" data-adtags-visited=\"true\">El hecho es que el peque\u00f1o Jes\u00fas dio pie a una operaci\u00f3n de <em>merchandising<\/em> sin precedentes: camisetas, jarras para cerveza, ceniceros, llaveros, mu\u00f1ecos y mil variantes de cachivaches inservibles estamparon la imagen del chiquillo y varias corporaciones internacionales lo usaron como modelo para las campa\u00f1as de sus productos infantiles. En el \u00e1mbito de la moda, un dise\u00f1ador oportunista cre\u00f3 la llamada <em>Judean fashion<\/em>, que imitaba la vestimenta de las mujeres palestinas.<\/p>\n<p class=\"has-black-color has-text-color has-medium-font-size\" style=\"text-align: justify;\" data-adtags-visited=\"true\">En pocos meses, la familia del aquel beb\u00e9 dispon\u00eda de una envidiable fortuna y la pareja se dividi\u00f3 la tarea: Mar\u00eda se dedic\u00f3 por entero a potenciar la fama de su hijo, al que acompa\u00f1aba a todas partes, en tanto que Jos\u00e9, dolido por los amargos comentarios sobre su virilidad o su paternidad, emigr\u00f3 a los Estados Unidos, se cambi\u00f3 el nombre y dise\u00f1\u00f3 una cadena de muebles por piezas para montar que supuso la ruina de Ikea, ya que los suecos, tan fr\u00edos siempre, nunca pensaron en revestir su negocio de adherencias m\u00edsticas ni leyendas religiosas.<\/p>\n<p class=\"has-black-color has-text-color has-medium-font-size\" style=\"text-align: justify;\" data-adtags-visited=\"true\">El Ni\u00f1o (ya se hab\u00eda ganado la may\u00fascula) crec\u00eda en edad, gracia y sabidur\u00eda, seg\u00fan alg\u00fan cronista y a\u00fan estaba en Primaria cuando decidi\u00f3 echarse a lo que \u00e9l llam\u00f3 su vida p\u00fablica: predicar, hacer milagros, aceptar disc\u00edpulos para externalizar su sabidur\u00eda, adem\u00e1s de sus ayunos y caminatas sobre la superficie de los lagos, todo ello siempre con c\u00e1maras de televisi\u00f3n que filmaban aquel sinvivir y drones que se ocupaban de las multitudinarias concentraciones que se formaban cuando anunciaba su llegada a un pueblo. \u00a0<\/p>\n<p class=\"has-black-color has-text-color has-medium-font-size\" style=\"text-align: justify;\" data-adtags-visited=\"true\">Jes\u00fas ten\u00eda labia. Sab\u00eda convencer a masas enteras con argumentos en que se mezclaban el buenismo, la solidaridad, la generosidad, el desprendimiento de lo material\u2026 y se empez\u00f3 a hablar de una nueva (una m\u00e1s) religi\u00f3n. Los grandes popes de las religiones previas quedaron muy contrariados con los postulados de aquel joven que, sin otro oficio que el de su conversaci\u00f3n, obraba milagros sobre leprosos y ciegos, multiplicaba panes y peces, convert\u00eda el agua en vino y todo ello ante masas de enfervorecidos seguidores.<\/p>\n<p class=\"has-black-color has-text-color has-medium-font-size\" style=\"text-align: justify;\" data-adtags-visited=\"true\">La prensa informaba sin cesar de los postulados que el chico defend\u00eda, siempre controvertidos. Su romance con Mar\u00eda de Magdala, una joven de pasado turbio, fue objeto de muchas horas de debate en las cadenas m\u00e1s populacheras. Pod\u00eda decirse que Jes\u00fas era un tema de permanente actualidad que nunca fallaba ante la audiencia, hasta el punto de que aparecieron varias series hagiogr\u00e1ficas, tantas como otras en que su figura era objeto de la m\u00e1s dura cr\u00edtica.<\/p>\n<p class=\"has-black-color has-text-color has-medium-font-size\" style=\"text-align: justify;\" data-adtags-visited=\"true\">Sin embargo, los poderes f\u00e1cticos ve\u00edan en \u00e9l un peligro. Cuando Cristo dijo \u201cVende todo lo que tienes, reg\u00e1lalo a los pobres y s\u00edgueme\u201d, los agentes econ\u00f3micos montaron en c\u00f3lera y movieron los hilos para que los gobiernos cerraran sus puertas a semejante iluminado, al igual que se hab\u00eda hecho solo unos a\u00f1os antes con Greta Thunberg. Los plut\u00f3cratas rabiaban de ira cuando la prensa dio cuenta de que, seg\u00fan el predicador, era m\u00e1s f\u00e1cil que un camello entrara por el ojo de una aguja que un rico entrara en el Reino de los Cielos y cada manifiesto de Jes\u00fas levantaba tanto entusiasmo entre los desfavorecidos como resquemor en el mundo financiero-empresarial. Tampoco fue bien recibida por los fabricantes y traficantes de armas la idea de que \u201csi te golpean la mejilla izquierda, hay que ofrecer tambi\u00e9n la derecha\u201d. \u00a1Tanto esfuerzo para amasar fortunas y aquel petimetre quer\u00eda que la riqueza y el poder econ\u00f3mico quedaran abolidos! \u00a1Inconcebible! \u00bfQu\u00e9 mundo cre\u00eda posible semejante memo? \u00bfUn mundo al rev\u00e9s? Hab\u00eda que controlar a ese desaprensivo, en una c\u00e1rcel a ser posible y absolutamente incomunicado. Se empezaba con ideas as\u00ed y se pod\u00eda llegar a un mundo subvertido y contrario a sus intereses. Hab\u00eda que pararle los pies, que eliminarlo incluso. \u00c9l lo imaginaba y, curiosamente, lo aceptaba en nombre de una sagrada misi\u00f3n que le hab\u00eda encomendado \u201csu padre, que est\u00e1 en los cielos\u201d. Fueron precisamente los <em>lobbies<\/em> jud\u00edos quienes dise\u00f1aron varias alternativas secretas para eliminar a aquel so\u00f1ador.<\/p>\n<p class=\"has-black-color has-text-color has-medium-font-size\" style=\"text-align: justify;\" data-adtags-visited=\"true\">Para empezar, las redes se esforzaron en desprestigiarlo con argumentos tales como: Es capaz de multiplicar panes y peces, pero no ha hecho nada por erradicar la hambruna de las zonas m\u00e1s pobres del planeta. Cura enfermedades, pero ha dejado a su libre albedr\u00edo a las mil variantes del virus que inici\u00f3 la pandemia de 2020 y que varias d\u00e9cadas despu\u00e9s sigue contagiando y matando. Convierte el agua en vino, pero no parece preocuparle el problema de las zonas des\u00e9rticas, cada vez m\u00e1s amplias en el planeta\u2026<\/p>\n<p class=\"has-black-color has-text-color has-medium-font-size\" style=\"text-align: justify;\" data-adtags-visited=\"true\">Jes\u00fas usaba distintos pasaportes para protegerse, pero Judas, uno de sus seguidores, lo delat\u00f3 y al bajar de un avi\u00f3n en Tel Aviv, fue arrestado por delitos tan difusos como sus propios postulados. Una campa\u00f1a contra \u00e9l (se ha comentado que fue dise\u00f1ada por psic\u00f3logos de masas de la CIA) consigui\u00f3 cambiar el rumbo de su vida y que los mismos que antes lo adoraban pidieran su muerte. Y a los 33 a\u00f1os fue ejecutado p\u00fablicamente, entre dos delincuentes: un banquero corrupto que hab\u00eda saqueado los ahorros de los jubilados y un exministro, igualmente corrupto, que hab\u00eda dilapidado las cuentas corrientes de las ONGs m\u00e1s prestigiosas. En el momento de su muerte se produjo una tormenta que los meteor\u00f3logos no hab\u00edan previsto, una ciclog\u00e9nesis tan extra\u00f1a como repentina, lo que fue interpretado por sus seguidores como un milagro m\u00e1s del Maestro, t\u00edtulo este que le otorgaban sus incondicionales.<\/p>\n<p class=\"has-black-color has-text-color has-medium-font-size\" style=\"text-align: justify;\" data-adtags-visited=\"true\">Para rematar la confusi\u00f3n, tres d\u00edas despu\u00e9s de su muerte su tumba apareci\u00f3 vac\u00eda. Los servicios secretos israel\u00edes consideraban imposible el robo del cad\u00e1ver, aunque no aparec\u00eda el cuerpo. Desde la pantomima de juicio, siempre se hab\u00eda visto a Mar\u00eda, Mar\u00eda de Magdala y algunos disc\u00edpulos unidos en el duelo, y fueron investigados sin poder demostrar ninguna ilegalidad. La prensa sensacionalista empez\u00f3 a especular con la idea de que, en efecto, el predicador fuera hijo de un dios y que hubiera resucitado. Sus adeptos siguieron esa posibilidad y la convirtieron en dogma: Jes\u00fas era hijo de un dios y hab\u00eda venido al mundo con la tarea mesi\u00e1nica de salvar al g\u00e9nero humano de un difuso pecado cometido por Ad\u00e1n y Eva en sus d\u00edas del Ed\u00e9n. \u00a0La muerte y la supuesta resurrecci\u00f3n de Jes\u00fas les dio una nueva fuerza ideol\u00f3gica y crearon una corporaci\u00f3n que r\u00e1pidamente alcanz\u00f3 un poder inexplicable.<\/p>\n<figure class=\"wp-block-image size-large is-resized\" style=\"text-align: justify;\"><a href=\"https:\/\/albertogranados.files.wordpress.com\/2022\/01\/arbol-de-desechos-bajo-un-puente-de-hamburgo.jpg\"><img data-recalc-dims=\"1\" loading=\"lazy\" decoding=\"async\" class=\"wp-image-8766\" src=\"https:\/\/albertogranados.files.wordpress.com\/2022\/01\/arbol-de-desechos-bajo-un-puente-de-hamburgo.jpg?w=700&#038;resize=640%2C360\" sizes=\"auto, (max-width: 837px) 100vw, 837px\" srcset=\"https:\/\/albertogranados.files.wordpress.com\/2022\/01\/arbol-de-desechos-bajo-un-puente-de-hamburgo.jpg 700w, https:\/\/albertogranados.files.wordpress.com\/2022\/01\/arbol-de-desechos-bajo-un-puente-de-hamburgo.jpg?w=150 150w, https:\/\/albertogranados.files.wordpress.com\/2022\/01\/arbol-de-desechos-bajo-un-puente-de-hamburgo.jpg?w=300 300w\" alt=\"\" width=\"640\" height=\"360\" data-attachment-id=\"8766\" data-permalink=\"https:\/\/albertogranados.wordpress.com\/arbol-de-desechos-bajo-un-puente-de-hamburgo\/\" data-orig-file=\"https:\/\/albertogranados.files.wordpress.com\/2022\/01\/arbol-de-desechos-bajo-un-puente-de-hamburgo.jpg\" data-orig-size=\"700,394\" data-comments-opened=\"1\" data-image-meta=\"{&quot;aperture&quot;:&quot;0&quot;,&quot;credit&quot;:&quot;&quot;,&quot;camera&quot;:&quot;&quot;,&quot;caption&quot;:&quot;&quot;,&quot;created_timestamp&quot;:&quot;0&quot;,&quot;copyright&quot;:&quot;&quot;,&quot;focal_length&quot;:&quot;0&quot;,&quot;iso&quot;:&quot;0&quot;,&quot;shutter_speed&quot;:&quot;0&quot;,&quot;title&quot;:&quot;&quot;,&quot;orientation&quot;:&quot;0&quot;}\" data-image-title=\"arbol-de-desechos-bajo-un-puente-de-hamburgo\" data-image-description=\"\" data-image-caption=\"\" data-medium-file=\"https:\/\/albertogranados.files.wordpress.com\/2022\/01\/arbol-de-desechos-bajo-un-puente-de-hamburgo.jpg?w=300\" data-large-file=\"https:\/\/albertogranados.files.wordpress.com\/2022\/01\/arbol-de-desechos-bajo-un-puente-de-hamburgo.jpg?w=560\" \/><\/a><figcaption>\u00c1rbol de desechos bajo un puente de Hamburgo<\/figcaption><\/figure>\n<p class=\"has-black-color has-text-color has-medium-font-size\" style=\"text-align: justify;\" data-adtags-visited=\"true\">Varias d\u00e9cadas despu\u00e9s, esta religi\u00f3n fue perseguida, lo que aument\u00f3 su prestigio y multiplic\u00f3 su presencia, pues la doctrina lleg\u00f3 a expandirse por todo el mundo y, con el paso del tiempo acumul\u00f3 poder y una gran fortuna, ampar\u00e1ndose en lo abstruso de su extra\u00f1a liturgia, llena de simbolog\u00edas y recovecos, algo que alimentaba la fe de los desesperados y que fue imitado hasta la saciedad por sectas y desviaciones dogm\u00e1ticas.<\/p>\n<p class=\"has-black-color has-text-color has-medium-font-size\" style=\"text-align: justify;\" data-adtags-visited=\"true\">Hoy, ya a las puertas del s. XXII, todas estas circunstancias resultan una pura incoherencia: una religi\u00f3n que defiende la generosidad y la pobreza se ha convertido en una verdadera corporaci\u00f3n multinacional que maneja fortunas; su modelo de reparto de la riqueza ha quedado desvirtuado y la brecha entre ricos y pobres se ha hecho abismal; el planeta est\u00e1 enfermo y ning\u00fan poder divino se ocupa de revivir el para\u00edso que fue\u2026 Ya solo quedan t\u00edmidos vestigios de lo que predic\u00f3 y resulta extra\u00f1o que sobreviva su corpus doctrinal y m\u00e1s a\u00fan, que haya gente que encuentre consuelo en tales postulados. La bondad del predicador gener\u00f3 r\u00edos de sangre, guerras de religi\u00f3n, cruzadas, torturas y ejecuciones en el nombre de ese dios, convertido de forma interesada en el instrumento que justificaba toda ignominia.<\/p>\n<p class=\"has-black-color has-text-color has-medium-font-size\" style=\"text-align: justify;\" data-adtags-visited=\"true\">Por su parte, los fieles llegaron a asumir los postulados del palestino, siempre que no invadieran su bienestar, con lo que toda su doctrina qued\u00f3 en papel mojado, en algo ambiguo, cambiante, contradictorio a veces, pero siempre presente en la sociedad\u2026 Solo una parte de sus seguidores sigue sus dictados; el resto se apega a ellos por mera tradici\u00f3n. Eso s\u00ed, la memoria colectiva celebra con verdadera histeria las conmemoraciones de su nacimiento (celebraci\u00f3n convertida en puro consumismo) y la de su ejecuci\u00f3n, mientras el resto del tiempo en la mayor parte de sus fieles solo queda de \u00e9l la iconograf\u00eda y un vago recuerdo, una costumbre casi. Una contradicci\u00f3n m\u00e1s. Si hubo algo de divino en la figura de Jes\u00fas, \u00e9ste solo pudo ser el dios de las contradicciones.<\/p>\n<p class=\"has-black-color has-text-color has-medium-font-size\" style=\"text-align: justify;\" data-adtags-visited=\"true\"><strong>Alberto Granados<\/strong><\/p>\n<p class=\"has-vivid-red-color has-text-color has-medium-font-size\" style=\"text-align: justify;\" data-adtags-visited=\"true\">NOTA: Hace bastantes a\u00f1os, en mi antiguo y desaparecido blog, hice otra interpretaci\u00f3n de la navidad. Sobrevivi\u00f3, adem\u00e1s de en mis carpetas de relatos, en la secci\u00f3n El blog de los lectores de la web de Antonio Mu\u00f1oz Molina: <a href=\"http:\/\/xn--antoniomuozmolina-nxb.es\/2012\/01\/cuento-triste-de-navidad-por-alberto-granados\/\" rel=\"nofollow\">http:\/\/xn--antoniomuozmolina-nxb.es\/2012\/01\/cuento-triste-de-navidad-por-alberto-granados\/<\/a><\/p>\n<p data-adtags-visited=\"true\">FOTO: Bel\u00e9n en la actualidad (Imagen de El Espa\u00f1ol)<\/p>\n<p>https:\/\/albertogranados.wordpress.com\/<\/p>\n<\/div>\n","protected":false},"excerpt":{"rendered":"<p>A mi buen amigo Manuel Arredondo Alguien de Forocoches viraliz\u00f3 la noticia: un ni\u00f1o llamado&#8230;<\/p>\n","protected":false},"author":1,"featured_media":51409,"comment_status":"closed","ping_status":"closed","sticky":false,"template":"","format":"standard","meta":{"_coblocks_attr":"","_coblocks_dimensions":"","_coblocks_responsive_height":"","_coblocks_accordion_ie_support":"","jetpack_post_was_ever_published":false,"_jetpack_newsletter_access":"","_jetpack_dont_email_post_to_subs":false,"_jetpack_newsletter_tier_id":0,"_jetpack_memberships_contains_paywalled_content":false,"_jetpack_memberships_contains_paid_content":false,"footnotes":"","jetpack_publicize_message":"","jetpack_publicize_feature_enabled":true,"jetpack_social_post_already_shared":false,"jetpack_social_options":{"image_generator_settings":{"template":"highway","default_image_id":0,"enabled":false},"version":2}},"categories":[39,1161,44,6937,15],"tags":[1826,23],"class_list":["post-51408","post","type-post","status-publish","format-standard","has-post-thumbnail","hentry","category-opinion-de-alberto-granados","category-ciudadania","category-noticias-de-hoy","category-sociedad","category-ultimas-noticias","tag-navidad","tag-religion"],"jetpack_publicize_connections":[],"jetpack_featured_media_url":"https:\/\/i0.wp.com\/miradordeatarfe.es\/wp-content\/uploads\/2022\/01\/belen-en-la-actualidad-imagen-de-el-espanol.jpg?fit=1706%2C960&ssl=1","jetpack_likes_enabled":true,"jetpack_sharing_enabled":true,"_links":{"self":[{"href":"https:\/\/miradordeatarfe.es\/index.php?rest_route=\/wp\/v2\/posts\/51408","targetHints":{"allow":["GET"]}}],"collection":[{"href":"https:\/\/miradordeatarfe.es\/index.php?rest_route=\/wp\/v2\/posts"}],"about":[{"href":"https:\/\/miradordeatarfe.es\/index.php?rest_route=\/wp\/v2\/types\/post"}],"author":[{"embeddable":true,"href":"https:\/\/miradordeatarfe.es\/index.php?rest_route=\/wp\/v2\/users\/1"}],"replies":[{"embeddable":true,"href":"https:\/\/miradordeatarfe.es\/index.php?rest_route=%2Fwp%2Fv2%2Fcomments&post=51408"}],"version-history":[{"count":1,"href":"https:\/\/miradordeatarfe.es\/index.php?rest_route=\/wp\/v2\/posts\/51408\/revisions"}],"predecessor-version":[{"id":51410,"href":"https:\/\/miradordeatarfe.es\/index.php?rest_route=\/wp\/v2\/posts\/51408\/revisions\/51410"}],"wp:featuredmedia":[{"embeddable":true,"href":"https:\/\/miradordeatarfe.es\/index.php?rest_route=\/wp\/v2\/media\/51409"}],"wp:attachment":[{"href":"https:\/\/miradordeatarfe.es\/index.php?rest_route=%2Fwp%2Fv2%2Fmedia&parent=51408"}],"wp:term":[{"taxonomy":"category","embeddable":true,"href":"https:\/\/miradordeatarfe.es\/index.php?rest_route=%2Fwp%2Fv2%2Fcategories&post=51408"},{"taxonomy":"post_tag","embeddable":true,"href":"https:\/\/miradordeatarfe.es\/index.php?rest_route=%2Fwp%2Fv2%2Ftags&post=51408"}],"curies":[{"name":"wp","href":"https:\/\/api.w.org\/{rel}","templated":true}]}}