{"id":51455,"date":"2022-01-11T08:44:03","date_gmt":"2022-01-11T07:44:03","guid":{"rendered":"http:\/\/miradordeatarfe.es\/?p=51455"},"modified":"2022-01-08T12:47:26","modified_gmt":"2022-01-08T11:47:26","slug":"jovenes-marroquies-huyendo-de-la-guerra","status":"publish","type":"post","link":"https:\/\/miradordeatarfe.es\/?p=51455","title":{"rendered":"J\u00f3venes marroqu\u00edes huyendo de la guerra"},"content":{"rendered":"<h3>Muchos j\u00f3venes marroqu\u00edes no quieren verse envueltos en el conflicto del Sahara Occidental en la que marruecos enfrenta a su ejercito contra la Rep\u00fablica \u00c1rabe Saharaui Democr\u00e1tica (RASD)<\/h3>\n<p>Las fuerzas de seguridad en el enclave de Melilla se enfrentaron la pasada semana a una afluencia masiva de migrantes de un nuevo tipo: Ochenta j\u00f3venes marroqu\u00edes de entre 17 y 20 a\u00f1os treparon por el muro perimetral que separa el territorio de Melilla del de Marruecos, estos migrantes son reclutas del contingente marroqu\u00ed y deben unirse, obligatoriamente, a las filas de las Fuerzas Armadas Reales en 2022 por un per\u00edodo de 12 meses. Catorce de los ochenta j\u00f3venes consiguieron entrar en el enclave.<\/p>\n<p>La dictadura colonialista marroqu\u00ed hab\u00eda abolido el servicio militar obligatorio en 2006, pero tuvo que restaurarlo en 2018 debido a la falta de voluntarios deseosos de unirse a las filas del real ej\u00e9rcito.El 13 de diciembre de 2021 se inici\u00f3 en el reino el operativo para identificar a los futuros 20.000 reclutas para una reanudaci\u00f3n del servicio militar en 2022\u2026 Parece que algunos de los j\u00f3venes entre 19 y 25 a\u00f1os no desean incorporarse al cuartel.<\/p>\n<p>Esta negativa se debe, explica a la agencia de prensa Sputnik, Bachir Mohamed Lahsen, catedr\u00e1tico de ciencias de la comunicaci\u00f3n, especialista en temas africanos de la Universidad de Sevilla, a que la promoci\u00f3n 2022 ser\u00e1 la primera en verse afectada en la guerra en Occidente. Sahara, desde la d\u00e9cada de 1980.<\/p>\n<p>\u201cMuchos j\u00f3venes marroqu\u00edes no quieren verse envueltos en el conflicto del Sahara Occidental en la que marruecos enfrenta a su ejercito contra la Rep\u00fablica \u00c1rabe Saharaui Democr\u00e1tica (RASD)\u2026 [ ] Creo que algunos no est\u00e1n convencidos de esta guerra mientras que otros no quieren perder la vida o resultar heridos en los bombardeos diarios del ej\u00e9rcito saharaui. Es obvio que la l\u00ednea del frente en el S\u00e1hara Occidental no es un lugar que atraiga a los j\u00f3venes\u00bb.<\/p>\n<p>El rechazo, junto al miedo, es mayor por la falta total de informaci\u00f3n, las autoridades marroqu\u00edes imponen un silencio sobre el conflicto armado a las familias de los soldados y a toda la prensa nacional e internacional, que aceptan gustosamente (<em>pocas excepciones<\/em>), sobre lo que est\u00e1 sucediendo en la l\u00ednea del frente. Adem\u00e1s, el catedr\u00e1tico de ciencias de la comunicaci\u00f3n subray\u00f3 que \u00ablas condiciones dentro del ej\u00e9rcito son especialmente dif\u00edciles y son a\u00fan m\u00e1s duras en las unidades ubicadas en la franja del muro de separaci\u00f3n\u201d.<\/p>\n<p>Hasta el momento, no ha habido reacci\u00f3n oficial de las autoridades espa\u00f1olas, ni en Melilla ni en Madrid. \u00abEs un fen\u00f3meno nuevo\u00bb, se\u00f1ala Bachir Mohamed Lahsen: \u201cEstos j\u00f3venes marroqu\u00edes ciertamente esperan que la negativa a pasar su servicio militar sea un argumento aceptado por la administraci\u00f3n espa\u00f1ola para obtener el estatuto de refugiado\u201d\u2026<\/p>\n<p>FOTO: Decenas de j\u00f3venes marroqu\u00edes entran clandestinamente a Melilla para escapar del servicio militar porque no quieren verse envueltos en la guerra colonialista contra el pueblo saharaui.<\/p>\n","protected":false},"excerpt":{"rendered":"<p>Muchos j\u00f3venes marroqu\u00edes no quieren verse envueltos en el conflicto del Sahara Occidental en la&#8230;<\/p>\n","protected":false},"author":1,"featured_media":51456,"comment_status":"closed","ping_status":"closed","sticky":false,"template":"","format":"standard","meta":{"_coblocks_attr":"","_coblocks_dimensions":"","_coblocks_responsive_height":"","_coblocks_accordion_ie_support":"","jetpack_post_was_ever_published":false,"_jetpack_newsletter_access":"","_jetpack_dont_email_post_to_subs":false,"_jetpack_newsletter_tier_id":0,"_jetpack_memberships_contains_paywalled_content":false,"_jetpack_memberships_contains_paid_content":false,"footnotes":"","jetpack_publicize_message":"","jetpack_publicize_feature_enabled":true,"jetpack_social_post_already_shared":false,"jetpack_social_options":{"image_generator_settings":{"template":"highway","default_image_id":0,"enabled":false},"version":2}},"categories":[1161,44,7671,15],"tags":[8844,1493,109],"class_list":["post-51455","post","type-post","status-publish","format-standard","has-post-thumbnail","hentry","category-ciudadania","category-noticias-de-hoy","category-politica","category-ultimas-noticias","tag-guerra-pueblo-saharagaui","tag-marruecos","tag-servicio-militar"],"jetpack_publicize_connections":[],"jetpack_featured_media_url":"https:\/\/i0.wp.com\/miradordeatarfe.es\/wp-content\/uploads\/2022\/01\/jovenes-maruecos-huyen-de-la-guerra-van-Melilla-lqsomos-e1640522482834.jpeg?fit=505%2C305&ssl=1","jetpack_likes_enabled":true,"jetpack_sharing_enabled":true,"_links":{"self":[{"href":"https:\/\/miradordeatarfe.es\/index.php?rest_route=\/wp\/v2\/posts\/51455","targetHints":{"allow":["GET"]}}],"collection":[{"href":"https:\/\/miradordeatarfe.es\/index.php?rest_route=\/wp\/v2\/posts"}],"about":[{"href":"https:\/\/miradordeatarfe.es\/index.php?rest_route=\/wp\/v2\/types\/post"}],"author":[{"embeddable":true,"href":"https:\/\/miradordeatarfe.es\/index.php?rest_route=\/wp\/v2\/users\/1"}],"replies":[{"embeddable":true,"href":"https:\/\/miradordeatarfe.es\/index.php?rest_route=%2Fwp%2Fv2%2Fcomments&post=51455"}],"version-history":[{"count":1,"href":"https:\/\/miradordeatarfe.es\/index.php?rest_route=\/wp\/v2\/posts\/51455\/revisions"}],"predecessor-version":[{"id":51457,"href":"https:\/\/miradordeatarfe.es\/index.php?rest_route=\/wp\/v2\/posts\/51455\/revisions\/51457"}],"wp:featuredmedia":[{"embeddable":true,"href":"https:\/\/miradordeatarfe.es\/index.php?rest_route=\/wp\/v2\/media\/51456"}],"wp:attachment":[{"href":"https:\/\/miradordeatarfe.es\/index.php?rest_route=%2Fwp%2Fv2%2Fmedia&parent=51455"}],"wp:term":[{"taxonomy":"category","embeddable":true,"href":"https:\/\/miradordeatarfe.es\/index.php?rest_route=%2Fwp%2Fv2%2Fcategories&post=51455"},{"taxonomy":"post_tag","embeddable":true,"href":"https:\/\/miradordeatarfe.es\/index.php?rest_route=%2Fwp%2Fv2%2Ftags&post=51455"}],"curies":[{"name":"wp","href":"https:\/\/api.w.org\/{rel}","templated":true}]}}