{"id":51461,"date":"2022-01-16T10:29:43","date_gmt":"2022-01-16T09:29:43","guid":{"rendered":"http:\/\/miradordeatarfe.es\/?p=51461"},"modified":"2022-01-10T19:56:57","modified_gmt":"2022-01-10T18:56:57","slug":"marc-brackett-la-mayoria-de-los-padres-y-maestros-creen-que-la-ansiedad-y-el-estres-son-lo-mismo-cuando-no-lo-son","status":"publish","type":"post","link":"https:\/\/miradordeatarfe.es\/?p=51461","title":{"rendered":"Marc Brackett: \u201cLa mayor\u00eda de los padres y maestros creen que la ansiedad y el estr\u00e9s son lo mismo, cuando no lo son\u201d"},"content":{"rendered":"<h3 class=\"a_st\" style=\"text-align: justify;\">El director del Centro de Inteligencia Emocional de la Universidad de Yale sostiene que un adulto no puede ense\u00f1ar a un ni\u00f1o a manejar sus emociones si no se conoce a s\u00ed mismo<\/h3>\n<p class=\"\" style=\"text-align: justify;\">La infancia del estadounidense Marc Brackett (Nueva Jersey), 52 a\u00f1os pese a su aspecto ani\u00f1ado, fue un infierno del que jam\u00e1s pens\u00f3 que saldr\u00eda: sufri\u00f3 abusos sexuales de un vecino, acoso escolar y bulimia, y en casa tampoco encontraba el descanso, porque su madre era depresiva y ten\u00eda problemas con la bebida y su padre era agresivo. \u201cEl lenguaje de los sentimientos me era desconocido\u201d, cuenta. Por eso, \u201cbendice\u201d cada d\u00eda que su t\u00edo Marvin, un profesor convencido de que las emociones son el eslab\u00f3n perdido de la educaci\u00f3n, le hiciese un test de inteligencia \u2015result\u00f3 ser m\u00e1s listo de lo que dec\u00edan sus notas\u2015 y le preguntase: \u201cMarc, \u00bfc\u00f3mo te sientes?\u201d. Brackett, que fund\u00f3 en 2003 el Centro de Inteligencia Emocional de la Universidad de Yale, le ha dedicado a Marvin el libro<i> Permiso para sentir<\/i> (publicado en espa\u00f1ol por Diana, en 2020) y, basado en los principios de su t\u00edo, crea m\u00e9todos para que aprendan a manejar las emociones desde preescolares a directores de compa\u00f1\u00edas.<\/p>\n<p class=\"\" style=\"text-align: justify;\">Este profesor de Psicolog\u00eda en Yale \u2015la universidad en la que se public\u00f3 por primera vez el concepto de inteligencia emocional, en 1990\u2015 habl\u00f3 de las habilidades afectivas en el foro WISE de la Fundaci\u00f3n Qatar \u2015al que este diario fue invitado por la organizaci\u00f3n\u2015 en un momento de aut\u00e9ntica eclosi\u00f3n de su aprendizaje. <a href=\"https:\/\/elpais.com\/sociedad\/2021-11-14\/espana-una-semana-en-terapia.html\" target=\"_blank\" rel=\"noopener\" data-link-track-dtm=\"\">La pandemia ha puesto el foco en los problemas mentales <\/a>de la poblaci\u00f3n y <a href=\"https:\/\/elpais.com\/eps\/2021-04-11\/etica-en-las-aulas-el-debate.html\" target=\"_blank\" rel=\"noopener\" data-link-track-dtm=\"\">en Espa\u00f1a el manejo de las emociones vertebra en parte la <i>ley Cela\u00e1.<\/i><\/a><\/p>\n<p class=\"\" style=\"text-align: justify;\"><b>Pregunta. <\/b>\u00bfCon la pandemia ha llegado la hora de la inteligencia emocional?<\/p>\n<p class=\"\" style=\"text-align: justify;\"><b>Respuesta.<\/b> Hay padres en Zoom que me dicen: \u201cMarc, yo no lo hab\u00eda pensado, pero ahora que estoy trabajando en casa, que mis hijos est\u00e1n con la tecnolog\u00eda, que hago la comida y esto y lo otro\u2026 \u00a1Necesito ayuda con mis sentimientos!\u201d. Y me pregunto: \u00bfEstamos ante una crisis? <a href=\"https:\/\/elpais.com\/opinion\/2021-11-14\/salud-mental-la-urgencia-de-lo-importante.html\" target=\"_blank\" rel=\"noopener\" data-link-track-dtm=\"\">Es una oportunidad para que la gente se tome en serio sus vidas.<\/a><\/p>\n<blockquote class=\"a_q\">\n<div>Necesito saber que estoy decepcionado para pedir ayuda<\/div>\n<\/blockquote>\n<p class=\"\" style=\"text-align: justify;\"><b>P. <\/b>En <i>Permiso para sentir <\/i>afirma que los padres y los profesores deben conocer sus sentimientos antes de ense\u00f1ar a los ni\u00f1os.<\/p>\n<p class=\"\" style=\"text-align: justify;\"><b>R.<\/b> Por eso digo que la pandemia es una oportunidad de que los padres no solo se preocupen de sus hijos, sino de ellos. T\u00fa no puedes ense\u00f1ar inteligencia emocional a tu hijo si no te conoces. Como no puedes ense\u00f1arle a leer si t\u00fa no sabes.<\/p>\n<p class=\"\" style=\"text-align: justify;\"><b>P. <\/b>\u00bfPor qu\u00e9 es tan importante que los ni\u00f1os se conozcan para aprender?<\/p>\n<p class=\"\" style=\"text-align: justify;\"><b>R. <\/b>La conciencia emocional es un derecho humano. No puedo comunicar mis necesidades si no puedo comunicar mis sentimientos. Necesito saber que estoy decepcionado para pedir ayuda o que estoy enfadado porque alguien me maltrata.<\/p>\n<p class=\"\" style=\"text-align: justify;\"><b>P. <\/b>\u00bfY qu\u00e9 ventajas se logran con la educaci\u00f3n emocional?<\/p>\n<p class=\"\" style=\"text-align: justify;\"><b>R. <\/b>Hablamos de cinco logros: eres mejor aprendiz, tomas mejor las decisiones, <a href=\"https:\/\/elpais.com\/ideas\/2021-08-08\/la-salud-mental-el-gran-desafio-de-una-sanidad-publica-al-limite.html\" target=\"_blank\" rel=\"noopener\" data-link-track-dtm=\"\">puedes construir y mantener mejor las relaciones sociales,<\/a> tienes mejor salud f\u00edsica y mental y puedes construir estrategias para lograr tus sue\u00f1os.<\/p>\n<blockquote class=\"a_q\">\n<div>La parte del cerebro que aprende las habilidades emocionales se puede desarrollar a cualquier edad<\/div>\n<\/blockquote>\n<p class=\"\" style=\"text-align: justify;\"><b>P. <\/b>En una comunidad espa\u00f1ola,<a href=\"https:\/\/elpais.com\/sociedad\/2019\/03\/26\/actualidad\/1553627291_428563.html\" target=\"_blank\" rel=\"noopener\" data-link-track-dtm=\"\"> Canarias, se decidi\u00f3 quitar horas de Matem\u00e1ticas para d\u00e1rselas a educaci\u00f3n emocional y la medida en un principio fue pol\u00e9mica<\/a>.<\/p>\n<p class=\"\" style=\"text-align: justify;\"><b>R.<\/b> \u00a1Perfecto! No puedes hacer nada sin educaci\u00f3n emocional. Yo fui un estudiante fallido y ahora soy profesor universitario. Mi coeficiente intelectual es bastante bueno, pero de ni\u00f1o estaba tan preocupado por mi seguridad que era terrible en el colegio. Ahora echo la vista atr\u00e1s y me digo: \u00bfc\u00f3mo fue posible que ni mis padres ni mis profesores captasen mis expresiones, mi lenguaje corporal? Mi cerebro serv\u00eda para sobrevivir no para aprender. Por suerte mi t\u00edo, mi h\u00e9roe, me dio el permiso para sentir. Me escuch\u00f3 y anim\u00f3. Bendigo que alguien se diese cuenta de lo que estaba pasando.<\/p>\n<p class=\"\" style=\"text-align: justify;\"><b>P.<\/b> \u00bfResulta complicado empezar a conocerte cuando eres un adulto?<\/p>\n<p class=\"\" style=\"text-align: justify;\"><b>R. <\/b>Hay buenas noticias. La parte del cerebro que aprende las habilidades emocionales se puede desarrollar a cualquier edad y eso puede ser liberador y esperanzador para la gente. T\u00fa a\u00fan puedes aprender esas habilidades. El mejor ejemplo es mi padre, de 78 a\u00f1os, que nunca tuvo una educaci\u00f3n emocional. Su nueva mujer me dec\u00eda: \u201cTu padre est\u00e1 enfadado siempre\u201d. Ella se estaba dedicando mucho tiempo a sus nietos y \u00e9l se sinti\u00f3 bloqueado. Le expliqu\u00e9: \u201cPap\u00e1, me parece que lo que est\u00e1s es celoso\u201d. \u201c\u00bfQu\u00e9 quiere decir que estoy celoso?\u201d, me respondi\u00f3. \u201cBueno, me est\u00e1s diciendo que te sientes enfadado cuando tu mujer pasa m\u00e1s tiempo con sus nietos que contigo\u201d, le repliqu\u00e9. Y empez\u00f3 a llorar: \u201c\u00bfMe est\u00e1s diciendo que soy celoso?\u201d. Y yo: \u201cNo, eso me lo est\u00e1s diciendo t\u00fa. Solo lo he verbalizado\u201d. Ese d\u00eda mi padre cambi\u00f3 su comportamiento, se dio cuenta de que nadie pod\u00eda hacer nada por \u00e9l.<\/p>\n<figure class=\"a_m a_m-h\" style=\"text-align: justify;\"><span class=\"_db a_m_w _pr lb_btn\"><img data-recalc-dims=\"1\" loading=\"lazy\" decoding=\"async\" class=\"_re lazyload a_m-h\" src=\"https:\/\/i0.wp.com\/imagenes.elpais.com\/resizer\/4IcOj2-GbwngqMXMVisQ_QAH6a4%3D\/414x0\/cloudfront-eu-central-1.images.arcpublishing.com\/prisa\/MXFGAWNYIJABXIOZ6CUY24EEGA.JPG?resize=414%2C276&#038;ssl=1\" srcset=\"https:\/\/imagenes.elpais.com\/resizer\/4IcOj2-GbwngqMXMVisQ_QAH6a4=\/414x0\/cloudfront-eu-central-1.images.arcpublishing.com\/prisa\/MXFGAWNYIJABXIOZ6CUY24EEGA.JPG 414w,https:\/\/imagenes.elpais.com\/resizer\/sTJvY4am0-x-x9W7c27Ttx0Xaxo=\/828x0\/cloudfront-eu-central-1.images.arcpublishing.com\/prisa\/MXFGAWNYIJABXIOZ6CUY24EEGA.JPG 640w,https:\/\/imagenes.elpais.com\/resizer\/3ZKnq6gp6Omyk3Uh-PlrUaJBQMo=\/980x0\/cloudfront-eu-central-1.images.arcpublishing.com\/prisa\/MXFGAWNYIJABXIOZ6CUY24EEGA.JPG 1000w,https:\/\/imagenes.elpais.com\/resizer\/d0hsa8FtPNDTqtcIpjRiD2wr9pA=\/1960x0\/cloudfront-eu-central-1.images.arcpublishing.com\/prisa\/MXFGAWNYIJABXIOZ6CUY24EEGA.JPG 1960w\" alt=\"Marc Brackett en el foro WISE de la Fundaci\u00f3n Qatar, en diciembre de 2021.\" width=\"414\" height=\"276\" \/><\/span><figcaption class=\"a_m_p\">Marc Brackett en el foro WISE de la Fundaci\u00f3n Qatar, en diciembre de 2021.<\/figcaption><\/figure>\n<p class=\"\" style=\"text-align: justify;\"><b>P. <\/b>En su presentaci\u00f3n ha mostrado una tabla de colores para evaluar las emociones.<\/p>\n<p class=\"\" style=\"text-align: justify;\"><b>R. <\/b>\u00a1El medidor emocional![dice en espa\u00f1ol] Poder nombrar las emociones es important\u00edsimo. Por ejemplo, si te digo: \u00bfcu\u00e1l es la diferencia entre estr\u00e9s y ansiedad?<\/p>\n<p class=\"\" style=\"text-align: justify;\"><b>P.<\/b> No s\u00e9, quiz\u00e1s la ansiedad tiene consecuencias f\u00edsicas.<\/p>\n<p class=\"\" style=\"text-align: justify;\"><b>R.<\/b> El estr\u00e9s llega cuando tenemos muchas demandas, queremos llegar a todas y no tenemos los recursos. Y la ansiedad surge cuando tenemos incertidumbre hacia el futuro. \u00bfPor qu\u00e9 es importante distinguirlos? La mayor\u00eda de los padres y maestros creen que <a href=\"https:\/\/elpais.com\/opinion\/2021-11-15\/al-rescate-de-la-salud-mental.html\" target=\"_blank\" rel=\"noopener\" data-link-track-dtm=\"\">la ansiedad y el estr\u00e9s son lo mismo, ambos malos, pero son muy diferentes<\/a>. Recibo cartas de gente a sus 60, 70 a\u00f1os&#8230; que me dice: \u201c\u00a1Oh Dios m\u00edo, empiezo a entender mis sentimientos!\u201d.<\/p>\n<blockquote class=\"a_q\">\n<div>Sabemos que como nos sintamos influye en c\u00f3mo interactuamos<\/div>\n<\/blockquote>\n<p class=\"\" style=\"text-align: justify;\"><b>P. <\/b>Pero usted piensa que el estr\u00e9s y el enojo pueden ser tambi\u00e9n buenos.<\/p>\n<p class=\"\" style=\"text-align: justify;\"><b>R. <\/b>El estr\u00e9s bueno lleva a la gente a tener un reto y trabajar duro para lograrlo, pero la l\u00ednea al estr\u00e9s malo es fina. Todo depende de la percepci\u00f3n de cada uno, no de la realidad. Participo en muchos actos p\u00fablicos y a veces me digo \u201cotra vez\u2026\u201d. Pero respiro, me quito el estr\u00e9s negativo, y pienso que puedo ense\u00f1ar mi trabajo a personas de muchos pa\u00edses y eso es maravilloso.<\/p>\n<p class=\"\" style=\"text-align: justify;\"><b>P. <\/b>\u00bfEn las charlas creen que es un exc\u00e9ntrico o interesante?<\/p>\n<p class=\"\" style=\"text-align: justify;\"><b>R. <\/b>Una mezcla. <a href=\"https:\/\/elpais.com\/elpais\/2021\/05\/05\/laboratorio_de_felicidad\/1620199337_841689.html\" target=\"_blank\" rel=\"noopener\" data-link-track-dtm=\"\">Es un trabajo complicado porque eval\u00faas sentimientos, <\/a>no es un experimento que controles en el laboratorio. Pero tengo varios mentores que han introducido la idea de la inteligencia emocional [el psic\u00f3logo y rector de Yale Peter Salovey y Jack Mayer, de la Universidad de New Hampshire] y yo ahora me centro en la educaci\u00f3n.<\/p>\n<p class=\"\" style=\"text-align: justify;\"><b>P. <\/b>\u00bfNo puede resultar muy cansado preguntar todo el tiempo a tus alumnos c\u00f3mo se sienten?<\/p>\n<p class=\"\" style=\"text-align: justify;\"><b>R.<\/b> Es mi trabajo y no me gusta estar hablando de mis sentimientos todo el tiempo. Ser\u00eda una locura saber c\u00f3mo te encuentras cada minuto, pero dos veces al d\u00eda \u2015cuando voy a la oficina, despu\u00e9s de comer o cuando vuelvo\u2015 es una buena cosa. Porque sabemos que c\u00f3mo nos sintamos influye en c\u00f3mo interactuamos.<\/p>\n<p class=\"\" style=\"text-align: justify;\"><b>P. <\/b>En sus talleres los profesores lloran cuando se dan cuenta de que tratan de una manera distinta a cada ni\u00f1o, con favoritismos. \u00bfQu\u00e9 tienen que hacer?<\/p>\n<p class=\"\" style=\"text-align: justify;\"><b>R<\/b><a href=\"https:\/\/elpais.com\/elpais\/2021\/05\/10\/laboratorio_de_felicidad\/1620678896_693491.html\" target=\"_blank\" rel=\"noopener\" data-link-track-dtm=\"\"><b>.<\/b> La gente est\u00e1 buscando la respuesta correcta y no la hay.<\/a> Cada uno tiene que construir estrategias para sus circunstancias, para s\u00ed mismo. Decirles a los profesores antes del taller \u201ca por ello\u201d no tiene ning\u00fan sentido. Les reconforta saber que no tienen que saber las respuestas. Esto no va de evaluar con un A, B o un C, sino de ense\u00f1ar a los ni\u00f1os estrategias y que ellos mismos eval\u00faen cu\u00e1les les funcionan.<\/p>\n<p style=\"text-align: justify;\"><a title=\"Ver todas las noticias de Elisa Sili\u00f3\" href=\"https:\/\/elpais.com\/autor\/elisa-silio\/#?rel=author_top\"><strong>Elisa Sili\u00f3<\/strong> <\/a><\/p>\n<p>Es redactora especializada en educaci\u00f3n desde 2013, y en los \u00faltimos tiempos se ha centrado en temas universitarios. Antes dedic\u00f3 su tiempo a la informaci\u00f3n cultural en Babelia, con foco especial en la literatura infantil.<\/p>\n<header class=\"a_e _g _g-xs\">\n<div class=\"a_e_m\">\n<figure class=\"a_m a_m-h\"><figcaption class=\"a_m_p\">FOTO:director centro de inteligencia emocional en la Universidad de Yale<span class=\"a_m_m\">Marc Brackett<\/span><\/figcaption><\/figure>\n<\/div>\n<\/header>\n<div class=\"a_md _g _g-xs \">\n<figure class=\"a_md_i a_m-h\"><span class=\"a_m_w _db\">https:\/\/elpais.com\/educacion\/innovacion\/2022-01-08\/marc-brackett-la-mayoria-de-los-padres-y-maestros-creen-que-la-ansiedad-y-el-estres-son-lo-mismo-cuando-no-lo-son.html<\/span><\/figure>\n<div class=\"a_md_txt\">\n<div class=\"a_md_a\">\u00a0<\/div>\n<\/div>\n<\/div>\n","protected":false},"excerpt":{"rendered":"<p>El director del Centro de Inteligencia Emocional de la Universidad de Yale sostiene que un&#8230;<\/p>\n","protected":false},"author":1,"featured_media":51462,"comment_status":"closed","ping_status":"closed","sticky":false,"template":"","format":"standard","meta":{"_coblocks_attr":"","_coblocks_dimensions":"","_coblocks_responsive_height":"","_coblocks_accordion_ie_support":"","jetpack_post_was_ever_published":false,"_jetpack_newsletter_access":"","_jetpack_dont_email_post_to_subs":false,"_jetpack_newsletter_tier_id":0,"_jetpack_memberships_contains_paywalled_content":false,"_jetpack_memberships_contains_paid_content":false,"footnotes":"","jetpack_publicize_message":"","jetpack_publicize_feature_enabled":true,"jetpack_social_post_already_shared":false,"jetpack_social_options":{"image_generator_settings":{"template":"highway","default_image_id":0,"enabled":false},"version":2}},"categories":[187,1161,44,6937,15,10],"tags":[4929,4927,832],"class_list":["post-51461","post","type-post","status-publish","format-standard","has-post-thumbnail","hentry","category-centros-educativos","category-ciudadania","category-noticias-de-hoy","category-sociedad","category-ultimas-noticias","category-salud","tag-angustia","tag-estress","tag-inteligencia-emocional"],"jetpack_publicize_connections":[],"jetpack_featured_media_url":"https:\/\/i0.wp.com\/miradordeatarfe.es\/wp-content\/uploads\/2022\/01\/23IHQX4QYBCBJEPDXG4Z2NGNQE.jpg?fit=1960%2C1515&ssl=1","jetpack_likes_enabled":true,"jetpack_sharing_enabled":true,"_links":{"self":[{"href":"https:\/\/miradordeatarfe.es\/index.php?rest_route=\/wp\/v2\/posts\/51461","targetHints":{"allow":["GET"]}}],"collection":[{"href":"https:\/\/miradordeatarfe.es\/index.php?rest_route=\/wp\/v2\/posts"}],"about":[{"href":"https:\/\/miradordeatarfe.es\/index.php?rest_route=\/wp\/v2\/types\/post"}],"author":[{"embeddable":true,"href":"https:\/\/miradordeatarfe.es\/index.php?rest_route=\/wp\/v2\/users\/1"}],"replies":[{"embeddable":true,"href":"https:\/\/miradordeatarfe.es\/index.php?rest_route=%2Fwp%2Fv2%2Fcomments&post=51461"}],"version-history":[{"count":1,"href":"https:\/\/miradordeatarfe.es\/index.php?rest_route=\/wp\/v2\/posts\/51461\/revisions"}],"predecessor-version":[{"id":51463,"href":"https:\/\/miradordeatarfe.es\/index.php?rest_route=\/wp\/v2\/posts\/51461\/revisions\/51463"}],"wp:featuredmedia":[{"embeddable":true,"href":"https:\/\/miradordeatarfe.es\/index.php?rest_route=\/wp\/v2\/media\/51462"}],"wp:attachment":[{"href":"https:\/\/miradordeatarfe.es\/index.php?rest_route=%2Fwp%2Fv2%2Fmedia&parent=51461"}],"wp:term":[{"taxonomy":"category","embeddable":true,"href":"https:\/\/miradordeatarfe.es\/index.php?rest_route=%2Fwp%2Fv2%2Fcategories&post=51461"},{"taxonomy":"post_tag","embeddable":true,"href":"https:\/\/miradordeatarfe.es\/index.php?rest_route=%2Fwp%2Fv2%2Ftags&post=51461"}],"curies":[{"name":"wp","href":"https:\/\/api.w.org\/{rel}","templated":true}]}}