{"id":51483,"date":"2022-01-09T09:03:09","date_gmt":"2022-01-09T08:03:09","guid":{"rendered":"http:\/\/miradordeatarfe.es\/?p=51483"},"modified":"2022-01-08T14:09:58","modified_gmt":"2022-01-08T13:09:58","slug":"cultura-convoca-audiciones-para-el-ballet-flamenco-de-andalucia","status":"publish","type":"post","link":"https:\/\/miradordeatarfe.es\/?p=51483","title":{"rendered":"Cultura convoca audiciones para el Ballet Flamenco de Andaluc\u00eda"},"content":{"rendered":"<p><main class=\"fn-content ssc-disable\"><\/p>\n<div class=\"fn-post fn-singular\">\n<article class=\"post-84469 post type-post status-publish format-standard has-post-thumbnail hentry category-granada-es-musica\">\n<h3 class=\"entry-meta\" style=\"text-align: justify;\"><a class=\"entry-author hcard fn\" href=\"https:\/\/www.lavozdegranada.info\/author\/lavozdegranada\/\" target=\"_blank\" rel=\"noopener\">\u00a0<\/a>La Consejer\u00eda de Cultura y Patrimonio Hist\u00f3rico, a trav\u00e9s de la Agencia Andaluza de Instituciones Culturales, convoca audiciones para dotar de puestos de elenco de repetidor, cante, baile, toque y percusi\u00f3n con destino al Ballet Flamenco de Andaluc\u00eda.<\/h3>\n<div>\u00a0<\/div>\n<div class=\"entry-meta\" style=\"text-align: justify;\">Mediante Resoluci\u00f3n de 23 de diciembre de 2021 se convocan estas plazas para el periodo inicial comprendido entre el 1 de abril y el 31 de diciembre de 2022. Las solicitudes deben de presentarse, mediante el modelo adjunto, <strong>antes de 15 d\u00edas naturales siguientes a la publicaci\u00f3n de la convocatoria<\/strong>, (SE HA PUBLICADO EL DIA (<span class=\"nota\">04\/01\/2022)<\/span> que est\u00e1 expuesta en la p\u00e1gina web de la agencia y en el Portal de Transparencia de la Junta de Andaluc\u00eda.<\/div>\n<div style=\"text-align: justify;\">\u00a0<\/div>\n<div style=\"text-align: justify;\"><a href=\"https:\/\/www.juntadeandalucia.es\/boja\/2022\/2\/16\">https:\/\/www.juntadeandalucia.es\/boja\/2022\/2\/16<\/a><\/div>\n<div class=\"entry-body\">\n<p style=\"text-align: justify;\">Las contrataciones derivadas de estas audiciones se formalizar\u00e1n por el periodo inicial comprendido entre el 1 de abril y el 31 de diciembre de 2022 para los dos primeros bailaores, tres primeras bailaoras, dos primeros guitarristas, dos primeros cantaores y el primer percusionista seleccionados. El resto de candidaturas seleccionadas en los listados definitivos del resultado del proceso de selecci\u00f3n, as\u00ed como todas las correspondientes al puesto de repetidor, se considerar\u00e1n candidaturas suplentes.<\/p>\n<p style=\"text-align: justify;\"><strong>Requisitos<\/strong><\/p>\n<p style=\"text-align: justify;\">Los aspirantes deber\u00e1n en adjuntar curr\u00edculum vitae; documentaci\u00f3n acreditativa de la experiencia; fotocopia DNI\/pasaporte\/permiso de trabajo o residencia; fotograf\u00eda reciente de cara; enlace de v\u00eddeo en Youtube u otro v\u00eddeo ejecutando una pieza de baile, cante o toque seg\u00fan el puesto solicitado. \u00danicamente se admitir\u00e1n enlaces web.<\/p>\n<p style=\"text-align: justify;\">Las solicitudes ser\u00e1n dirigidas a la persona titular del Instituto Andaluz de Flamenco y se presentar\u00e1n personalmente en la sede del Ballet Flamenco de Andaluc\u00eda, sita en el Estadio La Cartuja, Puerta 1, 41092, Sevilla, o mediante env\u00edo junto con copia de documentaci\u00f3n adjunta, al email balletflamencodeandalucia@juntadeandalucia.es. Si se opta por esta v\u00eda de presentaci\u00f3n, s\u00f3lo se admitir\u00e1n archivos PDF, JPG y GIF. No se admitir\u00e1n los archivos compartidos en Drive, Dropbox o similar. Las remitidas mediante correo certificado deber\u00e1n remitir, adem\u00e1s, un correo electr\u00f3nico a la anterior direcci\u00f3n dentro del mismo plazo de 15 d\u00edas, adjuntando justificante de la fecha de imposici\u00f3n del env\u00edo en plazo en las oficinas de correos.<\/p>\n<p style=\"text-align: justify;\">Para la evaluaci\u00f3n de las solicitudes se constituir\u00e1 un comit\u00e9 de selecci\u00f3n presidido por la persona directora del Instituto Andaluz de Flamenco m\u00e1s cuatro vocales: Direcci\u00f3n Art\u00edstica del Ballet Flamenco, \u00c1rea de Producci\u00f3n y Distribuci\u00f3n del ballet y dos expertos nombrados por la Gerencia de la Agencia.<\/p>\n<p style=\"text-align: justify;\">Para las audiciones de las especialidades de cante, guitarra y toque la gerencia de la agencia podr\u00e1 designar, al menos, a un asesor externo con voz y sin voto.<\/p>\n<p style=\"text-align: justify;\">La selecci\u00f3n tendr\u00e1 varias fases. La primera consiste en un estudio del historial profesional, donde se ver\u00e1n los v\u00eddeos; tras ello, se publicar\u00e1 en la web de la agencia y el Portal de Transparencia un listado provisional de admitidos y excluidos, que podr\u00e1n formular alegaciones; una vez resueltas estas se publicar\u00e1n listado definitivo. La segunda fase son las audiciones propiamente dichas, que se llevar\u00e1n a cabo en la sede del Ballet Flamenco de Andaluc\u00eda, Estadio La Cartuja, Puerta 1, 41092 Sevilla. Para el puesto de repetidor, la segunda fase implicar\u00e1 la realizaci\u00f3n de una entrevista personal en lugar de una audici\u00f3n, y una prueba pr\u00e1ctica.<\/p>\n<p style=\"text-align: justify;\">Al finalizar las audiciones\/entrevista se publicar\u00e1 un listado provisional (listado provisional n\u00fam. 2) con las puntuaciones totales de cada candidatura seleccionada. Los interesados podr\u00e1n formular las alegaciones a su derecho convengan en el plazo de cinco d\u00edas naturales. Una vez analizadas las alegaciones recibidas, se publicar\u00e1 el listado definitivo de candidaturas (listado definitivo n\u00fam.2), que ser\u00e1 una relaci\u00f3n ordenada seg\u00fan puntuaciones.<\/p>\n<p style=\"text-align: justify;\"><strong>Contenido<\/strong><\/p>\n<p style=\"text-align: justify;\">Las audiciones para bailaor constar\u00e1n de las siguientes pruebas: calentamiento,<br \/>\nclase t\u00e9cnica (escuela bolera\/danza espa\u00f1ola) y clase\/montaje de flamenco. Los participantes vendr\u00e1n provistos de ropa negra, zapatillas, casta\u00f1uelas, zapatos y botas de flamenco. Las audiciones para cantaor, guitarrista y percusionista constar\u00e1n de las siguientes pruebas: cantaor: acompa\u00f1amiento al cante y al baile; guitarrista: toque solista; acompa\u00f1amiento al cante y al baile; percusi\u00f3n: toque solista; acompa\u00f1amiento al cante y al baile. En los tres casos los palos a interpretar por los aspirantes ser\u00e1n elegidos por el comit\u00e9 de selecci\u00f3n.<\/p>\n<p><a class=\"entry-author hcard fn\" href=\"https:\/\/www.lavozdegranada.info\/author\/lavozdegranada\/\" target=\"_blank\" rel=\"noopener\">La Voz de Granada<\/a><\/p>\n<p>https:\/\/www.lavozdegranada.info\/cultura-convoca-audiciones-para-el-ballet-flamenco-de-andalucia\/<\/p>\n<\/div>\n<\/article>\n<\/div>\n<p><\/main><\/p>\n","protected":false},"excerpt":{"rendered":"<p>\u00a0La Consejer\u00eda de Cultura y Patrimonio Hist\u00f3rico, a trav\u00e9s de la Agencia Andaluza de Instituciones&#8230;<\/p>\n","protected":false},"author":1,"featured_media":51484,"comment_status":"closed","ping_status":"closed","sticky":false,"template":"","format":"standard","meta":{"_coblocks_attr":"","_coblocks_dimensions":"","_coblocks_responsive_height":"","_coblocks_accordion_ie_support":"","jetpack_post_was_ever_published":false,"_jetpack_newsletter_access":"","_jetpack_dont_email_post_to_subs":false,"_jetpack_newsletter_tier_id":0,"_jetpack_memberships_contains_paywalled_content":false,"_jetpack_memberships_contains_paid_content":false,"footnotes":"","jetpack_publicize_message":"","jetpack_publicize_feature_enabled":true,"jetpack_social_post_already_shared":false,"jetpack_social_options":{"image_generator_settings":{"template":"highway","default_image_id":0,"enabled":false},"version":2}},"categories":[1161,44,15],"tags":[8849,74],"class_list":["post-51483","post","type-post","status-publish","format-standard","has-post-thumbnail","hentry","category-ciudadania","category-noticias-de-hoy","category-ultimas-noticias","tag-audiciones","tag-trabajo"],"jetpack_publicize_connections":[],"jetpack_featured_media_url":"https:\/\/i0.wp.com\/miradordeatarfe.es\/wp-content\/uploads\/2022\/01\/fotonoticia_20220104172348_1920.jpg?fit=1920%2C1281&ssl=1","jetpack_likes_enabled":true,"jetpack_sharing_enabled":true,"_links":{"self":[{"href":"https:\/\/miradordeatarfe.es\/index.php?rest_route=\/wp\/v2\/posts\/51483","targetHints":{"allow":["GET"]}}],"collection":[{"href":"https:\/\/miradordeatarfe.es\/index.php?rest_route=\/wp\/v2\/posts"}],"about":[{"href":"https:\/\/miradordeatarfe.es\/index.php?rest_route=\/wp\/v2\/types\/post"}],"author":[{"embeddable":true,"href":"https:\/\/miradordeatarfe.es\/index.php?rest_route=\/wp\/v2\/users\/1"}],"replies":[{"embeddable":true,"href":"https:\/\/miradordeatarfe.es\/index.php?rest_route=%2Fwp%2Fv2%2Fcomments&post=51483"}],"version-history":[{"count":1,"href":"https:\/\/miradordeatarfe.es\/index.php?rest_route=\/wp\/v2\/posts\/51483\/revisions"}],"predecessor-version":[{"id":51485,"href":"https:\/\/miradordeatarfe.es\/index.php?rest_route=\/wp\/v2\/posts\/51483\/revisions\/51485"}],"wp:featuredmedia":[{"embeddable":true,"href":"https:\/\/miradordeatarfe.es\/index.php?rest_route=\/wp\/v2\/media\/51484"}],"wp:attachment":[{"href":"https:\/\/miradordeatarfe.es\/index.php?rest_route=%2Fwp%2Fv2%2Fmedia&parent=51483"}],"wp:term":[{"taxonomy":"category","embeddable":true,"href":"https:\/\/miradordeatarfe.es\/index.php?rest_route=%2Fwp%2Fv2%2Fcategories&post=51483"},{"taxonomy":"post_tag","embeddable":true,"href":"https:\/\/miradordeatarfe.es\/index.php?rest_route=%2Fwp%2Fv2%2Ftags&post=51483"}],"curies":[{"name":"wp","href":"https:\/\/api.w.org\/{rel}","templated":true}]}}