{"id":51522,"date":"2022-01-11T09:51:21","date_gmt":"2022-01-11T08:51:21","guid":{"rendered":"https:\/\/miradordeatarfe.es\/?p=51522"},"modified":"2022-01-10T19:56:21","modified_gmt":"2022-01-10T18:56:21","slug":"paguilla-para-jubilados-en-2022-cuando-se-ingresa-y-que-cantidad","status":"publish","type":"post","link":"https:\/\/miradordeatarfe.es\/?p=51522","title":{"rendered":"&#8216;Paguilla&#8217; para jubilados en 2022: cu\u00e1ndo se ingresa y qu\u00e9 cantidad"},"content":{"rendered":"<h2 class=\"voc-sub-title\" style=\"text-align: justify;\">Consiste en una paga extra de la pensi\u00f3n<\/h2>\n<div class=\"voc-author-timesocial \" style=\"text-align: justify;\">\n<div class=\"voc-author-timesocial__social\">Los pensionistas, que en ocasiones pueden cobrar <a href=\"https:\/\/www.ideal.es\/sociedad\/cobrar-dos-pensiones-20220102105618-nt.html\" data-voc-vtm-id=\"in-text-traffic\">dos pagas de jubilaci\u00f3n<\/a>\u00a0a la vez, recuperar\u00e1n la &#8216;paguilla&#8217; este 2022. Se trata de una paga extra\u00a0<a href=\"https:\/\/www.ideal.es\/sociedad\/seguridad-social-incluye-nueva-paga-pensionistas-20211227113255-nt.html\" data-voc-vtm-id=\"in-text-traffic\">de la pensi\u00f3n<\/a> que compensa la p\u00e9rdida de poder adquisitivo de 2021 y que se entregar\u00e1 entre enero y febrero. Esta &#8216;paguilla&#8217; se calcula cuando la inflaci\u00f3n supera la prevista y se usa de base para revalorizar sus prestaciones.<\/div>\n<\/div>\n<p class=\"voc-paragraph\" style=\"text-align: justify;\">El ministro de Inclusi\u00f3n, Seguridad Social y Migraciones, Jos\u00e9 Luis Escriv\u00e1, ha calculado que esta paga compensatoria para los pensionistas costar\u00e1 1.900 millones de euros, que se abonar\u00e1n en el mes de enero pero con efecto presupuestario en 2021. Esta cifra hay que duplicarla, ya que a la parte de compensaci\u00f3n por la desviaci\u00f3n presupuestaria (1.900 millones) hay que sumarle la misma cuant\u00eda para consolidar la n\u00f3mina de las pensiones cara a 2022 (otros 1.900 millones). Por tanto, el monto total para este fin rondar\u00e1 los 3.800 millones de euros. Adem\u00e1s, su ministerio ha lanzado un aviso relevante para las familias numerosas y los empleados del hogar.<\/p>\n<div class=\"voc-detail__cmp voc-detail__cmp--title voc-detail__cmp--no-margin\" style=\"text-align: justify;\">\n<h3 class=\"voc-detail__title\">232 euros<\/h3>\n<\/div>\n<p class=\"voc-paragraph\" style=\"text-align: justify;\">As\u00ed, si sus prestaciones se elevaron un 0,9%, en funci\u00f3n de la inflaci\u00f3n prevista para este a\u00f1o, los precios finalmente han escalado hasta el 2,5%, por lo que el Estado compensar\u00e1 a los mayores con esos 1,6 puntos de diferencia. Significa esto que los pensionistas han recibido cada mes 16,6 euros menos de lo que deber\u00edan para no perder poder adquisitivo, por lo que en la segunda mitad de enero se les compensar\u00e1 con una paga \u00fanica de 232 euros. Esta cantidad se elevar\u00e1 para los jubilados hasta los 267,6 euros, mientras que a las viudas les ingresar\u00e1n 166 euros.<\/p>\n<p class=\"voc-paragraph\" style=\"text-align: justify;\">Tambi\u00e9n tendr\u00e1n derecho a esta &#8216;paguilla&#8217; los cerca de 340.000 beneficiarios del Ingreso M\u00ednimo Vital (IMV), que recibir\u00e1n en funci\u00f3n de la renta que perciban un 1,6% m\u00e1s, cantidad que depender\u00e1 tambi\u00e9n de los meses a los que hayan tenido acceso. Adem\u00e1s, tendr\u00e1n un alza del 3% en 2022.<\/p>\n<p class=\"voc-paragraph\" style=\"text-align: justify;\">Esta se prev\u00e9 que sea la \u00faltima paguilla que se haga, ya que la reforma de las pensiones prevista implica que se actualicen las revalorizaciones de las pensiones seg\u00fan el IPC de los doce meses anteriores a noviembre (en vez de actualizarlas seg\u00fan el IPC previsto para ese a\u00f1o, como se viene haciendo hasta ahora). Eso s\u00ed, los a\u00f1os en los que exista inflaci\u00f3n media anual negativa (como ha sucedido en 2021), los pensionistas no sufrir\u00e1n recorte alguno de sus pagas.<\/p>\n<p>IDEAL<\/p>\n<p>https:\/\/www.ideal.es\/sociedad\/paguilla-jubilados-2022-cuando-cuanto-20220105102711-nt.html<\/p>\n<p>&nbsp;<\/p>\n","protected":false},"excerpt":{"rendered":"<p>Consiste en una paga extra de la pensi\u00f3n Los pensionistas, que en ocasiones pueden cobrar&#8230;<\/p>\n","protected":false},"author":1,"featured_media":51523,"comment_status":"closed","ping_status":"closed","sticky":false,"template":"","format":"standard","meta":{"_coblocks_attr":"","_coblocks_dimensions":"","_coblocks_responsive_height":"","_coblocks_accordion_ie_support":"","jetpack_post_was_ever_published":false,"_jetpack_newsletter_access":"","_jetpack_dont_email_post_to_subs":false,"_jetpack_newsletter_tier_id":0,"_jetpack_memberships_contains_paywalled_content":false,"_jetpack_memberships_contains_paid_content":false,"footnotes":"","jetpack_publicize_message":"","jetpack_publicize_feature_enabled":true,"jetpack_social_post_already_shared":false,"jetpack_social_options":{"image_generator_settings":{"template":"highway","default_image_id":0,"enabled":false},"version":2}},"categories":[1161,44,7671,6937,15],"tags":[8859,8858],"class_list":["post-51522","post","type-post","status-publish","format-standard","has-post-thumbnail","hentry","category-ciudadania","category-noticias-de-hoy","category-politica","category-sociedad","category-ultimas-noticias","tag-jubolados","tag-paga-extra"],"jetpack_publicize_connections":[],"jetpack_featured_media_url":"https:\/\/i0.wp.com\/miradordeatarfe.es\/wp-content\/uploads\/2022\/01\/archivo-kCXC-U160451791350YnC-624x385%40Ideal.jpg?fit=624%2C385&ssl=1","jetpack_likes_enabled":true,"jetpack_sharing_enabled":true,"_links":{"self":[{"href":"https:\/\/miradordeatarfe.es\/index.php?rest_route=\/wp\/v2\/posts\/51522","targetHints":{"allow":["GET"]}}],"collection":[{"href":"https:\/\/miradordeatarfe.es\/index.php?rest_route=\/wp\/v2\/posts"}],"about":[{"href":"https:\/\/miradordeatarfe.es\/index.php?rest_route=\/wp\/v2\/types\/post"}],"author":[{"embeddable":true,"href":"https:\/\/miradordeatarfe.es\/index.php?rest_route=\/wp\/v2\/users\/1"}],"replies":[{"embeddable":true,"href":"https:\/\/miradordeatarfe.es\/index.php?rest_route=%2Fwp%2Fv2%2Fcomments&post=51522"}],"version-history":[{"count":1,"href":"https:\/\/miradordeatarfe.es\/index.php?rest_route=\/wp\/v2\/posts\/51522\/revisions"}],"predecessor-version":[{"id":51524,"href":"https:\/\/miradordeatarfe.es\/index.php?rest_route=\/wp\/v2\/posts\/51522\/revisions\/51524"}],"wp:featuredmedia":[{"embeddable":true,"href":"https:\/\/miradordeatarfe.es\/index.php?rest_route=\/wp\/v2\/media\/51523"}],"wp:attachment":[{"href":"https:\/\/miradordeatarfe.es\/index.php?rest_route=%2Fwp%2Fv2%2Fmedia&parent=51522"}],"wp:term":[{"taxonomy":"category","embeddable":true,"href":"https:\/\/miradordeatarfe.es\/index.php?rest_route=%2Fwp%2Fv2%2Fcategories&post=51522"},{"taxonomy":"post_tag","embeddable":true,"href":"https:\/\/miradordeatarfe.es\/index.php?rest_route=%2Fwp%2Fv2%2Ftags&post=51522"}],"curies":[{"name":"wp","href":"https:\/\/api.w.org\/{rel}","templated":true}]}}