{"id":51541,"date":"2022-01-16T11:00:15","date_gmt":"2022-01-16T10:00:15","guid":{"rendered":"http:\/\/miradordeatarfe.es\/?p=51541"},"modified":"2022-01-12T19:54:26","modified_gmt":"2022-01-12T18:54:26","slug":"san-anton-por-tito-ortiz","status":"publish","type":"post","link":"https:\/\/miradordeatarfe.es\/?p=51541","title":{"rendered":"\u00abSAN ANT\u00d3N\u00bb por TITO ORTIZ"},"content":{"rendered":"<h3 class=\"voc-sub-title\" style=\"text-align: justify;\">Restaurantes de la capital y la provincia empezaron a incluir en sus cartas por estas fechas la olla de San Ant\u00f3n, que hasta entonces hab\u00eda sido casi exclusiva del Albaic\u00edn y el Sacromonte.<\/h3>\n<p class=\"voc-paragraph\" style=\"text-align: justify;\">En aquellos a\u00f1os y por estas fechas, los ni\u00f1os y ni\u00f1as del Albaic\u00edn sol\u00edamos cantar en corro aquello famoso de: \u00abSan Ant\u00f3n mat\u00f3 un marrano y no me dio las morcillas. A San Ant\u00f3n le daremos siete palos en las costillas\u00bb. Porque en nuestras casas ya herv\u00eda la famosa olla con todos sus av\u00edos. Morcilla, chorizo, espinazo, rabo, careta y todo lo que perteneciera a la real anatom\u00eda del cerdo, que junto con las habas secas y el arroz conformaban la comida de varios d\u00edas. Guiso contundente para los fr\u00edos de enero, la olla de San Ant\u00f3n llevaba a la m\u00e1s rabiosa rivalidad a las vecinas, que a la chita callando, compet\u00edan a ver cu\u00e1l de ellas la hac\u00eda m\u00e1s rica. Durante una semana, las hornillas de carb\u00f3n y las de petr\u00f3leo no daban abasto, cociendo desde muy de ma\u00f1ana todos los ingredientes, aromatizando las callejuelas encaladas del barrio albaicinero.<\/p>\n<p class=\"voc-paragraph\" style=\"text-align: justify;\">Los chiquillos baj\u00e1bamos a Casa Ninguno, en la esquina de las dos Calderer\u00edas (la vieja y la nueva) para divertirnos viendo los escaparates, en cuyo interior, ante una fogata simulada con papel de celof\u00e1n rojo y una bombilla el\u00e9ctrica en su interior, sentados en sendas sillas de enea, aparec\u00edan dos cerdos vestidos con trajes de gitanos, a la espera de que se cociera la olla para darse el fest\u00edn. La cara de la gitana era \u2013como la de \u00e9l\u2013 la cabeza del cerdo con los labios pintados de un rojo intenso, unos zarcillos a juego pendiendo de las orejas con mantoncito de lunares a juego sobre los hombros, y vestido de volantes. \u00c9l luc\u00eda un sombrero de ala ancha, pa\u00f1uelo al cuello, chaleco con reloj de bolsillo, un cigarro entre los labios del morro, navaja de siete muelles que sobresal\u00eda de la faja y gancha en la mano diestra. Un porr\u00f3n con vino de la tierra presid\u00eda la mesa de camilla. Desde el final de la Epifan\u00eda hasta el d\u00eda de San Sebasti\u00e1n, ante los escaparates de Casa Ninguno se formaban grandes colas para re\u00edr ante la humorada de la empresa granadina, especializada en todo lo referente al cerdo.<\/p>\n<p class=\"voc-paragraph\" style=\"text-align: justify;\">Pasaron los a\u00f1os y comenzaron varios restaurantes de la capital y la provincia a incluir en sus cartas por estas fechas la olla de San Ant\u00f3n, que hasta entonces hab\u00eda sido casi exclusiva del Albaic\u00edn y el Sacromonte. Muchos de estos establecimiento promocionan este manjar publicitando d\u00f3nde lo podemos encontrar y, de esta forma, hemos conseguido que un guiso humild\u00edsimo que se hac\u00eda con todo lo que nadie quer\u00eda del cerdo, ahora lo podamos degustar en algunos salones de post\u00edn. En el recuerdo tengo a mi inolvidable amigo Antonio Torres, jefe de cocina del restaurante Chikito, que un d\u00eda nos llam\u00f3 a varios amigos como Jos\u00e9 Antonio Lac\u00e1rcel, Orfer y Nono para que prob\u00e1ramos antes de incluirla en la carta, una versi\u00f3n de tan genial plato granadino, pero al que en su elaboraci\u00f3n le hab\u00eda sustra\u00eddo toda la grasa. El invento result\u00f3 ser toda una genialidad, porque la digesti\u00f3n la hicimos en un &#8216;pis pas&#8217;, sin necesidad de bicarbonato. Fue otra genialidad de este cocinero que se nos fue tan pronto, pero que antes recuper\u00f3 platos granadin\u00edsimos, incluida la gastronom\u00eda del reino nazar\u00ed. Buen provecho y al ataque, que hay para repetir.<\/p>\n<p>FOTO: fiestas de S. Ant\u00f3n en Caparacena<\/p>\n","protected":false},"excerpt":{"rendered":"<p>Restaurantes de la capital y la provincia empezaron a incluir en sus cartas por estas&#8230;<\/p>\n","protected":false},"author":1,"featured_media":51542,"comment_status":"closed","ping_status":"closed","sticky":false,"template":"","format":"standard","meta":{"_coblocks_attr":"","_coblocks_dimensions":"","_coblocks_responsive_height":"","_coblocks_accordion_ie_support":"","jetpack_post_was_ever_published":false,"_jetpack_newsletter_access":"","_jetpack_dont_email_post_to_subs":false,"_jetpack_newsletter_tier_id":0,"_jetpack_memberships_contains_paywalled_content":false,"_jetpack_memberships_contains_paid_content":false,"footnotes":"","jetpack_publicize_message":"","jetpack_publicize_feature_enabled":true,"jetpack_social_post_already_shared":false,"jetpack_social_options":{"image_generator_settings":{"template":"highway","default_image_id":0,"enabled":false},"version":2}},"categories":[12,44,7671,6937,15],"tags":[8862],"class_list":["post-51541","post","type-post","status-publish","format-standard","has-post-thumbnail","hentry","category-cultura","category-noticias-de-hoy","category-politica","category-sociedad","category-ultimas-noticias","tag-san-anton"],"jetpack_publicize_connections":[],"jetpack_featured_media_url":"https:\/\/i0.wp.com\/miradordeatarfe.es\/wp-content\/uploads\/2022\/01\/indice-1.jpg?fit=275%2C183&ssl=1","jetpack_likes_enabled":true,"jetpack_sharing_enabled":true,"_links":{"self":[{"href":"https:\/\/miradordeatarfe.es\/index.php?rest_route=\/wp\/v2\/posts\/51541","targetHints":{"allow":["GET"]}}],"collection":[{"href":"https:\/\/miradordeatarfe.es\/index.php?rest_route=\/wp\/v2\/posts"}],"about":[{"href":"https:\/\/miradordeatarfe.es\/index.php?rest_route=\/wp\/v2\/types\/post"}],"author":[{"embeddable":true,"href":"https:\/\/miradordeatarfe.es\/index.php?rest_route=\/wp\/v2\/users\/1"}],"replies":[{"embeddable":true,"href":"https:\/\/miradordeatarfe.es\/index.php?rest_route=%2Fwp%2Fv2%2Fcomments&post=51541"}],"version-history":[{"count":1,"href":"https:\/\/miradordeatarfe.es\/index.php?rest_route=\/wp\/v2\/posts\/51541\/revisions"}],"predecessor-version":[{"id":51543,"href":"https:\/\/miradordeatarfe.es\/index.php?rest_route=\/wp\/v2\/posts\/51541\/revisions\/51543"}],"wp:featuredmedia":[{"embeddable":true,"href":"https:\/\/miradordeatarfe.es\/index.php?rest_route=\/wp\/v2\/media\/51542"}],"wp:attachment":[{"href":"https:\/\/miradordeatarfe.es\/index.php?rest_route=%2Fwp%2Fv2%2Fmedia&parent=51541"}],"wp:term":[{"taxonomy":"category","embeddable":true,"href":"https:\/\/miradordeatarfe.es\/index.php?rest_route=%2Fwp%2Fv2%2Fcategories&post=51541"},{"taxonomy":"post_tag","embeddable":true,"href":"https:\/\/miradordeatarfe.es\/index.php?rest_route=%2Fwp%2Fv2%2Ftags&post=51541"}],"curies":[{"name":"wp","href":"https:\/\/api.w.org\/{rel}","templated":true}]}}