{"id":51544,"date":"2022-01-13T11:37:53","date_gmt":"2022-01-13T10:37:53","guid":{"rendered":"http:\/\/miradordeatarfe.es\/?p=51544"},"modified":"2022-02-12T12:19:00","modified_gmt":"2022-02-12T11:19:00","slug":"a-atletismo-atarfe-le-hacen-una-pcr-que-se-salda-favorablemente-por-manuel-jimenez","status":"publish","type":"post","link":"https:\/\/miradordeatarfe.es\/?p=51544","title":{"rendered":"\u00abA ATLETISMO ATARFE LE HACEN UNA PCR QUE SE SALDA FAVORABLEMENTE\u00bb por Manuel Jim\u00e9nez"},"content":{"rendered":"<h3 align=\"JUSTIFY\"><span style=\"font-family: Arial, serif;\">Fin de semana completito con Atarfe\u00f1os completando la PCR (Pista-Cross-Ruta) que efectivamente se salva con un resultado m\u00e1s que favorable. <\/span><\/h3>\n<p align=\"JUSTIFY\"><span style=\"font-family: Arial, serif;\">La Ruta ha tenido una doble versi\u00f3n, por un lado el \u201cbuscando a Wally\u201d de la semana nos lleva hasta Valencia donde se ha disputado un espectular \u201c10 K\u201d donde se aspiraba a batir record mundiales-europeos y nacionales de varios pa\u00edses qued\u00f3 en algo menos debido a las bajas por COVID y un d\u00eda que amaneci\u00f3 desapacible con ligero viento g\u00e9lido. Hasta la ciudad del Turia viaj\u00f3 Jos\u00e9 Antonio Justicia (Universo Running) que consigue MMP con 32.22 a un ritmo inferior a 3.15\/km, marc\u00f3n. <\/span><\/p>\n<p align=\"JUSTIFY\"><span style=\"font-family: Arial, serif;\">La segunda versi\u00f3n de la Ruta nos lleva a la sevillana Utrera donde se disputa el Campeonato Andaluz de Marcha con una fenomenal Elisabet L\u00f3pez (Ciudad Atarfe) que se trae un bronce en sub 14 inaugurando su palmar\u00e9s que seguro que ir\u00e1 engordando vista la t\u00e9cnica que aplica a su deambular. <\/span><\/p>\n<p align=\"JUSTIFY\"><span style=\"font-family: Arial, serif;\">El Cross nos lleva hasta Co\u00edn hasta donde emigran una pareja de atarfe\u00f1os ante la ausencia de competiciones en nuestra provincia, Elena y Carlos Lucena se vienen con un cuarto y quinto puestos respectivamente, padre e hija lucieron el roji-verde de Ciudad Atarfe en la ribera del Guadalorce dejando muestras de su calidad. <\/span><\/p>\n<p align=\"JUSTIFY\"><span style=\"font-family: Arial, serif;\">En cuanto a la pista se desarrolla en la cubierta de Antequera con buenas sensaciones y varias m\u00ednimas de participaci\u00f3n para los campeonatos auton\u00f3micos am\u00e9n de un sinf\u00edn de MMP. Los 60 lisos, donde la gaditana Mar\u00eda Isabel P\u00e9rez bati\u00f3 el antiguo record nacional de Sandra Mayers que databa de 1990, con 7.21, segunda marca europea y tercera mundial del momento, cont\u00f3 con una nutrida presencia atarfe\u00f1a. A la cabeza un chico fuerte y r\u00e1pido, Antonio Pe\u00f1a, que debuta con 7.33 que es su segunda MMP, a su zaga dos chicarrones que apuntan alto, Jorge Luis Torres (7.49) y Pablo Lozano (7.51) y un veterano con chispa, Gustavo Herrera con 8.38. Celia Mart\u00edn dobla participaci\u00f3n consiguiendo 8.36 en 60 y 1.05.39 en 400. En 400 destaca Carlos Pe\u00f1a marcando 56.00 en la que puede ser su distancia; con Jorge Luis Torres en 56.27 y Gustavo 1.01.89. <\/span><\/p>\n<p align=\"JUSTIFY\"><a href=\"https:\/\/i0.wp.com\/miradordeatarfe.es\/wp-content\/uploads\/2022\/01\/IMG_0867.png?ssl=1\"><img data-recalc-dims=\"1\" loading=\"lazy\" decoding=\"async\" class=\"alignnone wp-image-51547 size-full\" src=\"https:\/\/i0.wp.com\/miradordeatarfe.es\/wp-content\/uploads\/2022\/01\/IMG_0867.png?resize=640%2C1138&#038;ssl=1\" alt=\"\" width=\"640\" height=\"1138\" srcset=\"https:\/\/i0.wp.com\/miradordeatarfe.es\/wp-content\/uploads\/2022\/01\/IMG_0867.png?w=1125&amp;ssl=1 1125w, https:\/\/i0.wp.com\/miradordeatarfe.es\/wp-content\/uploads\/2022\/01\/IMG_0867.png?resize=169%2C300&amp;ssl=1 169w, https:\/\/i0.wp.com\/miradordeatarfe.es\/wp-content\/uploads\/2022\/01\/IMG_0867.png?resize=576%2C1024&amp;ssl=1 576w, https:\/\/i0.wp.com\/miradordeatarfe.es\/wp-content\/uploads\/2022\/01\/IMG_0867.png?resize=768%2C1366&amp;ssl=1 768w, https:\/\/i0.wp.com\/miradordeatarfe.es\/wp-content\/uploads\/2022\/01\/IMG_0867.png?resize=864%2C1536&amp;ssl=1 864w\" sizes=\"auto, (max-width: 640px) 100vw, 640px\" \/><\/a> <a href=\"https:\/\/i0.wp.com\/miradordeatarfe.es\/wp-content\/uploads\/2022\/01\/IMG_0888.jpg?ssl=1\"><img data-recalc-dims=\"1\" loading=\"lazy\" decoding=\"async\" class=\"alignnone wp-image-51548 size-full\" src=\"https:\/\/i0.wp.com\/miradordeatarfe.es\/wp-content\/uploads\/2022\/01\/IMG_0888.jpg?resize=640%2C626&#038;ssl=1\" alt=\"\" width=\"640\" height=\"626\" srcset=\"https:\/\/i0.wp.com\/miradordeatarfe.es\/wp-content\/uploads\/2022\/01\/IMG_0888.jpg?w=1125&amp;ssl=1 1125w, https:\/\/i0.wp.com\/miradordeatarfe.es\/wp-content\/uploads\/2022\/01\/IMG_0888.jpg?resize=300%2C294&amp;ssl=1 300w, https:\/\/i0.wp.com\/miradordeatarfe.es\/wp-content\/uploads\/2022\/01\/IMG_0888.jpg?resize=1024%2C1002&amp;ssl=1 1024w, https:\/\/i0.wp.com\/miradordeatarfe.es\/wp-content\/uploads\/2022\/01\/IMG_0888.jpg?resize=768%2C752&amp;ssl=1 768w\" sizes=\"auto, (max-width: 640px) 100vw, 640px\" \/><\/a><\/p>\n<p align=\"JUSTIFY\"><a name=\"Bookmark\"><\/a><\/p>\n","protected":false},"excerpt":{"rendered":"<p>Fin de semana completito con Atarfe\u00f1os completando la PCR (Pista-Cross-Ruta) que efectivamente se salva con&#8230;<\/p>\n","protected":false},"author":1,"featured_media":51545,"comment_status":"closed","ping_status":"closed","sticky":false,"template":"","format":"standard","meta":{"_coblocks_attr":"","_coblocks_dimensions":"","_coblocks_responsive_height":"","_coblocks_accordion_ie_support":"","jetpack_post_was_ever_published":false,"_jetpack_newsletter_access":"","_jetpack_dont_email_post_to_subs":false,"_jetpack_newsletter_tier_id":0,"_jetpack_memberships_contains_paywalled_content":false,"_jetpack_memberships_contains_paid_content":false,"footnotes":"","jetpack_publicize_message":"","jetpack_publicize_feature_enabled":true,"jetpack_social_post_already_shared":false,"jetpack_social_options":{"image_generator_settings":{"template":"highway","default_image_id":0,"enabled":false},"version":2}},"categories":[2,182,6915,44,15],"tags":[81,85,322],"class_list":["post-51544","post","type-post","status-publish","format-standard","has-post-thumbnail","hentry","category-atarfe","category-deportes","category-opinion-de-manuel-jimenez","category-noticias-de-hoy","category-ultimas-noticias","tag-atarfe","tag-atletismo","tag-deporte"],"jetpack_publicize_connections":[],"jetpack_featured_media_url":"https:\/\/i0.wp.com\/miradordeatarfe.es\/wp-content\/uploads\/2022\/01\/IMG_0889.jpg?fit=1125%2C1061&ssl=1","jetpack_likes_enabled":true,"jetpack_sharing_enabled":true,"_links":{"self":[{"href":"https:\/\/miradordeatarfe.es\/index.php?rest_route=\/wp\/v2\/posts\/51544","targetHints":{"allow":["GET"]}}],"collection":[{"href":"https:\/\/miradordeatarfe.es\/index.php?rest_route=\/wp\/v2\/posts"}],"about":[{"href":"https:\/\/miradordeatarfe.es\/index.php?rest_route=\/wp\/v2\/types\/post"}],"author":[{"embeddable":true,"href":"https:\/\/miradordeatarfe.es\/index.php?rest_route=\/wp\/v2\/users\/1"}],"replies":[{"embeddable":true,"href":"https:\/\/miradordeatarfe.es\/index.php?rest_route=%2Fwp%2Fv2%2Fcomments&post=51544"}],"version-history":[{"count":2,"href":"https:\/\/miradordeatarfe.es\/index.php?rest_route=\/wp\/v2\/posts\/51544\/revisions"}],"predecessor-version":[{"id":51549,"href":"https:\/\/miradordeatarfe.es\/index.php?rest_route=\/wp\/v2\/posts\/51544\/revisions\/51549"}],"wp:featuredmedia":[{"embeddable":true,"href":"https:\/\/miradordeatarfe.es\/index.php?rest_route=\/wp\/v2\/media\/51545"}],"wp:attachment":[{"href":"https:\/\/miradordeatarfe.es\/index.php?rest_route=%2Fwp%2Fv2%2Fmedia&parent=51544"}],"wp:term":[{"taxonomy":"category","embeddable":true,"href":"https:\/\/miradordeatarfe.es\/index.php?rest_route=%2Fwp%2Fv2%2Fcategories&post=51544"},{"taxonomy":"post_tag","embeddable":true,"href":"https:\/\/miradordeatarfe.es\/index.php?rest_route=%2Fwp%2Fv2%2Ftags&post=51544"}],"curies":[{"name":"wp","href":"https:\/\/api.w.org\/{rel}","templated":true}]}}