{"id":51559,"date":"2022-01-17T10:33:08","date_gmt":"2022-01-17T09:33:08","guid":{"rendered":"http:\/\/miradordeatarfe.es\/?p=51559"},"modified":"2022-01-12T20:36:16","modified_gmt":"2022-01-12T19:36:16","slug":"un-aula-pionera-acerca-la-formacion-academica-a-mayores-de-50-anos-a-traves-de-lacaixa-diputacion-y-la-ugr","status":"publish","type":"post","link":"https:\/\/miradordeatarfe.es\/?p=51559","title":{"rendered":"Un aula pionera acerca la formaci\u00f3n acad\u00e9mica a mayores de 50 a\u00f1os a trav\u00e9s de LaCaixa, Diputaci\u00f3n y la UGR"},"content":{"rendered":"<h3 style=\"text-align: justify;\">El acuerdo har\u00e1 posible, adem\u00e1s, que los estudiantes universitarios mayores participen en nuevas actividades de formaci\u00f3n y de investigaci\u00f3n.<\/h3>\n<div class=\"mce-body \">\n<p class=\"mce\" style=\"text-align: justify;\">Un <strong class=\"mce\">convenio<\/strong> entre la Fundaci\u00f3n LaCaixa, la Universidad de Granada (<a class=\"mce\" href=\"http:\/\/www.granadahoy.com\/tag\/UGR\" rel=\"dofollow\">UGR<\/a>) y la Diputaci\u00f3n de Granada permitir\u00e1 expandir la actividad de <strong class=\"mce\">un aula virtual pionera que hace accesible la formaci\u00f3n abierta y superior a personas mayores<\/strong> de 50 a\u00f1os.\u00a0Este acuerdo ha sido rubricado entre Pilar Aranda, rectora de la UGR, Juan Ignacio Zafra, director territorial de CaixaBank en Andaluc\u00eda oriental, y Jos\u00e9 Entrena, presidente de la Diputaci\u00f3n de Granada, seg\u00fan han informado este martes sus promotores.<\/p>\n<p class=\"mce\" style=\"text-align: justify;\">Aranda ha destacado la <strong class=\"mce\">importancia<\/strong> de este aula virtual que permitir\u00e1 poner en marcha un proyecto pionero para acercar la instituci\u00f3n acad\u00e9mica y permitir el acceso a su formaci\u00f3n e investigaci\u00f3n a m\u00e1s personas que hace tiempo quer\u00edan formar parte de su comunidad.<\/p>\n<p class=\"mce\" style=\"text-align: justify;\">Seg\u00fan Entrena, el convenio materializa el <strong class=\"mce\">objetivo estrat\u00e9gico<\/strong> de poner en marcha servicios y programas para fomentar la participaci\u00f3n social y la autonom\u00eda personal de los mayores, as\u00ed como la creaci\u00f3n de espacios comunes de convivencia.<\/p>\n<p class=\"mce\" style=\"text-align: justify;\">El aula virtual permitir\u00e1 llevar el programa de mayores <strong class=\"mce\">m\u00e1s all\u00e1<\/strong> <strong class=\"mce\">de las seis sedes<\/strong> que tienen en la actualidad en Granada, Guadix, Baza, Motril, Ceuta y Melilla.<\/p>\n<p class=\"mce\" style=\"text-align: justify;\">Gracias a este nuevo proyecto muchos hombres y mujeres <strong class=\"mce\">que no pod\u00edan acudir a estos centros<\/strong> o que, dadas las actuales circunstancias sanitarias, ten\u00edan reparos a asistir a aulas con m\u00e1s gente, puedan ahora participar en el proyecto formativo.<\/p>\n<p class=\"mce\" style=\"text-align: justify;\">El aula virtual es el primer objetivo que se pretende con este convenio que permitir\u00e1, adem\u00e1s, celebrar actos acad\u00e9micos de inauguraci\u00f3n y clausura del curso acad\u00e9mico, desarrollar un encuentro anual y <strong class=\"mce\">poner en marcha labores de investigaci\u00f3n<\/strong>.<\/p>\n<p class=\"mce\" style=\"text-align: justify;\">Tambi\u00e9n finalmente se desarrollar\u00e1 y <strong class=\"mce\">difundir\u00e1<\/strong> <strong class=\"mce\">el Aula Lorquiana y el proyecto Aula Lorca-Falla<\/strong>, que incluye talleres de arte y creatividad, teatro y coro, as\u00ed como el Seminario de M\u00fasica o el Club de lectura \u00abLo que vale una vida\u00bb.<\/p>\n<p class=\"mce\" style=\"text-align: justify;\">El<strong class=\"mce\"> Aula Permanente de Formaci\u00f3n Abierta<\/strong> es una iniciativa que se puso en marcha en 1994 y que tuvo un car\u00e1cter especialmente innovador y novedoso, con el objetivo de atender la demanda educativa de las personas mayores de 50 a\u00f1os, a las que se admite en la universidad sin ninguna otra exigencia previa m\u00e1s que haber cumplido esa edad.<\/p>\n<\/div>\n<h3><small><\/small><small class=\"author\">R. G. <\/small><\/h3>\n<div class=\"pg-media\">\n<figure id=\"media-holder_1642905369\" class=\"image-holder\"><figcaption>\n<div class=\"footnote\">\n<p class=\"text\">FOTO: Firma del convenio entre Diputaci\u00f3n, UGR y LaCaixa para crear el aula virtual para mayores. <wbr><\/wbr> \/ <span class=\"source\">G. H.<\/span><\/p>\n<\/div>\n<\/figcaption><\/figure>\n<\/div>\n<div class=\"pg-body\">\n<section class=\"nws-data\">\n<p>https:\/\/www.granadahoy.com\/granada\/aula-pionera-formacion-academica-mayores-Caixa-Diputacion-UGR_0_1646536849.html<\/p>\n<\/section>\n<\/div>\n","protected":false},"excerpt":{"rendered":"<p>El acuerdo har\u00e1 posible, adem\u00e1s, que los estudiantes universitarios mayores participen en nuevas actividades de&#8230;<\/p>\n","protected":false},"author":1,"featured_media":51560,"comment_status":"closed","ping_status":"closed","sticky":false,"template":"","format":"standard","meta":{"_coblocks_attr":"","_coblocks_dimensions":"","_coblocks_responsive_height":"","_coblocks_accordion_ie_support":"","jetpack_post_was_ever_published":false,"_jetpack_newsletter_access":"","_jetpack_dont_email_post_to_subs":false,"_jetpack_newsletter_tier_id":0,"_jetpack_memberships_contains_paywalled_content":false,"_jetpack_memberships_contains_paid_content":false,"footnotes":"","jetpack_publicize_message":"","jetpack_publicize_feature_enabled":true,"jetpack_social_post_already_shared":false,"jetpack_social_options":{"image_generator_settings":{"template":"highway","default_image_id":0,"enabled":false},"version":2}},"categories":[1161,44,6937,15,10],"tags":[7376],"class_list":["post-51559","post","type-post","status-publish","format-standard","has-post-thumbnail","hentry","category-ciudadania","category-noticias-de-hoy","category-sociedad","category-ultimas-noticias","category-salud","tag-aula-de-mayores"],"jetpack_publicize_connections":[],"jetpack_featured_media_url":"https:\/\/i0.wp.com\/miradordeatarfe.es\/wp-content\/uploads\/2022\/01\/Firma-convenio-Diputacion-UGR-LaCaixa_1646545811_150261104_667x375.jpg?fit=667%2C375&ssl=1","jetpack_likes_enabled":true,"jetpack_sharing_enabled":true,"_links":{"self":[{"href":"https:\/\/miradordeatarfe.es\/index.php?rest_route=\/wp\/v2\/posts\/51559","targetHints":{"allow":["GET"]}}],"collection":[{"href":"https:\/\/miradordeatarfe.es\/index.php?rest_route=\/wp\/v2\/posts"}],"about":[{"href":"https:\/\/miradordeatarfe.es\/index.php?rest_route=\/wp\/v2\/types\/post"}],"author":[{"embeddable":true,"href":"https:\/\/miradordeatarfe.es\/index.php?rest_route=\/wp\/v2\/users\/1"}],"replies":[{"embeddable":true,"href":"https:\/\/miradordeatarfe.es\/index.php?rest_route=%2Fwp%2Fv2%2Fcomments&post=51559"}],"version-history":[{"count":1,"href":"https:\/\/miradordeatarfe.es\/index.php?rest_route=\/wp\/v2\/posts\/51559\/revisions"}],"predecessor-version":[{"id":51561,"href":"https:\/\/miradordeatarfe.es\/index.php?rest_route=\/wp\/v2\/posts\/51559\/revisions\/51561"}],"wp:featuredmedia":[{"embeddable":true,"href":"https:\/\/miradordeatarfe.es\/index.php?rest_route=\/wp\/v2\/media\/51560"}],"wp:attachment":[{"href":"https:\/\/miradordeatarfe.es\/index.php?rest_route=%2Fwp%2Fv2%2Fmedia&parent=51559"}],"wp:term":[{"taxonomy":"category","embeddable":true,"href":"https:\/\/miradordeatarfe.es\/index.php?rest_route=%2Fwp%2Fv2%2Fcategories&post=51559"},{"taxonomy":"post_tag","embeddable":true,"href":"https:\/\/miradordeatarfe.es\/index.php?rest_route=%2Fwp%2Fv2%2Ftags&post=51559"}],"curies":[{"name":"wp","href":"https:\/\/api.w.org\/{rel}","templated":true}]}}