{"id":51562,"date":"2022-01-17T10:36:23","date_gmt":"2022-01-17T09:36:23","guid":{"rendered":"http:\/\/miradordeatarfe.es\/?p=51562"},"modified":"2022-01-12T20:44:13","modified_gmt":"2022-01-12T19:44:13","slug":"coronafobia-que-es-y-cuales-son-sus-sintomas","status":"publish","type":"post","link":"https:\/\/miradordeatarfe.es\/?p=51562","title":{"rendered":"Coronafobia: qu\u00e9 es y cu\u00e1les son sus s\u00edntomas"},"content":{"rendered":"<header class=\"pg-head\">\n<h3>Una de las grandes afectadas por el covid durante estos a\u00f1os ha sido la salud mental.<\/h3>\n<\/header>\n<div class=\"gd\">\n<div class=\"gdu u16 u-first\">\n<div class=\"pg-body\">\n<div class=\"mce-body \">\n<p class=\"mce\">El covid 19 ha tra\u00eddo <strong class=\"mce\">consecuencias devastadoras<\/strong>. Contagios disparados, restricciones y medidas han sido los protagonistas de los \u00faltimos a\u00f1os. Esto, en t\u00e9rminos de consecuencias directas del virus, pero tambi\u00e9n existen <strong class=\"mce\">otros \u00e1mbitos que se han visto afectados por la pandemia<\/strong>. La econom\u00eda o la salud mental han sido, tambi\u00e9n, dos grandes perjudicados.<\/p>\n<div class=\"bbc-19j92fr e57qer20 mce\" dir=\"ltr\">\n<p class=\"bbc-bm53ic e1cc2ql70 mce\" dir=\"ltr\">Las cat\u00e1strofes o situaciones de alarma propician\u00a0la a<strong class=\"mce\">parici\u00f3n de trastornos relacionados con el miedo excesivo y la ansiedad<\/strong>, as\u00ed como agravan los s\u00edntomas de aquellas personas que padecen alg\u00fan problema de salud mental. Una pandemia, por tanto, es un caldo de cultivo ideal para las fobias.<\/p>\n<p class=\"bbc-bm53ic e1cc2ql70 mce\" dir=\"ltr\">Adem\u00e1s de los efectos negativos en nuestra salud mental que han dado lugar situaciones como el aislamiento o la p\u00e9rdida de seres queridos, ha entrado en escena una nueva fobia derivada del <strong class=\"mce\">miedo absoluto a contagiarse o morir por covid<\/strong>.\u00a0<\/p>\n<h2 class=\"mce\">\u00bfCu\u00e1les son los s\u00edntomas habituales de la coronafobia?<\/h2>\n<p class=\"bbc-bm53ic e1cc2ql70 mce\" dir=\"ltr\">El <strong class=\"mce\">miedo patol\u00f3gico<\/strong> a contagiarse de coronavirus ha recibido el nombre de coronafobia. Y aunque lo padece \u00fanicamente un grupo muy reducido de la poblaci\u00f3n, est\u00e1 presente en nuestras vidas e identificarlo puede ser el primer paso para ponernos en manos expertas.<\/p>\n<p class=\"bbc-bm53ic e1cc2ql70 mce\" dir=\"ltr\">El perfil de los afectados por coronafobia no es, por lo general, el de personas con patolog\u00edas mentales previas, sino personas sanas que est\u00e1n empezando a sufrir las consecuencias del covid y la <strong class=\"mce\">sobreinformaci\u00f3n<\/strong>.<\/p>\n<p class=\"bbc-bm53ic e1cc2ql70 mce\" dir=\"ltr\">Los s\u00edntomas o signos que deben ponernos en alerta son:<\/p>\n<ul class=\"mce\">\n<li class=\"mce\"><strong class=\"mce\">Miedo desproporcionado<\/strong>: ansiedad por usar mascarilla y mantener la distancia incluso al aire libre.<\/li>\n<li class=\"mce\"><strong class=\"mce\">Miedo y ansiedad intensos y persistentes<\/strong>\u00a0<\/li>\n<li class=\"mce\"><strong class=\"mce\">Dificultad para dejar de pensar y preocuparse<\/strong> por el coronavirus.<\/li>\n<li class=\"mce\"><strong class=\"mce\">Dejar de realizar actividades<\/strong> por el miedo a contagiarse incluso en contextos seguros.<\/li>\n<li class=\"mce\">Buscar constantemente informaci\u00f3n sobre los s\u00edntomas y la<strong class=\"mce\"> autoobservaci\u00f3n continua<\/strong> en busca de signos de la enfermedad.<\/li>\n<li class=\"mce\"><strong class=\"mce\">Obsesi\u00f3n<\/strong> con la limpieza, la higiene de manos y la desinfecci\u00f3n.<\/li>\n<li class=\"mce\">Realizarse <strong class=\"mce\">test de detecci\u00f3n<\/strong> de covid constantemente.<\/li>\n<\/ul>\n<div class=\"pg-media\">\n<figure id=\"media-holder_2095088222\" class=\"image-holder\"><figcaption>\n<div class=\"footnote\">\n<p><small><\/small><small class=\"author\">Redacci\u00f3n<\/small> GRANADA HOY<\/p>\n<p class=\"text\">FOTO: Cualquier persona puede llegar a padecer coronafobia. <wbr><\/wbr><\/p>\n<p>https:\/\/www.granadahoy.com\/sociedad\/Coronafobia-que-es-sintomas_0_1646835647.html<\/p>\n<\/div>\n<\/figcaption><\/figure>\n<\/div>\n<div class=\"pg-body\">\n<section class=\"nws-data\">\n<p class=\"byline\"><small> <br \/>\n<\/small><\/p>\n<\/section>\n<\/div>\n<\/div>\n<\/div>\n<\/div>\n<\/div>\n<\/div>\n","protected":false},"excerpt":{"rendered":"<p>Una de las grandes afectadas por el covid durante estos a\u00f1os ha sido la salud&#8230;<\/p>\n","protected":false},"author":1,"featured_media":51563,"comment_status":"closed","ping_status":"closed","sticky":false,"template":"","format":"standard","meta":{"_coblocks_attr":"","_coblocks_dimensions":"","_coblocks_responsive_height":"","_coblocks_accordion_ie_support":"","jetpack_post_was_ever_published":false,"_jetpack_newsletter_access":"","_jetpack_dont_email_post_to_subs":false,"_jetpack_newsletter_tier_id":0,"_jetpack_memberships_contains_paywalled_content":false,"_jetpack_memberships_contains_paid_content":false,"footnotes":"","jetpack_publicize_message":"","jetpack_publicize_feature_enabled":true,"jetpack_social_post_already_shared":false,"jetpack_social_options":{"image_generator_settings":{"template":"highway","default_image_id":0,"enabled":false},"version":2}},"categories":[1161,7149,44,6937,15,10],"tags":[1604,2088],"class_list":["post-51562","post","type-post","status-publish","format-standard","has-post-thumbnail","hentry","category-ciudadania","category-coronavirus","category-noticias-de-hoy","category-sociedad","category-ultimas-noticias","category-salud","tag-depresion","tag-miedo"],"jetpack_publicize_connections":[],"jetpack_featured_media_url":"https:\/\/i0.wp.com\/miradordeatarfe.es\/wp-content\/uploads\/2022\/01\/Cualquier-persona-llegar-padecer-coronafobia_1646845419_150281780_667x375.jpg?fit=667%2C375&ssl=1","jetpack_likes_enabled":true,"jetpack_sharing_enabled":true,"_links":{"self":[{"href":"https:\/\/miradordeatarfe.es\/index.php?rest_route=\/wp\/v2\/posts\/51562","targetHints":{"allow":["GET"]}}],"collection":[{"href":"https:\/\/miradordeatarfe.es\/index.php?rest_route=\/wp\/v2\/posts"}],"about":[{"href":"https:\/\/miradordeatarfe.es\/index.php?rest_route=\/wp\/v2\/types\/post"}],"author":[{"embeddable":true,"href":"https:\/\/miradordeatarfe.es\/index.php?rest_route=\/wp\/v2\/users\/1"}],"replies":[{"embeddable":true,"href":"https:\/\/miradordeatarfe.es\/index.php?rest_route=%2Fwp%2Fv2%2Fcomments&post=51562"}],"version-history":[{"count":1,"href":"https:\/\/miradordeatarfe.es\/index.php?rest_route=\/wp\/v2\/posts\/51562\/revisions"}],"predecessor-version":[{"id":51564,"href":"https:\/\/miradordeatarfe.es\/index.php?rest_route=\/wp\/v2\/posts\/51562\/revisions\/51564"}],"wp:featuredmedia":[{"embeddable":true,"href":"https:\/\/miradordeatarfe.es\/index.php?rest_route=\/wp\/v2\/media\/51563"}],"wp:attachment":[{"href":"https:\/\/miradordeatarfe.es\/index.php?rest_route=%2Fwp%2Fv2%2Fmedia&parent=51562"}],"wp:term":[{"taxonomy":"category","embeddable":true,"href":"https:\/\/miradordeatarfe.es\/index.php?rest_route=%2Fwp%2Fv2%2Fcategories&post=51562"},{"taxonomy":"post_tag","embeddable":true,"href":"https:\/\/miradordeatarfe.es\/index.php?rest_route=%2Fwp%2Fv2%2Ftags&post=51562"}],"curies":[{"name":"wp","href":"https:\/\/api.w.org\/{rel}","templated":true}]}}