{"id":51608,"date":"2022-01-19T09:55:15","date_gmt":"2022-01-19T08:55:15","guid":{"rendered":"http:\/\/miradordeatarfe.es\/?p=51608"},"modified":"2022-01-17T21:01:47","modified_gmt":"2022-01-17T20:01:47","slug":"la-capital-propone-que-el-metro-conecte-los-barrios-los-pueblos-al-sur-y-el-aeropuerto-en-vez-de-atravesar-el-centro","status":"publish","type":"post","link":"https:\/\/miradordeatarfe.es\/?p=51608","title":{"rendered":"La capital propone que el Metro conecte los barrios, los pueblos al sur y el aeropuerto en vez de atravesar el centro"},"content":{"rendered":"<h3 style=\"text-align: justify;\">Cuenca afirma que la l\u00ednea por el casco hist\u00f3rico \u00abse parece mucho a la LAC, que no funcion\u00f3\u00bb.<\/h3>\n<div id=\"main\" style=\"text-align: justify;\">\n<div class=\"item\">\n<div class=\"cols2-2\">\n<div class=\"colA\">\n<div class=\"datos\">\n<div class=\"addthis_sharing_toolbox addthis\" data-url=\"https:\/\/www.elindependientedegranada.es\/economia\/capital-propone-que-metro-conecte-barrios-pueblos-sur-aeropuerto-vez-atravesar-centro\" data-title=\"La capital propone que el Metro conecte los barrios, los pueblos al sur y el aeropuerto en vez de atravesar el centro | El Independiente de Granada\">\n<div id=\"atstbx\" class=\"at-share-tbx-element addthis-smartlayers addthis-animated at4-show\" role=\"region\" aria-labelledby=\"at-aee26b1f-0c05-45e4-ad44-de5b53e37455\">\u00a0<\/div>\n<\/div>\n<\/div>\n<\/div>\n<\/div>\n<\/div>\n<\/div>\n<div class=\"blq-img mainImg\" style=\"text-align: justify;\">\n<div class=\"txt\">\n<div class=\"pie\">\u00a0<\/div>\n<\/div>\n<\/div>\n<div class=\"cuerpo\">\n<p style=\"text-align: justify;\">El Ayuntamiento de Granada propone como prioridad que la nueva l\u00ednea del Metro conecte los barrios de Granada y que se prolongue hacia los municipios de la cornisa Sur del \u00c1rea Metropolitana y hacia el Aeropuerto. As\u00ed lo ha anunciado este jueves el alcalde, Francisco Cuenca, quien el viernes se reunir\u00e1 con la consejera de Fomento, Marifr\u00e1n Carazo, a la que trasladar\u00e1 \u201cla visi\u00f3n de la ciudad\u201d y exigir\u00e1 \u201cque se escuche a Granada antes de elaborar un documento de forma unilateral\u201d.<\/p>\n<p style=\"text-align: justify;\">\u201cPara nosotros es fundamental una l\u00ednea 2 del metro Este-Oeste que conecte La Chana con el entorno de Genil -Avenida de Cervantes, Bola de Oro y Carretera de la Sierra- porque no nos quedamos ah\u00ed\u201d, ha explicado Cuenca. \u201cEn un futuro, este dise\u00f1o nos permitir\u00e1 buscar la conexi\u00f3n hasta una infraestructura b\u00e1sica como el aeropuerto, y conectar tambi\u00e9n por el Este el distrito Genil con los municipios metropolitanos que m\u00e1s flujo de veh\u00edculos privados generan diariamente, como son Hu\u00e9tor Vega, C\u00e1jar, o La Zubia, todos ubicados en la cornisa Sur\u201d.<\/p>\n<p class=\"sumari\" style=\"text-align: justify;\">El alcalde trasladar\u00e1 a la consejera de Fomento la visi\u00f3n municipal respecto de la \u00abconectividad que puede permitir una infraestructura tan importante como el Metro\u00bb<\/p>\n<p style=\"text-align: justify;\">El regidor, que tiene prevista este viernes una reuni\u00f3n con la consejera de Fomento para tratar \u201csobre asuntos fundamentales para Granada\u201d ha anunciado que aprovechar\u00e1 tambi\u00e9n el encuentro para \u201ctrasladarle cu\u00e1l es nuestra visi\u00f3n respecto de la conectividad que puede permitir una infraestructura tan importante como el Metro, no s\u00f3lo para la mejora de la movilidad, sino, especialmente para la mejora de la calidad del aire de nuestra ciudad metropolitana\u201d.<\/p>\n<h4 style=\"text-align: justify;\">Ampliaci\u00f3n \u00abunilateral\u00bb<\/h4>\n<p style=\"text-align: justify;\">En este sentido, Cuenca ha reclamado a la Junta de Andaluc\u00eda \u201clealtad y visi\u00f3n de alianza permanente\u201d, tras conocer que Fomento ha elaborado \u201cde forma unilateral\u201d un proyecto de ampliaci\u00f3n del Metro. \u201cNo me parece de recibo que tengamos que leer a trav\u00e9s de una web o de los medios de comunicaci\u00f3n una propuesta para la ampliaci\u00f3n del trazado del Metropolitano sin previamente sentarse con Granada o hacer un planteamiento de estudio compartido conjunto\u201d, ha lamentado.<\/p>\n<p style=\"text-align: justify;\">\u201cAs\u00ed se lo he trasladado a la propia consejera y se lo voy a trasladar al presidente de la Junta, porque para los asuntos de Granada, con quien primero hay que hablar es con quien representa a todos los granadinos y granadinas en nuestra ciudad, que es el Ayuntamiento\u201d, ha reiterado.<\/p>\n<p style=\"text-align: justify;\">Respecto al documento elaborado por Fomento, que seg\u00fan ha afirmado \u201cest\u00e1 en un tr\u00e1mite inicial de alegaciones\u201d,\u00a0 el regidor asegura que se parece mucho a la LAC. \u201cEs como si estuvieran volviendo otra vez a la etapa de Torres Hurtado, ya que hacen una ampliaci\u00f3n del Metro desde la Caleta al entorno del Palacio de Congresos. Eso suena a LAC, algo\u00a0 que no funcion\u00f3 en su momento porque lo \u00fanico que hizo es expulsar a usuarios del autob\u00fas por su corto recorrido y su falta de visi\u00f3n\u201d.<\/p>\n<p style=\"text-align: justify;\">Para el regidor, quien ha recordado que \u201cel gran \u00e9xito del metro se debe a que tiene una clara visi\u00f3n metropolitana\u201d, la propuesta de la Junta de Andaluc\u00eda \u201ces un recorrido muy corto que simplemente pretende hacer una especia de transbordo o intercambio para recorrer el centro\u201d. En consecuencia, seg\u00fan ha avanzado, el Ayuntamiento presentar\u00e1 alegaciones al documento \u201cque nos hemos encontrado en una p\u00e1gina web\u201d.<\/p>\n<p style=\"text-align: justify;\">Tras asegurar que \u201cno hay por qu\u00e9 renunciar a la l\u00ednea por el centro\u201d, Cuenca ha reiterado que \u201capostando por una l\u00ednea 2 del metro con una clara visi\u00f3n metropolitana y no con una visi\u00f3n tan cortita que se parece mucho a la LAC, estamos contribuyendo a paliar el gran problema de la alta contaminaci\u00f3n. Ahora mismo la actual l\u00ednea 1 de metro da cobertura a 133.636 persona y con nuestra propuesta de esta l\u00ednea 2 estar\u00edamos llegando a 350.000 personas\u201d, ha concluido.<\/p>\n<div class=\"pie\"><strong> <span class=\"autor\"> IndeGranada<\/span><\/strong><\/div>\n<div class=\"firma\">Ayto. Granada<\/div>\n<div class=\"pie\">Cuenca explica su propuesta para el Metro.<\/div>\n<div class=\"firma\">FOTO: Ayto. Granada. Cuenca explica su propuesta para el Metro.<\/div>\n<div>https:\/\/www.elindependientedegranada.es\/economia\/capital-propone-que-metro-conecte-barrios-pueblos-sur-aeropuerto-vez-atravesar-centro?s=09<\/div>\n<\/div>\n","protected":false},"excerpt":{"rendered":"<p>Cuenca afirma que la l\u00ednea por el casco hist\u00f3rico \u00abse parece mucho a la LAC,&#8230;<\/p>\n","protected":false},"author":1,"featured_media":51609,"comment_status":"closed","ping_status":"closed","sticky":false,"template":"","format":"standard","meta":{"_coblocks_attr":"","_coblocks_dimensions":"","_coblocks_responsive_height":"","_coblocks_accordion_ie_support":"","jetpack_post_was_ever_published":false,"_jetpack_newsletter_access":"","_jetpack_dont_email_post_to_subs":false,"_jetpack_newsletter_tier_id":0,"_jetpack_memberships_contains_paywalled_content":false,"_jetpack_memberships_contains_paid_content":false,"footnotes":"","jetpack_publicize_message":"","jetpack_publicize_feature_enabled":true,"jetpack_social_post_already_shared":false,"jetpack_social_options":{"image_generator_settings":{"template":"highway","default_image_id":0,"enabled":false},"version":2}},"categories":[2,1161,44,15],"tags":[4188,129,2136],"class_list":["post-51608","post","type-post","status-publish","format-standard","has-post-thumbnail","hentry","category-atarfe","category-ciudadania","category-noticias-de-hoy","category-ultimas-noticias","tag-ciudad-metropolitana","tag-granada","tag-metro"],"jetpack_publicize_connections":[],"jetpack_featured_media_url":"https:\/\/i0.wp.com\/miradordeatarfe.es\/wp-content\/uploads\/2022\/01\/alcalde_propuesta_ampliacion_metro.jpg?fit=634%2C568&ssl=1","jetpack_likes_enabled":true,"jetpack_sharing_enabled":true,"_links":{"self":[{"href":"https:\/\/miradordeatarfe.es\/index.php?rest_route=\/wp\/v2\/posts\/51608","targetHints":{"allow":["GET"]}}],"collection":[{"href":"https:\/\/miradordeatarfe.es\/index.php?rest_route=\/wp\/v2\/posts"}],"about":[{"href":"https:\/\/miradordeatarfe.es\/index.php?rest_route=\/wp\/v2\/types\/post"}],"author":[{"embeddable":true,"href":"https:\/\/miradordeatarfe.es\/index.php?rest_route=\/wp\/v2\/users\/1"}],"replies":[{"embeddable":true,"href":"https:\/\/miradordeatarfe.es\/index.php?rest_route=%2Fwp%2Fv2%2Fcomments&post=51608"}],"version-history":[{"count":1,"href":"https:\/\/miradordeatarfe.es\/index.php?rest_route=\/wp\/v2\/posts\/51608\/revisions"}],"predecessor-version":[{"id":51610,"href":"https:\/\/miradordeatarfe.es\/index.php?rest_route=\/wp\/v2\/posts\/51608\/revisions\/51610"}],"wp:featuredmedia":[{"embeddable":true,"href":"https:\/\/miradordeatarfe.es\/index.php?rest_route=\/wp\/v2\/media\/51609"}],"wp:attachment":[{"href":"https:\/\/miradordeatarfe.es\/index.php?rest_route=%2Fwp%2Fv2%2Fmedia&parent=51608"}],"wp:term":[{"taxonomy":"category","embeddable":true,"href":"https:\/\/miradordeatarfe.es\/index.php?rest_route=%2Fwp%2Fv2%2Fcategories&post=51608"},{"taxonomy":"post_tag","embeddable":true,"href":"https:\/\/miradordeatarfe.es\/index.php?rest_route=%2Fwp%2Fv2%2Ftags&post=51608"}],"curies":[{"name":"wp","href":"https:\/\/api.w.org\/{rel}","templated":true}]}}