{"id":51611,"date":"2022-01-19T08:33:16","date_gmt":"2022-01-19T07:33:16","guid":{"rendered":"http:\/\/miradordeatarfe.es\/?p=51611"},"modified":"2022-01-17T21:06:51","modified_gmt":"2022-01-17T20:06:51","slug":"csif-granada-reclama-la-instalacion-de-purificadores-de-aire-en-todas-las-aulas-de-la-provincia-junto-a-test-masivos-para-el-profesorado","status":"publish","type":"post","link":"https:\/\/miradordeatarfe.es\/?p=51611","title":{"rendered":"CSIF Granada reclama la instalaci\u00f3n de purificadores de aire en todas las aulas de la provincia junto a test masivos para el profesorado"},"content":{"rendered":"<h3 style=\"text-align: justify;\">La central sindical cree que \u201cla prevenci\u00f3n es una inversi\u00f3n en seguridad y salud\u201d y que son necesarios m\u00e1s medios para garantizar que los centros educativos sean espacios seguros.<\/h3>\n<p style=\"text-align: justify;\">La Central Sindical Independiente y de Funcionarios (CSIF) en Granada, primera fuerza sindical de la ense\u00f1anza p\u00fablica en la comunidad andaluza y en la provincia, ha reclamado a la Consejer\u00eda de Educaci\u00f3n y Deporte de la Junta que extienda la instalaci\u00f3n de purificadores y medidores de la calidad del aire en las aulas de todos los centros educativos p\u00fablicos andaluces, facilite mascarillas FFP2 al conjunto del profesorado y realice test de ant\u00edgenos semanalmente. Con esta bater\u00eda de medidas, que a\u00fan no ha tomado la Administraci\u00f3n educativa andaluza, se dar\u00eda cumplimiento al deber del empresario de protecci\u00f3n de los trabajadores recogido en la Ley de Prevenci\u00f3n de Riesgos Laborales.\u00a0<\/p>\n<p class=\"sumari\" style=\"text-align: justify;\">La responsable de Educaci\u00f3n de CSIF Granada, Emilia Santos, ha recordado que el sindicato lleva m\u00e1s de un a\u00f1o reclamando que la Junta provea de medidores de la calidad del aire y de purificadores y los haga extensibles a todos los centros educativos p\u00fablicos<\/p>\n<p style=\"text-align: justify;\">Seg\u00fan ha indicado este lunes el sector de Educaci\u00f3n de CSIF Andaluc\u00eda, un sondeo realizado por el sindicato pone de relieve que el 83,8% de los docentes dice que no dispone de purificadores en sus aulas y que el 86,1% no cuenta con medidores de CO2. El 83,38% de los participantes en esta encuesta considera positivo la instalaci\u00f3n de estos dispositivos como medida preventiva frente a la Covid-19.\u00a0<\/p>\n<p style=\"text-align: justify;\"><strong>La responsable de Educaci\u00f3n de CSIF Granada, Emilia Santos<\/strong>, ha recordado que el sindicato lleva m\u00e1s de un a\u00f1o reclamando que la Junta provea de medidores de la calidad del aire y de purificadores y los haga extensibles a todos los centros educativos p\u00fablicos. \u201cCon la puesta en marcha de la campa\u00f1a de CSIF hace un a\u00f1o bajo el lema #CSIFxAulaSegura, hubo corporaciones locales que respondieron positivamente y adquirieron este tipo de aparatos. Pero esta cuesti\u00f3n no puede dejarse al arbitrio o voluntariedad de unos y otros, sino que debe tratarse de medidas generalizadas y universales de protecci\u00f3n en todos y cada uno de los centros frente a la Covid-19\u201d, ha argumentado.\u00a0<\/p>\n<p style=\"text-align: justify;\">La central sindical entiende que \u201cla prevenci\u00f3n en el actual contexto pand\u00e9mico debe contemplarse como una inversi\u00f3n y no un gasto superfluo, por lo que exigimos los medios materiales necesarios para que verdaderamente sea una realidad el mantra de que los centros educativos son espacios seguros, porque a d\u00eda de hoy los recursos que ser\u00edan necesarios para ello son insuficientes y el profesorado sondeado manifiesta sentirse, en muchos casos, abandonado\u201d.\u00a0<\/p>\n<p style=\"text-align: justify;\">As\u00ed se recoge en los testimonios que los docentes han aportado al mencionado sondeo, en los que los profesionales de la ense\u00f1anza dicen sentirse \u201cvendidos\u201d y \u201cabandonados\u201d por parte de la Administraci\u00f3n, que \u201cante una situaci\u00f3n en la que hay alumnado y profesorado positivo cada d\u00eda por una variante mucho m\u00e1s contagiosa no haya tomado m\u00e1s medidas efectivas e intensificado la seguridad a trav\u00e9s de medios materiales de probada eficacia, y con los que las aulas y los docentes no cuentan en much\u00edsimos casos\u201d.\u00a0<\/p>\n<p style=\"text-align: justify;\">Para el sindicato, \u201cel coste econ\u00f3mico no puede ser un obst\u00e1culo para dotar de mayores garant\u00edas de seguridad a centros educativos\u201d. Asimismo, exige el suministro generalizado de mascarillas FFP2 o FFP3, cuya mayor eficacia en la protecci\u00f3n contra la propagaci\u00f3n del virus entre las personas en espacios cerrados tambi\u00e9n ha quedado demostrada cient\u00edficamente. De igual modo, Santos ha recordado que algunas comunidades como Galicia est\u00e1n facilitando test de autodiagn\u00f3stico al alumnado para que las familias puedan realizar esta prueba en sus domicilios y ayudar a controlar el avance de esta sexta ola \u201cmientras que en la nuestra no se est\u00e1 apostando ni por la realizaci\u00f3n de test entre el profesorado con periodicidad semanal como medida preventiva y de contenci\u00f3n del virus\u201d.\u00a0<\/p>\n<p style=\"text-align: justify;\">CSIF Educaci\u00f3n Granada insta a la Junta a cumplir con la Ley de Prevenci\u00f3n de Riesgos Laborales y \u201ca dar un paso al frente dotando de estos medios materiales a los 819 centros educativos p\u00fablicos de la provincia\u201d.\u00a0<\/p>\n<p><span class=\"autor\"><strong>IndeGranada<\/strong> <\/span><\/p>\n<p>FOTO: Una aula vac\u00eda.<\/p>\n<p>https:\/\/www.elindependientedegranada.es\/ciudadania\/csif-granada-reclama-instalacion-purificadores-aire-todas-aulas-provincia-junto-test<\/p>\n","protected":false},"excerpt":{"rendered":"<p>La central sindical cree que \u201cla prevenci\u00f3n es una inversi\u00f3n en seguridad y salud\u201d y&#8230;<\/p>\n","protected":false},"author":1,"featured_media":51612,"comment_status":"closed","ping_status":"closed","sticky":false,"template":"","format":"standard","meta":{"_coblocks_attr":"","_coblocks_dimensions":"","_coblocks_responsive_height":"","_coblocks_accordion_ie_support":"","jetpack_post_was_ever_published":false,"_jetpack_newsletter_access":"","_jetpack_dont_email_post_to_subs":false,"_jetpack_newsletter_tier_id":0,"_jetpack_memberships_contains_paywalled_content":false,"_jetpack_memberships_contains_paid_content":false,"footnotes":"","jetpack_publicize_message":"","jetpack_publicize_feature_enabled":true,"jetpack_social_post_already_shared":false,"jetpack_social_options":{"image_generator_settings":{"template":"highway","default_image_id":0,"enabled":false},"version":2}},"categories":[187,1161,7149,44,15],"tags":[8872,7317,1482],"class_list":["post-51611","post","type-post","status-publish","format-standard","has-post-thumbnail","hentry","category-centros-educativos","category-ciudadania","category-coronavirus","category-noticias-de-hoy","category-ultimas-noticias","tag-aula","tag-covid19","tag-profesorado"],"jetpack_publicize_connections":[],"jetpack_featured_media_url":"https:\/\/i0.wp.com\/miradordeatarfe.es\/wp-content\/uploads\/2022\/01\/cole_2.jpg?fit=650%2C433&ssl=1","jetpack_likes_enabled":true,"jetpack_sharing_enabled":true,"_links":{"self":[{"href":"https:\/\/miradordeatarfe.es\/index.php?rest_route=\/wp\/v2\/posts\/51611","targetHints":{"allow":["GET"]}}],"collection":[{"href":"https:\/\/miradordeatarfe.es\/index.php?rest_route=\/wp\/v2\/posts"}],"about":[{"href":"https:\/\/miradordeatarfe.es\/index.php?rest_route=\/wp\/v2\/types\/post"}],"author":[{"embeddable":true,"href":"https:\/\/miradordeatarfe.es\/index.php?rest_route=\/wp\/v2\/users\/1"}],"replies":[{"embeddable":true,"href":"https:\/\/miradordeatarfe.es\/index.php?rest_route=%2Fwp%2Fv2%2Fcomments&post=51611"}],"version-history":[{"count":1,"href":"https:\/\/miradordeatarfe.es\/index.php?rest_route=\/wp\/v2\/posts\/51611\/revisions"}],"predecessor-version":[{"id":51613,"href":"https:\/\/miradordeatarfe.es\/index.php?rest_route=\/wp\/v2\/posts\/51611\/revisions\/51613"}],"wp:featuredmedia":[{"embeddable":true,"href":"https:\/\/miradordeatarfe.es\/index.php?rest_route=\/wp\/v2\/media\/51612"}],"wp:attachment":[{"href":"https:\/\/miradordeatarfe.es\/index.php?rest_route=%2Fwp%2Fv2%2Fmedia&parent=51611"}],"wp:term":[{"taxonomy":"category","embeddable":true,"href":"https:\/\/miradordeatarfe.es\/index.php?rest_route=%2Fwp%2Fv2%2Fcategories&post=51611"},{"taxonomy":"post_tag","embeddable":true,"href":"https:\/\/miradordeatarfe.es\/index.php?rest_route=%2Fwp%2Fv2%2Ftags&post=51611"}],"curies":[{"name":"wp","href":"https:\/\/api.w.org\/{rel}","templated":true}]}}