{"id":51651,"date":"2022-01-22T10:03:58","date_gmt":"2022-01-22T09:03:58","guid":{"rendered":"http:\/\/miradordeatarfe.es\/?p=51651"},"modified":"2022-01-19T17:07:41","modified_gmt":"2022-01-19T16:07:41","slug":"no-me-cogen-el-telefono","status":"publish","type":"post","link":"https:\/\/miradordeatarfe.es\/?p=51651","title":{"rendered":"No me cogen el tel\u00e9fono"},"content":{"rendered":"<h3>La frase suele ir acompa\u00f1ada de un tono indignado, molesto, que asume un agravio deliberado: \u201cHe llamado siete veces al centro de salud y <em>no me cogen el tel\u00e9fono<\/em>\u201d.<\/h3>\n<p style=\"text-align: justify;\">Cabezas que asienten comprensivas, r\u00e9plicas que a\u00f1aden le\u00f1a al fuego, exabruptos indignados. Hay miles de variantes que comparten un sentir similar, una frustraci\u00f3n manifiesta: la cita que dan para dentro de tres meses (\u00a1escandalosa!), la cola de espera para ser atendido (\u00a1inaceptable!), el retraso sobre la hora prevista (\u00a1incomprensible!). Casi nadie escapa a una experiencia similar. S\u00ed, estas son situaciones reales que ocurren todos los d\u00edas. Si tenemos fiebre, o una infecci\u00f3n, o si nos sorprende un dolor de origen inexplicable, queremos que nos atiendan. Nada hay m\u00e1s l\u00f3gico. Tenemos miedo y necesidad de saber. De sanar.<\/p>\n<p style=\"text-align: justify;\">El problema del miedo es que se entiende mal con la empat\u00eda, y, a la vez, es un gran c\u00f3mplice del arte de culpabilizar. As\u00ed que los adjetivos hirientes que suelen acompa\u00f1ar a estas narraciones buscan desesperadamente una v\u00edctima, alguien en quien depositarse, una cabeza de turco. Y aqu\u00ed es donde la situaci\u00f3n descarrila. Resulta profundamente perturbador ver c\u00f3mo, seg\u00fan se interprete lo que est\u00e1 sucediendo, se puede llegar a conclusiones delirantes. Una en particular resulta especialmente siniestra: la que condena, sin juicio y sin fundamentos, a los profesionales de la sanidad p\u00fablica, que precisamente son quienes m\u00e1s se est\u00e1n dejando la piel para sacarnos de esta situaci\u00f3n de espanto. La condena nace como una simple nube de sospecha que se va expandiendo. \u00bfSer\u00e1 que no cogen el tel\u00e9fono porque no se afanan bastante? \u00bfApostamos algo a que van por el segundo caf\u00e9 de la ma\u00f1ana cuando deber\u00edan estar trabajando? Claro, al final el personal m\u00e9dico y allegados son funcionarios. Ya querr\u00edamos otros vivir as\u00ed de bien.<\/p>\n<p style=\"text-align: justify;\">\u00bfAs\u00ed de bien? \u00bfC\u00f3mo de bien? Porque lo cierto es que pocos somos los que hemos tenido la desgracia de tener que asomarnos al horror de la UCI, presenciando por un momento lo que significa estar en esa primera l\u00ednea que aplaud\u00edamos desde los balcones, y de la que no han salido desde entonces. Ah\u00ed siguen, a pesar de todo, un d\u00eda tras otro. \u00bfSe puede pedir m\u00e1s por menos? Parece ser que s\u00ed, vistas las condiciones en que tienen que trabajar, cada vez m\u00e1s asfixiantes. Ya nos lo advert\u00edan cuando los llam\u00e1bamos h\u00e9roes y hero\u00ednas: no lo son, y por eso necesitan apoyo, reconocimiento, medios. Necesitan poder hacer su trabajo. Lo que se encuentran, en cambio, son un recorte tras otro. Un m\u00e1s dif\u00edcil todav\u00eda que tiene muy poca gracia cuando se saca del contexto de un circo. Esto es lo que realmente explica el \u201cno me cogen el tel\u00e9fono\u201d.<\/p>\n<p style=\"text-align: justify;\">Dos a\u00f1os de pandemia se nos est\u00e1n haciendo muy cuesta arriba incluso en esta parte del mundo que tiene todo lo que necesita y mucho m\u00e1s. Pero por humanidad, por solidaridad, o incluso, si eso no fuera suficiente raz\u00f3n, por puro ego\u00edsmo, cuidemos a quienes, llegada la hora, son los \u00fanicos que saben cuidarnos.<\/p>\n<h3 class=\"post-autor\">Laura Furones<\/h3>\n<p>https:\/\/www.mujeresaseguir.com\/social\/opinion\/1167746048615\/no-me-cogen-telefono.1.html<\/p>\n","protected":false},"excerpt":{"rendered":"<p>La frase suele ir acompa\u00f1ada de un tono indignado, molesto, que asume un agravio deliberado:&#8230;<\/p>\n","protected":false},"author":1,"featured_media":51652,"comment_status":"closed","ping_status":"closed","sticky":false,"template":"","format":"standard","meta":{"_coblocks_attr":"","_coblocks_dimensions":"","_coblocks_responsive_height":"","_coblocks_accordion_ie_support":"","jetpack_post_was_ever_published":false,"_jetpack_newsletter_access":"","_jetpack_dont_email_post_to_subs":false,"_jetpack_newsletter_tier_id":0,"_jetpack_memberships_contains_paywalled_content":false,"_jetpack_memberships_contains_paid_content":false,"footnotes":"","jetpack_publicize_message":"","jetpack_publicize_feature_enabled":true,"jetpack_social_post_already_shared":false,"jetpack_social_options":{"image_generator_settings":{"template":"highway","default_image_id":0,"enabled":false},"version":2}},"categories":[1161,7149,44,7671,15,10],"tags":[55,1140],"class_list":["post-51651","post","type-post","status-publish","format-standard","has-post-thumbnail","hentry","category-ciudadania","category-coronavirus","category-noticias-de-hoy","category-politica","category-ultimas-noticias","category-salud","tag-salud","tag-telefono"],"jetpack_publicize_connections":[],"jetpack_featured_media_url":"https:\/\/i0.wp.com\/miradordeatarfe.es\/wp-content\/uploads\/2022\/01\/default.webp?fit=1900%2C1069&ssl=1","jetpack_likes_enabled":true,"jetpack_sharing_enabled":true,"_links":{"self":[{"href":"https:\/\/miradordeatarfe.es\/index.php?rest_route=\/wp\/v2\/posts\/51651","targetHints":{"allow":["GET"]}}],"collection":[{"href":"https:\/\/miradordeatarfe.es\/index.php?rest_route=\/wp\/v2\/posts"}],"about":[{"href":"https:\/\/miradordeatarfe.es\/index.php?rest_route=\/wp\/v2\/types\/post"}],"author":[{"embeddable":true,"href":"https:\/\/miradordeatarfe.es\/index.php?rest_route=\/wp\/v2\/users\/1"}],"replies":[{"embeddable":true,"href":"https:\/\/miradordeatarfe.es\/index.php?rest_route=%2Fwp%2Fv2%2Fcomments&post=51651"}],"version-history":[{"count":1,"href":"https:\/\/miradordeatarfe.es\/index.php?rest_route=\/wp\/v2\/posts\/51651\/revisions"}],"predecessor-version":[{"id":51653,"href":"https:\/\/miradordeatarfe.es\/index.php?rest_route=\/wp\/v2\/posts\/51651\/revisions\/51653"}],"wp:featuredmedia":[{"embeddable":true,"href":"https:\/\/miradordeatarfe.es\/index.php?rest_route=\/wp\/v2\/media\/51652"}],"wp:attachment":[{"href":"https:\/\/miradordeatarfe.es\/index.php?rest_route=%2Fwp%2Fv2%2Fmedia&parent=51651"}],"wp:term":[{"taxonomy":"category","embeddable":true,"href":"https:\/\/miradordeatarfe.es\/index.php?rest_route=%2Fwp%2Fv2%2Fcategories&post=51651"},{"taxonomy":"post_tag","embeddable":true,"href":"https:\/\/miradordeatarfe.es\/index.php?rest_route=%2Fwp%2Fv2%2Ftags&post=51651"}],"curies":[{"name":"wp","href":"https:\/\/api.w.org\/{rel}","templated":true}]}}