{"id":51658,"date":"2022-01-21T10:31:16","date_gmt":"2022-01-21T09:31:16","guid":{"rendered":"http:\/\/miradordeatarfe.es\/?p=51658"},"modified":"2022-01-20T13:22:27","modified_gmt":"2022-01-20T12:22:27","slug":"caritas-alerta-de-un-shock-sin-precedentes-145-millones-de-jovenes-sufren-exclusion-social-grave","status":"publish","type":"post","link":"https:\/\/miradordeatarfe.es\/?p=51658","title":{"rendered":"C\u00e1ritas alerta de un \u201cshock\u2019 sin precedentes\u201d: 1,45 millones de j\u00f3venes sufren exclusi\u00f3n social grave"},"content":{"rendered":"<h3 class=\"a_st\">M\u00e1s del 15% de los menores de 35 a\u00f1os est\u00e1 en esa situaci\u00f3n, cinco puntos m\u00e1s que antes de la crisis. La pandemia se ceba con los hogares m\u00e1s vulnerables y dispara la desigualdad.<\/h3>\n<p class=\"\">La recuperaci\u00f3n est\u00e1 encarrilada: la econom\u00eda espa\u00f1ola prolongar\u00e1 este a\u00f1o el rebote iniciado en 2021, el empleo ya ha regresado a cifras precovid y el peor de los escenarios parece haberse esquivado. Sin embargo, las heridas sociales que deja tras de s\u00ed <a href=\"https:\/\/elpais.com\/economia\/2021-01-29\/la-economia-espanola-se-contrajo-un-11-durante-2020-el-mayor-desplome-desde-la-guerra-civil.html\" target=\"_blank\" rel=\"noopener\" data-link-track-dtm=\"\">el mayor hundimiento del PIB desde la Guerra Civil<\/a> son profundas: la exclusi\u00f3n social grave ha pasado de afectar al 8,6% de los residentes en Espa\u00f1a en 2018 a hacerlo al 12,7% en 2020, seg\u00fan las cifras publicadas este martes por la <a href=\"https:\/\/www.foessa.es\/\" target=\"_blank\" rel=\"noopener\" data-link-track-dtm=\"\">fundaci\u00f3n Foessa<\/a>, vinculada a C\u00e1ritas, en la \u00faltima edici\u00f3n de su informe de evoluci\u00f3n de la cohesi\u00f3n social. Esas cicatrices son especialmente significativas en el caso de los j\u00f3venes, un colectivo en el que la exclusi\u00f3n severa ha pasado del 10% al 15,1% desde el estallido del coronavirus. Son 1,45 millones de personas de entre 16 y 34 a\u00f1os las que se encuentran en esa situaci\u00f3n, m\u00e1s de medio mill\u00f3n m\u00e1s que antes de la covid-19. Dos crisis consecutivas son muchas para toda una generaci\u00f3n.<\/p>\n<p class=\"\">El \u201c<i>shock<\/i> sin precedentes\u201d del que alerta C\u00e1ritas ha sido mucho m\u00e1s que econ\u00f3mico. La pandemia ha deteriorado las relaciones personales y ha constatado que los cuidados siguen recayendo en las mujeres. Esta crisis ha agravado la brecha de g\u00e9nero. El informe, realizado tras una encuesta a m\u00e1s de 7.000 personas, analiza la exclusi\u00f3n social desde m\u00faltiples perspectivas. Los expertos estudian 37 indicadores divididos en ocho dimensiones, que van desde el empleo hasta la educaci\u00f3n o el conflicto social. Si ninguna de ellas se ve afectada, se est\u00e1 en \u201cintegraci\u00f3n plena\u201d. Si al menos cinco lo est\u00e1n, la exclusi\u00f3n social es severa, seg\u00fan este baremo. <a href=\"https:\/\/elpais.com\/sociedad\/2021-10-06\/solo-uno-de-cada-cinco-hogares-pobres-que-ha-pedido-el-ingreso-minimo-vital-lo-percibe.html\" target=\"_blank\" rel=\"noopener\" data-link-track-dtm=\"\">Es el caso de m\u00e1s de seis millones de personas en Espa\u00f1a,<\/a> dos m\u00e1s que en 2018, la edici\u00f3n anterior del informe.<\/p>\n<div id=\"_wmass_794\">\n<div id=\"jw-s_794794\">\u00a0<\/div>\n<\/div>\n<div class=\"raw_html\">\n<div>\n<div class=\"width\"><iframe id=\"datawrapper-chart-QBr0F\" title=\"La exclusi\u00f3n severa se incrementa \" src=\"https:\/\/datawrapper.dwcdn.net\/QBr0F\/6\/\" height=\"385\" frameborder=\"0\" scrolling=\"no\" aria-label=\"Interactive line chart\" data-mce-fragment=\"1\"><\/iframe><\/div>\n<\/div>\n<\/div>\n<div id=\"elpais_gpt-INTEXT\" data-google-query-id=\"CLzw_4ykwPUCFQWEGwodVXoCXw\">\n<div id=\"google_ads_iframe_7811748\/elpais_web\/sociedad\/intext_0__container__\"><iframe id=\"google_ads_iframe_7811748\/elpais_web\/sociedad\/intext_0\" tabindex=\"0\" title=\"3rd party ad content\" role=\"region\" name=\"google_ads_iframe_7811748\/elpais_web\/sociedad\/intext_0\" width=\"1\" height=\"1\" frameborder=\"0\" marginwidth=\"0\" marginheight=\"0\" scrolling=\"no\" aria-label=\"Advertisement\" data-google-container-id=\"8\" data-load-complete=\"true\" data-mce-fragment=\"1\"><\/iframe><\/div>\n<\/div>\n<p class=\"\">El \u201cgradiente etario\u201d de la exclusi\u00f3n, el t\u00e9rmino empleado por los investigadores que firman el estudio para referirse a esta brecha generacional, ya era una constante antes de la pandemia. Pero el azote de la covid-19 ha sido mayor que en la anterior crisis y ha empeorado a\u00fan m\u00e1s las cosas: a cierre del a\u00f1o pasado m\u00e1s de uno de cada cuatro residentes en Espa\u00f1a de entre 16 y 35 a\u00f1os (el 28,5%) se encontraba en situaci\u00f3n de exclusi\u00f3n moderada \u2014seg\u00fan el indicador multidimensional que construye C\u00e1ritas\u2014, frente al 22,1% de 2018, cuando el virus no entraba siquiera en las c\u00e1balas de los m\u00e1s agoreros. Y se dispara hasta el 33,5% en el caso de los menores de 16 a\u00f1os.<\/p>\n<div id=\"sm-it-main-container-1642680259821\" class=\"sm-it-main-container\" data-it=\"d8faaa71-9cad-4c3e-ae1f-1976d355445b\" data-device=\"desktop\" data-index=\"0\">\u00a0<\/div>\n<p class=\"\">Llueve sobre mojado para la juventud espa\u00f1ola, <a href=\"https:\/\/elpais.com\/especiales\/2020\/jovenes-no-sabemos-donde-esta-nuestro-futuro\/\" target=\"_blank\" rel=\"noopener\" data-link-track-dtm=\"\">que ha sufrido en primera persona dos zarpazos econ\u00f3micos<\/a> de grandes dimensiones: la Gran Recesi\u00f3n de 2008, prolongada en el sur de Europa por la crisis de deuda de principios de la d\u00e9cada de 2010; y la Gran Reclusi\u00f3n de 2020. Cuando apenas empezaban a levantar cabeza tras la primera, que zarande\u00f3 el mercado de trabajo en una fase cr\u00edtica para muchos \u2014en plena incorporaci\u00f3n o consolidaci\u00f3n como asalariados\u2014, lleg\u00f3 el mazazo de la covid, que ha terminado de poner la carretera cuesta arriba. Ser joven es un factor de exclusi\u00f3n en s\u00ed mismo, alerta C\u00e1ritas.<\/p>\n<p class=\"\">\u201cA los que ten\u00edan 18 a\u00f1os en 2008 les ha alcanzado la crisis de 2020 con 30 a\u00f1os. Han debido afrontar pues dificultades especiales en ese proceso de transici\u00f3n al empleo, a la vida adulta, a la emancipaci\u00f3n o a la construcci\u00f3n de nuevos hogares. Y es previsible que eso deje secuelas permanentes en sus itinerarios laborales y vitales\u201d, se lee en el estudio. Una brecha que, subraya, se agrava en el caso de las mujeres.<\/p>\n<h3 class=\"\">Desigualdad al alza<\/h3>\n<p class=\"\">A la espera de que lo certifique en los pr\u00f3ximos meses el <a href=\"https:\/\/elpais.com\/noticias\/ine-instituto-nacional-estadistica\/\" target=\"_blank\" rel=\"noopener\" data-link-track-dtm=\"\">Instituto Nacional de Estad\u00edstica (INE)<\/a>, todos los indicios y las simulaciones disponibles apuntan a un aumento sustancial de la desigualdad en Espa\u00f1a durante la pandemia. El informe de Foessa es uno de los primeros que aporta cifras actualizadas: seg\u00fan sus datos, el coeficiente de Gini \u2014el m\u00e1s com\u00fan para medir la dispersi\u00f3n de ingresos en una sociedad, donde 0 significa igualdad absoluta y 1 desigualdad total\u2014 pas\u00f3 de 0,34 en 2018 a casi 0,38 en 2021. \u201cLa desigualdad ha crecido m\u00e1s en un a\u00f1o que durante toda la crisis de 2008\u2033, apunta Ra\u00fal Flores, secretario t\u00e9cnico de la fundaci\u00f3n Foessa. Un salto sustancial que <a href=\"https:\/\/elpais.com\/economia\/2021-11-02\/el-virus-cronifica-la-desigualdad.html\" target=\"_blank\" rel=\"noopener\" data-link-track-dtm=\"\">agrava un problema ya de por s\u00ed enquistado:<\/a> Espa\u00f1a est\u00e1 desde hace a\u00f1os entre los pa\u00edses m\u00e1s desiguales de los Veintisiete, apenas superada por un peque\u00f1o ramillete de pa\u00edses b\u00e1lticos y del Este de la UE, todos ellos mucho m\u00e1s peque\u00f1os.<\/p>\n<aside class=\"a_ei\">\n<div class=\"a_ei_r _g _g-xs \"><a class=\"a_ei_t\" href=\"https:\/\/elpais.com\/economia\/2021-12-07\/la-pandemia-dispara-la-desigualdad-en-todo-el-mundo.html#?rel=mas_sumario\" data-link-track-dtm=\"\">La pandemia dispara la desigualdad en todo el mundo<\/a><\/div>\n<\/aside>\n<p class=\"\">La inequidad ha crecido tanto por el lado alto de la distribuci\u00f3n \u2014que ha capeado este temporal mejor que otros en el pasado, gracias a la buena marcha del ladrillo y de la Bolsa, as\u00ed como de la mayor posibilidad de acogerse al teletrabajo\u2014 como, sobre todo, por el lado bajo: la recesi\u00f3n se ha cebado en mucha mayor medida con las familias que peor estaban, que se han visto doblemente sacudidas por la inestabilidad laboral y por el colapso de la econom\u00eda informal, una tabla de salvaci\u00f3n en anteriores recesiones y que esta vez no ha estado ah\u00ed. Una sensaci\u00f3n a la que el estudio pone datos: mientras que la fracci\u00f3n de renta del 20% m\u00e1s pobre se ha contra\u00eddo, pasando del 6,4% al 5,6%, la del quintil con mayores ingresos ha crecido con fuerza, al pasar del 40,2% al 43,3%. Adem\u00e1s, uno de cada tres hogares que tienen todos los miembros en paro \u2014600.000 familias, pr\u00e1cticamente todas ellas encuadradas en el quintil de menor renta\u2014 carece de \u201cingresos peri\u00f3dicos que permitan una cierta estabilidad\u201d.<\/p>\n<div class=\"raw_html\">\n<div>\n<div class=\"width\"><a href=\"https:\/\/i0.wp.com\/miradordeatarfe.es\/wp-content\/uploads\/2022\/01\/Screenshot-2022-01-20-at-13-09-33-Caritas-alerta-de-un-shock-sin-precedentes-145-millones-de-jovenes-sufren-exclusion-s....png?ssl=1\"><img data-recalc-dims=\"1\" loading=\"lazy\" decoding=\"async\" class=\"alignnone wp-image-51661 size-full\" src=\"https:\/\/i0.wp.com\/miradordeatarfe.es\/wp-content\/uploads\/2022\/01\/Screenshot-2022-01-20-at-13-09-33-Caritas-alerta-de-un-shock-sin-precedentes-145-millones-de-jovenes-sufren-exclusion-s....png?resize=640%2C302&#038;ssl=1\" alt=\"\" width=\"640\" height=\"302\" srcset=\"https:\/\/i0.wp.com\/miradordeatarfe.es\/wp-content\/uploads\/2022\/01\/Screenshot-2022-01-20-at-13-09-33-Caritas-alerta-de-un-shock-sin-precedentes-145-millones-de-jovenes-sufren-exclusion-s....png?w=729&amp;ssl=1 729w, https:\/\/i0.wp.com\/miradordeatarfe.es\/wp-content\/uploads\/2022\/01\/Screenshot-2022-01-20-at-13-09-33-Caritas-alerta-de-un-shock-sin-precedentes-145-millones-de-jovenes-sufren-exclusion-s....png?resize=300%2C142&amp;ssl=1 300w\" sizes=\"auto, (max-width: 640px) 100vw, 640px\" \/><\/a><\/div>\n<div>\n<h3 class=\"\">IMV y condiciones de vida<\/h3>\n<p class=\"\">Los ERTE \u2014un enorme paraguas que ha conseguido salvaguardar las rentas de millones de espa\u00f1oles durante la crisis\u2014 <a href=\"https:\/\/elpais.com\/economia\/2021-11-11\/el-gobierno-gasto-hasta-septiembre-solo-la-mitad-del-presupuesto-para-el-ingreso-minimo-vital.html\" target=\"_blank\" rel=\"noopener\" data-link-track-dtm=\"\">y, en menor medida, el Ingreso M\u00ednimo Vital <\/a>\u2014alumbrado en plena pandemia\u2014 han conseguido contener parcialmente el golpe. Sin embargo, los autores del informe de Foessa, coordinado por los catedr\u00e1ticos Luis Ayala, Miguel Laparra y Gregorio Rodr\u00edguez Cabrero, ven mucho margen de mejora en el segundo, cuyo objetivo inicial de cobertura (850.000 hogares) est\u00e1 a a\u00f1os luz de su alcance actual (menos de 340.000 familias en septiembre de 2021). \u201cTiene una cobertura insuficiente, no alcanza a determinados colectivos vulnerables y plantea condiciones de acceso injustas y de dif\u00edcil cumplimiento para algunas de las familias y personas que m\u00e1s lo necesitan\u201d, critican. Las Administraciones no cubren las necesidades de los m\u00e1s vulnerables. Natalia Peiro, secretaria general de C\u00e1ritas Espa\u00f1ola, ha explicado que en 2020 esta organizaci\u00f3n ofreci\u00f3 apoyo a 1.425.991 personas en el pa\u00eds, m\u00e1s de 366.000 m\u00e1s que en 2019.<\/p>\n<p class=\"\">La huella social que deja la covid es honda. <a href=\"https:\/\/elpais.com\/sociedad\/2021-07-17\/durante-meses-mi-temor-era-que-mi-hija-abriera-la-nevera-y-viera-que-no-habia-nada.html\" target=\"_blank\" rel=\"noopener\" data-link-track-dtm=\"\">Han empeorado las condiciones de vida <\/a>y en 6 de cada 10 casos se han deteriorado las relaciones sociales. El informe destaca especialmente la situaci\u00f3n de la mujer y se\u00f1ala diferencias con respecto a la Gran Recesi\u00f3n. Entonces, el impacto fue mayor en la destrucci\u00f3n de empleo en los sectores con mayor presencia masculina. Es decir, que se produjo una \u201cigualaci\u00f3n a la baja\u201d. En 2020, en cambio, el golpe ha sido mayor en sectores m\u00e1s feminizados, como el comercio o la hosteler\u00eda: \u201cLos hogares con sustentadora principal mujer han visto aumentar la exclusi\u00f3n social m\u00e1s del doble que aquellos en los que la mayor\u00eda de ingresos los aporta un hombre\u201d, explican.<\/p>\n<p class=\"\">La variante m\u00e1s grave de esta lacra pasa del 7,6% en 2018 al 13,1% en los hogares encabezados por una mujer, mientras que en los sustentados por un hombre sube del 6,5% al 9,4%. Los autores puntualizan, no obstante, que hay indicadores que apuntan a que la recuperaci\u00f3n del empleo se est\u00e1 produciendo con mayor rapidez en las mujeres. Pero es preciso ver si esto se traduce en menos desigualdad en t\u00e9rminos de ingresos.<\/p>\n<p class=\"\">Las familias monoparentales (en una amplia mayor\u00eda igualmente encabezadas por mujeres) y los migrantes son otros dos grupos muy golpeados por la pandemia. En el segundo caso, dos datos lo sintetizan todo: la exclusi\u00f3n social en hogares con poblaci\u00f3n inmigrante es casi tres veces mayor que en los hogares espa\u00f1oles y la tasa de despidos durante la crisis ha sido el doble que entre la poblaci\u00f3n nativa, ha destacado Flores. El virus, adem\u00e1s, ha acrecentado la brecha digital, que en el informe se define como \u201cel analfabetismo del siglo XXI\u201d: el apag\u00f3n digital afecta al 35% de la poblaci\u00f3n, por no disponer de aparatos necesarios.<\/p>\n<div class=\"raw_html\">\n<div>\n<div class=\"width\"><a href=\"https:\/\/i0.wp.com\/miradordeatarfe.es\/wp-content\/uploads\/2022\/01\/Screenshot-2022-01-20-at-13-07-29-Caritas-alerta-de-un-shock-sin-precedentes-145-millones-de-jovenes-sufren-exclusion-s....png?ssl=1\"><img data-recalc-dims=\"1\" loading=\"lazy\" decoding=\"async\" class=\"alignnone wp-image-51659 size-full\" src=\"https:\/\/i0.wp.com\/miradordeatarfe.es\/wp-content\/uploads\/2022\/01\/Screenshot-2022-01-20-at-13-07-29-Caritas-alerta-de-un-shock-sin-precedentes-145-millones-de-jovenes-sufren-exclusion-s....png?resize=640%2C425&#038;ssl=1\" alt=\"\" width=\"640\" height=\"425\" srcset=\"https:\/\/i0.wp.com\/miradordeatarfe.es\/wp-content\/uploads\/2022\/01\/Screenshot-2022-01-20-at-13-07-29-Caritas-alerta-de-un-shock-sin-precedentes-145-millones-de-jovenes-sufren-exclusion-s....png?w=728&amp;ssl=1 728w, https:\/\/i0.wp.com\/miradordeatarfe.es\/wp-content\/uploads\/2022\/01\/Screenshot-2022-01-20-at-13-07-29-Caritas-alerta-de-un-shock-sin-precedentes-145-millones-de-jovenes-sufren-exclusion-s....png?resize=300%2C199&amp;ssl=1 300w\" sizes=\"auto, (max-width: 640px) 100vw, 640px\" \/><\/a><\/div>\n<\/div>\n<\/div>\n<p class=\"\">Lo que es seguro es que la pandemia ha depositado, a\u00fan m\u00e1s, <a href=\"https:\/\/elpais.com\/especiales\/2020\/nuevo-contrato-social\/conciliacion-familiar\/\" target=\"_blank\" rel=\"noopener\" data-link-track-dtm=\"\">los cuidados sobre los hombros de las mujeres.<\/a> Si bien entre 2005 y 2021 su participaci\u00f3n en el mercado de trabajo se ha incrementado, las responsabilidades familiares castigan especialmente el empleo femenino. Son ellas, sobre todo, las que usan la excedencia no remunerada por cuidados. Y en los hogares biparentales con menores de seis a\u00f1os \u201cse observa un retorno a las pr\u00e1cticas tradicionales en el reparto de cuidados\u201d, seg\u00fan el informe. Durante el confinamiento, las madres fueron en el 55% de los casos las cuidadoras principales, un aumento de ocho puntos porcentuales respecto a la situaci\u00f3n habitual, frente al 5% de los padres (dos puntos m\u00e1s) y el 33% de ambos progenitores (11 puntos menos). \u201cLas estrategias de cuidado siguen pivotando sobre la mujer, sin un apoyo suficiente de las pol\u00edticas p\u00fablicas\u201d, critica el estudio. Las consecuencias del virus van mucho m\u00e1s all\u00e1 de lo sanitario.<\/p>\n<div class=\"a_md_a\"><strong><a title=\"Ver todas las noticias de Ignacio Fariza\" href=\"https:\/\/elpais.com\/autor\/ignacio-fariza-somolinos\/#?rel=author_top\">Ignacio Fariza \u00a0<\/a><\/strong><a title=\"Ver todas las noticias de Mar\u00eda Sosa Troya\" href=\"https:\/\/elpais.com\/autor\/maria-sosa-troya\/#?rel=author_top\"><strong>Mar\u00eda Sosa Troya<\/strong><\/a><\/div>\n<div>\u00a0<\/div>\n<\/div>\n<div>FOTO: Un grupo de personas hace cola para recibir comida, el pasado marzo en Madrid.<span class=\"a_m_m\">Ricardo Gutierrez<\/span><\/div>\n<div>\n<p>https:\/\/elpais.com\/sociedad\/2022-01-18\/el-15-de-los-jovenes-sufre-exclusion-social-severa-cinco-puntos-mas-que-antes-de-la-covid-19.html?ssm=TW_CC&#038;s=09<\/p>\n<\/div>\n<\/div>\n<\/div>\n","protected":false},"excerpt":{"rendered":"<p>M\u00e1s del 15% de los menores de 35 a\u00f1os est\u00e1 en esa situaci\u00f3n, cinco puntos&#8230;<\/p>\n","protected":false},"author":1,"featured_media":51660,"comment_status":"closed","ping_status":"closed","sticky":false,"template":"","format":"standard","meta":{"_coblocks_attr":"","_coblocks_dimensions":"","_coblocks_responsive_height":"","_coblocks_accordion_ie_support":"","jetpack_post_was_ever_published":false,"_jetpack_newsletter_access":"","_jetpack_dont_email_post_to_subs":false,"_jetpack_newsletter_tier_id":0,"_jetpack_memberships_contains_paywalled_content":false,"_jetpack_memberships_contains_paid_content":false,"footnotes":"","jetpack_publicize_message":"","jetpack_publicize_feature_enabled":true,"jetpack_social_post_already_shared":false,"jetpack_social_options":{"image_generator_settings":{"template":"highway","default_image_id":0,"enabled":false},"version":2}},"categories":[1161,7149,44,7671,6937,15],"tags":[3611,1191],"class_list":["post-51658","post","type-post","status-publish","format-standard","has-post-thumbnail","hentry","category-ciudadania","category-coronavirus","category-noticias-de-hoy","category-politica","category-sociedad","category-ultimas-noticias","tag-caritas","tag-exclusion-social"],"jetpack_publicize_connections":[],"jetpack_featured_media_url":"https:\/\/i0.wp.com\/miradordeatarfe.es\/wp-content\/uploads\/2022\/01\/EBAFCMTQKNGZFDQAH6OQGEHE44.jpg?fit=1960%2C1115&ssl=1","jetpack_likes_enabled":true,"jetpack_sharing_enabled":true,"_links":{"self":[{"href":"https:\/\/miradordeatarfe.es\/index.php?rest_route=\/wp\/v2\/posts\/51658","targetHints":{"allow":["GET"]}}],"collection":[{"href":"https:\/\/miradordeatarfe.es\/index.php?rest_route=\/wp\/v2\/posts"}],"about":[{"href":"https:\/\/miradordeatarfe.es\/index.php?rest_route=\/wp\/v2\/types\/post"}],"author":[{"embeddable":true,"href":"https:\/\/miradordeatarfe.es\/index.php?rest_route=\/wp\/v2\/users\/1"}],"replies":[{"embeddable":true,"href":"https:\/\/miradordeatarfe.es\/index.php?rest_route=%2Fwp%2Fv2%2Fcomments&post=51658"}],"version-history":[{"count":1,"href":"https:\/\/miradordeatarfe.es\/index.php?rest_route=\/wp\/v2\/posts\/51658\/revisions"}],"predecessor-version":[{"id":51662,"href":"https:\/\/miradordeatarfe.es\/index.php?rest_route=\/wp\/v2\/posts\/51658\/revisions\/51662"}],"wp:featuredmedia":[{"embeddable":true,"href":"https:\/\/miradordeatarfe.es\/index.php?rest_route=\/wp\/v2\/media\/51660"}],"wp:attachment":[{"href":"https:\/\/miradordeatarfe.es\/index.php?rest_route=%2Fwp%2Fv2%2Fmedia&parent=51658"}],"wp:term":[{"taxonomy":"category","embeddable":true,"href":"https:\/\/miradordeatarfe.es\/index.php?rest_route=%2Fwp%2Fv2%2Fcategories&post=51658"},{"taxonomy":"post_tag","embeddable":true,"href":"https:\/\/miradordeatarfe.es\/index.php?rest_route=%2Fwp%2Fv2%2Ftags&post=51658"}],"curies":[{"name":"wp","href":"https:\/\/api.w.org\/{rel}","templated":true}]}}