{"id":51682,"date":"2022-01-21T10:55:23","date_gmt":"2022-01-21T09:55:23","guid":{"rendered":"http:\/\/miradordeatarfe.es\/?p=51682"},"modified":"2022-01-20T13:55:41","modified_gmt":"2022-01-20T12:55:41","slug":"alcaldes-y-alcaldesas-del-psoe-exigen-a-la-junta-que-reaccione-ante-el-clamor-social-por-el-deterioro-de-la-sanidad-publica","status":"publish","type":"post","link":"https:\/\/miradordeatarfe.es\/?p=51682","title":{"rendered":"Alcaldes y alcaldesas del PSOE exigen a la Junta que reaccione ante el \u00abclamor social\u00bb por el \u00abdeterioro\u00bb de la sanidad p\u00fablica"},"content":{"rendered":"<div class=\"cuerpo\">\n<p><strong>\u00abRepresentamos a m\u00e1s de la mitad de la poblaci\u00f3n de la provincia, que tiene gran dificultad para acceder a una atenci\u00f3n sanitaria de calidad\u00bb<\/strong><\/p>\n<p style=\"text-align: justify;\">M\u00e1s de setenta alcaldesas y alcaldes de Granada se han concentrado este martes ante la Delegaci\u00f3n provincial de la Junta de Andaluc\u00eda en defensa de la sanidad p\u00fablica andaluza y para exigir al presidente que \u00ababandone su pasotismo y reaccione con urgencia y eficacia ante el deterioro que sufre el sistema sanitario, insostenible en la actualidad\u00bb.<\/p>\n<p style=\"text-align: justify;\">Durante el acto, los responsables p\u00fablicos han reconocido que \u00abno pueden permanecer durante m\u00e1s tiempo impasibles ante la creciente preocupaci\u00f3n y sufrimiento de sus vecinos y vecinas por el deterioro y la falta de respuesta de un servicio p\u00fablico fundamental que actualmente les resta bienestar y calidad de vida\u00bb.<\/p>\n<p class=\"sumari\" style=\"text-align: justify;\">\u00abNadie discute el colapso que sufre la sanidad p\u00fablica y que padecen a diario tanto las y los usuarios como las y los profesionales, que soportan una carga de trabajo inhumana\u201d<\/p>\n<p style=\"text-align: justify;\">\u00abNadie discute el colapso que sufre la sanidad p\u00fablica y que padecen a diario tanto las y los usuarios como las y los profesionales, que soportan una carga de trabajo inhumana\u201d, han asegurado para subrayar que el \u00abprofundo\u00bb deterioro que ha sufrido el sistema p\u00fablico de salud \u00abse ha cebado especialmente en la Atenci\u00f3n Primaria, con cierre parcial y restricciones en numerosos centros de salud, de modo a\u00fan m\u00e1s acusado en el \u00e1mbito rural\u00bb.<\/p>\n<p style=\"text-align: justify;\">\u00abM\u00e1s de la mitad de la poblaci\u00f3n de la provincia a la que representamos tiene gran dificultad para acceder a una atenci\u00f3n sanitaria de calidad, siendo de especial preocupaci\u00f3n la p\u00e9rdida de plazas de pediatr\u00eda y la situaci\u00f3n de los dispositivos de urgencias de Atenci\u00f3n Primaria en n\u00facleos rurales\u00bb, han expuesto.<\/p>\n<p style=\"text-align: justify;\">En ese contexto, han incidido en que la radiograf\u00eda de la provincia es \u201cmuy preocupante: centros de salud y el servicio Salud Responde, totalmente colapsados y con insuficiencia de profesionales, urgencias hospitalarias saturadas, \u00e1reas de atenci\u00f3n cerradas, personas haciendo colas durante horas para conseguir una cita, con los enfermos cr\u00f3nicos y graves olvidados, y la lista de espera para especialidades disparada\u201d.<\/p>\n<p style=\"text-align: justify;\">\u00abTodo obedece a una gesti\u00f3n muy deficiente y a decisiones pol\u00edticas de Moreno Bonilla, con el \u00fanico inter\u00e9s de beneficiar a intereses privados, de desmontar la sanidad p\u00fablica que tantos a\u00f1os nos ha costado montar para favorecer sin importarle el da\u00f1o que est\u00e1n ocasionando a un patrimonio que es de todos y todas, como es la sanidad p\u00fablica\u00bb, han dicho.<\/p>\n<p style=\"text-align: justify;\"><strong>El alcalde de Granada, Francisco Cuenca<\/strong>, ha pedido al presidente de la Junta de Andaluc\u00eda y al delegado provincial de Salud que se pasen por los centros de Atenci\u00f3n Primaria de la capital y del resto de la provincia para que \u00abconozcan la realidad tan lamentable que tenemos ahora mismo en nuestros municipios\u00bb.<\/p>\n<p style=\"text-align: justify;\">\u00abTienen que ser conscientes de lo que est\u00e1 pasando y lo que est\u00e1n padeciendo miles de personas a diario. Usuarios y usuarias que se ven abocados a hacer una cola y miles de profesionales saturados y desbordados\u00bb, ha se\u00f1alado.<\/p>\n<p style=\"text-align: justify;\">\u00abPonemos voz a las miles de personas de cada uno de nuestros municipios que est\u00e1n padeciendo una situaci\u00f3n penosa en materia sanitaria. Eso se debe a decisiones como la de no volver a contratar a los 1.600 profesionales que estaban destinados al refuerzo Covid, a la huida hacia delante del Gobierno de Moreno Bonilla y a la indolencia de un Gobierno andaluz que est\u00e1 m\u00e1s centrado en ayudar a los centros privados que a la sanidad p\u00fablica\u00bb, ha remarcado.<\/p>\n<p style=\"text-align: justify;\">Cuenca, que ha indicado que \u201chay mucha gente preocupada por el desmantelamiento progresivo que est\u00e1 viviendo la sanidad p\u00fablica\u201d, ha reivindicado a la Junta que \u201catienda de manera prioritaria la Atenci\u00f3n Primaria, que vuelva a funcionar para dar una respuesta clara a la situaci\u00f3n de pandemia actual y que deje de mirar para otro lado y pedirnos paciencia, autoconfinamientos y autodiagn\u00f3sticos\u201d.<\/p>\n<p style=\"text-align: justify;\">En representaci\u00f3n de los municipios medianos y peque\u00f1os,<strong> la alcaldesa de Gualchos-Castell de Ferro, Antonia Antequera,<\/strong> ha trasladado que el \u00abcolapso sanitario se ve mucho m\u00e1s agravado en los pueblos\u00bb.<\/p>\n<p style=\"text-align: justify;\">La regidora ha relatado los \u00abinconvenientes\u00bb que las y los usuarios se encuentran al \u00abno cubrirse las bajas m\u00e9dicas, no poder obtener una cita m\u00e9dica a trav\u00e9s de Salud Responde a menos de quince d\u00edas, lo que provoca que la gente haga colas y el colapso diario de las urgencias al no conseguir una atenci\u00f3n normalizada, hasta llegar el punto de suspenderse intervenciones quir\u00fargicas como ha ocurrido en el Hospital de Motril\u00bb\u201d.<\/p>\n<p style=\"text-align: justify;\">\u00abMuchos de nuestros vecinos y vecinas ven c\u00f3mo la sanidad p\u00fablica no da respuesta a sus necesidades y se ven abocados, si es que pueden econ\u00f3micamente, al sistema privado\u00bb, ha apuntado para reiterar una vez m\u00e1s que los ayuntamientos est\u00e1n a disposici\u00f3n de lo que haga falta, pero necesitamos del apoyo del Gobierno andaluz, de quien hemos echado en falta ayudas econ\u00f3micas para los municipios de entre 5.000 y 20.000 habitantes o para afrontar la limpieza extraordinaria de los centros educativos\u201d.<\/p>\n<p class=\"sumari\" style=\"text-align: justify;\">El manifiesto de los alcaldes y alcaldesas socialistas pide a la Junta que acabe con \u00abla destrucci\u00f3n de la sanidad p\u00fablica\u00bb<\/p>\n<p style=\"text-align: justify;\"><strong>El alcalde de Benal\u00faa, Manuel Mart\u00ednez,<\/strong> ha dado lectura a un manifiesto en el que las alcaldesas y alcaldes establecen como \u00abirrenunciables\u00bb una serie de demandas que deben ser atendidas por el Gobierno andaluz para \u00abacabar con la destrucci\u00f3n de la sanidad p\u00fablica\u00bb.\u00a0<\/p>\n<p style=\"text-align: justify;\">As\u00ed, solicitan la incorporaci\u00f3n urgente de los profesionales sanitarios necesarios para atender y garantizar la atenci\u00f3n primaria y a los usuarios y personal una asistencia y desarrollo de sus funciones de calidad; inversiones para la modernizaci\u00f3n de los centros de salud de la provincia y la construcci\u00f3n de los pendientes, as\u00ed como el refuerzo de los equipos de salud p\u00fablica y el aumento de unidades de salud mental.<\/p>\n<p style=\"text-align: justify;\">El manifiesto tambi\u00e9n contempla la revisi\u00f3n del mapa sanitario para compatibilizarlo con el transporte p\u00fablico, un gran pacto social que asegure la calidad y la sostenibilidad futura del sistema sanitario andaluz y una mayor financiaci\u00f3n del mismo.<\/p>\n<p>EL INDEPENDIENTE DE GRANADA<\/p>\n<div class=\"firma\">FOTO: PSOE Alcaldes del PSOE, este martes, a las puertas de la Junta.<\/div>\n<div>\u00a0<\/div>\n<div>https:\/\/www.elindependientedegranada.es\/politica\/alcaldes-alcaldesas-psoe-exigen-junta-que-reaccione-clamor-social-deterioro-sanidad-publica?s=09<\/div>\n<\/div>\n","protected":false},"excerpt":{"rendered":"<p>\u00abRepresentamos a m\u00e1s de la mitad de la poblaci\u00f3n de la provincia, que tiene gran&#8230;<\/p>\n","protected":false},"author":1,"featured_media":51683,"comment_status":"closed","ping_status":"closed","sticky":false,"template":"","format":"standard","meta":{"_coblocks_attr":"","_coblocks_dimensions":"","_coblocks_responsive_height":"","_coblocks_accordion_ie_support":"","jetpack_post_was_ever_published":false,"_jetpack_newsletter_access":"","_jetpack_dont_email_post_to_subs":false,"_jetpack_newsletter_tier_id":0,"_jetpack_memberships_contains_paywalled_content":false,"_jetpack_memberships_contains_paid_content":false,"footnotes":"","jetpack_publicize_message":"","jetpack_publicize_feature_enabled":true,"jetpack_social_post_already_shared":false,"jetpack_social_options":{"image_generator_settings":{"template":"highway","default_image_id":0,"enabled":false},"version":2}},"categories":[1161,7149,44,15,10],"tags":[192,723,55],"class_list":["post-51682","post","type-post","status-publish","format-standard","has-post-thumbnail","hentry","category-ciudadania","category-coronavirus","category-noticias-de-hoy","category-ultimas-noticias","category-salud","tag-manifestacion","tag-psoe","tag-salud"],"jetpack_publicize_connections":[],"jetpack_featured_media_url":"https:\/\/i0.wp.com\/miradordeatarfe.es\/wp-content\/uploads\/2022\/01\/foto._psoe_concentracion_sanidad_.jpg?fit=650%2C361&ssl=1","jetpack_likes_enabled":true,"jetpack_sharing_enabled":true,"_links":{"self":[{"href":"https:\/\/miradordeatarfe.es\/index.php?rest_route=\/wp\/v2\/posts\/51682","targetHints":{"allow":["GET"]}}],"collection":[{"href":"https:\/\/miradordeatarfe.es\/index.php?rest_route=\/wp\/v2\/posts"}],"about":[{"href":"https:\/\/miradordeatarfe.es\/index.php?rest_route=\/wp\/v2\/types\/post"}],"author":[{"embeddable":true,"href":"https:\/\/miradordeatarfe.es\/index.php?rest_route=\/wp\/v2\/users\/1"}],"replies":[{"embeddable":true,"href":"https:\/\/miradordeatarfe.es\/index.php?rest_route=%2Fwp%2Fv2%2Fcomments&post=51682"}],"version-history":[{"count":2,"href":"https:\/\/miradordeatarfe.es\/index.php?rest_route=\/wp\/v2\/posts\/51682\/revisions"}],"predecessor-version":[{"id":51685,"href":"https:\/\/miradordeatarfe.es\/index.php?rest_route=\/wp\/v2\/posts\/51682\/revisions\/51685"}],"wp:featuredmedia":[{"embeddable":true,"href":"https:\/\/miradordeatarfe.es\/index.php?rest_route=\/wp\/v2\/media\/51683"}],"wp:attachment":[{"href":"https:\/\/miradordeatarfe.es\/index.php?rest_route=%2Fwp%2Fv2%2Fmedia&parent=51682"}],"wp:term":[{"taxonomy":"category","embeddable":true,"href":"https:\/\/miradordeatarfe.es\/index.php?rest_route=%2Fwp%2Fv2%2Fcategories&post=51682"},{"taxonomy":"post_tag","embeddable":true,"href":"https:\/\/miradordeatarfe.es\/index.php?rest_route=%2Fwp%2Fv2%2Ftags&post=51682"}],"curies":[{"name":"wp","href":"https:\/\/api.w.org\/{rel}","templated":true}]}}