{"id":51686,"date":"2022-01-23T09:00:08","date_gmt":"2022-01-23T08:00:08","guid":{"rendered":"http:\/\/miradordeatarfe.es\/?p=51686"},"modified":"2022-01-20T14:01:08","modified_gmt":"2022-01-20T13:01:08","slug":"que-pasa-con-amazon-y-granada","status":"publish","type":"post","link":"https:\/\/miradordeatarfe.es\/?p=51686","title":{"rendered":"\u00bfQu\u00e9 pasa con Amazon y Granada?"},"content":{"rendered":"<h3 style=\"text-align: justify;\">En Granada llevamos una racha desconocida de buenas intenciones y proyectos de inter\u00e9s para un futuro prometedor.<\/h3>\n<p style=\"text-align: justify;\">Pues sepa que Granada ha atra\u00eddo un nuevo proyecto empresarial millonario que supondr\u00e1 un nuevo paso de gigante para el Parque Metropolitano Industrial y Tecnol\u00f3gico de Esc\u00fazar. En una parcela de 45.000 metros cuadrados, cercana a los terrenos donde se levanta la plataforma de la cadena de supermercados LIDL, <a href=\"https:\/\/www.ideal.es\/granada\/promotora-tres-centros-amazon-obras-escuzar-granada-20220119172607-nt.html#vli=su_plant-c-carta_4-1&amp;vca=1001-100-diaria_manana_granada_0160&amp;vso=nw&amp;vmc=diaria_manana_granada_0160&amp;vus=_guid_Ly4QnLjZpHbQuHJwzGdeNA==\" target=\"_blank\" rel=\"noopener noreferrer\" data-saferedirecturl=\"https:\/\/www.google.com\/url?q=https:\/\/www.ideal.es\/granada\/promotora-tres-centros-amazon-obras-escuzar-granada-20220119172607-nt.html%23vli%3Dsu_plant-c-carta_4-1%26vca%3D1001-100-diaria_manana_granada_0160%26vso%3Dnw%26vmc%3Ddiaria_manana_granada_0160%26vus%3D_guid_Ly4QnLjZpHbQuHJwzGdeNA%3D%3D&amp;source=gmail&amp;ust=1642766259944000&amp;usg=AOvVaw2JYYOY4lcOfPGAkcdXyfVz\"> han comenzado las obras de un centro log\u00edstico de \u00faltima milla<\/a>, como se denomina la gesti\u00f3n del transporte de paqueter\u00eda en el trayecto final. Esto es, un gran almac\u00e9n donde se agrupar\u00e1n los paquetes de venta online para distribuirlos desde ah\u00ed entre los clientes finales. Esta empresa trabaja para Amaz\u00f3n y \u00e9sta parece que ser\u00e1 la gran plataforma que recalar\u00e1 en Esc\u00fazar.<\/p>\n<p style=\"text-align: justify;\">Pero como las alegr\u00edas duran poco en la casa del pobre, en relaci\u00f3n con la pandemia <strong>Sergio Gonz\u00e1lez Hueso<\/strong> nos habla hoy de<a href=\"https:\/\/www.ideal.es\/granada\/once-muertos-covid-granada-20220118141042-nt.html#vli=su_plant-c-carta_4-2&amp;vca=1001-100-diaria_manana_granada_0160&amp;vso=nw&amp;vmc=diaria_manana_granada_0160&amp;vus=_guid_Ly4QnLjZpHbQuHJwzGdeNA==\" target=\"_blank\" rel=\"noopener noreferrer\" data-saferedirecturl=\"https:\/\/www.google.com\/url?q=https:\/\/www.ideal.es\/granada\/once-muertos-covid-granada-20220118141042-nt.html%23vli%3Dsu_plant-c-carta_4-2%26vca%3D1001-100-diaria_manana_granada_0160%26vso%3Dnw%26vmc%3Ddiaria_manana_granada_0160%26vus%3D_guid_Ly4QnLjZpHbQuHJwzGdeNA%3D%3D&amp;source=gmail&amp;ust=1642766259944000&amp;usg=AOvVaw1pYoOn1KqODBzDCQPlafz7\"> una jornada negra en Granada con 11 muertos y los contagios disparados. <\/a> Y eso cuando la OMS anuncia que el final de la pandemia y \u00f3micron no est\u00e1 tan cerca como esperan algunos y deseamos todos. Lo cierto es que la presi\u00f3n asistencial ha vuelto a crecer y ya hay m\u00e1s de 300 camas ocupadas en los hospitales por pacientes de covid. Sergio da todos los detalles en <a href=\"http:\/\/ideal.es\" target=\"_blank\" rel=\"noopener noreferrer\" data-saferedirecturl=\"https:\/\/www.google.com\/url?q=http:\/\/ideal.es&amp;source=gmail&amp;ust=1642766259944000&amp;usg=AOvVaw0jDz0r8rPQclFSERlds1hG\">ideal.es<\/a>.<\/p>\n<p style=\"text-align: justify;\">Al menos hay cosas que mejoran, como lo har\u00e1 <a href=\"https:\/\/www.ideal.es\/granada\/conservatorio-angel-barrios-20220119181926-nt.html#vli=su_plant-c-carta_4-3&amp;vca=1001-100-diaria_manana_granada_0160&amp;vso=nw&amp;vmc=diaria_manana_granada_0160&amp;vus=_guid_Ly4QnLjZpHbQuHJwzGdeNA==\" target=\"_blank\" rel=\"noopener noreferrer\" data-saferedirecturl=\"https:\/\/www.google.com\/url?q=https:\/\/www.ideal.es\/granada\/conservatorio-angel-barrios-20220119181926-nt.html%23vli%3Dsu_plant-c-carta_4-3%26vca%3D1001-100-diaria_manana_granada_0160%26vso%3Dnw%26vmc%3Ddiaria_manana_granada_0160%26vus%3D_guid_Ly4QnLjZpHbQuHJwzGdeNA%3D%3D&amp;source=gmail&amp;ust=1642766259944000&amp;usg=AOvVaw1ngKjZhmXRMfl2tlxe95Kf\">el Conservatorio Profesional de M\u00fasica \u00c1ngel Barrios. <\/a> Este naci\u00f3 peque\u00f1o. La ra\u00edz del problema est\u00e1 en la propia construcci\u00f3n del inmueble inaugurado en el a\u00f1o 2004. Desde el principio, acogi\u00f3 el doble de alumnos de los planteados en ese espacio: con capacidad para 700 alberga m\u00e1s de 1.300. Hoy <strong>Laura Ubago<\/strong> escribe que la ampliaci\u00f3n de este centro es una demanda hist\u00f3rica que empez\u00f3 hace m\u00e1s de una d\u00e9cada y ahora ha llegado el momento. Tendr\u00e1 un presupuesto de 2,1 millones de euros y Educaci\u00f3n ha planteado crear un m\u00f3dulo m\u00e1s \u2013ahora hay dos\u2013 en unos terrenos colindantes.<\/p>\n<p style=\"text-align: justify;\">El equipo de Deportes ha preparado buenas historias para los lectores, como el an\u00e1lisis que hace <strong>Rafael Lamelas <\/strong> sobre los siete jugadores m\u00e1s cotizados del Granada. En las \u00faltimas tres temporadas, todas en Primera divisi\u00f3n, <a href=\"https:\/\/www.ideal.es\/granadacf\/granadacf-siete-futbolistas-cotizados-20220119210238-nt.html#vli=su_plant-c-carta_4-4&amp;vca=1001-100-diaria_manana_granada_0160&amp;vso=nw&amp;vmc=diaria_manana_granada_0160&amp;vus=_guid_Ly4QnLjZpHbQuHJwzGdeNA==\" target=\"_blank\" rel=\"noopener noreferrer\" data-saferedirecturl=\"https:\/\/www.google.com\/url?q=https:\/\/www.ideal.es\/granadacf\/granadacf-siete-futbolistas-cotizados-20220119210238-nt.html%23vli%3Dsu_plant-c-carta_4-4%26vca%3D1001-100-diaria_manana_granada_0160%26vso%3Dnw%26vmc%3Ddiaria_manana_granada_0160%26vus%3D_guid_Ly4QnLjZpHbQuHJwzGdeNA%3D%3D&amp;source=gmail&amp;ust=1642766259944000&amp;usg=AOvVaw1x-I0-veOE-EMJDj1RyI2X\">el club ha hecho varias apuestas en forma de fichajes y ha vendido poqu\u00edsimo<\/a>. Luis Maximiano es uno de los siete, imagina bien si piensa en Milla, pero \u00bfsabe el resto? Pues l\u00e9alo en <a href=\"http:\/\/ideal.es\" target=\"_blank\" rel=\"noopener noreferrer\" data-saferedirecturl=\"https:\/\/www.google.com\/url?q=http:\/\/ideal.es&amp;source=gmail&amp;ust=1642766259944000&amp;usg=AOvVaw0jDz0r8rPQclFSERlds1hG\">ideal.es<\/a>. Por cierto en Deportes est\u00e1 hoy el triste fallecimiento de <a href=\"https:\/\/www.ideal.es\/granadacf\/galerna-cantabrico-20220118144024-nt.html#vli=su_plant-c-carta_4-5&amp;vca=1001-100-diaria_manana_granada_0160&amp;vso=nw&amp;vmc=diaria_manana_granada_0160&amp;vus=_guid_Ly4QnLjZpHbQuHJwzGdeNA==\" target=\"_blank\" rel=\"noopener noreferrer\" data-saferedirecturl=\"https:\/\/www.google.com\/url?q=https:\/\/www.ideal.es\/granadacf\/galerna-cantabrico-20220118144024-nt.html%23vli%3Dsu_plant-c-carta_4-5%26vca%3D1001-100-diaria_manana_granada_0160%26vso%3Dnw%26vmc%3Ddiaria_manana_granada_0160%26vus%3D_guid_Ly4QnLjZpHbQuHJwzGdeNA%3D%3D&amp;source=gmail&amp;ust=1642766259944000&amp;usg=AOvVaw03V0G1INzXU4YCcgyILpPP\"> Paco Gento, una leyenda del f\u00fatbol mundial con el Real Madrid que fue entrenador del Granada <\/a>durante la temporada 80-81, en la que estuvo 18 partidos al frente del conjunto granadinista.<\/p>\n<p style=\"text-align: justify;\">Y en Culturas la guinda nos ofrece todos los detalles de la celebraci\u00f3n del <a href=\"https:\/\/www.ideal.es\/culturas\/cante-jondo-visita-madrid-20220119223415-nt.html#vli=su_plant-c-carta_4-6&amp;vca=1001-100-diaria_manana_granada_0160&amp;vso=nw&amp;vmc=diaria_manana_granada_0160&amp;vus=_guid_Ly4QnLjZpHbQuHJwzGdeNA==\" target=\"_blank\" rel=\"noopener noreferrer\" data-saferedirecturl=\"https:\/\/www.google.com\/url?q=https:\/\/www.ideal.es\/culturas\/cante-jondo-visita-madrid-20220119223415-nt.html%23vli%3Dsu_plant-c-carta_4-6%26vca%3D1001-100-diaria_manana_granada_0160%26vso%3Dnw%26vmc%3Ddiaria_manana_granada_0160%26vus%3D_guid_Ly4QnLjZpHbQuHJwzGdeNA%3D%3D&amp;source=gmail&amp;ust=1642766259944000&amp;usg=AOvVaw3mVCqS_7FKuA7rL5cTbGd1\">Concurso de Cante Jondo de 1922<\/a>, un acontecimiento relevante en la cultura granadina para este a\u00f1o que tendr\u00e1 una respuesta acorde. Y tambi\u00e9n se lo cuentamos todo a los lectores de <a href=\"http:\/\/ideal.es\" target=\"_blank\" rel=\"noopener noreferrer\" data-saferedirecturl=\"https:\/\/www.google.com\/url?q=http:\/\/ideal.es&amp;source=gmail&amp;ust=1642766259944000&amp;usg=AOvVaw0jDz0r8rPQclFSERlds1hG\">ideal.es<\/a><\/p>\n<p style=\"text-align: justify;\"><strong>Juan Jes\u00fas Hern\u00e1ndez <\/strong><\/p>\n<p>FOTO:<\/p>\n<table border=\"0\" width=\"100%\" cellspacing=\"0\" cellpadding=\"0\">\n<tbody>\n<tr>\n<td width=\"8\">\u00a0<\/td>\n<td>Imagen a\u00e9rea de la parcela de Esc\u00fazar donde ir\u00e1 el nuevo centro log\u00edstico.. \/ Pepe Mar\u00edn<\/td>\n<\/tr>\n<\/tbody>\n<\/table>\n","protected":false},"excerpt":{"rendered":"<p>En Granada llevamos una racha desconocida de buenas intenciones y proyectos de inter\u00e9s para un&#8230;<\/p>\n","protected":false},"author":1,"featured_media":51687,"comment_status":"closed","ping_status":"closed","sticky":false,"template":"","format":"standard","meta":{"_coblocks_attr":"","_coblocks_dimensions":"","_coblocks_responsive_height":"","_coblocks_accordion_ie_support":"","jetpack_post_was_ever_published":false,"_jetpack_newsletter_access":"","_jetpack_dont_email_post_to_subs":false,"_jetpack_newsletter_tier_id":0,"_jetpack_memberships_contains_paywalled_content":false,"_jetpack_memberships_contains_paid_content":false,"footnotes":"","jetpack_publicize_message":"","jetpack_publicize_feature_enabled":true,"jetpack_social_post_already_shared":false,"jetpack_social_options":{"image_generator_settings":{"template":"highway","default_image_id":0,"enabled":false},"version":2}},"categories":[1161,44,6937,15],"tags":[8883,129,8882],"class_list":["post-51686","post","type-post","status-publish","format-standard","has-post-thumbnail","hentry","category-ciudadania","category-noticias-de-hoy","category-sociedad","category-ultimas-noticias","tag-conservatorio-de-musica","tag-granada","tag-proyectos-de-escuzar"],"jetpack_publicize_connections":[],"jetpack_featured_media_url":"https:\/\/i0.wp.com\/miradordeatarfe.es\/wp-content\/uploads\/2022\/01\/unnamed-1.jpg?fit=600%2C372&ssl=1","jetpack_likes_enabled":true,"jetpack_sharing_enabled":true,"_links":{"self":[{"href":"https:\/\/miradordeatarfe.es\/index.php?rest_route=\/wp\/v2\/posts\/51686","targetHints":{"allow":["GET"]}}],"collection":[{"href":"https:\/\/miradordeatarfe.es\/index.php?rest_route=\/wp\/v2\/posts"}],"about":[{"href":"https:\/\/miradordeatarfe.es\/index.php?rest_route=\/wp\/v2\/types\/post"}],"author":[{"embeddable":true,"href":"https:\/\/miradordeatarfe.es\/index.php?rest_route=\/wp\/v2\/users\/1"}],"replies":[{"embeddable":true,"href":"https:\/\/miradordeatarfe.es\/index.php?rest_route=%2Fwp%2Fv2%2Fcomments&post=51686"}],"version-history":[{"count":2,"href":"https:\/\/miradordeatarfe.es\/index.php?rest_route=\/wp\/v2\/posts\/51686\/revisions"}],"predecessor-version":[{"id":51689,"href":"https:\/\/miradordeatarfe.es\/index.php?rest_route=\/wp\/v2\/posts\/51686\/revisions\/51689"}],"wp:featuredmedia":[{"embeddable":true,"href":"https:\/\/miradordeatarfe.es\/index.php?rest_route=\/wp\/v2\/media\/51687"}],"wp:attachment":[{"href":"https:\/\/miradordeatarfe.es\/index.php?rest_route=%2Fwp%2Fv2%2Fmedia&parent=51686"}],"wp:term":[{"taxonomy":"category","embeddable":true,"href":"https:\/\/miradordeatarfe.es\/index.php?rest_route=%2Fwp%2Fv2%2Fcategories&post=51686"},{"taxonomy":"post_tag","embeddable":true,"href":"https:\/\/miradordeatarfe.es\/index.php?rest_route=%2Fwp%2Fv2%2Ftags&post=51686"}],"curies":[{"name":"wp","href":"https:\/\/api.w.org\/{rel}","templated":true}]}}