{"id":51723,"date":"2022-01-24T08:00:30","date_gmt":"2022-01-24T07:00:30","guid":{"rendered":"http:\/\/miradordeatarfe.es\/?p=51723"},"modified":"2022-01-21T19:24:17","modified_gmt":"2022-01-21T18:24:17","slug":"la-irresponsabilidad-de-djokovic","status":"publish","type":"post","link":"https:\/\/miradordeatarfe.es\/?p=51723","title":{"rendered":"La irresponsabilidad de Djokovic"},"content":{"rendered":"<h3 style=\"text-align: justify;\">El veto al n\u00famero uno del tenis en Australia refuerza la resistencia contra los movimientos antivacunas<\/h3>\n<p style=\"text-align: justify;\">Los movimientos antivacunas se alimentan de m\u00faltiples fuentes: bulos, ignorancia, ego\u00edsmo o c\u00e1lculo interesado, al margen de algunas personas que simplemente han sentido miedo ante la rapidez de fabricaci\u00f3n de la vacuna.<\/p>\n<p style=\"text-align: justify;\">A veces ese movimiento tambi\u00e9n se nutre de figuras p\u00fablicas de primer nivel incapaces de comprender la influencia que cualquiera de sus actos y decisiones tiene en la esfera global. El caso del serbio Novak Djokovic es un buen ejemplo de esa inconsciencia temeraria: viaj\u00f3 a Melbourne dispuesto a culminar su leyenda en el Open de Australia y se volvi\u00f3 a Belgrado deportado a la fuerza, en medio de un bochorno que ha puesto en pausa su carrera. A pesar de tener una exenci\u00f3n por haber padecido la enfermedad, Djokovic fue detenido en el aeropuerto australiano e internado por no haber recibido la vacuna contra la covid-19 e incumplir la estricta normativa del pa\u00eds sobre vacunaci\u00f3n. Un juez revoc\u00f3 la decisi\u00f3n y lo dej\u00f3 en libertad. El Gobierno acord\u00f3 finalmente la deportaci\u00f3n por razones de seguridad p\u00fablica y para dar ejemplo de que nadie est\u00e1 por encima de la ley. Un tribunal ratific\u00f3 la decisi\u00f3n el domingo. Entre medias, trascendi\u00f3 que Djokovic hab\u00eda acudido a compromisos p\u00fablicos sin mascarilla durante su enfermedad y hab\u00eda mentido (\u00e9l lo achac\u00f3 a un error de su equipo) en el formulario de entrada a Australia.<\/p>\n<p style=\"text-align: justify;\">Djokovic, de 34 a\u00f1os, nunca ha hecho proselitismo negacionista, pero su rechazo a vacunarse ha sido utilizado por la subcultura antivacunas y, dentro de ella, por grupos de la extrema derecha. La decisi\u00f3n de Australia ha sido valiente y ponderada, m\u00e1s all\u00e1 de los tecnicismos administrativos fronterizos. El tenista intent\u00f3 utilizar su fama y su enorme predicamento como principal atractivo del Open de Australia para desafiar las leyes y las recomendaciones de la ciencia. No puede quedar duda de que el \u00fanico responsable de este lamentable episodio es el propio Djokovic. As\u00ed lo entienden la inmensa mayor\u00eda de aficionados, los rivales, el circuito ten\u00edstico y el Gobierno de Australia. La estrella serbia ha ganado en Melbourne nueve veces y este a\u00f1o pod\u00eda lograr convertirse en el tenista m\u00e1s laureado de la historia con 21 victorias en torneos grandes.<\/p>\n<p style=\"text-align: justify;\">El precedente amenaza con extenderse al Reino Unido, Estados Unidos o Francia y complicar seriamente la temporada de Djokovic. Si Australia hubiera hecho una excepci\u00f3n, habr\u00eda servido de incentivo para que otros torneos buscaran una excusa para contar con la estrella, y el precedente habr\u00eda sido utilizado por antivacunas con poder en otros \u00e1mbitos. Los ciudadanos que han soportado graves restricciones de movilidad y han colaborado en la vacunaci\u00f3n masiva para frenar el virus no se merec\u00edan ninguna forma de favoritismo amparado en el estrellato deportivo (y el negocio del tenis)<\/p>\n","protected":false},"excerpt":{"rendered":"<p>El veto al n\u00famero uno del tenis en Australia refuerza la resistencia contra los movimientos&#8230;<\/p>\n","protected":false},"author":1,"featured_media":51724,"comment_status":"closed","ping_status":"closed","sticky":false,"template":"","format":"standard","meta":{"_coblocks_attr":"","_coblocks_dimensions":"","_coblocks_responsive_height":"","_coblocks_accordion_ie_support":"","jetpack_post_was_ever_published":false,"_jetpack_newsletter_access":"","_jetpack_dont_email_post_to_subs":false,"_jetpack_newsletter_tier_id":0,"_jetpack_memberships_contains_paywalled_content":false,"_jetpack_memberships_contains_paid_content":false,"footnotes":"","jetpack_publicize_message":"","jetpack_publicize_feature_enabled":true,"jetpack_social_post_already_shared":false,"jetpack_social_options":{"image_generator_settings":{"template":"highway","default_image_id":0,"enabled":false},"version":2}},"categories":[1161,7149,44,7671,6937,15],"tags":[8891,804],"class_list":["post-51723","post","type-post","status-publish","format-standard","has-post-thumbnail","hentry","category-ciudadania","category-coronavirus","category-noticias-de-hoy","category-politica","category-sociedad","category-ultimas-noticias","tag-djokovic","tag-vacunas"],"jetpack_publicize_connections":[],"jetpack_featured_media_url":"https:\/\/i0.wp.com\/miradordeatarfe.es\/wp-content\/uploads\/2022\/01\/641446658_221007910_1024x576.webp?fit=1024%2C576&ssl=1","jetpack_likes_enabled":true,"jetpack_sharing_enabled":true,"_links":{"self":[{"href":"https:\/\/miradordeatarfe.es\/index.php?rest_route=\/wp\/v2\/posts\/51723","targetHints":{"allow":["GET"]}}],"collection":[{"href":"https:\/\/miradordeatarfe.es\/index.php?rest_route=\/wp\/v2\/posts"}],"about":[{"href":"https:\/\/miradordeatarfe.es\/index.php?rest_route=\/wp\/v2\/types\/post"}],"author":[{"embeddable":true,"href":"https:\/\/miradordeatarfe.es\/index.php?rest_route=\/wp\/v2\/users\/1"}],"replies":[{"embeddable":true,"href":"https:\/\/miradordeatarfe.es\/index.php?rest_route=%2Fwp%2Fv2%2Fcomments&post=51723"}],"version-history":[{"count":1,"href":"https:\/\/miradordeatarfe.es\/index.php?rest_route=\/wp\/v2\/posts\/51723\/revisions"}],"predecessor-version":[{"id":51725,"href":"https:\/\/miradordeatarfe.es\/index.php?rest_route=\/wp\/v2\/posts\/51723\/revisions\/51725"}],"wp:featuredmedia":[{"embeddable":true,"href":"https:\/\/miradordeatarfe.es\/index.php?rest_route=\/wp\/v2\/media\/51724"}],"wp:attachment":[{"href":"https:\/\/miradordeatarfe.es\/index.php?rest_route=%2Fwp%2Fv2%2Fmedia&parent=51723"}],"wp:term":[{"taxonomy":"category","embeddable":true,"href":"https:\/\/miradordeatarfe.es\/index.php?rest_route=%2Fwp%2Fv2%2Fcategories&post=51723"},{"taxonomy":"post_tag","embeddable":true,"href":"https:\/\/miradordeatarfe.es\/index.php?rest_route=%2Fwp%2Fv2%2Ftags&post=51723"}],"curies":[{"name":"wp","href":"https:\/\/api.w.org\/{rel}","templated":true}]}}