{"id":51726,"date":"2022-01-23T11:20:24","date_gmt":"2022-01-23T10:20:24","guid":{"rendered":"http:\/\/miradordeatarfe.es\/?p=51726"},"modified":"2022-01-27T22:07:24","modified_gmt":"2022-01-27T21:07:24","slug":"mujeres-por-la-ciencia-por-jose-enrique-granados","status":"publish","type":"post","link":"https:\/\/miradordeatarfe.es\/?p=51726","title":{"rendered":"\u00abMUJERES POR LA CIENCIA\u00bb por Jos\u00e9 Enrique Granados"},"content":{"rendered":"<div class=\"\" dir=\"auto\">\n<div id=\"jsc_c_5a\" class=\"ecm0bbzt hv4rvrfc ihqw7lf3 dati1w0a\" data-ad-comet-preview=\"message\" data-ad-preview=\"message\">\n<div class=\"j83agx80 cbu4d94t ew0dbk1b irj2b8pg\">\n<div class=\"qzhwtbm6 knvmm38d\">\n<div class=\"kvgmc6g5 cxmmr5t8 oygrvhab hcukyx3x c1et5uql ii04i59q\">\n<div dir=\"auto\">\n<div class=\"\" dir=\"auto\">\n<div id=\"jsc_c_75\" class=\"ecm0bbzt hv4rvrfc ihqw7lf3 dati1w0a\" data-ad-comet-preview=\"message\" data-ad-preview=\"message\">\n<div class=\"j83agx80 cbu4d94t ew0dbk1b irj2b8pg\">\n<div class=\"qzhwtbm6 knvmm38d\">\n<div class=\"kvgmc6g5 cxmmr5t8 oygrvhab hcukyx3x c1et5uql ii04i59q\">\n<div dir=\"auto\" style=\"text-align: justify;\">En octubre de 2013, recib\u00ed un correo electr\u00f3nico de mi compa\u00f1ero y amigo Ram\u00f3n C. Soriguer, investigador de la Estaci\u00f3n Biol\u00f3gica de Do\u00f1ana (CSIC), en el que me reenviaba una carta dirigida a mujeres vinculadas al mundo de la ciencia y la tecnolog\u00eda, la cual hab\u00eda recibido por una lista de distribuci\u00f3n, en la que se encontraba su centro de trabajo.<\/div>\n<div dir=\"auto\" style=\"text-align: justify;\">Su asunto \u201cTu pueblo\u201d;<\/div>\n<div dir=\"auto\" style=\"text-align: justify;\">su escrito, &lt;&lt;est\u00e1is en toooo.&gt;&gt;<\/div>\n<div dir=\"auto\" style=\"text-align: justify;\">\u00a0<\/div>\n<div dir=\"auto\" style=\"text-align: justify;\">El escrito en cuesti\u00f3n se env\u00edo a universidades y centros de investigaci\u00f3n de todo el mundo, buscando la complicidad de cient\u00edficas que quisieran escribir unas palabras de motivaci\u00f3n al alumnado de primaria y secundaria, pensando fundamentalmente en las ni\u00f1as y mujeres j\u00f3venes.<\/div>\n<div dir=\"auto\" style=\"text-align: justify;\">\u00a0<\/div>\n<div dir=\"auto\" style=\"text-align: justify;\">Se encabezaba con un Querida amiga<\/div>\n<div dir=\"auto\" style=\"text-align: justify;\">\u00a0<\/div>\n<div dir=\"auto\" style=\"text-align: justify;\"><em>Te escribimos desde el CEIP ATALAYA, de Atarfe, en Granada. Somos un grupo de maestros que no nos resignamos a asomarnos a las cifras de fracaso escolar, de desmotivaci\u00f3n, de abandono. Queremos torcer el brazo a ese conformismo que nos puede costar el futuro de este pa\u00eds y queremos hacerlo con m\u00e1s implicaci\u00f3n, m\u00e1s compromiso, m\u00e1s trabajo y, \u2013aqu\u00ed necesitamos tu ayuda\u2013 m\u00e1s ciencia.<\/em><\/div>\n<div dir=\"auto\" style=\"text-align: justify;\"><em>Trabajamos en un colegio con un alto porcentaje de alumnado desfavorecido. Muchos de nuestros alumnos, y sobre todo alumnas, est\u00e1n m\u00e1s cerca \u2013si la Educaci\u00f3n no los rescata\u2013 de la marginaci\u00f3n y del fracaso que de la excelencia y el \u00e9xito acad\u00e9mico y profesional. Dentro de este panorama, nos preocupan especialmente las ni\u00f1as y su desafecci\u00f3n por estudios cient\u00edficos. Queremos que nuestras alumnas se acerquen a la ciencia, al conocimiento y al m\u00e9todo cient\u00edfico como posiblemente te acercaste t\u00fa hace a\u00f1os. [\u2026]<\/em><\/div>\n<div dir=\"auto\" style=\"text-align: justify;\"><em>Tenemos varios proyectos de fomento del inter\u00e9s por la ciencia en marcha. Te proponemos participar en nuestro proyecto \u201cUn espejo en que mirarte\u201d envi\u00e1ndoles un texto breve a nuestras alumnas invit\u00e1ndolas, ret\u00e1ndolas a abrazar la ciencia, abri\u00e9ndoles las puertas a lo mejor que han dado hombres y mujeres en miles de a\u00f1os de desarrollo, de investigaci\u00f3n cient\u00edfica. No sobra ni una mano, ni un empuj\u00f3n, desde la mano de Premios Nobel a las de las cient\u00edficas an\u00f3nimas que pelean d\u00eda a d\u00eda en cientos de laboratorios y departamentos por sacar adelante sus investigaciones a pesar de recortes, del desinter\u00e9s por la ciencia, de falta de apoyos p\u00fablicos o privados.<\/em><\/div>\n<div dir=\"auto\" style=\"text-align: justify;\"><em>Escr\u00edbele unas l\u00edneas a nuestras alumnas, ay\u00fadales a sentirse \u201ca hombros de gigantes\u201d, a pelear por ser m\u00e1s grandes, m\u00e1s sabias, m\u00e1s libres gracias a m\u00e1s Educaci\u00f3n, a m\u00e1s ciencia. Las cartas, como la que tal vez decidas escribir, se utilizar\u00e1n para la publicaci\u00f3n de un libro que sirva como piedra angular de nuestro proyecto en nombre de la Ciencia. T\u00fa contribuci\u00f3n ser\u00eda incalculable. [\u2026]<\/em><\/div>\n<div dir=\"auto\" style=\"text-align: justify;\">Esther Di\u00e1nez Mu\u00f1oz, Coordinadora del Plan de Igualdad<\/div>\n<div dir=\"auto\" style=\"text-align: justify;\">\u00a0<\/div>\n<\/div>\n<div class=\"cxmmr5t8 oygrvhab hcukyx3x c1et5uql o9v6fnle ii04i59q\" style=\"text-align: justify;\">\n<div dir=\"auto\">Por diversos azares me encontr\u00e9 hace unas semanas con dicho correo y decid\u00ed investigar que hab\u00eda sido de aquella fant\u00e1stica idea. El resultado ha sido un elaborado material did\u00e1ctico compendiado en un libro titulado \u201cUn espejo en que mirarte\u201d, el cual recoge &lt;&lt;el testimonio de 67 mujeres de todas partes del mundo, que escriben al alumnado de primaria y secundaria cartas de motivaci\u00f3n hacia el mundo de la ciencia y la tecnolog\u00eda, campos de trabajo en los que ellas son referentes mundiales en la actualidad. Muchas de las cartas se dirigen espec\u00edficamente a las alumnas, habl\u00e1ndoles de mujer a mujer y contribuyendo con ello a establecer v\u00ednculos m\u00e1s personales entre las cient\u00edficas y las j\u00f3venes que comienzan su andadura en las primeras etapas de la escolarizaci\u00f3n&gt;&gt;.<\/div>\n<div dir=\"auto\">\u00a0<\/div>\n<\/div>\n<div class=\"cxmmr5t8 oygrvhab hcukyx3x c1et5uql o9v6fnle ii04i59q\" style=\"text-align: justify;\">\n<div dir=\"auto\">Creo sin lugar a duda que esta experiencia debe formar parte de nuestra gacetilla.<\/div>\n<div dir=\"auto\">\u00a0<\/div>\n<div dir=\"auto\"><a href=\"https:\/\/i0.wp.com\/miradordeatarfe.es\/wp-content\/uploads\/2022\/01\/271646218_317745827025573_7179972659954229837_n.jpg?ssl=1\"><img data-recalc-dims=\"1\" loading=\"lazy\" decoding=\"async\" class=\"alignnone wp-image-51727 size-full\" src=\"https:\/\/i0.wp.com\/miradordeatarfe.es\/wp-content\/uploads\/2022\/01\/271646218_317745827025573_7179972659954229837_n.jpg?resize=509%2C720&#038;ssl=1\" alt=\"\" width=\"509\" height=\"720\" srcset=\"https:\/\/i0.wp.com\/miradordeatarfe.es\/wp-content\/uploads\/2022\/01\/271646218_317745827025573_7179972659954229837_n.jpg?w=509&amp;ssl=1 509w, https:\/\/i0.wp.com\/miradordeatarfe.es\/wp-content\/uploads\/2022\/01\/271646218_317745827025573_7179972659954229837_n.jpg?resize=212%2C300&amp;ssl=1 212w\" sizes=\"auto, (max-width: 509px) 100vw, 509px\" \/><\/a><\/div>\n<div dir=\"auto\">\u00a0<\/div>\n<\/div>\n<div class=\"cxmmr5t8 oygrvhab hcukyx3x c1et5uql o9v6fnle ii04i59q\">\n<div dir=\"auto\" style=\"text-align: justify;\"><strong>Gacetilla y curiosidades elvirenses<\/strong><\/div>\n<\/div>\n<\/div>\n<\/div>\n<\/div>\n<\/div>\n<\/div>\n<\/div>\n<\/div>\n<\/div>\n<\/div>\n<\/div>\n","protected":false},"excerpt":{"rendered":"<p>En octubre de 2013, recib\u00ed un correo electr\u00f3nico de mi compa\u00f1ero y amigo Ram\u00f3n C&#8230;.<\/p>\n","protected":false},"author":1,"featured_media":51728,"comment_status":"closed","ping_status":"closed","sticky":false,"template":"","format":"standard","meta":{"_coblocks_attr":"","_coblocks_dimensions":"","_coblocks_responsive_height":"","_coblocks_accordion_ie_support":"","jetpack_post_was_ever_published":false,"_jetpack_newsletter_access":"","_jetpack_dont_email_post_to_subs":false,"_jetpack_newsletter_tier_id":0,"_jetpack_memberships_contains_paywalled_content":false,"_jetpack_memberships_contains_paid_content":false,"footnotes":"","jetpack_publicize_message":"","jetpack_publicize_feature_enabled":true,"jetpack_social_post_already_shared":false,"jetpack_social_options":{"image_generator_settings":{"template":"highway","default_image_id":0,"enabled":false},"version":2}},"categories":[2,187,1161,186,38,44,15],"tags":[81,830,53,19],"class_list":["post-51726","post","type-post","status-publish","format-standard","has-post-thumbnail","hentry","category-atarfe","category-centros-educativos","category-ciudadania","category-instituciones","category-opinion-de-jose-enrique-granados","category-noticias-de-hoy","category-ultimas-noticias","tag-atarfe","tag-ceip-atalaya","tag-ciencia","tag-mujeres"],"jetpack_publicize_connections":[],"jetpack_featured_media_url":"https:\/\/i0.wp.com\/miradordeatarfe.es\/wp-content\/uploads\/2022\/01\/indice-2.jpg?fit=318%2C159&ssl=1","jetpack_likes_enabled":true,"jetpack_sharing_enabled":true,"_links":{"self":[{"href":"https:\/\/miradordeatarfe.es\/index.php?rest_route=\/wp\/v2\/posts\/51726","targetHints":{"allow":["GET"]}}],"collection":[{"href":"https:\/\/miradordeatarfe.es\/index.php?rest_route=\/wp\/v2\/posts"}],"about":[{"href":"https:\/\/miradordeatarfe.es\/index.php?rest_route=\/wp\/v2\/types\/post"}],"author":[{"embeddable":true,"href":"https:\/\/miradordeatarfe.es\/index.php?rest_route=\/wp\/v2\/users\/1"}],"replies":[{"embeddable":true,"href":"https:\/\/miradordeatarfe.es\/index.php?rest_route=%2Fwp%2Fv2%2Fcomments&post=51726"}],"version-history":[{"count":1,"href":"https:\/\/miradordeatarfe.es\/index.php?rest_route=\/wp\/v2\/posts\/51726\/revisions"}],"predecessor-version":[{"id":51729,"href":"https:\/\/miradordeatarfe.es\/index.php?rest_route=\/wp\/v2\/posts\/51726\/revisions\/51729"}],"wp:featuredmedia":[{"embeddable":true,"href":"https:\/\/miradordeatarfe.es\/index.php?rest_route=\/wp\/v2\/media\/51728"}],"wp:attachment":[{"href":"https:\/\/miradordeatarfe.es\/index.php?rest_route=%2Fwp%2Fv2%2Fmedia&parent=51726"}],"wp:term":[{"taxonomy":"category","embeddable":true,"href":"https:\/\/miradordeatarfe.es\/index.php?rest_route=%2Fwp%2Fv2%2Fcategories&post=51726"},{"taxonomy":"post_tag","embeddable":true,"href":"https:\/\/miradordeatarfe.es\/index.php?rest_route=%2Fwp%2Fv2%2Ftags&post=51726"}],"curies":[{"name":"wp","href":"https:\/\/api.w.org\/{rel}","templated":true}]}}