{"id":51737,"date":"2022-01-24T09:54:33","date_gmt":"2022-01-24T08:54:33","guid":{"rendered":"http:\/\/miradordeatarfe.es\/?p=51737"},"modified":"2022-01-21T19:58:36","modified_gmt":"2022-01-21T18:58:36","slug":"el-colegio-de-medicos-pide-un-cambio-de-modelo-en-atencion-primaria-para-acabar-con-la-sobrecarga-que-la-deteriora","status":"publish","type":"post","link":"https:\/\/miradordeatarfe.es\/?p=51737","title":{"rendered":"El Colegio de M\u00e9dicos pide un cambio de modelo en Atenci\u00f3n Primaria para acabar con la sobrecarga que la deteriora"},"content":{"rendered":"<h3 class=\"entrad\">La Junta Directiva se suma a las cr\u00edticas por situaci\u00f3n del sistema sanitario p\u00fablico y cuestiona tambi\u00e9n la falta de medidas para minimizar el impacto de la sexta ola.<\/h3>\n<div class=\"cuerpo\">\n<h4>\u00abLos m\u00e9dicos de Atenci\u00f3n Primaria est\u00e1n exhaustos, cansados f\u00edsica y psicol\u00f3gicamente\u00bb<\/h4>\n<p>El Colegio Oficial de M\u00e9dicos de Granada se pronuncia sobre la situaci\u00f3n del sistema sanitario p\u00fablico y expresa su preocupaci\u00f3n por el deterioro que especialmente est\u00e1 sufriendo la Atenci\u00f3n Primaria, para la que reclama un cambio de modelo. Lo considera imprescindible para acabar con la \u00absobrecarga\u00bb de trabajo que soportan sus profesionales y que est\u00e1 deteriorando la atenci\u00f3n a la ciudadan\u00eda.\u00a0<\/p>\n<p>En el comunicado hecho p\u00fablico por la Junta Directiva tambi\u00e9n se alude a la gesti\u00f3n de la sexta ola para lamentar la falta de medidas. \u00abEl control de aforos, de horarios y la implantaci\u00f3n de medidas de ventilaci\u00f3n en lugares cerrados hubiera contribuido de forma decisiva a minimizar el impacto de la infecci\u00f3n del coronavirus en la salud\u00bb, enfatiza para reclamar tambi\u00e9n que no se afronte el Covid como una gripe. \u00abEs un gran error\u00bb, advierte.<\/p>\n<p class=\"sumari\">\u00abEsta sexta ola es consecuencia de la ausencia de medidas necesarias en el control de la enfermedad que no se han tomado en las \u00faltimas semanas, basando casi de forma exclusiva la estrategia en la vacunaci\u00f3n\u00bb<\/p>\n<p>\u00abLa sexta ola de la pandemia por el COVID-19 est\u00e1 afectando de nuevo a numerosos pacientes, con una sobrecarga en los centros sanitarios (centros de salud y hospitales) que repercute de forma negativa en los profesionales sanitarios\u00bb, exponen los m\u00e9dicos de Granada que consideran que \u00abesta sexta ola es consecuencia de la ausencia de medidas necesarias en el control de la enfermedad que no se han tomado en las \u00faltimas semanas, basando casi de forma exclusiva la estrategia en la vacunaci\u00f3n\u00bb.<\/p>\n<p>Cabe recordar que, en diciembre pasado, poco antes de las fiestas navide\u00f1as, la Junta de Andaluc\u00eda elimin\u00f3 las restricciones de aforos y horarios para los niveles de alerta 1 y 2, ante la previsi\u00f3n que buena parte del territorio andaluz, como as\u00ed ocurri\u00f3, pasaran a esos niveles ante el aumento de la incidencia.\u00a0<\/p>\n<p>El Colegio de M\u00e9dicos advierte de que, en Granada, al igual que ocurre en el resto de Espa\u00f1a, \u00ablos centros de salud han tenido y contin\u00faan con una sobrecarga asistencial dif\u00edcilmente asumible por m\u00e9dicos y otros profesionales sanitarios. La falta de personal coincidente con las fiestas navide\u00f1as, as\u00ed como las bajas laborales de nuestro colectivo han agravado la situaci\u00f3n\u00bb.<\/p>\n<p>\u00abLos m\u00e9dicos de Atenci\u00f3n Primaria est\u00e1n exhaustos, cansados f\u00edsica y psicol\u00f3gicamente\u00bb, resalta.\u00a0<\/p>\n<p class=\"sumari\">\u00abLa presi\u00f3n asistencial tambi\u00e9n se est\u00e1 viviendo en los servicios de Urgencias, tanto de primaria como de hospital, en los laboratorios de Microbiolog\u00eda, en las unidades de Medicina Preventiva y Salud Laboral, y desde hace unas semanas tambi\u00e9n en los hospitales\u00bb<\/p>\n<p>Esta presi\u00f3n asistencial tambi\u00e9n se est\u00e1 viviendo en los servicios de Urgencias, tanto de primaria como de hospital, en los laboratorios de Microbiolog\u00eda, en las unidades de Medicina Preventiva y Salud Laboral, y desde hace unas semanas tambi\u00e9n en los hospitales, \u00absobrecargando a los profesionales sanitarios y afectando de forma importante a su salud\u00bb.\u00a0\u00a0<\/p>\n<p>La infecci\u00f3n por el COVID-19 \u00abpone en riesgo la vida de algunos pacientes y deja secuelas en otros, especialmente a los no vacunados. Asimismo, conlleva una sobrecarga del sistema sanitario con importantes consecuencias para otros pacientes que no pueden ser atendidos\u00bb.\u00a0<\/p>\n<p>\u00abLa pandemia es una situaci\u00f3n dif\u00edcilmente abordable, pero teniendo experiencia en olas anteriores, esta \u00faltima se pod\u00eda haber minimizado\u00bb, considera la Junta Directivo del Colegio de M\u00e9dicos para solicitar:\u00a0<\/p>\n<ul>\n<li>Que los responsables pol\u00edticos de todas las administraciones tomen medidas preventivas eficaces para evitar estos picos de incidencia de la enfermedad. Considerar la infecci\u00f3n por COVID-19 como una gripe es un gran error.\u00a0<\/li>\n<li>Dejar de usar como arma para el enfrentamiento pol\u00edtico a la sanidad p\u00fablica. Es preciso la colaboraci\u00f3n coordinada de todas las administraciones.<\/li>\n<li>Incrementar el n\u00famero de m\u00e9dicos en Espa\u00f1a. La Organizaci\u00f3n M\u00e9dica Colegial lleva a\u00f1os denunciando la falta de m\u00e9dicos. La soluci\u00f3n depende del Ministerio de Sanidad y las Consejer\u00edas de Salud de todas las comunidades aut\u00f3nomas. Es necesario que comiencen a trabajar lo antes posible para paliar este gran problema.\u00a0<\/li>\n<li>La Atenci\u00f3n Primaria necesita un cambio de modelo. Hay que apostar por una atenci\u00f3n primaria fuerte y valorada por los ciudadanos para mantener un sistema sanitario p\u00fablico de salud eficiente y sostenible.\u00a0<\/li>\n<li>Solicitamos responsabilidad a los ciudadanos. La vacunaci\u00f3n por si sola no es suficiente. Hay que evitar trasmitir el virus utilizando la mascarilla en interiores y aglomeraciones, evitando lugares cerrados con exceso de gente y mal ventilados.\u00a0<\/li>\n<\/ul>\n<p>\u00abLa \u00fanica forma de superar esta situaci\u00f3n es colaborando entre todos a superarla\u00bb, apunta el Colegio de M\u00e9dicos de Granada, que muestra su apoyo a todos los profesionales m\u00e9dicos y sanitarios en estos \u00abdif\u00edciles momentos\u00bb.\u00a0<\/p>\n<p>INDEPENDIENTE DE GRANADA<\/p>\n<p>FOTO: Colas a las puertas del centro de salud Zaid\u00edn Sur. <span class=\"firma\">indegraanda<\/span><\/p>\n<p>https:\/\/www.elindependientedegranada.es\/ciudadania\/colegio-medicos-pide-cambio-modelo-atencion-primaria-acabar-con-sobrecarga-que-deteriora<\/p>\n<\/div>\n","protected":false},"excerpt":{"rendered":"<p>La Junta Directiva se suma a las cr\u00edticas por situaci\u00f3n del sistema sanitario p\u00fablico y&#8230;<\/p>\n","protected":false},"author":1,"featured_media":51738,"comment_status":"closed","ping_status":"closed","sticky":false,"template":"","format":"standard","meta":{"_coblocks_attr":"","_coblocks_dimensions":"","_coblocks_responsive_height":"","_coblocks_accordion_ie_support":"","jetpack_post_was_ever_published":false,"_jetpack_newsletter_access":"","_jetpack_dont_email_post_to_subs":false,"_jetpack_newsletter_tier_id":0,"_jetpack_memberships_contains_paywalled_content":false,"_jetpack_memberships_contains_paid_content":false,"footnotes":"","jetpack_publicize_message":"","jetpack_publicize_feature_enabled":true,"jetpack_social_post_already_shared":false,"jetpack_social_options":{"image_generator_settings":{"template":"highway","default_image_id":0,"enabled":false},"version":2}},"categories":[1161,7149,44,6937,15,10],"tags":[7663,55],"class_list":["post-51737","post","type-post","status-publish","format-standard","has-post-thumbnail","hentry","category-ciudadania","category-coronavirus","category-noticias-de-hoy","category-sociedad","category-ultimas-noticias","category-salud","tag-atencion-primaria","tag-salud"],"jetpack_publicize_connections":[],"jetpack_featured_media_url":"https:\/\/i0.wp.com\/miradordeatarfe.es\/wp-content\/uploads\/2022\/01\/centro_salud_zaidin_sur.jpg?fit=650%2C442&ssl=1","jetpack_likes_enabled":true,"jetpack_sharing_enabled":true,"_links":{"self":[{"href":"https:\/\/miradordeatarfe.es\/index.php?rest_route=\/wp\/v2\/posts\/51737","targetHints":{"allow":["GET"]}}],"collection":[{"href":"https:\/\/miradordeatarfe.es\/index.php?rest_route=\/wp\/v2\/posts"}],"about":[{"href":"https:\/\/miradordeatarfe.es\/index.php?rest_route=\/wp\/v2\/types\/post"}],"author":[{"embeddable":true,"href":"https:\/\/miradordeatarfe.es\/index.php?rest_route=\/wp\/v2\/users\/1"}],"replies":[{"embeddable":true,"href":"https:\/\/miradordeatarfe.es\/index.php?rest_route=%2Fwp%2Fv2%2Fcomments&post=51737"}],"version-history":[{"count":1,"href":"https:\/\/miradordeatarfe.es\/index.php?rest_route=\/wp\/v2\/posts\/51737\/revisions"}],"predecessor-version":[{"id":51739,"href":"https:\/\/miradordeatarfe.es\/index.php?rest_route=\/wp\/v2\/posts\/51737\/revisions\/51739"}],"wp:featuredmedia":[{"embeddable":true,"href":"https:\/\/miradordeatarfe.es\/index.php?rest_route=\/wp\/v2\/media\/51738"}],"wp:attachment":[{"href":"https:\/\/miradordeatarfe.es\/index.php?rest_route=%2Fwp%2Fv2%2Fmedia&parent=51737"}],"wp:term":[{"taxonomy":"category","embeddable":true,"href":"https:\/\/miradordeatarfe.es\/index.php?rest_route=%2Fwp%2Fv2%2Fcategories&post=51737"},{"taxonomy":"post_tag","embeddable":true,"href":"https:\/\/miradordeatarfe.es\/index.php?rest_route=%2Fwp%2Fv2%2Ftags&post=51737"}],"curies":[{"name":"wp","href":"https:\/\/api.w.org\/{rel}","templated":true}]}}