{"id":51780,"date":"2022-01-25T11:12:35","date_gmt":"2022-01-25T10:12:35","guid":{"rendered":"http:\/\/miradordeatarfe.es\/?p=51780"},"modified":"2023-10-21T10:33:49","modified_gmt":"2023-10-21T08:33:49","slug":"un-viejo-futuro-para-medina-elvira-por-guillermo-garcia-contreras-ruiz","status":"publish","type":"post","link":"https:\/\/miradordeatarfe.es\/?p=51780","title":{"rendered":"\u00abUN (viejo) FUTURO PARA MEDINA ELVIRA\u00bb por Guillermo Garc\u00eda-Contreras Ruiz"},"content":{"rendered":"<h3 style=\"text-align: justify;\">El pasado mes de septiembre se jubil\u00f3 el investigador que m\u00e1s ha hecho por recuperar la ciudad de Medina Elvira.<\/h3>\n<p style=\"text-align: justify;\">El profesor <strong>Antonio Malpica<\/strong> Cuello\u00a0:\u00a0<a href=\"https:\/\/miradordeatarfe.es\/?p=49695\"><u>https:\/\/miradordeatarfe.es\/?p=49695<\/u><\/a>] , de la Universidad de Granada, no s\u00f3lo ha sido el responsable de las excavaciones e investigaciones que se han hecho en el yacimiento desde el a\u00f1o 2001, sobre todo entre 2005 a 2011, o las prospecciones que permitieron en 2004 declarar la zona protegida bajo consideraci\u00f3n de BIC. Adem\u00e1s ha sido el director de numerosos trabajos e incluso tesis doctorales que se han llevado a cabo sobre este lugar, ha sido el comisario de varias exposiciones centradas en la historia de la medina, incluyendo la renombrada \u201cMil a\u00f1os de Madinat Ilbira\u201d que se celebr\u00f3 en el Parque de las Ciencias, y es el responsable de dar a conocer el yacimiento a nivel internacional hasta el punto de que de su mano vinieron investigadores polacos a realizar las \u00faltimas investigaciones sistem\u00e1ticas que se han realizado, entre los a\u00f1os 2015 a 2019. <strong>Don Manuel G\u00f3mez Moreno<\/strong> fue el primero en dar a conocer los restos arqueol\u00f3gicos dispersos a los pies de Sierra Elvira, pero la estructura de su organizaci\u00f3n interna, los datos sobre sus fechas certeras de origen por agrupamiento de asentamientos rurales dispersos precios y de abandono paulatino por traslado al a ciudad de Granada, los niveles de vida que hubo en la ciudad, sus estructuras defensivas o la forma que tuvieron sus viviendas y espacios artesanales\u2026 un sinfin de informaciones que han quedado por escrito de la mano del profesor Malpica. Si uno hace una b\u00fasqueda r\u00e1pida en internet ambos nombres, Medina Elvira y Antonio Malpica, aparecen indisolublemente unidos como el gran redescubridor e impulsor del yacimiento en el siglo XXI. Toda la informaci\u00f3n es p\u00fablica y gratuita, facilitando su acceso online desde diversas plataformas como por ejemplo la propia web del proyecto [si es posible poner hiperenlace a esta web: <a href=\"http:\/\/www.medinaelvira.org\/\"><u>http:\/\/www.medinaelvira.org<\/u><\/a>].\u00a0Este af\u00e1n por hacer toda la informaci\u00f3n abierta ha posibilitado que incluso otros investigadores que nada tienen que ver con el profesor, la Universidad de Granada o el proyecto de Medina Elvira en s\u00ed mismo hayan podido avanzar nuevas investigaciones e ideas acerca del yacimiento o del periodo hist\u00f3rico en cuesti\u00f3n.<\/p>\n<p style=\"text-align: justify;\">La jubilaci\u00f3n de una personalidad como la suya ha tra\u00eddo consigo una cierta reorganizaci\u00f3n de la investigaci\u00f3n arqueol\u00f3gica sobre \u00e9poca medieval que se lleva a cabo desde el Departamento de Historia Medieval y Ciencias y T\u00e9cnicas Historiogr\u00e1ficas de la Universidad de Granada. De manera unas veces m\u00e1s natural y otras algo disruptiva, han ido surgiendo nuevas l\u00edneas de investigaci\u00f3n, se han ampliado los intereses, se excavan yacimientos apenas conocidos por todo el sureste peninsular o se afrontan t\u00e9cnicas de estudio cient\u00edficas que eran inimaginables hace apenas unos a\u00f1os. La combinaci\u00f3n de diversas generaciones de profesores e investigadores tanto m\u00e1s consolidados como incipientes, muchos de los cuales son disc\u00edpulos directos del profesor Malpica, est\u00e1 impulsando estos estudios en un modo hasta ahora sin parang\u00f3n, y que, al menos en cantidad, tiene dif\u00edcil comparaci\u00f3n en el resto de la geograf\u00eda peninsular.<\/p>\n<p style=\"text-align: justify;\">Varios de los investigadores que hemos crecido profesionalmente junto al profesor Malpica hemos mostrado nuestra disposici\u00f3n e inter\u00e9s en continuar con las investigaciones en el yacimiento, sobre el cual nunca hemos dejado de investigar o de promocionar, difundir y divulgar en la medida de nuestras posibilidades. La lista de nombres propios y especializades de estos investigadores es larga, porque ante todo tenemos clara una idea:<strong><b>\u00a0esto es un trabajo de equipo en el que no importan tanto los nombres propios, como las ideas que se van a defender, el rigor cient\u00edfico que nos exigimos y las iniciativas a impulsar para dar a conocer el yacimiento<\/b><\/strong>.<\/p>\n<p style=\"text-align: justify;\">Con el acuerdo entre varias el\u00e9ctricas, el Ayuntamiento de Atarfe y la Universidad de Granada, se ha abierto una ventana de oportunidad que no podemos desaprovechar \u00a0[si es posible poner hiperenlace a esta noticia:\u00a0<a href=\"https:\/\/www.granadahoy.com\/granada\/Impulso-investigacion-yacimiento-Medina-Elvira_0_1645636241.html\"><u>https:\/\/www.lacoradeilbira.es\/2022\/01\/09\/atarfe-acuerdo-para-investigar-el-yacimiento-de-medina-elvira\/<\/u><\/a>. Se van a garantizar que las obras que se deben acometer tendr\u00e1n el m\u00ednimo impacto posible sobre el yacimiento, y se va a tratar de honrar la generosidad del mecenazgo y financiaci\u00f3n con que se dota a la investigaci\u00f3n y, quiz\u00e1s esto sea lo m\u00e1s relevante, a la puesta en valor del yacimiento.<\/p>\n<p style=\"text-align: justify;\">Hasta ahora las investigaciones hab\u00edan estado dirigidas a conocer la ciudad, su distribuci\u00f3n, sus funciones y cronolog\u00edas por sectores, y todo esto oblig\u00f3 por un lado a realizar excavaciones de no muy grande extensi\u00f3n porque eran muchas, y por otro a volver a enterrar los restos que se exhumaban, porque las investigaciones se hac\u00edan sobre terrenos de particulares en los que no era posible dejar abierto zanjas y sondeos de 1, 2 o hasta 4 metros de profundidad sin que se garantizase la m\u00ednima conservaci\u00f3n de los muros y restos all\u00ed encontrados. Quiz\u00e1s esta sea una de las singularidades que va a traer consigo esta nueva etapa en el yacimiento. <strong>Se va a excavar menos, pero se va a conservar a la vista de todo el mundo m\u00e1s<\/strong>. No es ninguna novedad que <strong>ambicionemos musealizar in situ los restos arqueol\u00f3gicos que se van a ir excavando<\/strong>, simplemente ni las exigencias cient\u00edficas ni las condiciones patrimoniales y administrativas lo hab\u00edan hecho posible, a pesar de lo cual viviendas, muralla e incluso espacios artesanales en el cerro del Sombrerete fueron sometidos a unas primeras actividades de conservaci\u00f3n preventiva y son a\u00fan hoy en d\u00eda visitables y reconocibles por cualquiera que ande por ese monte.<\/p>\n<p style=\"text-align: justify;\">Esta nueva etapa, que afrontamos con ilusi\u00f3n y con las m\u00e1ximas garant\u00edas de profesionalidad y dedicaci\u00f3n, ser\u00e1 llevada a cabo por parte de un grupo de j\u00f3venes y no tan j\u00f3venes investigadores que seguimos vinculados a la figura del profesor Malpica. \u00c9l nos ha tra\u00eddo hasta aqu\u00ed, y tiene el compromiso de seguir acompa\u00f1\u00e1ndonos, como ha hecho siempre hasta ahora mostrando su respaldo cuando ha sido necesario y corrigi\u00e9ndonos y ense\u00f1\u00e1ndonos como no puede ser de otra forma habida cuenta de los a\u00f1os de magisterio con los que cuenta. \u00a0<em>Somos plenamente conscientes de que nos enfrentaremos a muchos problemas inherentes a este tipo de proyectos, en los que hay tantos agentes e instituciones involucrados<\/em>. Pero de la misma forma, estamos plenamente convencidos de que <strong>\u00e9sto s\u00f3lo es posible con la participaci\u00f3n\u00a0y di\u00e1logo de todos<\/strong>: el Ayuntamiento de Atarfe, que debe impulsar el Plan Director y a cuyas directrices nos vamos a someter ya desde las primeras intervenciones; la Delegaci\u00f3n de Cultura y sus t\u00e9cnicos competentes en materia arqueol\u00f3gica, a quien corresponde la cautela y vigilancia sobre las actuaciones que se lleven a cabo; la Universidad de Granada, cuyo personal y en cuyas instalaciones se llevaran a cabo las investigaciones y an\u00e1lisis cient\u00edficos;<strong> y sobre todo la propia ciudadan\u00eda, primero de Atarfe y seguidamente de toda la Vega de Granada, cuya participaci\u00f3n ya sea individual o colectiva, como asociaciones o a trav\u00e9s de colegios e institutos, ser\u00e1 fundamental para el buen funcionamiento de la idea que nos debe unir a todos: el conocimiento, primero, y el disfrute, despu\u00e9s<\/strong>, de los restos arqueol\u00f3gicos que albergan la historia de Medina Elvira, capital de la vega de Granada durante los primeros siglos de al-Andalus.<\/p>\n<p><strong>Guillermo Garc\u00eda-Contreras Ruiz<\/strong><\/p>\n<p>Profesor Contratado Doctor. Universidad de Granada<\/p>\n","protected":false},"excerpt":{"rendered":"<p>El pasado mes de septiembre se jubil\u00f3 el investigador que m\u00e1s ha hecho por recuperar&#8230;<\/p>\n","protected":false},"author":1,"featured_media":51782,"comment_status":"closed","ping_status":"closed","sticky":false,"template":"","format":"standard","meta":{"_coblocks_attr":"","_coblocks_dimensions":"","_coblocks_responsive_height":"","_coblocks_accordion_ie_support":"","jetpack_post_was_ever_published":false,"_jetpack_newsletter_access":"","_jetpack_dont_email_post_to_subs":false,"_jetpack_newsletter_tier_id":0,"_jetpack_memberships_contains_paywalled_content":false,"_jetpack_memberships_contains_paid_content":false,"footnotes":"","jetpack_publicize_message":"","jetpack_publicize_feature_enabled":true,"jetpack_social_post_already_shared":false,"jetpack_social_options":{"image_generator_settings":{"template":"highway","default_image_id":0,"enabled":false},"version":2}},"categories":[5359,10431],"tags":[2957,5374],"class_list":["post-51780","post","type-post","status-publish","format-standard","has-post-thumbnail","hentry","category-madinat-ilbira","category-medina-elvira-2","tag-madinat-ilbira","tag-madinat-ilbira-medina-elvira"],"jetpack_publicize_connections":[],"jetpack_featured_media_url":"https:\/\/i0.wp.com\/miradordeatarfe.es\/wp-content\/uploads\/2022\/01\/IMG_20181030_140208.jpg?fit=768%2C1280&ssl=1","jetpack_likes_enabled":true,"jetpack_sharing_enabled":true,"_links":{"self":[{"href":"https:\/\/miradordeatarfe.es\/index.php?rest_route=\/wp\/v2\/posts\/51780","targetHints":{"allow":["GET"]}}],"collection":[{"href":"https:\/\/miradordeatarfe.es\/index.php?rest_route=\/wp\/v2\/posts"}],"about":[{"href":"https:\/\/miradordeatarfe.es\/index.php?rest_route=\/wp\/v2\/types\/post"}],"author":[{"embeddable":true,"href":"https:\/\/miradordeatarfe.es\/index.php?rest_route=\/wp\/v2\/users\/1"}],"replies":[{"embeddable":true,"href":"https:\/\/miradordeatarfe.es\/index.php?rest_route=%2Fwp%2Fv2%2Fcomments&post=51780"}],"version-history":[{"count":2,"href":"https:\/\/miradordeatarfe.es\/index.php?rest_route=\/wp\/v2\/posts\/51780\/revisions"}],"predecessor-version":[{"id":51783,"href":"https:\/\/miradordeatarfe.es\/index.php?rest_route=\/wp\/v2\/posts\/51780\/revisions\/51783"}],"wp:featuredmedia":[{"embeddable":true,"href":"https:\/\/miradordeatarfe.es\/index.php?rest_route=\/wp\/v2\/media\/51782"}],"wp:attachment":[{"href":"https:\/\/miradordeatarfe.es\/index.php?rest_route=%2Fwp%2Fv2%2Fmedia&parent=51780"}],"wp:term":[{"taxonomy":"category","embeddable":true,"href":"https:\/\/miradordeatarfe.es\/index.php?rest_route=%2Fwp%2Fv2%2Fcategories&post=51780"},{"taxonomy":"post_tag","embeddable":true,"href":"https:\/\/miradordeatarfe.es\/index.php?rest_route=%2Fwp%2Fv2%2Ftags&post=51780"}],"curies":[{"name":"wp","href":"https:\/\/api.w.org\/{rel}","templated":true}]}}