{"id":51784,"date":"2022-01-27T11:02:45","date_gmt":"2022-01-27T10:02:45","guid":{"rendered":"http:\/\/miradordeatarfe.es\/?p=51784"},"modified":"2023-10-21T20:03:51","modified_gmt":"2023-10-21T18:03:51","slug":"vuelven-las-visitas-guiadas-al-yacimiento-de-medina-elvira-por-guillermo-garcia-contreras-ruiz","status":"publish","type":"post","link":"https:\/\/miradordeatarfe.es\/?p=51784","title":{"rendered":"\u00abVUELVEN LAS VISITAS GUIADAS AL YACIMIENTO DE MEDINA ELVIRA\u00bb por Guillermo Garc\u00eda-Contreras Ruiz."},"content":{"rendered":"<h3 style=\"text-align: justify;\">Hubo un tiempo, a\u00f1os atr\u00e1s, en el que las visitas guiadas al yacimiento de Medina Elvira se hicieron tan habituales que pr\u00e1cticamente todos los meses hab\u00eda al menos una organizada.<\/h3>\n<p style=\"text-align: justify;\">Eran los a\u00f1os 2005 a 2009, en pleno apogeo de los primeros proyectos de estudio arqueol\u00f3gico en la ciudad enterrada. De ense\u00f1ar el yacimiento se encargaban los miembros del equipo de investigaci\u00f3n liberador\u00a0por el profesor Antonio Malpica, cuando no era \u00e9l mismo el que guiaba las visitas. Alumnos infantiles de colegios, adolescentes de institutos, estudiantes y profesores de la Universidad de Granada, miembros de los partidos pol\u00edticos de Atarfe o Granada, investigadores y profesores de otras universidades espa\u00f1olas cuando no internacionales, desde Estados Unidos a Polonia y desde Inglaterra a Siria, miles de personas pasaron a conocer el yacimiento en el momento en el que se estaban haciendo las excavaciones, conjugando la visita a los sondeos para charlar sobre los hallazgos que se estaban realizando, con visitas a la nave de La Lastra donde estaban depositados los objetos cer\u00e1micos, met\u00e1licos y \u00f3seos que iban apareciendo en el yacimiento, con la contemplaci\u00f3n de las inmejorables vistas que ofrece algunos sectores de Sierra Elvira, como el afamado mirador de los caballitos del rey que permite ver la Vega, la ciudad de Granada y Sierra Nevada con todo su esplendor, como tel\u00f3n de fondo del yacimiento arqueol\u00f3gico que queda en primer plano.<\/p>\n<p style=\"text-align: justify;\"><a href=\"https:\/\/i0.wp.com\/miradordeatarfe.es\/wp-content\/uploads\/2022\/01\/IMG_20220115_110759-scaled.jpg?ssl=1\"><img data-recalc-dims=\"1\" loading=\"lazy\" decoding=\"async\" class=\"wp-image-51786 size-large alignleft\" src=\"https:\/\/i0.wp.com\/miradordeatarfe.es\/wp-content\/uploads\/2022\/01\/IMG_20220115_110759.jpg?resize=618%2C278&#038;ssl=1\" alt=\"\" width=\"618\" height=\"278\" srcset=\"https:\/\/i0.wp.com\/miradordeatarfe.es\/wp-content\/uploads\/2022\/01\/IMG_20220115_110759-scaled.jpg?resize=1024%2C461&amp;ssl=1 1024w, https:\/\/i0.wp.com\/miradordeatarfe.es\/wp-content\/uploads\/2022\/01\/IMG_20220115_110759-scaled.jpg?resize=300%2C135&amp;ssl=1 300w, https:\/\/i0.wp.com\/miradordeatarfe.es\/wp-content\/uploads\/2022\/01\/IMG_20220115_110759-scaled.jpg?resize=768%2C346&amp;ssl=1 768w, https:\/\/i0.wp.com\/miradordeatarfe.es\/wp-content\/uploads\/2022\/01\/IMG_20220115_110759-scaled.jpg?resize=1536%2C691&amp;ssl=1 1536w, https:\/\/i0.wp.com\/miradordeatarfe.es\/wp-content\/uploads\/2022\/01\/IMG_20220115_110759-scaled.jpg?resize=2048%2C922&amp;ssl=1 2048w, https:\/\/i0.wp.com\/miradordeatarfe.es\/wp-content\/uploads\/2022\/01\/IMG_20220115_110759-scaled.jpg?resize=1320%2C594&amp;ssl=1 1320w, https:\/\/i0.wp.com\/miradordeatarfe.es\/wp-content\/uploads\/2022\/01\/IMG_20220115_110759-scaled.jpg?w=1920&amp;ssl=1 1920w\" sizes=\"auto, (max-width: 618px) 100vw, 618px\" \/><\/a>Estas visitas fueron languideciendo conforme el proyecto finaliz\u00f3, y aunque nunca han cesado del todo, desde hace a\u00f1os era dif\u00edcil que tal o cual persona comentase que hab\u00eda estado en Sierra Elvira donde est\u00e1n los arque\u00f3logos excavando.<\/p>\n<p style=\"text-align: justify;\">Gracias al impulso de la Asociaci\u00f3n Cora de Ilbira, el pasado 15 de enero unas setenta personas se congregaron en la Avenida Santa Ana de Atarfe y se encaminaron a Sierra Elvira, bajo la gu\u00eda de Guillermo Garc\u00eda-Contreras, profesor de la Universidad de Granada y el investigador responsable del nuevo proyecto de investigaci\u00f3n que se est\u00e1 fraguando.<\/p>\n<p style=\"text-align: justify;\">\u00a0Entre los caminantes por la ciudad de Medina Elvira hubo ese d\u00eda ni\u00f1os y adultos de distintas edades, en su gran mayor\u00eda vecinos todos ellos del pueblo de Atarfe. El itinerario que se realiz\u00f3, atravesando todo el camino de las Monjas hasta llegar a la calle de la Lastra y desde ah\u00ed subir al cerro del Sombrerete pasando previamente por los caballitos del Rey, es uno de los caminos que desde el grupo de investigaci\u00f3n de la Universidad se propuso a los redactores del Plan Director del yacimiento.<\/p>\n<p style=\"text-align: justify;\">\u00a0A lo largo de este camino, y sirviendo como gu\u00eda el cat\u00e1logo de la exposici\u00f3n \u201cMil a\u00f1os de Madinat Ilbira\u201d que est\u00e1 disponible para su descarga en la web\u00a0del legado andalus\u00ed \u00a0[<a href=\"https:\/\/www.legadoandalusi.es\/wp-content\/uploads\/2020\/04\/Mil-A\u00f1os-de-Madinat-Ilbira-1.pdf\"><u>https:\/\/www.legadoandalusi.es\/wp-content\/uploads\/2020\/04\/Mil-A%C3%B1os-de-Madinat-Ilbira-1.pdf<\/u><\/a>] ,\u00a0se fueron visitando los distintos espacios identificados hasta ahora de la ciudad gracias a las excavaciones que dirigi\u00f3 en su d\u00eda el profesor Antonio Malpica o m\u00e1s recientemente un equipo polaco bajo direcci\u00f3n de Marian Rebkowski.<\/p>\n<p style=\"text-align: justify;\">La localizaci\u00f3n de las casas, la ubicaci\u00f3n de los cementerios, uno de los talleres de la parte artesanal que a\u00fan es visible en superficie, los restos de la muralla, las inscripciones que hay en las piedras que sirvieron de cantera para la ciudad o alguna de las viviendas de la alcazaba,\u00a0 fueron mostradas en un paseo que dur\u00f3 aproximadamente unas tres horas y media.<\/p>\n<p style=\"text-align: justify;\">Esperamos que este tipo de iniciativas, en forma de visita o excursi\u00f3n un s\u00e1bado soleado de invierno, s\u00f3lo sea la punta de lanza de todo lo que ha de venir en lo que se refiere a los planes de puesta en valor y difusi\u00f3n del yacimiento.<\/p>\n<p><strong>Guillermo Garc\u00eda-Contreras Ruiz.<\/strong><\/p>\n<p>Profesor Contratado Doctor. Universidad de Granada<\/p>\n<div class=\"tiled-gallery type-rectangular tiled-gallery-unresized\" data-original-width=\"640\" data-carousel-extra='null' itemscope itemtype=\"http:\/\/schema.org\/ImageGallery\" > <div class=\"gallery-row\" style=\"width: 640px; height: 290px;\" data-original-width=\"640\" data-original-height=\"290\" > <div class=\"gallery-group images-1\" style=\"width: 640px; height: 290px;\" data-original-width=\"640\" data-original-height=\"290\" > <div class=\"tiled-gallery-item tiled-gallery-item-large\" itemprop=\"associatedMedia\" itemscope itemtype=\"http:\/\/schema.org\/ImageObject\"> <a href=\"https:\/\/miradordeatarfe.es\/?attachment_id=51790\" border=\"0\" itemprop=\"url\"> <meta itemprop=\"width\" content=\"636\"> <meta itemprop=\"height\" content=\"286\"> <img decoding=\"async\" class=\"\" data-attachment-id=\"51790\" data-orig-file=\"https:\/\/miradordeatarfe.es\/wp-content\/uploads\/2022\/01\/IMG_20220115_120741-scaled.jpg\" data-orig-size=\"2560,1152\" data-comments-opened=\"\" data-image-meta=\"{&quot;aperture&quot;:&quot;1.79&quot;,&quot;credit&quot;:&quot;&quot;,&quot;camera&quot;:&quot;M2002J9G&quot;,&quot;caption&quot;:&quot;&quot;,&quot;created_timestamp&quot;:&quot;1642248463&quot;,&quot;copyright&quot;:&quot;&quot;,&quot;focal_length&quot;:&quot;4.71&quot;,&quot;iso&quot;:&quot;50&quot;,&quot;shutter_speed&quot;:&quot;0.00032509752925878&quot;,&quot;title&quot;:&quot;&quot;,&quot;orientation&quot;:&quot;1&quot;}\" data-image-title=\"IMG_20220115_120741\" data-image-description=\"\" data-medium-file=\"https:\/\/i0.wp.com\/miradordeatarfe.es\/wp-content\/uploads\/2022\/01\/IMG_20220115_120741-scaled.jpg?fit=300%2C135&#038;ssl=1\" data-large-file=\"https:\/\/i0.wp.com\/miradordeatarfe.es\/wp-content\/uploads\/2022\/01\/IMG_20220115_120741-scaled.jpg?fit=640%2C288&#038;ssl=1\" src=\"https:\/\/i0.wp.com\/miradordeatarfe.es\/wp-content\/uploads\/2022\/01\/IMG_20220115_120741-scaled.jpg?w=636&#038;h=286&#038;ssl=1\" srcset=\"https:\/\/i0.wp.com\/miradordeatarfe.es\/wp-content\/uploads\/2022\/01\/IMG_20220115_120741-scaled.jpg?w=2560&amp;ssl=1 2560w, https:\/\/i0.wp.com\/miradordeatarfe.es\/wp-content\/uploads\/2022\/01\/IMG_20220115_120741-scaled.jpg?resize=300%2C135&amp;ssl=1 300w, https:\/\/i0.wp.com\/miradordeatarfe.es\/wp-content\/uploads\/2022\/01\/IMG_20220115_120741-scaled.jpg?resize=1024%2C461&amp;ssl=1 1024w, https:\/\/i0.wp.com\/miradordeatarfe.es\/wp-content\/uploads\/2022\/01\/IMG_20220115_120741-scaled.jpg?resize=768%2C346&amp;ssl=1 768w, https:\/\/i0.wp.com\/miradordeatarfe.es\/wp-content\/uploads\/2022\/01\/IMG_20220115_120741-scaled.jpg?resize=1536%2C691&amp;ssl=1 1536w, https:\/\/i0.wp.com\/miradordeatarfe.es\/wp-content\/uploads\/2022\/01\/IMG_20220115_120741-scaled.jpg?resize=2048%2C922&amp;ssl=1 2048w, https:\/\/i0.wp.com\/miradordeatarfe.es\/wp-content\/uploads\/2022\/01\/IMG_20220115_120741-scaled.jpg?resize=1320%2C594&amp;ssl=1 1320w, https:\/\/i0.wp.com\/miradordeatarfe.es\/wp-content\/uploads\/2022\/01\/IMG_20220115_120741-scaled.jpg?w=1920&amp;ssl=1 1920w\" width=\"636\" height=\"286\" loading=\"lazy\" data-original-width=\"636\" data-original-height=\"286\" itemprop=\"http:\/\/schema.org\/image\" title=\"IMG_20220115_120741\" alt=\"IMG_20220115_120741\" style=\"width: 636px; height: 286px;\" \/> <\/a> <\/div> <\/div> <!-- close group --> <\/div> <!-- close row --> <div class=\"gallery-row\" style=\"width: 640px; height: 290px;\" data-original-width=\"640\" data-original-height=\"290\" > <div class=\"gallery-group images-1\" style=\"width: 640px; height: 290px;\" data-original-width=\"640\" data-original-height=\"290\" > <div class=\"tiled-gallery-item tiled-gallery-item-large\" itemprop=\"associatedMedia\" itemscope itemtype=\"http:\/\/schema.org\/ImageObject\"> <a href=\"https:\/\/miradordeatarfe.es\/?attachment_id=51789\" border=\"0\" itemprop=\"url\"> <meta itemprop=\"width\" content=\"636\"> <meta itemprop=\"height\" content=\"286\"> <img decoding=\"async\" class=\"\" data-attachment-id=\"51789\" data-orig-file=\"https:\/\/miradordeatarfe.es\/wp-content\/uploads\/2022\/01\/IMG_20220115_113952-scaled.jpg\" data-orig-size=\"2560,1152\" data-comments-opened=\"\" data-image-meta=\"{&quot;aperture&quot;:&quot;1.79&quot;,&quot;credit&quot;:&quot;&quot;,&quot;camera&quot;:&quot;M2002J9G&quot;,&quot;caption&quot;:&quot;&quot;,&quot;created_timestamp&quot;:&quot;1642246794&quot;,&quot;copyright&quot;:&quot;&quot;,&quot;focal_length&quot;:&quot;4.71&quot;,&quot;iso&quot;:&quot;50&quot;,&quot;shutter_speed&quot;:&quot;0.00053734551316497&quot;,&quot;title&quot;:&quot;&quot;,&quot;orientation&quot;:&quot;1&quot;}\" data-image-title=\"IMG_20220115_113952\" data-image-description=\"\" data-medium-file=\"https:\/\/i0.wp.com\/miradordeatarfe.es\/wp-content\/uploads\/2022\/01\/IMG_20220115_113952-scaled.jpg?fit=300%2C135&#038;ssl=1\" data-large-file=\"https:\/\/i0.wp.com\/miradordeatarfe.es\/wp-content\/uploads\/2022\/01\/IMG_20220115_113952-scaled.jpg?fit=640%2C288&#038;ssl=1\" src=\"https:\/\/i0.wp.com\/miradordeatarfe.es\/wp-content\/uploads\/2022\/01\/IMG_20220115_113952-scaled.jpg?w=636&#038;h=286&#038;ssl=1\" srcset=\"https:\/\/i0.wp.com\/miradordeatarfe.es\/wp-content\/uploads\/2022\/01\/IMG_20220115_113952-scaled.jpg?w=2560&amp;ssl=1 2560w, https:\/\/i0.wp.com\/miradordeatarfe.es\/wp-content\/uploads\/2022\/01\/IMG_20220115_113952-scaled.jpg?resize=300%2C135&amp;ssl=1 300w, https:\/\/i0.wp.com\/miradordeatarfe.es\/wp-content\/uploads\/2022\/01\/IMG_20220115_113952-scaled.jpg?resize=1024%2C461&amp;ssl=1 1024w, https:\/\/i0.wp.com\/miradordeatarfe.es\/wp-content\/uploads\/2022\/01\/IMG_20220115_113952-scaled.jpg?resize=768%2C346&amp;ssl=1 768w, https:\/\/i0.wp.com\/miradordeatarfe.es\/wp-content\/uploads\/2022\/01\/IMG_20220115_113952-scaled.jpg?resize=1536%2C691&amp;ssl=1 1536w, https:\/\/i0.wp.com\/miradordeatarfe.es\/wp-content\/uploads\/2022\/01\/IMG_20220115_113952-scaled.jpg?resize=2048%2C922&amp;ssl=1 2048w, https:\/\/i0.wp.com\/miradordeatarfe.es\/wp-content\/uploads\/2022\/01\/IMG_20220115_113952-scaled.jpg?resize=1320%2C594&amp;ssl=1 1320w, https:\/\/i0.wp.com\/miradordeatarfe.es\/wp-content\/uploads\/2022\/01\/IMG_20220115_113952-scaled.jpg?w=1920&amp;ssl=1 1920w\" width=\"636\" height=\"286\" loading=\"lazy\" data-original-width=\"636\" data-original-height=\"286\" itemprop=\"http:\/\/schema.org\/image\" title=\"IMG_20220115_113952\" alt=\"IMG_20220115_113952\" style=\"width: 636px; height: 286px;\" \/> <\/a> <\/div> <\/div> <!-- close group --> <\/div> <!-- close row --> <div class=\"gallery-row\" style=\"width: 640px; height: 146px;\" data-original-width=\"640\" data-original-height=\"146\" > <div class=\"gallery-group images-1\" style=\"width: 320px; height: 146px;\" data-original-width=\"320\" data-original-height=\"146\" > <div class=\"tiled-gallery-item tiled-gallery-item-large\" itemprop=\"associatedMedia\" itemscope itemtype=\"http:\/\/schema.org\/ImageObject\"> <a href=\"https:\/\/miradordeatarfe.es\/?attachment_id=51788\" border=\"0\" itemprop=\"url\"> <meta itemprop=\"width\" content=\"316\"> <meta itemprop=\"height\" content=\"142\"> <img decoding=\"async\" class=\"\" data-attachment-id=\"51788\" data-orig-file=\"https:\/\/miradordeatarfe.es\/wp-content\/uploads\/2022\/01\/IMG_20220115_113850-scaled.jpg\" data-orig-size=\"2560,1152\" data-comments-opened=\"\" data-image-meta=\"{&quot;aperture&quot;:&quot;1.79&quot;,&quot;credit&quot;:&quot;&quot;,&quot;camera&quot;:&quot;M2002J9G&quot;,&quot;caption&quot;:&quot;&quot;,&quot;created_timestamp&quot;:&quot;1642246731&quot;,&quot;copyright&quot;:&quot;&quot;,&quot;focal_length&quot;:&quot;4.71&quot;,&quot;iso&quot;:&quot;50&quot;,&quot;shutter_speed&quot;:&quot;0.00025660764690788&quot;,&quot;title&quot;:&quot;&quot;,&quot;orientation&quot;:&quot;1&quot;}\" data-image-title=\"IMG_20220115_113850\" data-image-description=\"\" data-medium-file=\"https:\/\/i0.wp.com\/miradordeatarfe.es\/wp-content\/uploads\/2022\/01\/IMG_20220115_113850-scaled.jpg?fit=300%2C135&#038;ssl=1\" data-large-file=\"https:\/\/i0.wp.com\/miradordeatarfe.es\/wp-content\/uploads\/2022\/01\/IMG_20220115_113850-scaled.jpg?fit=640%2C288&#038;ssl=1\" src=\"https:\/\/i0.wp.com\/miradordeatarfe.es\/wp-content\/uploads\/2022\/01\/IMG_20220115_113850-scaled.jpg?w=316&#038;h=142&#038;ssl=1\" srcset=\"https:\/\/i0.wp.com\/miradordeatarfe.es\/wp-content\/uploads\/2022\/01\/IMG_20220115_113850-scaled.jpg?w=2560&amp;ssl=1 2560w, https:\/\/i0.wp.com\/miradordeatarfe.es\/wp-content\/uploads\/2022\/01\/IMG_20220115_113850-scaled.jpg?resize=300%2C135&amp;ssl=1 300w, https:\/\/i0.wp.com\/miradordeatarfe.es\/wp-content\/uploads\/2022\/01\/IMG_20220115_113850-scaled.jpg?resize=1024%2C461&amp;ssl=1 1024w, https:\/\/i0.wp.com\/miradordeatarfe.es\/wp-content\/uploads\/2022\/01\/IMG_20220115_113850-scaled.jpg?resize=768%2C346&amp;ssl=1 768w, https:\/\/i0.wp.com\/miradordeatarfe.es\/wp-content\/uploads\/2022\/01\/IMG_20220115_113850-scaled.jpg?resize=1536%2C691&amp;ssl=1 1536w, https:\/\/i0.wp.com\/miradordeatarfe.es\/wp-content\/uploads\/2022\/01\/IMG_20220115_113850-scaled.jpg?resize=2048%2C922&amp;ssl=1 2048w, https:\/\/i0.wp.com\/miradordeatarfe.es\/wp-content\/uploads\/2022\/01\/IMG_20220115_113850-scaled.jpg?resize=1320%2C594&amp;ssl=1 1320w, https:\/\/i0.wp.com\/miradordeatarfe.es\/wp-content\/uploads\/2022\/01\/IMG_20220115_113850-scaled.jpg?w=1920&amp;ssl=1 1920w\" width=\"316\" height=\"142\" loading=\"lazy\" data-original-width=\"316\" data-original-height=\"142\" itemprop=\"http:\/\/schema.org\/image\" title=\"IMG_20220115_113850\" alt=\"IMG_20220115_113850\" style=\"width: 316px; height: 142px;\" \/> <\/a> <\/div> <\/div> <!-- close group --> <div class=\"gallery-group images-1\" style=\"width: 320px; height: 146px;\" data-original-width=\"320\" data-original-height=\"146\" > <div class=\"tiled-gallery-item tiled-gallery-item-large\" itemprop=\"associatedMedia\" itemscope itemtype=\"http:\/\/schema.org\/ImageObject\"> <a href=\"https:\/\/miradordeatarfe.es\/?attachment_id=51787\" border=\"0\" itemprop=\"url\"> <meta itemprop=\"width\" content=\"316\"> <meta itemprop=\"height\" content=\"142\"> <img decoding=\"async\" class=\"\" data-attachment-id=\"51787\" data-orig-file=\"https:\/\/miradordeatarfe.es\/wp-content\/uploads\/2022\/01\/IMG_20220115_112744-scaled.jpg\" data-orig-size=\"2560,1152\" data-comments-opened=\"\" data-image-meta=\"{&quot;aperture&quot;:&quot;1.79&quot;,&quot;credit&quot;:&quot;&quot;,&quot;camera&quot;:&quot;M2002J9G&quot;,&quot;caption&quot;:&quot;&quot;,&quot;created_timestamp&quot;:&quot;1642246065&quot;,&quot;copyright&quot;:&quot;&quot;,&quot;focal_length&quot;:&quot;4.71&quot;,&quot;iso&quot;:&quot;50&quot;,&quot;shutter_speed&quot;:&quot;0.00078926598263615&quot;,&quot;title&quot;:&quot;&quot;,&quot;orientation&quot;:&quot;1&quot;}\" data-image-title=\"IMG_20220115_112744\" data-image-description=\"\" data-medium-file=\"https:\/\/i0.wp.com\/miradordeatarfe.es\/wp-content\/uploads\/2022\/01\/IMG_20220115_112744-scaled.jpg?fit=300%2C135&#038;ssl=1\" data-large-file=\"https:\/\/i0.wp.com\/miradordeatarfe.es\/wp-content\/uploads\/2022\/01\/IMG_20220115_112744-scaled.jpg?fit=640%2C288&#038;ssl=1\" src=\"https:\/\/i0.wp.com\/miradordeatarfe.es\/wp-content\/uploads\/2022\/01\/IMG_20220115_112744-scaled.jpg?w=316&#038;h=142&#038;ssl=1\" srcset=\"https:\/\/i0.wp.com\/miradordeatarfe.es\/wp-content\/uploads\/2022\/01\/IMG_20220115_112744-scaled.jpg?w=2560&amp;ssl=1 2560w, https:\/\/i0.wp.com\/miradordeatarfe.es\/wp-content\/uploads\/2022\/01\/IMG_20220115_112744-scaled.jpg?resize=300%2C135&amp;ssl=1 300w, https:\/\/i0.wp.com\/miradordeatarfe.es\/wp-content\/uploads\/2022\/01\/IMG_20220115_112744-scaled.jpg?resize=1024%2C461&amp;ssl=1 1024w, https:\/\/i0.wp.com\/miradordeatarfe.es\/wp-content\/uploads\/2022\/01\/IMG_20220115_112744-scaled.jpg?resize=768%2C346&amp;ssl=1 768w, https:\/\/i0.wp.com\/miradordeatarfe.es\/wp-content\/uploads\/2022\/01\/IMG_20220115_112744-scaled.jpg?resize=1536%2C691&amp;ssl=1 1536w, https:\/\/i0.wp.com\/miradordeatarfe.es\/wp-content\/uploads\/2022\/01\/IMG_20220115_112744-scaled.jpg?resize=2048%2C922&amp;ssl=1 2048w, https:\/\/i0.wp.com\/miradordeatarfe.es\/wp-content\/uploads\/2022\/01\/IMG_20220115_112744-scaled.jpg?resize=1320%2C594&amp;ssl=1 1320w, https:\/\/i0.wp.com\/miradordeatarfe.es\/wp-content\/uploads\/2022\/01\/IMG_20220115_112744-scaled.jpg?w=1920&amp;ssl=1 1920w\" width=\"316\" height=\"142\" loading=\"lazy\" data-original-width=\"316\" data-original-height=\"142\" itemprop=\"http:\/\/schema.org\/image\" title=\"IMG_20220115_112744\" alt=\"IMG_20220115_112744\" style=\"width: 316px; height: 142px;\" \/> <\/a> <\/div> <\/div> <!-- close group --> <\/div> <!-- close row --> <\/div>\n<p>&nbsp;<\/p>\n","protected":false},"excerpt":{"rendered":"<p>Hubo un tiempo, a\u00f1os atr\u00e1s, en el que las visitas guiadas al yacimiento de Medina&#8230;<\/p>\n","protected":false},"author":1,"featured_media":51785,"comment_status":"closed","ping_status":"closed","sticky":false,"template":"","format":"standard","meta":{"_coblocks_attr":"","_coblocks_dimensions":"","_coblocks_responsive_height":"","_coblocks_accordion_ie_support":"","jetpack_post_was_ever_published":false,"_jetpack_newsletter_access":"","_jetpack_dont_email_post_to_subs":false,"_jetpack_newsletter_tier_id":0,"_jetpack_memberships_contains_paywalled_content":false,"_jetpack_memberships_contains_paid_content":false,"footnotes":"","jetpack_publicize_message":"","jetpack_publicize_feature_enabled":true,"jetpack_social_post_already_shared":false,"jetpack_social_options":{"image_generator_settings":{"template":"highway","default_image_id":0,"enabled":false},"version":2}},"categories":[1161,9029,5359,10431,44],"tags":[7922,2957,79],"class_list":["post-51784","post","type-post","status-publish","format-standard","has-post-thumbnail","hentry","category-ciudadania","category-la-cora-de-ilbira","category-madinat-ilbira","category-medina-elvira-2","category-noticias-de-hoy","tag-la-cora-de-ilbira","tag-madinat-ilbira","tag-medina-elvira"],"jetpack_publicize_connections":[],"jetpack_featured_media_url":"https:\/\/i0.wp.com\/miradordeatarfe.es\/wp-content\/uploads\/2022\/01\/IMG_20220115_120833-scaled.jpg?fit=2560%2C1152&ssl=1","jetpack_likes_enabled":true,"jetpack_sharing_enabled":true,"_links":{"self":[{"href":"https:\/\/miradordeatarfe.es\/index.php?rest_route=\/wp\/v2\/posts\/51784","targetHints":{"allow":["GET"]}}],"collection":[{"href":"https:\/\/miradordeatarfe.es\/index.php?rest_route=\/wp\/v2\/posts"}],"about":[{"href":"https:\/\/miradordeatarfe.es\/index.php?rest_route=\/wp\/v2\/types\/post"}],"author":[{"embeddable":true,"href":"https:\/\/miradordeatarfe.es\/index.php?rest_route=\/wp\/v2\/users\/1"}],"replies":[{"embeddable":true,"href":"https:\/\/miradordeatarfe.es\/index.php?rest_route=%2Fwp%2Fv2%2Fcomments&post=51784"}],"version-history":[{"count":1,"href":"https:\/\/miradordeatarfe.es\/index.php?rest_route=\/wp\/v2\/posts\/51784\/revisions"}],"predecessor-version":[{"id":51791,"href":"https:\/\/miradordeatarfe.es\/index.php?rest_route=\/wp\/v2\/posts\/51784\/revisions\/51791"}],"wp:featuredmedia":[{"embeddable":true,"href":"https:\/\/miradordeatarfe.es\/index.php?rest_route=\/wp\/v2\/media\/51785"}],"wp:attachment":[{"href":"https:\/\/miradordeatarfe.es\/index.php?rest_route=%2Fwp%2Fv2%2Fmedia&parent=51784"}],"wp:term":[{"taxonomy":"category","embeddable":true,"href":"https:\/\/miradordeatarfe.es\/index.php?rest_route=%2Fwp%2Fv2%2Fcategories&post=51784"},{"taxonomy":"post_tag","embeddable":true,"href":"https:\/\/miradordeatarfe.es\/index.php?rest_route=%2Fwp%2Fv2%2Ftags&post=51784"}],"curies":[{"name":"wp","href":"https:\/\/api.w.org\/{rel}","templated":true}]}}