{"id":51792,"date":"2022-01-26T11:42:18","date_gmt":"2022-01-26T10:42:18","guid":{"rendered":"http:\/\/miradordeatarfe.es\/?p=51792"},"modified":"2022-01-28T11:44:27","modified_gmt":"2022-01-28T10:44:27","slug":"manuel-jimenez-lopez-sigue-dandonos-triunfos","status":"publish","type":"post","link":"https:\/\/miradordeatarfe.es\/?p=51792","title":{"rendered":"\u00abMANUEL JIM\u00c9NEZ L\u00d3PEZ SIGUE DANDONOS TRIUNFOS\u00bb por Manuel Jim\u00e9nez"},"content":{"rendered":"<h3 style=\"text-align: justify;\">MANUEL JIM\u00c9NEZ L\u00d3PEZ NOMBRADO MEJOR ATLETA JOVEN DEL TROFEO IBERCAJA-CIUDAD DE ZARAGOZA DE ATLETISMO EN PISTA CUBIERTA 2022.<\/h3>\n<p align=\"JUSTIFY\">El atleta Manuel Jim\u00e9nez L\u00f3pez del Go Fits Atletics ha conseguido una gran marca en la prueba reina del Trofeo Ibercaja Ciudad de Zaragoza de Atletismo, los 3.000 metros lisos, siendo cuarto clasificado con 8.06.28 lo que le ha valido ser reconocido con el \u201cpremio al mejor atleta joven\u201d de la reuni\u00f3n.<\/p>\n<p align=\"JUSTIFY\">La prueba fue ganada por el huelmense Sebasti\u00e1n Martos con 7.52.37 supliendo de manera excelente la ausencia por enfermedad del local Carlos Mayo quien buscaba el record de la prueba.<\/p>\n<p align=\"JUSTIFY\">La calidad de la marca de Manuel la da un dato, es la mejor marca conseguida hist\u00f3ricamente por un granadino menor de 20 a\u00f1os en la distancia en pista cubierta lo que con la pl\u00e9yade de grandes atletas que tenemos y hemos tenido en Granada es mucho decir.<\/p>\n<p align=\"JUSTIFY\">Esperanzador comienzo de temporada para el atleta del n\u00facleo de entrenamiento Run Run Data que lo mete en la \u00e9lite del fondo corto espa\u00f1ol.<\/p>\n<p align=\"JUSTIFY\"><a href=\"https:\/\/i0.wp.com\/miradordeatarfe.es\/wp-content\/uploads\/2022\/01\/09C277DA-016C-4122-933D-8113E5C6BF93.jpg?ssl=1\"><img data-recalc-dims=\"1\" loading=\"lazy\" decoding=\"async\" class=\"alignnone wp-image-51793 size-large\" src=\"https:\/\/i0.wp.com\/miradordeatarfe.es\/wp-content\/uploads\/2022\/01\/09C277DA-016C-4122-933D-8113E5C6BF93.jpg?resize=618%2C772&#038;ssl=1\" alt=\"\" width=\"618\" height=\"772\" srcset=\"https:\/\/i0.wp.com\/miradordeatarfe.es\/wp-content\/uploads\/2022\/01\/09C277DA-016C-4122-933D-8113E5C6BF93.jpg?resize=820%2C1024&amp;ssl=1 820w, https:\/\/i0.wp.com\/miradordeatarfe.es\/wp-content\/uploads\/2022\/01\/09C277DA-016C-4122-933D-8113E5C6BF93.jpg?resize=240%2C300&amp;ssl=1 240w, https:\/\/i0.wp.com\/miradordeatarfe.es\/wp-content\/uploads\/2022\/01\/09C277DA-016C-4122-933D-8113E5C6BF93.jpg?resize=768%2C959&amp;ssl=1 768w, https:\/\/i0.wp.com\/miradordeatarfe.es\/wp-content\/uploads\/2022\/01\/09C277DA-016C-4122-933D-8113E5C6BF93.jpg?resize=1229%2C1536&amp;ssl=1 1229w, https:\/\/i0.wp.com\/miradordeatarfe.es\/wp-content\/uploads\/2022\/01\/09C277DA-016C-4122-933D-8113E5C6BF93.jpg?resize=1320%2C1649&amp;ssl=1 1320w, https:\/\/i0.wp.com\/miradordeatarfe.es\/wp-content\/uploads\/2022\/01\/09C277DA-016C-4122-933D-8113E5C6BF93.jpg?w=1440&amp;ssl=1 1440w\" sizes=\"auto, (max-width: 618px) 100vw, 618px\" \/><\/a> <a href=\"https:\/\/i0.wp.com\/miradordeatarfe.es\/wp-content\/uploads\/2022\/01\/DB19027E-CF12-4A41-B128-387FCF43293C.jpg?ssl=1\"><img data-recalc-dims=\"1\" loading=\"lazy\" decoding=\"async\" class=\"alignnone wp-image-51794 size-large\" src=\"https:\/\/i0.wp.com\/miradordeatarfe.es\/wp-content\/uploads\/2022\/01\/DB19027E-CF12-4A41-B128-387FCF43293C.jpg?resize=618%2C770&#038;ssl=1\" alt=\"\" width=\"618\" height=\"770\" srcset=\"https:\/\/i0.wp.com\/miradordeatarfe.es\/wp-content\/uploads\/2022\/01\/DB19027E-CF12-4A41-B128-387FCF43293C.jpg?resize=822%2C1024&amp;ssl=1 822w, https:\/\/i0.wp.com\/miradordeatarfe.es\/wp-content\/uploads\/2022\/01\/DB19027E-CF12-4A41-B128-387FCF43293C.jpg?resize=241%2C300&amp;ssl=1 241w, https:\/\/i0.wp.com\/miradordeatarfe.es\/wp-content\/uploads\/2022\/01\/DB19027E-CF12-4A41-B128-387FCF43293C.jpg?resize=768%2C957&amp;ssl=1 768w, https:\/\/i0.wp.com\/miradordeatarfe.es\/wp-content\/uploads\/2022\/01\/DB19027E-CF12-4A41-B128-387FCF43293C.jpg?resize=1233%2C1536&amp;ssl=1 1233w, https:\/\/i0.wp.com\/miradordeatarfe.es\/wp-content\/uploads\/2022\/01\/DB19027E-CF12-4A41-B128-387FCF43293C.jpg?resize=1320%2C1645&amp;ssl=1 1320w, https:\/\/i0.wp.com\/miradordeatarfe.es\/wp-content\/uploads\/2022\/01\/DB19027E-CF12-4A41-B128-387FCF43293C.jpg?w=1440&amp;ssl=1 1440w\" sizes=\"auto, (max-width: 618px) 100vw, 618px\" \/><\/a><\/p>\n<p align=\"JUSTIFY\">Adem\u00e1s muchos atletas participando en los controles federativos celebrados en Motril y en la cubierta de Antequera, en esta destacar los 54.97 de Ra\u00fal Castillo Santiago (Bah\u00eda de Algeciras) en 400 con debut de Carlos Pe\u00f1a, Dani P\u00e9rez y Mar\u00eda P\u00e9rez G\u00f3mez en 800. Entre tanto en Motril m\u00faltiple presencia de atletas del CIUDAD ATARFE, desde veteranos a sub 12, \u00e9stos triplicando actuaciones preparando los triatlones, formato en el que se disputan los campeonatos en estas edades tempranas, aqu\u00e9llos centrados en la velocidad, santo y se\u00f1a de este club.<\/p>\n<p align=\"JUSTIFY\">Senior y sub 20 en sus respectivas especialidades, Celia Mart\u00edn en sus predilectos 200 (28.64) y Fco Javier Urquiza en 800 (2.06.93) mientras Jos\u00e9 Antonio Justicia del Universo Running toma parte en 3000 con 9.34 algo lejos de su mejor marca.<\/p>\n<p align=\"JUSTIFY\"><a href=\"https:\/\/i0.wp.com\/miradordeatarfe.es\/wp-content\/uploads\/2022\/01\/IMG_0888-1.jpg?ssl=1\"><img data-recalc-dims=\"1\" loading=\"lazy\" decoding=\"async\" class=\"alignnone wp-image-51811 size-large\" src=\"https:\/\/i0.wp.com\/miradordeatarfe.es\/wp-content\/uploads\/2022\/01\/IMG_0888-1.jpg?resize=618%2C605&#038;ssl=1\" alt=\"\" width=\"618\" height=\"605\" srcset=\"https:\/\/i0.wp.com\/miradordeatarfe.es\/wp-content\/uploads\/2022\/01\/IMG_0888-1.jpg?resize=1024%2C1002&amp;ssl=1 1024w, https:\/\/i0.wp.com\/miradordeatarfe.es\/wp-content\/uploads\/2022\/01\/IMG_0888-1.jpg?resize=300%2C294&amp;ssl=1 300w, https:\/\/i0.wp.com\/miradordeatarfe.es\/wp-content\/uploads\/2022\/01\/IMG_0888-1.jpg?resize=768%2C752&amp;ssl=1 768w, https:\/\/i0.wp.com\/miradordeatarfe.es\/wp-content\/uploads\/2022\/01\/IMG_0888-1.jpg?w=1125&amp;ssl=1 1125w\" sizes=\"auto, (max-width: 618px) 100vw, 618px\" \/><\/a> <a href=\"https:\/\/i0.wp.com\/miradordeatarfe.es\/wp-content\/uploads\/2022\/01\/IMG_0889-1.jpg?ssl=1\"><img data-recalc-dims=\"1\" loading=\"lazy\" decoding=\"async\" class=\"alignnone wp-image-51812 size-large\" src=\"https:\/\/i0.wp.com\/miradordeatarfe.es\/wp-content\/uploads\/2022\/01\/IMG_0889-1.jpg?resize=618%2C583&#038;ssl=1\" alt=\"\" width=\"618\" height=\"583\" srcset=\"https:\/\/i0.wp.com\/miradordeatarfe.es\/wp-content\/uploads\/2022\/01\/IMG_0889-1.jpg?resize=1024%2C966&amp;ssl=1 1024w, https:\/\/i0.wp.com\/miradordeatarfe.es\/wp-content\/uploads\/2022\/01\/IMG_0889-1.jpg?resize=300%2C283&amp;ssl=1 300w, https:\/\/i0.wp.com\/miradordeatarfe.es\/wp-content\/uploads\/2022\/01\/IMG_0889-1.jpg?resize=768%2C724&amp;ssl=1 768w, https:\/\/i0.wp.com\/miradordeatarfe.es\/wp-content\/uploads\/2022\/01\/IMG_0889-1.jpg?w=1125&amp;ssl=1 1125w\" sizes=\"auto, (max-width: 618px) 100vw, 618px\" \/><\/a><\/p>\n<p align=\"JUSTIFY\"><a href=\"https:\/\/i0.wp.com\/miradordeatarfe.es\/wp-content\/uploads\/2022\/01\/IMG_0867-2.png?ssl=1\"><img data-recalc-dims=\"1\" loading=\"lazy\" decoding=\"async\" class=\"alignnone wp-image-51813 size-full\" src=\"https:\/\/i0.wp.com\/miradordeatarfe.es\/wp-content\/uploads\/2022\/01\/IMG_0867-2.png?resize=516%2C507&#038;ssl=1\" alt=\"\" width=\"516\" height=\"507\" srcset=\"https:\/\/i0.wp.com\/miradordeatarfe.es\/wp-content\/uploads\/2022\/01\/IMG_0867-2.png?w=516&amp;ssl=1 516w, https:\/\/i0.wp.com\/miradordeatarfe.es\/wp-content\/uploads\/2022\/01\/IMG_0867-2.png?resize=300%2C295&amp;ssl=1 300w\" sizes=\"auto, (max-width: 516px) 100vw, 516px\" \/><\/a><\/p>\n","protected":false},"excerpt":{"rendered":"<p>MANUEL JIM\u00c9NEZ L\u00d3PEZ NOMBRADO MEJOR ATLETA JOVEN DEL TROFEO IBERCAJA-CIUDAD DE ZARAGOZA DE ATLETISMO EN&#8230;<\/p>\n","protected":false},"author":1,"featured_media":51798,"comment_status":"closed","ping_status":"closed","sticky":false,"template":"","format":"standard","meta":{"_coblocks_attr":"","_coblocks_dimensions":"","_coblocks_responsive_height":"","_coblocks_accordion_ie_support":"","jetpack_post_was_ever_published":false,"_jetpack_newsletter_access":"","_jetpack_dont_email_post_to_subs":false,"_jetpack_newsletter_tier_id":0,"_jetpack_memberships_contains_paywalled_content":false,"_jetpack_memberships_contains_paid_content":false,"footnotes":"","jetpack_publicize_message":"","jetpack_publicize_feature_enabled":true,"jetpack_social_post_already_shared":false,"jetpack_social_options":{"image_generator_settings":{"template":"highway","default_image_id":0,"enabled":false},"version":2}},"categories":[2,1161,182,6915,44,15],"tags":[81,85,123],"class_list":["post-51792","post","type-post","status-publish","format-standard","has-post-thumbnail","hentry","category-atarfe","category-ciudadania","category-deportes","category-opinion-de-manuel-jimenez","category-noticias-de-hoy","category-ultimas-noticias","tag-atarfe","tag-atletismo","tag-deportes"],"jetpack_publicize_connections":[],"jetpack_featured_media_url":"https:\/\/i0.wp.com\/miradordeatarfe.es\/wp-content\/uploads\/2022\/01\/DB19027E-CF12-4A41-B128-387FCF43293C-3.jpg?fit=865%2C821&ssl=1","jetpack_likes_enabled":true,"jetpack_sharing_enabled":true,"_links":{"self":[{"href":"https:\/\/miradordeatarfe.es\/index.php?rest_route=\/wp\/v2\/posts\/51792","targetHints":{"allow":["GET"]}}],"collection":[{"href":"https:\/\/miradordeatarfe.es\/index.php?rest_route=\/wp\/v2\/posts"}],"about":[{"href":"https:\/\/miradordeatarfe.es\/index.php?rest_route=\/wp\/v2\/types\/post"}],"author":[{"embeddable":true,"href":"https:\/\/miradordeatarfe.es\/index.php?rest_route=\/wp\/v2\/users\/1"}],"replies":[{"embeddable":true,"href":"https:\/\/miradordeatarfe.es\/index.php?rest_route=%2Fwp%2Fv2%2Fcomments&post=51792"}],"version-history":[{"count":4,"href":"https:\/\/miradordeatarfe.es\/index.php?rest_route=\/wp\/v2\/posts\/51792\/revisions"}],"predecessor-version":[{"id":51899,"href":"https:\/\/miradordeatarfe.es\/index.php?rest_route=\/wp\/v2\/posts\/51792\/revisions\/51899"}],"wp:featuredmedia":[{"embeddable":true,"href":"https:\/\/miradordeatarfe.es\/index.php?rest_route=\/wp\/v2\/media\/51798"}],"wp:attachment":[{"href":"https:\/\/miradordeatarfe.es\/index.php?rest_route=%2Fwp%2Fv2%2Fmedia&parent=51792"}],"wp:term":[{"taxonomy":"category","embeddable":true,"href":"https:\/\/miradordeatarfe.es\/index.php?rest_route=%2Fwp%2Fv2%2Fcategories&post=51792"},{"taxonomy":"post_tag","embeddable":true,"href":"https:\/\/miradordeatarfe.es\/index.php?rest_route=%2Fwp%2Fv2%2Ftags&post=51792"}],"curies":[{"name":"wp","href":"https:\/\/api.w.org\/{rel}","templated":true}]}}