{"id":51930,"date":"2022-02-01T10:56:08","date_gmt":"2022-02-01T09:56:08","guid":{"rendered":"https:\/\/miradordeatarfe.es\/?p=51930"},"modified":"2022-01-29T17:00:08","modified_gmt":"2022-01-29T16:00:08","slug":"un-cuarto-de-siglo-de-la-diana-de-puerta-real","status":"publish","type":"post","link":"https:\/\/miradordeatarfe.es\/?p=51930","title":{"rendered":"Un cuarto de siglo de la diana de Puerta Real"},"content":{"rendered":"<h3 style=\"text-align: justify;\">Una curiosidad sobre la capital granadina que te va a sorprender. Su kil\u00f3metro cero.<\/h3>\n<ul style=\"text-align: justify;\">\n<li>\n<h3><strong>El alcalde D\u00edaz Berbel dec\u00eda que era para se\u00f1alar el aparcamiento a los platillos volantes de los marcianos o para indicar a los rusos d\u00f3nde soltar su bomba at\u00f3mica<\/strong><\/h3>\n<\/li>\n<li>\n<h3><strong>Se compone de nueve capas de rojo, gris y blanco; fue colocada en la \u00faltima reforma de este espacio para marcar el punto central de la ciudad<\/strong><\/h3>\n<\/li>\n<\/ul>\n<p style=\"text-align: justify;\">Cada vez que llega la Navidad y veo el c\u00edrculo de luces en Puerta Real me viene al recuerdo una curiosidad que pocos granadinos conocen. Es la existencia de una diana dibujada en el suelo de esta c\u00e9ntrica confluencia de la ciudad de Granada. Ahora se cumplen 25 a\u00f1os desde que fuera dise\u00f1ada por los arquitectos municipales y aprobada por el alcalde Gabriel D\u00edaz Berbel (1995-99).<\/p>\n<p class=\"sumari\" style=\"text-align: justify;\">Igual que Madrid tiene en su Puerta del Sol una placa indicando que es el kil\u00f3metro cero de donde se mide el sistema radial de carreteras espa\u00f1olas, pues Granada quiso tener una diana en lo que es m\u00e1s o menos el centro geogr\u00e1fico de la ciudad<\/p>\n<p style=\"text-align: justify;\">Igual que Madrid tiene en su Puerta del Sol una placa indicando que es el kil\u00f3metro cero de donde se mide el sistema radial de carreteras espa\u00f1olas, pues Granada quiso tener una diana en lo que es m\u00e1s o menos el centro geogr\u00e1fico de la ciudad. Consta de nueve c\u00edrculos conc\u00e9ntricos de baldosas de distintos colores y materiales. Si no se conoce el asunto, resulta imperceptible para los millones de transe\u00fantes que la pisan cada a\u00f1o. Tanto se patea, sobre todo por veh\u00edculos pesados, que ha habido ya que reponer algunas baldosas y otras est\u00e1n deterioradas.<\/p>\n<p style=\"text-align: justify;\">La idea de poner una diana en el centro de la ciudad obedeci\u00f3 simplemente a indicar que era el eje del comp\u00e1s de la urbe. Nada m\u00e1s. Pero Gabriel D\u00edaz Berbel, con su humor caracter\u00edstico, dec\u00eda que la hab\u00edan colocado all\u00ed para indicar a las naves de marcianos d\u00f3nde deb\u00edan aparcar,\u00a0 en caso de que se decidieran por hacernos una visita. O peor a\u00fan, se tem\u00eda que si los rusos iniciaban una guerra nuclear contra nosotros ya les est\u00e1bamos indicando claramente d\u00f3nde estaba el lugar donde har\u00edan m\u00e1s da\u00f1o.<\/p>\n<p style=\"text-align: justify;\">La diana y el granado fueron inaugurados en 1998. Se le augur\u00f3 poca vida al \u00e1rbol, pero ah\u00ed sigue dando frutos casi un cuarto de siglo despu\u00e9s. Aquella fue la \u00faltima reforma que ha vivido Puerta Real. Antes ya vio c\u00f3mo eran eliminados los aparcamientos de coches que inundaban todos los espacios, incluso las aceras. Y mucho m\u00e1s atr\u00e1s, en 1952, fue reformada para arreglar los desperfectos del revent\u00f3n de Darro del 12 de septiembre de 1951. Y en los a\u00f1os setenta, tambi\u00e9n fueron levantados los ra\u00edles de las l\u00edneas de tranv\u00edas que atravesaban el lugar.<\/p>\n<div class=\"divdest\" style=\"text-align: justify;\">\n<div class=\"media media-element-container media-default\">\n<div id=\"file-73454\" class=\"file file-image file-image-jpeg\">\n<div class=\"content\"><img data-recalc-dims=\"1\" loading=\"lazy\" decoding=\"async\" class=\"media-element file-default\" src=\"https:\/\/i0.wp.com\/www.elindependientedegranada.es\/sites\/default\/files\/puesto_del_guardia_de_trafico_frente_0.jpg?resize=386%2C593&#038;ssl=1\" alt=\"\" width=\"386\" height=\"593\" data-delta=\"1\" \/><\/div>\n<\/div>\n<\/div>\n<p>Puesto del guardia de tr\u00e1fico frente a la entrada de la calle Alh\u00f3ndiga. Los utilitarios empezaban a disputar la calle a los tranv\u00edas.<\/p><\/div>\n<p style=\"text-align: justify;\">En los a\u00f1os cincuenta y sesenta fue colocado un guardia de tr\u00e1fico que ordenaba la circulaci\u00f3n en este punto neur\u00e1lgico, hasta que fueron colocados sem\u00e1foros. Recordemos que, adem\u00e1s de permitirse circular por las calles actuales, tambi\u00e9n Mesones estaba autorizada para el paso de veh\u00edculos. El revent\u00f3n del Darro de 1951 hizo famosa la figura del guardia Francisco Garz\u00f3n Pert\u00ed\u00f1ez; aquel hombre not\u00f3 c\u00f3mo empezaba a temblar el embovedado al entrar en carga por la riada y consigui\u00f3 cortar el tr\u00e1fico antes de que saltara por los aires. Seguro que ahorr\u00f3 alguna vida. Al a\u00f1o siguiente, tras la reparaci\u00f3n de la b\u00f3veda, le pusieron un plinto elevado\u00a0 para que los automovilistas lo vieran mejor y no se lo llevaran por delante.<\/p>\n<div class=\"divdest\" style=\"text-align: justify;\">\n<div class=\"media media-element-container media-default\">\n<div id=\"file-73455\" class=\"file file-image file-image-png\">\n<div class=\"content\"><img data-recalc-dims=\"1\" loading=\"lazy\" decoding=\"async\" class=\"media-element file-default\" src=\"https:\/\/i0.wp.com\/www.elindependientedegranada.es\/sites\/default\/files\/puerta_real_anos_ochenta._apenas_habia_aceras.png?resize=567%2C428&#038;ssl=1\" alt=\"\" width=\"567\" height=\"428\" data-delta=\"2\" \/><\/div>\n<\/div>\n<\/div>\n<p>Puerta Real, a\u00f1os ochenta. Apenas hab\u00eda aceras, los coches entraban por Mesones. La publicidad\u00a0<em>se com\u00eda<\/em>\u00a0el edificio del Suizo.<\/div>\n<p style=\"text-align: justify;\">El lugar que ocup\u00f3 el alzador del guardia fue utilizado como centro para trazar el proyecto de diana hace ahora un cuarto de siglo. Con un comp\u00e1s fueron haciendo circunferencias para colocar el enlosado. La diana de Puerta Real parece un muestrario de distintos colores y piedras de canteras cercanas. Vista desde fuera hacia adentro se compone de nueve capas con las siguientes medidas y materiales: circunferencia de granito rojo de 60 cent\u00edmetros; circunferencia de 150 cms. de espesor de m\u00e1rmol gris de Sierra Elvira; 125 cms. de m\u00e1rmol blanco; 75 cms. de gris de Sierra Elvira; 50 cms. de piedra roja; 150 cms. de gris; 125 de blanco; 50 cms. de gris; y 40 de rojo.<\/p>\n<p style=\"text-align: justify;\">La diana no est\u00e1 completa porque es interrumpida por el asfalto; tambi\u00e9n le faltan capas de la puerta de hotel Victoria; delante de Correos es algo m\u00e1s estrecha. Pero, vista desde las alturas, aparecen en todo su esplendor y tonalidades. Especialmente los d\u00edas de lluvia, cuando se lava el suelo y brillan todos los colores. Se puede ver bastante bien desde las terrazas de los edificios Olmedo y Costales. Evidentemente, tambi\u00e9n desde el sat\u00e9lite de Google, aunque no se ven los matices de todos los colores.<\/p>\n<p style=\"text-align: justify;\">Los gu\u00edas tur\u00edsticos tienen otro motivo para incluir las terrazas de estos edificios en sus itinerarios.<\/p>\n<div class=\"divdest\" style=\"text-align: justify;\">\n<div class=\"media media-element-container media-default\">\n<div id=\"file-73457\" class=\"file file-image file-image-jpeg\">\n<div class=\"content\"><img data-recalc-dims=\"1\" loading=\"lazy\" decoding=\"async\" class=\"media-element file-default\" src=\"https:\/\/i0.wp.com\/www.elindependientedegranada.es\/sites\/default\/files\/anos_30_todavia_adoquinada_y_sin_rebajar_la.jpg?resize=440%2C583&#038;ssl=1\" alt=\"\" width=\"440\" height=\"583\" data-delta=\"4\" \/><\/div>\n<\/div>\n<\/div>\n<p>A\u00f1os 30, todav\u00eda adoquinada y sin rebajar la b\u00f3veda de las Batallas. No hac\u00eda falta guardia para ordenar el tr\u00e1fico.<\/p><\/div>\n<div class=\"divdest\" style=\"text-align: justify;\">\n<div class=\"media media-element-container media-default\">\n<div id=\"file-73458\" class=\"file file-image file-image-jpeg\">\n<div class=\"content\"><img data-recalc-dims=\"1\" loading=\"lazy\" decoding=\"async\" class=\"media-element file-default\" src=\"https:\/\/i0.wp.com\/www.elindependientedegranada.es\/sites\/default\/files\/tradicional_circulo_de.jpg?resize=567%2C385&#038;ssl=1\" alt=\"\" width=\"567\" height=\"385\" data-delta=\"5\" \/><\/div>\n<\/div>\n<\/div>\n<p>Tradicional c\u00edrculo de luces navide\u00f1o situado justo encima de la diana.<\/p><\/div>\n<p style=\"text-align: justify;\">\u00a0<\/p>\n<p style=\"text-align: justify;\">\u00a0<\/p>\n","protected":false},"excerpt":{"rendered":"<p>Una curiosidad sobre la capital granadina que te va a sorprender. Su kil\u00f3metro cero. El&#8230;<\/p>\n","protected":false},"author":1,"featured_media":51931,"comment_status":"closed","ping_status":"closed","sticky":false,"template":"","format":"standard","meta":{"_coblocks_attr":"","_coblocks_dimensions":"","_coblocks_responsive_height":"","_coblocks_accordion_ie_support":"","jetpack_post_was_ever_published":false,"_jetpack_newsletter_access":"","_jetpack_dont_email_post_to_subs":false,"_jetpack_newsletter_tier_id":0,"_jetpack_memberships_contains_paywalled_content":false,"_jetpack_memberships_contains_paid_content":false,"footnotes":"","jetpack_publicize_message":"","jetpack_publicize_feature_enabled":true,"jetpack_social_post_already_shared":true,"jetpack_social_options":{"image_generator_settings":{"template":"highway","default_image_id":0,"enabled":false},"version":2}},"categories":[1161,44,15],"tags":[129,8905],"class_list":["post-51930","post","type-post","status-publish","format-standard","has-post-thumbnail","hentry","category-ciudadania","category-noticias-de-hoy","category-ultimas-noticias","tag-granada","tag-kilometro-cero"],"jetpack_publicize_connections":[],"jetpack_featured_media_url":"https:\/\/i0.wp.com\/miradordeatarfe.es\/wp-content\/uploads\/2022\/01\/puerta_real_1-1.jpg?fit=650%2C415&ssl=1","jetpack_likes_enabled":true,"jetpack_sharing_enabled":true,"_links":{"self":[{"href":"https:\/\/miradordeatarfe.es\/index.php?rest_route=\/wp\/v2\/posts\/51930","targetHints":{"allow":["GET"]}}],"collection":[{"href":"https:\/\/miradordeatarfe.es\/index.php?rest_route=\/wp\/v2\/posts"}],"about":[{"href":"https:\/\/miradordeatarfe.es\/index.php?rest_route=\/wp\/v2\/types\/post"}],"author":[{"embeddable":true,"href":"https:\/\/miradordeatarfe.es\/index.php?rest_route=\/wp\/v2\/users\/1"}],"replies":[{"embeddable":true,"href":"https:\/\/miradordeatarfe.es\/index.php?rest_route=%2Fwp%2Fv2%2Fcomments&post=51930"}],"version-history":[{"count":1,"href":"https:\/\/miradordeatarfe.es\/index.php?rest_route=\/wp\/v2\/posts\/51930\/revisions"}],"predecessor-version":[{"id":51932,"href":"https:\/\/miradordeatarfe.es\/index.php?rest_route=\/wp\/v2\/posts\/51930\/revisions\/51932"}],"wp:featuredmedia":[{"embeddable":true,"href":"https:\/\/miradordeatarfe.es\/index.php?rest_route=\/wp\/v2\/media\/51931"}],"wp:attachment":[{"href":"https:\/\/miradordeatarfe.es\/index.php?rest_route=%2Fwp%2Fv2%2Fmedia&parent=51930"}],"wp:term":[{"taxonomy":"category","embeddable":true,"href":"https:\/\/miradordeatarfe.es\/index.php?rest_route=%2Fwp%2Fv2%2Fcategories&post=51930"},{"taxonomy":"post_tag","embeddable":true,"href":"https:\/\/miradordeatarfe.es\/index.php?rest_route=%2Fwp%2Fv2%2Ftags&post=51930"}],"curies":[{"name":"wp","href":"https:\/\/api.w.org\/{rel}","templated":true}]}}