{"id":51933,"date":"2022-02-01T09:02:13","date_gmt":"2022-02-01T08:02:13","guid":{"rendered":"https:\/\/miradordeatarfe.es\/?p=51933"},"modified":"2022-01-29T17:06:17","modified_gmt":"2022-01-29T16:06:17","slug":"atarfe-ogijares-monachil-gojar-y-peligros-usaran-biomasa-y-energia-solar-en-los-edificios-publicos-que-mas-consumen","status":"publish","type":"post","link":"https:\/\/miradordeatarfe.es\/?p=51933","title":{"rendered":"Atarfe, Og\u00edjares, Monachil, G\u00f3jar y Peligros usar\u00e1n biomasa y energ\u00eda solar en los edificios p\u00fablicos que m\u00e1s consumen"},"content":{"rendered":"<div class=\"tags\">\n<div class=\"field field-name-field-taxonomia-economia field-type-taxonomy-term-reference field-label-hidden\">\n<div class=\"field-items\">\n<div class=\"field-item even\">Edificios p\u00fablicos de Atarfe, Og\u00edjares, Monachil, G\u00f3jar y Peligros incorporar\u00e1n este a\u00f1o energ\u00edas renovables como la biomasa o la solar para abaratar el coste de la factura el\u00e9ctrica y reducir las emisiones de CO2. Se trata de colegios, espacios deportivos y centros sociales muy frecuentados por la ciudadan\u00eda, con una elevada factura energ\u00e9tica y un consumo m\u00e1s elevado del aconsejable, seg\u00fan informa la Diputaci\u00f3n.<\/div>\n<\/div>\n<\/div>\n<\/div>\n<div class=\"cuerpo\">\n<p>Las medidas de eficiencia energ\u00e9tica supondr\u00e1n una inversi\u00f3n de m\u00e1s de 675.000 euros, cofinanciados por el Feder y la Diputaci\u00f3n dentro de la Estrategia de Desarrollo Urbano Sostenible e Integrado (Edusi) \u2018Aglomeraci\u00f3n Urbana de Granada\u2019. En los pr\u00f3ximos meses se invertir\u00e1n casi 3 millones de euros en los 22 proyectos de eficiencia energ\u00e9tica que se incluyen en las dos Edusi gestionadas por la administraci\u00f3n provincial, que lidera el proyecto \u2018Granada Metr\u00f3poli\u2019.<\/p>\n<p>Los proyectos previstos, en proceso de licitaci\u00f3n en la mayor\u00eda de los casos, responden a un estudio energ\u00e9tico integral que, previamente, ha determinado qu\u00e9 soluci\u00f3n es la m\u00e1s adecuada. \u201cQueremos mejorar la calificaci\u00f3n energ\u00e9tica de los edificios p\u00fablicos, que han de ser ejemplo de consumo sostenible y de responsabilidad con el medio ambiente\u201d, ha indicado el diputado provincial de Obras P\u00fablicas y Vivienda, Jos\u00e9 M\u00aa Villegas.\u00a0<\/p>\n<h4>Fomentar el autoconsumo\u00a0<\/h4>\n<p>En el centro sociocultural de Atarfe -el antiguo cine- se instalar\u00e1n placas solares fotovoltaicas para autoabastecerse y optimizar el consumo energ\u00e9tico. Algo similar se har\u00e1 en el pabell\u00f3n polideportivo de G\u00f3jar, donde se reemplazar\u00e1 en parte el sistema el\u00e9ctrico por paneles solares. Adem\u00e1s se le dotar\u00e1 de un sistema de ventilaci\u00f3n que permitir\u00e1 recuperar el calor; nueva iluminaci\u00f3n led; y producci\u00f3n de agua caliente sanitaria mediante aerotermia, que sustituir\u00e1 a la caldera de gasoil existente.\u00a0<\/p>\n<p>En el Ayuntamiento de Monachil se renovar\u00e1 el aislamiento t\u00e9rmico exterior, se cambiar\u00e1 la iluminaci\u00f3n por una m\u00e1s eficiente y, al igual que en G\u00f3jar y Atarfe, se instalar\u00e1n paneles solares para prescindir de la caldera de gasoil.<\/p>\n<div class=\"media media-element-container media-default\">\n<div id=\"file-75469\" class=\"file file-image file-image-jpeg\">\n<h2 class=\"element-invisible\">\u00a0<\/h2>\n<div class=\"content\"><img data-recalc-dims=\"1\" loading=\"lazy\" decoding=\"async\" class=\"media-element file-default\" src=\"https:\/\/i0.wp.com\/www.elindependientedegranada.es\/sites\/default\/files\/ceip_ramon_y_cajal_de_ogijares.jpg?resize=640%2C426&#038;ssl=1\" alt=\"\" width=\"640\" height=\"426\" data-delta=\"1\" \/><\/div>\n<\/div>\n<\/div>\n<p class=\"pie\">Colegio Ram\u00f3n y Cajal de Og\u00edjares.\u00a0<span class=\"firma\">DIPUTACI\u00d3N<\/span><\/p>\n<p>Y en Og\u00edjares se intervendr\u00e1 en dos edificios. En el colegio Ram\u00f3n y Cajal se instalar\u00e1n luminarias m\u00e1s eficientes para reducir la potencia instalada y permitir un mayor control del consumo. Una actuaci\u00f3n id\u00e9ntica a la que se har\u00e1 en el Centro Municipal de Mayores, donde tambi\u00e9n se renovar\u00e1 el sistema de ventilaci\u00f3n para mejorar el confort y proteger la salud de las personas usuarias.\u00a0<\/p>\n<div class=\"media media-element-container media-default\">\n<div id=\"file-75470\" class=\"file file-image file-image-jpeg\">\n<div class=\"content\"><img data-recalc-dims=\"1\" loading=\"lazy\" decoding=\"async\" class=\"media-element file-default\" src=\"https:\/\/i0.wp.com\/www.elindependientedegranada.es\/sites\/default\/files\/ceip_gloria_fuertes_de_peligros.jpg?resize=640%2C428&#038;ssl=1\" alt=\"\" width=\"640\" height=\"428\" data-delta=\"2\" \/><\/div>\n<\/div>\n<\/div>\n<p class=\"pie\">Colegio Gloria Fuertes de Peligros.\u00a0<span class=\"firma\">DIPUTACI\u00d3N<\/span><\/p>\n<p>Por otro lado, la biomasa ser\u00e1 protagonista de dos proyectos. Concretamente los de los colegios Gloria Fuertes y Manuel de Falla de Peligros, donde se sustituir\u00e1 la caldera de gasoil por esta fuente de energ\u00eda, m\u00e1s sostenible y menos contaminante.\u00a0<\/p>\n<p>Las Edusi \u2018Aglomeraci\u00f3n Urbana de Granada\u2019 y \u2018Metropolitano Suroeste de Granada\u2019 est\u00e1n gestionadas por la Diputaci\u00f3n y se enmarcan en el Programa Operativo Plurirregional de Espa\u00f1a (POPE) 2014-2020. Cuentan con una inversi\u00f3n de 31,2 millones, que cofinancian Feder y Diputaci\u00f3n al 80 y 20% respectivamente.<\/p>\n<\/div>\n<div>FOTO:<\/p>\n<div class=\"firma\">DIPUTACI\u00d3N<\/div>\n<div class=\"pie\">Pabell\u00f3n deportivo de G\u00f3jar, donde se instalar\u00e1n placas solares.<\/div>\n<\/div>\n","protected":false},"excerpt":{"rendered":"<p>Edificios p\u00fablicos de Atarfe, Og\u00edjares, Monachil, G\u00f3jar y Peligros incorporar\u00e1n este a\u00f1o energ\u00edas renovables como&#8230;<\/p>\n","protected":false},"author":1,"featured_media":51934,"comment_status":"closed","ping_status":"closed","sticky":false,"template":"","format":"standard","meta":{"_coblocks_attr":"","_coblocks_dimensions":"","_coblocks_responsive_height":"","_coblocks_accordion_ie_support":"","jetpack_post_was_ever_published":false,"_jetpack_newsletter_access":"","_jetpack_dont_email_post_to_subs":false,"_jetpack_newsletter_tier_id":0,"_jetpack_memberships_contains_paywalled_content":false,"_jetpack_memberships_contains_paid_content":false,"footnotes":"","jetpack_publicize_message":"","jetpack_publicize_feature_enabled":true,"jetpack_social_post_already_shared":true,"jetpack_social_options":{"image_generator_settings":{"template":"highway","default_image_id":0,"enabled":false},"version":2}},"categories":[2,6916,1161,44,6920,15,10],"tags":[8906,8338],"class_list":["post-51933","post","type-post","status-publish","format-standard","has-post-thumbnail","hentry","category-atarfe","category-ayuntamiento-de-atarfe","category-ciudadania","category-noticias-de-hoy","category-tecnologia","category-ultimas-noticias","category-salud","tag-autoabastecimiento","tag-placas-solares"],"jetpack_publicize_connections":[],"jetpack_featured_media_url":"https:\/\/i0.wp.com\/miradordeatarfe.es\/wp-content\/uploads\/2022\/01\/pabellon_polideportivo_de_gojar.jpg?fit=710%2C473&ssl=1","jetpack_likes_enabled":true,"jetpack_sharing_enabled":true,"_links":{"self":[{"href":"https:\/\/miradordeatarfe.es\/index.php?rest_route=\/wp\/v2\/posts\/51933","targetHints":{"allow":["GET"]}}],"collection":[{"href":"https:\/\/miradordeatarfe.es\/index.php?rest_route=\/wp\/v2\/posts"}],"about":[{"href":"https:\/\/miradordeatarfe.es\/index.php?rest_route=\/wp\/v2\/types\/post"}],"author":[{"embeddable":true,"href":"https:\/\/miradordeatarfe.es\/index.php?rest_route=\/wp\/v2\/users\/1"}],"replies":[{"embeddable":true,"href":"https:\/\/miradordeatarfe.es\/index.php?rest_route=%2Fwp%2Fv2%2Fcomments&post=51933"}],"version-history":[{"count":1,"href":"https:\/\/miradordeatarfe.es\/index.php?rest_route=\/wp\/v2\/posts\/51933\/revisions"}],"predecessor-version":[{"id":51935,"href":"https:\/\/miradordeatarfe.es\/index.php?rest_route=\/wp\/v2\/posts\/51933\/revisions\/51935"}],"wp:featuredmedia":[{"embeddable":true,"href":"https:\/\/miradordeatarfe.es\/index.php?rest_route=\/wp\/v2\/media\/51934"}],"wp:attachment":[{"href":"https:\/\/miradordeatarfe.es\/index.php?rest_route=%2Fwp%2Fv2%2Fmedia&parent=51933"}],"wp:term":[{"taxonomy":"category","embeddable":true,"href":"https:\/\/miradordeatarfe.es\/index.php?rest_route=%2Fwp%2Fv2%2Fcategories&post=51933"},{"taxonomy":"post_tag","embeddable":true,"href":"https:\/\/miradordeatarfe.es\/index.php?rest_route=%2Fwp%2Fv2%2Ftags&post=51933"}],"curies":[{"name":"wp","href":"https:\/\/api.w.org\/{rel}","templated":true}]}}