{"id":51939,"date":"2024-11-10T08:24:00","date_gmt":"2024-11-10T07:24:00","guid":{"rendered":"https:\/\/miradordeatarfe.es\/?p=51939"},"modified":"2024-11-05T13:19:04","modified_gmt":"2024-11-05T12:19:04","slug":"que-busca-putin-con-su-gran-ordago-a-occidente-claves-para-entender-la-crisis-de-ucrania","status":"publish","type":"post","link":"https:\/\/miradordeatarfe.es\/?p=51939","title":{"rendered":"\u00bfQu\u00e9 busca Putin con su gran \u00f3rdago a Occidente? Claves para entender la crisis de Ucrania"},"content":{"rendered":"<header class=\"z-he\">\n<\/header>\n<header class=\"cg _dg\" data-dtm-region=\"header\">\n<div id=\"ctn_head\" class=\"x-ph x-ph-f\">\n<div class=\"x _pr _g x-f\">\n<div class=\"_g _g-o _g-xs x_w\">\u00a0<\/div>\n<\/div>\n<\/div>\n<\/header>\n<article class=\"a _g _g-lg _g-o\">\n<header class=\"a_e _g _g-xs\">\n<div class=\"a_e_txt _df\">\n<h2 class=\"a_st\" style=\"text-align: justify;\">Europa asiste en vilo a un desaf\u00edo sin parang\u00f3n en las \u00faltimas d\u00e9cadas<\/h2>\n<\/div>\n<\/header>\n<div class=\"a_md _g _g-xs \" style=\"text-align: justify;\">\u00a0<\/div>\n<div class=\"a_c clearfix\">\n<p class=\"\" style=\"text-align: justify;\">Los soldados y las armas de Rusia se acumulan en la frontera con Ucrania; inquietud y valent\u00eda laten en los corazones de los ucranios ante la amenaza de un enemigo m\u00e1s poderoso; la diplomacia busca fren\u00e9ticamente soluciones; Europa entera est\u00e1 en vilo. Con unos 100.000 uniformados ya desplegados y unas reivindicaciones pol\u00edticas y de seguridad que equivalen a retrotraer al siglo XX los equilibrios del continente, Vlad\u00edmir Putin ha lanzado contra Occidente\u00a0<a href=\"https:\/\/elpais.com\/internacional\/2022-01-20\/que-esta-pasando-entre-rusia-y-ucrania-las-fechas-clave-del-conflicto.html\" target=\"_blank\" rel=\"noopener\" data-link-track-dtm=\"\">un \u00f3rdago sin parang\u00f3n en las \u00faltimas d\u00e9cadas.<\/a><\/p>\n<p class=\"\" style=\"text-align: justify;\">En su maniobra,\u00a0<a href=\"https:\/\/elpais.com\/internacional\/2022-01-22\/la-guerra-informativa-del-kremlin-cuando-la-mentira-es-el-arma.html\" target=\"_blank\" rel=\"noopener\" data-link-track-dtm=\"\">el Kremlin<\/a>\u00a0cuenta con algunas ventajas a corto plazo (sobre todo, una disposici\u00f3n a actuar y sufrir para conseguir sus objetivos en Ucrania mucho mayor de la de Occidente), pero asume serios riesgos a medio plazo (precipitar un cierre de filas occidental, una reactivaci\u00f3n de la OTAN y una inquebrantable determinaci\u00f3n de un pueblo ucranio horrorizado a alejarse de Rusia y abrazar a Occidente, precisamente lo que Putin quiere evitar).<\/p>\n<div id=\"_wmass_26130000000074506\" style=\"text-align: justify;\">\n<div id=\"jw-7450674506\" class=\"jwplayer jw-reset jw-state-paused jw-stretch-uniform jw-flag-aspect-mode jw-flag-controls-hidden jw-flag-outstream jw-breakpoint-4 jw-flag-ads\" tabindex=\"0\" role=\"application\" aria-label=\"Reproductor de Video\">\n<div class=\"jw-wrapper jw-reset\">\n<div>\n<div>\u00a0<\/div>\n<\/div>\n<\/div>\n<div class=\"afs_ads ad-placement\">A continuaci\u00f3n, algunas claves para interpretar un \u00f3rdago que ha puesto a Europa al borde de una conflagraci\u00f3n b\u00e9lica inaudita desde la disoluci\u00f3n de Yugoslavia y de la mayor inversi\u00f3n de tendencia geopol\u00edtica desde el fin de la Guerra Fr\u00eda.<\/div>\n<\/div>\n<\/div>\n<h3 class=\"\" style=\"text-align: justify;\">\u00bfCu\u00e1l es el origen del conflicto en Ucrania?<\/h3>\n<p class=\"\" style=\"text-align: justify;\">El conflicto estalla en 2014, cuando Rusia respondi\u00f3 militarmente al cambio de Gobierno en Kiev. Las protestas contra la decisi\u00f3n del entonces presidente, el filoruso\u00a0<a href=\"https:\/\/elpais.com\/internacional\/2014\/03\/11\/actualidad\/1394537176_483330.html\" target=\"_blank\" rel=\"noopener\" data-link-track-dtm=\"\">V\u00edctor Yanuk\u00f3vich<\/a>, de suspender la firma de un acuerdo de asociaci\u00f3n con la UE y reforzar en cambio lazos con Mosc\u00fa \u2014y la indignaci\u00f3n por una brutal represi\u00f3n\u2014 provocaron la ca\u00edda del dirigente. Rusia, que considera un inter\u00e9s estrat\u00e9gico vital la permanencia de Ucrania en su \u00f3rbita de influencia, intervino de forma semiclandestina en la\u00a0<a href=\"https:\/\/elpais.com\/internacional\/2021-08-23\/occidente-exige-a-rusia-la-devolucion-de-crimea-a-ucrania.html\" target=\"_blank\" rel=\"noopener\" data-link-track-dtm=\"\">regi\u00f3n ucrania de Crimea<\/a>, que posteriormente anexion\u00f3, y foment\u00f3 el separatismo en la\u00a0<a href=\"https:\/\/elpais.com\/internacional\/2021-12-04\/la-tension-aumenta-en-las-trincheras-de-la-guerra-de-ucrania-mientras-rusia-saca-musculo-militar.html\" target=\"_blank\" rel=\"noopener\" data-link-track-dtm=\"\">regi\u00f3n del Donb\u00e1s<\/a>, alimentando un conflicto armado que se estima ha causado unos 14.000 muertos desde su inicio.<\/p>\n<section id=\"cta_id\" class=\"w w-cta \" data-ctn-subscription=\"true\">\n<h3 class=\"w_b\"><span style=\"text-align: justify;\">\u00bfPor qu\u00e9 se ha precipitado la crisis?<\/span><\/h3>\n<\/section>\n<p class=\"\" style=\"text-align: justify;\">Los factores que han disparado la tensi\u00f3n son el paulatino despliegue en los \u00faltimos meses por parte de Rusia de soldados y medios en la frontera con Ucrania y la\u00a0<a href=\"https:\/\/mid.ru\/ru\/foreign_policy\/rso\/nato\/1790803\/?lang=en\" target=\"_blank\" rel=\"noopener\" data-link-track-dtm=\"\">publicaci\u00f3n a mediados de diciembre de unas radicales peticiones a la OTAN<\/a>\u00a0y\u00a0<a href=\"https:\/\/mid.ru\/ru\/foreign_policy\/rso\/nato\/1790818\/?lang=en\" target=\"_blank\" rel=\"noopener\" data-link-track-dtm=\"\">a Estados Unidos<\/a>\u00a0alrededor de la arquitectura de seguridad europea. Los motivos por los que el Kremlin ha optado por esta escalada ahora son objeto de debate. Hay una lectura en clave ucrania y otra internacional.<\/p>\n<p class=\"\" style=\"text-align: justify;\">Varios expertos coinciden en subrayar como importantes se\u00f1ales que, en los meses pasados, indicaron la determinaci\u00f3n del Gobierno de Kiev de perseguir un rumbo independiente y vigoroso frente a Mosc\u00fa. William Alberque, director del Departamento de Estrategia, Tecnolog\u00eda y Control de Armas del Instituto Internacional de Estudios Estrat\u00e9gicos, destaca \u201cuna serie de procesos judiciales a oligarcas y expol\u00edticos del entorno del r\u00e9gimen prorruso del anterior presidente\u201d. Una acci\u00f3n judicial anticorrupci\u00f3n que mina sensiblemente la capacidad de influencia de Mosc\u00fa en Kiev procesando y condenando a algunas de sus figuras de referencia.<\/p>\n<p class=\"\" style=\"text-align: justify;\">\u201cCreo que en los \u00faltimos meses Putin ha llegado a la conclusi\u00f3n de que por primera vez desde 2014 la din\u00e1mica ya no le favorece en Ucrania, que el tiempo corre en su contra\u201d, considera Nicol\u00e1s de Pedro, jefe de Investigaci\u00f3n en el Institute for Statecraft de Londres, quien coincide en se\u00f1alar los enjuiciamientos y las condenas como factor de peso.<\/p>\n<p class=\"\" style=\"text-align: justify;\">Andr\u00e9i Kortunov, director general del Consejo Ruso de Asuntos Internacionales \u2014un centro de estudios con v\u00ednculos con el Gobierno\u2014 se\u00f1ala uno de los argumentos oficiales rusos, que tambi\u00e9n toca la fibra de la actitud de Kiev, pero en una \u00f3ptica diferente. \u201cA Mosc\u00fa le inquieta que Kiev est\u00e9 considerando resolver el problema de Donb\u00e1s desvi\u00e1ndose de los acuerdos de Minsk y usando el poder militar. Mosc\u00fa quiere disuadir de esa tentaci\u00f3n\u201d, dice.<\/p>\n<p class=\"\" style=\"text-align: justify;\">Es cierto que ha habido una mejora constante de las Fuerzas Armadas ucranias, y que la entrega de drones armados turcos \u2014que demostraron su eficacia\u00a0<a href=\"https:\/\/elpais.com\/internacional\/2021-12-29\/armenia-aumenta-su-dependencia-de-rusia-tras-la-guerra-de-nagorno-karabaj.html\" target=\"_blank\" rel=\"noopener\" data-link-track-dtm=\"\">en el conflicto del Nagorno Karabaj entre Azebaiy\u00e1n y Armenia<\/a>\u2014 es un desarrollo significativo. Sin embargo, ni Ucrania ha recibido armamento realmente desequilibrante, ni hay ninguna prueba clara de una voluntad de Kiev de lanzar una ofensiva contra el Donb\u00e1s.<\/p>\n<p class=\"\" style=\"text-align: justify;\">En clave internacional, varios expertos creen que la tesitura global puede haber contribuido a motivar a Putin a actuar. Carmen Claud\u00edn, investigadora s\u00e9nior del centro de estudios CIDOB, apunta que \u201cRusia considera que EE UU quiere concentrarse en su prioridad, que es China, y diagnostica, con raz\u00f3n, que la UE est\u00e1 debilitada por sus divisiones internas, con contradicciones tanto dentro de los Estados miembros, como entre ellos\u201d. En Alemania acaba de asumir funciones un Gobierno de coalici\u00f3n con posiciones divergentes en esta materia, y Francia est\u00e1 a punto de entrar en campa\u00f1a electoral. Fuera de la UE, la otra potencia europea, el Reino Unido, tampoco atraviesa una fase de gran fortaleza. Un momento oportuno, pues, para lanzar un \u00f3rdago.<\/p>\n<h3 class=\"\" style=\"text-align: justify;\">\u00bfCu\u00e1les son los objetivos oficiales de Putin?<\/h3>\n<p class=\"\" style=\"text-align: justify;\">Formalmente, Mosc\u00fa busca renegociar el tablero de seguridad en Europa. A mediados de diciembre public\u00f3 dos propuestas de tratados con EE UU y con la OTAN repletos de condiciones muy exigentes. Entre ellos, la Alianza deber\u00eda asumir el compromiso de no ampliarse m\u00e1s, sus pa\u00edses miembros originales no deber\u00edan desplegar fuerzas militares en los nuevos miembros: Estados Unidos, renunciar a toda cooperaci\u00f3n militar con Ucrania y otros antiguos pa\u00edses sovi\u00e9ticos que no son miembros de la OTAN.<\/p>\n<div class=\"raw_html\" style=\"text-align: justify;\">\n<div class=\"width\">\n<div id=\"otan\">\n<div id=\"g-otan-box\" class=\"ai2html\">\n<div id=\"g-otan-tableta\" class=\"g-artboard\" data-aspect-ratio=\"1.176\" data-min-width=\"600\"><a href=\"https:\/\/i0.wp.com\/miradordeatarfe.es\/wp-content\/uploads\/2022\/01\/descarga-1.png?ssl=1\"><img data-recalc-dims=\"1\" loading=\"lazy\" decoding=\"async\" class=\"alignnone size-full wp-image-51941\" src=\"https:\/\/i0.wp.com\/miradordeatarfe.es\/wp-content\/uploads\/2022\/01\/descarga-1.png?resize=640%2C540&#038;ssl=1\" alt=\"\" width=\"640\" height=\"540\" srcset=\"https:\/\/i0.wp.com\/miradordeatarfe.es\/wp-content\/uploads\/2022\/01\/descarga-1.png?w=685&amp;ssl=1 685w, https:\/\/i0.wp.com\/miradordeatarfe.es\/wp-content\/uploads\/2022\/01\/descarga-1.png?resize=300%2C253&amp;ssl=1 300w\" sizes=\"auto, (max-width: 640px) 100vw, 640px\" \/><\/a><\/div>\n<\/div>\n<\/div>\n<\/div>\n<\/div>\n<p class=\"\" style=\"text-align: justify;\">El cambio del equilibrio estrat\u00e9gico en Europa es una vieja reivindicaci\u00f3n de Mosc\u00fa, planteada en m\u00faltiples ocasiones, de forma hasta ahora infructuosa. Kortunov se\u00f1ala que \u201cPutin quiere demostrar de forma muy clara su insatisfacci\u00f3n por la situaci\u00f3n actual. La OTAN se ha expandido hacia el Este. Putin considera estos movimientos un aut\u00e9ntico desaf\u00edo para la seguridad de Rusia. Aparentemente, cree que para captar atenci\u00f3n de Occidente debe hacer algo muy significativo, que fuerce a Occidente a escuchar\u201d. Lo ha logrado.<\/p>\n<p class=\"\" style=\"text-align: justify;\">\u201cEl Kremlin quiere volver a una vieja arquitectura de seguridad\u201d, se\u00f1ala Claud\u00edn, \u201ccon el reconocimiento por parte de Occidente de una franja de territorio europeo que conformar\u00eda su cintur\u00f3n de una seguridad vital. Sin ello, dice, est\u00e1 en juego la supervivencia del Estado ruso\u201d.<\/p>\n<figure class=\"a_m a_m-h\" style=\"text-align: justify;\"><span class=\"_db a_m_w\"><img data-recalc-dims=\"1\" loading=\"lazy\" decoding=\"async\" class=\"_re lazyload a_m-h\" src=\"https:\/\/i0.wp.com\/imagenes.elpais.com\/resizer\/5y3HtmL7EXGB9dGVsI9QyZ3V5pY%3D\/414x0\/cloudfront-eu-central-1.images.arcpublishing.com\/prisa\/APQKBTPPSL2HM2DFX22PWRKIG4.jpg?resize=414%2C276&#038;ssl=1\" srcset=\"https:\/\/imagenes.elpais.com\/resizer\/5y3HtmL7EXGB9dGVsI9QyZ3V5pY=\/414x0\/cloudfront-eu-central-1.images.arcpublishing.com\/prisa\/APQKBTPPSL2HM2DFX22PWRKIG4.jpg 414w,https:\/\/imagenes.elpais.com\/resizer\/3ZXBohkiqc8qqlArmhS0jrl-ktA=\/828x0\/cloudfront-eu-central-1.images.arcpublishing.com\/prisa\/APQKBTPPSL2HM2DFX22PWRKIG4.jpg 640w,https:\/\/imagenes.elpais.com\/resizer\/WBrdLcC96tsB8nBRa7I-uIPFK60=\/980x0\/cloudfront-eu-central-1.images.arcpublishing.com\/prisa\/APQKBTPPSL2HM2DFX22PWRKIG4.jpg 1000w,https:\/\/imagenes.elpais.com\/resizer\/vLLXnUoFUuPorFFlAFnsfeBPT2Y=\/1960x0\/cloudfront-eu-central-1.images.arcpublishing.com\/prisa\/APQKBTPPSL2HM2DFX22PWRKIG4.jpg 1960w\" alt=\"Un soldado ucranio, en una trinchera cerca de las posiciones prorrusas, el pasado diciembre en Avdiivka (Ucrania).\" width=\"414\" height=\"276\" \/><\/span><figcaption class=\"a_m_p\">Un soldado ucranio, en una trinchera cerca de las posiciones prorrusas, el pasado diciembre en Avdiivka (Ucrania).<span class=\"a_m_m\">CARLOS ROSILLO<\/span><\/figcaption><\/figure>\n<h3 class=\"\" style=\"text-align: justify;\">\u00bfCu\u00e1les pueden ser los objetivos no declarados del Kremlin?<\/h3>\n<p class=\"\" style=\"text-align: justify;\">En Occidente est\u00e1 muy extendida la opini\u00f3n seg\u00fan la cual no solo Putin quiere evitar la deriva de Ucrania u otros pa\u00edses de la antigua URSS hacia Occidente; tambi\u00e9n quiere evitar que logren una democratizaci\u00f3n exitosa.<\/p>\n<p class=\"\" style=\"text-align: justify;\">\u201cPutin quiere que Ucrania est\u00e9 alineada con Rusia, mantenerla en su esfera de influencia. Quiere un cambio de r\u00e9gimen en Kiev\u201d, comenta Alberque. \u201cPresionando para lograr ese objetivo, se ha dado cuenta de la ansiedad que generaba en Occidente la paulatina acumulaci\u00f3n de tropas en la frontera. As\u00ed que ha seguido, y ha aprovechado para plantear un conjunto de demandas que van m\u00e1s all\u00e1 de Ucrania. Pero el objetivo primordial es evitar que Ucrania sea un pa\u00eds soberano y que se aleje de su esfera\u201d, dice este experto.<\/p>\n<p class=\"\" style=\"text-align: justify;\">A lo que Claud\u00edn a\u00f1ade: \u201cLa cuesti\u00f3n democr\u00e1tica forma parte de la motivaci\u00f3n, aunque no de la argumentaci\u00f3n. Mosc\u00fa no la reconoce como raz\u00f3n para actuar, y sostiene que los movimientos democratizadores que han brotado en distintos pa\u00edses de la regi\u00f3n no son genuinos, sino el resultado de maniobras occidentales. Algunos dirigentes rusos se lo creen, otros no. En cualquier caso, saben que podr\u00eda ocurrir en Rusia, porque ya ha ocurrido, aunque de forma muy limitada\u201d. Una Ucrania que lograse establecer una democracia estable y pr\u00f3spera ser\u00eda una perspectiva preocupante para el Kremlin, por el mensaje a la ciudadan\u00eda rusa de que, con condiciones hist\u00f3rico\/culturales parecidas, otro camino con respecto al autoritarismo de Putin es posible.<\/p>\n<h3 class=\"\" style=\"text-align: justify;\">\u00bfEs todav\u00eda posible una soluci\u00f3n diplom\u00e1tica?<\/h3>\n<p class=\"\" style=\"text-align: justify;\"><a href=\"https:\/\/elpais.com\/internacional\/2022-01-21\/ee-uu-y-rusia-acuerdan-profundizar-la-via-del-dialogo-para-evitar-la-colision-en-ucrania.html\" target=\"_blank\" rel=\"noopener\" data-link-track-dtm=\"\">La reuni\u00f3n celebrada en Ginebra el viernes<\/a>\u00a0entre el secretario de Estado de EE UU, Antony Blinken, y el ministro de Exteriores ruso, Sergu\u00e9i Lavrov, termin\u00f3 con una disposici\u00f3n de ambas partes a seguir en la negociaci\u00f3n. Hay margen para forjar acuerdos en materia de control de armas, sobre despliegue de misiles, maniobras militares, medidas de transparencia. Pero Mosc\u00fa ha dejado claro que lo prioritario son otras cosas, calificando como l\u00edneas rojas exigencias \u2014como la no expansi\u00f3n de la OTAN\u2014 que Occidente considera inasumibles. \u201cSon tan extremas que no veo c\u00f3mo podr\u00eda aceptarlas\u201d, se\u00f1ala Claud\u00edn.<\/p>\n<p class=\"\" style=\"text-align: justify;\">\u201cCreo que nada en materia de control de armas puede satisfacer a los rusos. Les parecer\u00e1n bien ciertas cosas, lo que EE UU quiera ceder, pero no ser\u00e1 suficiente. Sus objetivos son otros\u201d, dice Alberque, que fue director del Centro de Control de Armas de la OTAN. \u201cNo quieren hablar de control de armas. No est\u00e1n haciendo todo este esfuerzo solo para conformarse con eso\u201d, coincide De Pedro. Es muy dif\u00edcil vislumbrar pues una soluci\u00f3n diplom\u00e1tica.<\/p>\n<p class=\"\" style=\"text-align: justify;\">\u201cEn esta situaci\u00f3n, Mosc\u00fa tiene dos opciones\u201d, comenta Kortunov. \u201cLa primera es seguir en la mesa, con una perspectiva incremental, hablando de las cosas en las que hay opci\u00f3n de acuerdo. La segunda es levantarse pronto de la mesa, alegando que no hay disposici\u00f3n en los asuntos clave, y activar medidas t\u00e9cnico-militares. Yo espero que Mosc\u00fa opte por la primera. Pero creo que lo m\u00e1s probable es una opci\u00f3n h\u00edbrida, intermedia. Alguna medida para elevar a\u00fan m\u00e1s la presi\u00f3n, sin romper los canales de di\u00e1logo\u201d, concluye.<\/p>\n<h3 class=\"\" style=\"text-align: justify;\">\u00bfCu\u00e1les son las opciones militares de Rusia?<\/h3>\n<p><a href=\"https:\/\/i0.wp.com\/miradordeatarfe.es\/wp-content\/uploads\/2022\/01\/Screenshot-2022-01-29-at-17-30-38-%C2%BFQue-busca-Putin-con-su-gran-ordago-a-Occidente-Claves-para-entender-la-crisis-de-Ucrania.png?ssl=1\"><img data-recalc-dims=\"1\" loading=\"lazy\" decoding=\"async\" class=\"alignnone size-full wp-image-51942\" src=\"https:\/\/i0.wp.com\/miradordeatarfe.es\/wp-content\/uploads\/2022\/01\/Screenshot-2022-01-29-at-17-30-38-%C2%BFQue-busca-Putin-con-su-gran-ordago-a-Occidente-Claves-para-entender-la-crisis-de-Ucrania.png?resize=640%2C513&#038;ssl=1\" alt=\"\" width=\"640\" height=\"513\" srcset=\"https:\/\/i0.wp.com\/miradordeatarfe.es\/wp-content\/uploads\/2022\/01\/Screenshot-2022-01-29-at-17-30-38-%C2%BFQue-busca-Putin-con-su-gran-ordago-a-Occidente-Claves-para-entender-la-crisis-de-Ucrania.png?w=749&amp;ssl=1 749w, https:\/\/i0.wp.com\/miradordeatarfe.es\/wp-content\/uploads\/2022\/01\/Screenshot-2022-01-29-at-17-30-38-%C2%BFQue-busca-Putin-con-su-gran-ordago-a-Occidente-Claves-para-entender-la-crisis-de-Ucrania.png?resize=300%2C240&amp;ssl=1 300w\" sizes=\"auto, (max-width: 640px) 100vw, 640px\" \/><\/a><\/p>\n<p class=\"\" style=\"text-align: justify;\">Por superioridad militar y caracter\u00edsticas del teatro de acci\u00f3n, Mosc\u00fa dispone de muchas opciones para seguir en la escalada. Algunas, como el despliegue de nuevo armamento en lugares sensibles como Kaliningrado, una entrada con insignias de fuerzas rusas en el territorio separatista de Donb\u00e1s o m\u00e1s ciberataques, pueden elevar la presi\u00f3n sin activar la violencia.<\/p>\n<p class=\"\" style=\"text-align: justify;\">Pero el despliegue militar es de tal calibre que es dif\u00edcil pensar que Putin lo retire sin obtener alg\u00fan \u00e9xito rotundo. Y como es improbable que lo pueda obtener por la v\u00eda diplom\u00e1tica, muchos expertos opinan que alguna opci\u00f3n destructiva es muy probable.<\/p>\n<p class=\"\" style=\"text-align: justify;\">\u201cYo creo que quieren como m\u00ednimo degradar de forma sustancial la capacidad militar de Ucrania. Eso supone una seria ofensiva con artiller\u00eda y medios a\u00e9reos\u201d, considera De Pedro.<\/p>\n<p class=\"\" style=\"text-align: justify;\">Alberque plantea que Rusia optar\u00e1 por una estrategia incremental. \u201cEst\u00e1n listos para el m\u00e1ximo, pero quieren hacer lo m\u00ednimo. Usar\u00e1n las fuerzas m\u00ednimas necesarias. Primero atacar\u00edan centros de comando, infraestructuras militares. Si Kiev no recula, si no logran nada, har\u00edan algo m\u00e1s. Pero tienen que medir. Si lanzan una gran invasi\u00f3n, con miles de muertos, no hay duda de que eso unificar\u00eda Occidente. Eso no lo quieren\u201d, dice el experto del IISS, que se\u00f1ala que la ventana de opci\u00f3n para una operaci\u00f3n terrestre es de principios de febrero a mediados de marzo, cuando el terreno empezar\u00e1 a embarrarse complicando el movimiento de los tanques y las l\u00edneas de suministro.<\/p>\n<p class=\"\" style=\"text-align: justify;\">\u201cYo creo que no es probable una guerra abierta. Lo creo porque con ella es claro lo que Rusia puede perder \u2014<a href=\"https:\/\/elpais.com\/internacional\/2022-01-22\/la-ue-tiene-listas-sanciones-a-gran-escala-por-si-rusia-ataca-ucrania.html\" target=\"_blank\" rel=\"noopener\" data-link-track-dtm=\"\">fuertes sanciones econ\u00f3micas<\/a>, fin de acuerdos de Minsk, etc\u00e9tera\u2014 pero no es claro lo que Rusia puede ganar\u201d, dice Kortunov. \u201cEn cambio, hay muchas opciones t\u00e9cnico-militares, desde el despliegue de nuevo armamento en lugares sensibles, incluso en el hemisferio occidental, hasta incrementar la cooperaci\u00f3n con China o el activismo en \u00c1frica\u201d.<\/p>\n<p class=\"\" style=\"text-align: justify;\">Claud\u00edn observa que una eventual invasi\u00f3n tendr\u00e1 que \u201cafrontar la resistencia no solo de las fuerzas ucranias, que ya no son las de 2014, cuando era un ej\u00e9rcito de opereta, mal preparado y lleno de elementos prorrusos, sino a una poblaci\u00f3n dispuesta a luchar\u201d. Ante esta realidad, algunos analistas consideran opciones de invasi\u00f3n limitada, por ejemplo entrando solo en las regiones separatistas del Donb\u00e1s \u2014y quiz\u00e1s reconociendo su independencia, como ya han planteado algunos diputados rusos\u2014 o para instaurar un corredor entre el Donb\u00e1s separatista y Crimea y\/o entre Crimea y<a href=\"https:\/\/elpais.com\/deportes\/2021-08-26\/sheriff-tiraspol-de-un-pais-que-no-existe-a-la-champions-league.html\" target=\"_blank\" rel=\"noopener\" data-link-track-dtm=\"\">\u00a0Transnistria<\/a>.<\/p>\n<figure class=\"a_m a_m-h\" style=\"text-align: justify;\"><span class=\"_db a_m_w _pr lb_btn\"><img data-recalc-dims=\"1\" loading=\"lazy\" decoding=\"async\" class=\"_re lazyload a_m-h\" src=\"https:\/\/i0.wp.com\/imagenes.elpais.com\/resizer\/pGxCdTj1llAEhA7FIq6ghqtLvZY%3D\/414x0\/cloudfront-eu-central-1.images.arcpublishing.com\/prisa\/SULN4KWUFFCVXJNATMCU653IZM.jpg?resize=414%2C277&#038;ssl=1\" srcset=\"https:\/\/imagenes.elpais.com\/resizer\/pGxCdTj1llAEhA7FIq6ghqtLvZY=\/414x0\/cloudfront-eu-central-1.images.arcpublishing.com\/prisa\/SULN4KWUFFCVXJNATMCU653IZM.jpg 414w,https:\/\/imagenes.elpais.com\/resizer\/hVfTEin-M7_lSFCueGfMAGqBMhE=\/828x0\/cloudfront-eu-central-1.images.arcpublishing.com\/prisa\/SULN4KWUFFCVXJNATMCU653IZM.jpg 640w,https:\/\/imagenes.elpais.com\/resizer\/HnHM-wtVzlD0JgEDx4h9tMjAwU8=\/980x0\/cloudfront-eu-central-1.images.arcpublishing.com\/prisa\/SULN4KWUFFCVXJNATMCU653IZM.jpg 1000w,https:\/\/imagenes.elpais.com\/resizer\/v1xeloxbQt_lbUlkLdfRgLfy5t4=\/1960x0\/cloudfront-eu-central-1.images.arcpublishing.com\/prisa\/SULN4KWUFFCVXJNATMCU653IZM.jpg 1960w\" alt=\"El secretario de Estado de EE UU, Antony Blinken (izquierda), saludaba el pasado viernes al ministro de Exteriores ruso, Sergu\u00e9i Lavrov, en Ginebra (Suiza).\" width=\"414\" height=\"277\" \/><\/span><figcaption class=\"a_m_p\">El secretario de Estado de EE UU, Antony Blinken (izquierda), saludaba el pasado viernes al ministro de Exteriores ruso, Sergu\u00e9i Lavrov, en Ginebra (Suiza).<span class=\"a_m_m\">ALEX BRANDON (REUTERS)<\/span><\/figcaption><\/figure>\n<h3 class=\"\" style=\"text-align: justify;\">\u00bfC\u00f3mo puede responder Occidente?<\/h3>\n<p class=\"\" style=\"text-align: justify;\">Hay dos planos, el militar y el sancionatorio. En el primero, est\u00e1 claro que nadie en Occidente se plantea combatir. S\u00ed, en cambio, es posible que se incrementen los suministros de armas a Ucrania, que ya se producen, por ejemplo, por parte de EE UU y el Reino Unido, aunque de momento con intensidad modesta. Es razonable pensar que estos dos pa\u00edses incrementen los suministros en caso de conflicto. Los expertos no ven, en cambio, probable ninguna acci\u00f3n en ese sentido de los pa\u00edses de la UE.<\/p>\n<p class=\"\" style=\"text-align: justify;\">En el otro escenario, el de las sanciones, Washington y los europeos llevan semanas intentando perfilar respuestas, tratando de transmitir una sensaci\u00f3n de unidad y avisando que ser\u00e1n de gran intensidad, con la esperanza de que resulten disuasorias. Al margen de las apariencias, es evidente que hay muchos problemas.<\/p>\n<p class=\"\" style=\"text-align: justify;\">Se trata de una situaci\u00f3n asim\u00e9trica que dificulta los consensos. La UE est\u00e1 mucho m\u00e1s expuesta que EE UU a las consecuencias de una confrontaci\u00f3n con Rusia. Dentro de la UE, a su vez, hay diferentes posiciones entre los Estados miembros.<\/p>\n<p class=\"\" style=\"text-align: justify;\">Mar\u00eda Shagina, investigadora experta en sanciones internacionales del Instituto Finland\u00e9s de Asuntos Internacionales y de la Universidad de Z\u00farich, considera que est\u00e1 avanzado el trabajo para infligir sanciones \u201cm\u00e1s contundentes que las de 2014\u2033 a entidades bancarias, y tambi\u00e9n para medidas de \u201ccontrol de exportaciones\u201d de productos \u2014sobre todo estadounidenses\u2014 que afectar\u00edan al sector de defensa y aeroespacial ruso. Sin embargo, se\u00f1ala que los occidentales no parecen listos para excluir a las entidades financieras rusas del circuito SWIFT, opci\u00f3n que se hab\u00eda definido como nuclear.<\/p>\n<p class=\"\" style=\"text-align: justify;\"><a href=\"https:\/\/elpais.com\/internacional\/2022-01-21\/nord-stream-2-el-gasoducto-atrapado-en-la-tension-de-occidente-con-rusia.html\" target=\"_blank\" rel=\"noopener\" data-link-track-dtm=\"\">En cuanto al Nord Stream 2<\/a>, gasoducto ya completado pero no activado que redobla la capacidad de exportar gas directamente de Rusia a Alemania puenteando el Este de Europa, Shagina comenta que se nota un evidente cambio de discurso en Alemania al respecto, incluso desde voces destacadas que anta\u00f1o lo defend\u00edan, pero que el panorama en este apartado permanece incierto.<\/p>\n<p class=\"\" style=\"text-align: justify;\">M\u00e1s en general, las sanciones en el sector energ\u00e9tico se enfrentan al problema de la enorme dependencia de Rusia de la UE. Washington ha mantenido contacto con compa\u00f1\u00edas del sector para perfilar planes de contingencia.<\/p>\n<p class=\"\" style=\"text-align: justify;\">\u201cLa cuesti\u00f3n que hay que tener en cuenta es que esta partida no termina con Occidente imponiendo sanciones\u201d, reflexiona De Pedro. Rusia las espera, en cierta medida se ha preparado para asumirlas, y tiene determinaci\u00f3n para soportarlas. \u201cSi hay un corte en el flujo del gas, ellos pierden dinero, pero tienen un buen fondo de reservas acumulado. El ciudadano ruso no notar\u00eda nada hasta como m\u00ednimo mucho tiempo despu\u00e9s. En cambio, en la UE puede haber gente pasando fr\u00edo o disrupci\u00f3n de la actividad empresarial. Es una situaci\u00f3n muy compleja. La UE ha elegido ser herb\u00edvora. Muy bien. Pero est\u00e1 rodeada de carn\u00edvoros\u201d.<\/p>\n<\/div>\n<h4 class=\"a_t\" style=\"text-align: justify;\"><a title=\"Ver todas las noticias de Andrea Rizzi\" href=\"https:\/\/elpais.com\/autor\/andrea-rizzi\/#?rel=author_top\">ANDREA RIZZI<\/a><\/h4>\n<p>FOTO: Un convoy de veh\u00edculos blindados de las Fuerzas Armadas rusas se desplazaba por una carretera de Crimea, el pasado d\u00eda 18.<span class=\"a_m_m\">AP<\/span><\/p>\n<p>https:\/\/elpais.com\/internacional\/2022-01-23\/que-busca-putin-con-su-gran-ordago-a-occidente-claves-para-entender-la-crisis-de-ucrania.html<\/p>\n<\/article>\n","protected":false},"excerpt":{"rendered":"<p>\u00a0 Europa asiste en vilo a un desaf\u00edo sin parang\u00f3n en las \u00faltimas d\u00e9cadas \u00a0&#8230;<\/p>\n","protected":false},"author":1,"featured_media":51943,"comment_status":"closed","ping_status":"closed","sticky":false,"template":"","format":"standard","meta":{"_coblocks_attr":"","_coblocks_dimensions":"","_coblocks_responsive_height":"","_coblocks_accordion_ie_support":"","jetpack_post_was_ever_published":false,"_jetpack_newsletter_access":"","_jetpack_dont_email_post_to_subs":false,"_jetpack_newsletter_tier_id":0,"_jetpack_memberships_contains_paywalled_content":false,"_jetpack_memberships_contains_paid_content":false,"footnotes":"","jetpack_publicize_message":"","jetpack_publicize_feature_enabled":true,"jetpack_social_post_already_shared":true,"jetpack_social_options":{"image_generator_settings":{"template":"highway","default_image_id":0,"enabled":false},"version":2}},"categories":[1161,44,7671,15],"tags":[362,3332,7316],"class_list":["post-51939","post","type-post","status-publish","format-standard","has-post-thumbnail","hentry","category-ciudadania","category-noticias-de-hoy","category-politica","category-ultimas-noticias","tag-otan","tag-rusia","tag-ucrania"],"jetpack_publicize_connections":[],"jetpack_featured_media_url":"https:\/\/i0.wp.com\/miradordeatarfe.es\/wp-content\/uploads\/2022\/01\/CZQ5OEN5BQHUIFFP7MHRSUBQ6M.jpg?fit=1960%2C1305&ssl=1","jetpack_likes_enabled":true,"jetpack_sharing_enabled":true,"_links":{"self":[{"href":"https:\/\/miradordeatarfe.es\/index.php?rest_route=\/wp\/v2\/posts\/51939","targetHints":{"allow":["GET"]}}],"collection":[{"href":"https:\/\/miradordeatarfe.es\/index.php?rest_route=\/wp\/v2\/posts"}],"about":[{"href":"https:\/\/miradordeatarfe.es\/index.php?rest_route=\/wp\/v2\/types\/post"}],"author":[{"embeddable":true,"href":"https:\/\/miradordeatarfe.es\/index.php?rest_route=\/wp\/v2\/users\/1"}],"replies":[{"embeddable":true,"href":"https:\/\/miradordeatarfe.es\/index.php?rest_route=%2Fwp%2Fv2%2Fcomments&post=51939"}],"version-history":[{"count":1,"href":"https:\/\/miradordeatarfe.es\/index.php?rest_route=\/wp\/v2\/posts\/51939\/revisions"}],"predecessor-version":[{"id":51944,"href":"https:\/\/miradordeatarfe.es\/index.php?rest_route=\/wp\/v2\/posts\/51939\/revisions\/51944"}],"wp:featuredmedia":[{"embeddable":true,"href":"https:\/\/miradordeatarfe.es\/index.php?rest_route=\/wp\/v2\/media\/51943"}],"wp:attachment":[{"href":"https:\/\/miradordeatarfe.es\/index.php?rest_route=%2Fwp%2Fv2%2Fmedia&parent=51939"}],"wp:term":[{"taxonomy":"category","embeddable":true,"href":"https:\/\/miradordeatarfe.es\/index.php?rest_route=%2Fwp%2Fv2%2Fcategories&post=51939"},{"taxonomy":"post_tag","embeddable":true,"href":"https:\/\/miradordeatarfe.es\/index.php?rest_route=%2Fwp%2Fv2%2Ftags&post=51939"}],"curies":[{"name":"wp","href":"https:\/\/api.w.org\/{rel}","templated":true}]}}