{"id":51945,"date":"2022-02-04T09:38:36","date_gmt":"2022-02-04T08:38:36","guid":{"rendered":"https:\/\/miradordeatarfe.es\/?p=51945"},"modified":"2022-01-31T16:43:49","modified_gmt":"2022-01-31T15:43:49","slug":"partes-del-cuerpo-que-casi-nadie-sabe-nombrar","status":"publish","type":"post","link":"https:\/\/miradordeatarfe.es\/?p=51945","title":{"rendered":"Partes del cuerpo que (casi) nadie sabe nombrar"},"content":{"rendered":"<div class=\"voc-article-container\">\n<article class=\"voc-article voc-article--detail voc-article--detail--base voc-article--photo-bottom\">\n<div class=\"voc-info-container\">\n<h2 class=\"voc-sub-title\">De los ojos de Venus al arco de Cupido, el filtrum o la tabaquera anat\u00f3mica<\/h2>\n<\/div>\n<\/article>\n<\/div>\n<div class=\"voc-detail\" data-voc-share-selection=\"\">\n<div class=\"voc-author-timesocial \">\n<div class=\"voc-author-timesocial__social\">Las vemos, tocamos, rascamos o limpiamos cada d\u00eda, pero no sabemos nombrarlas. Hay partes del cuerpo que casi nadie sabe c\u00f3mo se llaman y, en muchos casos, ni hemos o\u00eddo hablar de ellas. Es normal, son demasiadas y la mayor\u00eda no somos anatomistas, pero algunas de tienen nombres tan originales, o historias tan curiosas sobre su etimolog\u00eda o funci\u00f3n, que merece la pena conocerlas. Recopilamos una peque\u00f1a muestra.<\/div>\n<\/div>\n<div class=\"voc-detail__cmp voc-detail__cmp--capitulars voc-detail__cmp--no-margin\">\n<div class=\"voc-detail-list\">\n<div class=\"voc-detail-list__container   \">\n<h3 class=\"voc-detail__title\">Filtrum<\/h3>\n<\/div>\n<\/div>\n<\/div>\n<p class=\"voc-paragraph\">Tambi\u00e9n denominado surco subnasal o nasolabial, es la depresi\u00f3n que se extiende desde el tabique nasal al borde del labio superior. \u00abLa zona del filtrum es el punto donde culmina el desarrollo de la cara. Cuando el tejido que origina el paladar no se llega a unir con el del labio, se produce un defecto cong\u00e9nito conocido como labio leporino\u00bb, explica Rosa Rodr\u00edguez Torres, catedr\u00e1tica y profesora de Anatom\u00eda de la Universidad de Alcal\u00e1 de Henares.<\/p>\n<div id=\"_wmass_1337300000000745\">\n<div id=\"jw-0074500745\" class=\"jwplayer jw-reset jw-state-idle jw-stretch-uniform jw-flag-aspect-mode jw-flag-controls-hidden jw-flag-outstream jw-flag-outstream-pending jw-breakpoint-3\" tabindex=\"0\" role=\"application\" aria-label=\"Reproductor de Video\">\n<div class=\"afs_ads ad-placement\">En el extremo del filtrum se presenta una peque\u00f1a elevaci\u00f3n, el tub\u00e9rculo del labio superior y, en conjunto, la l\u00ednea de separaci\u00f3n cut\u00e1neo-mucosa del labio superior configura un arco en forma de V que se llama el arco de Cupido. Al considerarse un s\u00edmbolo de belleza, es una de las zonas m\u00e1s solicitadas en tatuaje cosm\u00e9tico.<\/div>\n<\/div>\n<\/div>\n<div class=\"voc-detail__cmp voc-detail__cmp--capitulars voc-detail__cmp--no-margin\">\n<div class=\"voc-detail-list\">\n<div class=\"voc-detail-list__container   \">\n<h3 class=\"voc-detail__title\">L\u00fanula<\/h3>\n<\/div>\n<\/div>\n<\/div>\n<p class=\"voc-paragraph\">Es una palabra de origen latino que significa &#8216;peque\u00f1a media luna&#8217; o &#8216;luna creciente&#8217; y, \u00abpor su similaridad con el sat\u00e9lite, as\u00ed es como se llama la parte blanquecina semicircular que aparece en la base de las u\u00f1as. Est\u00e1 siempre m\u00e1s marcada en el pulgar que en el resto de los dedos; en el me\u00f1ique es muy poco marcada y a veces falta\u00ab, dice la especialista. .<\/p>\n<p class=\"voc-paragraph\">A nivel m\u00e9dico, la l\u00fanula es un indicador ante distintas enfermedades. La falta de esta puede deberse a algunos tipos de anemia y de malnutrici\u00f3n. Su decoloraci\u00f3n se asocia con la diabetes mellitus. Su enrojecimiento, con enfermedades cardiovasculares y hematol\u00f3gicas; y el aumento de su tama\u00f1o (cuando ocupa la mitad o m\u00e1s de la u\u00f1as) con enfermedades renales o hep\u00e1ticas.<\/p>\n<div class=\"voc-detail__cmp voc-detail__cmp--capitulars voc-detail__cmp--no-margin\">\n<div class=\"voc-detail-list\">\n<div class=\"voc-detail-list__container   \">\n<h3 class=\"voc-detail__title\">Hellix o h\u00e9lice<\/h3>\n<\/div>\n<\/div>\n<\/div>\n<p class=\"voc-paragraph\">Designa \u00abel reborde curvil\u00edneo cartilaginoso que nace en la concha \u2013t\u00e9rmino que designa el hueco donde nos ponemos los auriculares, pero que se utiliza tambi\u00e9n para referirse vulgarmente a la zona \u00edntima femenina\u2013 y desemboca en el l\u00f3bulo\u00bb, declara Rodr\u00edguez. Es el lugar donde se realizan los famosos\u00a0<a href=\"https:\/\/www.elcorreo.com\/vivir\/tendencias\/piercing-tendencias-riesgos-pandemia-20210415170546-ntrc.html\" data-voc-vtm-id=\"in-text-traffic\">&#8216;piercings&#8217;<\/a>\u00a0del cart\u00edlago de la oreja.<\/p>\n<p class=\"voc-paragraph\">En algunas personas, en la parte posterior del hellix se aprecia un peque\u00f1o engrosamiento del cart\u00edlago que recibe el nombre de tub\u00e9rculo de Darwin. Se trata de un vestigio anat\u00f3mico de la punta de la oreja, com\u00fan en los mam\u00edferos, cuya funci\u00f3n original se habr\u00eda perdido durante la evoluci\u00f3n.<\/p>\n<div class=\"voc-detail__cmp voc-detail__cmp--capitulars voc-detail__cmp--no-margin\">\n<div class=\"voc-detail-list\">\n<div class=\"voc-detail-list__container   \">\n<h3 class=\"voc-detail__title\">Sangradura<\/h3>\n<\/div>\n<\/div>\n<\/div>\n<p class=\"voc-paragraph\">La parte opuesta al codo, esa con la que nos debemos tapar la boca al estornudar desde que el Covid-19 lleg\u00f3 a nuestra vida, es la sangradura. \u00abBajo la piel de esta zona discurren vasos y nervios. Las venas superficiales crean la forma de una M may\u00fascula: es a este nivel donde se practican las inyecciones intravenosas, extracciones de sangre y rara vez sangr\u00edas\u00bb, aclara Rodr\u00edguez.<\/p>\n<div class=\"voc-detail__cmp voc-detail__cmp--capitulars voc-detail__cmp--no-margin\">\n<div class=\"voc-detail-list\">\n<div class=\"voc-detail-list__container   \">\n<h3 class=\"voc-detail__title\">Tabaquera anat\u00f3mica<\/h3>\n<\/div>\n<\/div>\n<\/div>\n<p class=\"voc-paragraph\">\u00abSi ponemos el dedo como si estuvi\u00e9ramos haciendo auto-stop, con el pulgar hacia arriba, veremos que, tras este, se forma una depresi\u00f3n de forma triangular al marcarse los tendones. Ese hueco se denomina tabaquera anat\u00f3mica y en ella se puede tomar el pulso de la arteria radial (el mismo que se toma en la mu\u00f1eca). Su nombre procede del uso que se hac\u00eda antiguamente de esta superficie corporal para colocar tabaco o rap\u00e9 -un preparado a partir de las hojas de la planta del tabaco- para luego esnifarlos\u00bb, cuenta la especialista.<\/p>\n<div class=\"voc-detail__cmp voc-detail__cmp--capitulars voc-detail__cmp--no-margin\">\n<div class=\"voc-detail-list\">\n<div class=\"voc-detail-list__container   \">\n<h3 class=\"voc-detail__title\">Car\u00fancula lagrimal<\/h3>\n<\/div>\n<\/div>\n<\/div>\n<p class=\"voc-paragraph\">En el \u00e1ngulo interno de los\u00a0<a href=\"https:\/\/www.elcorreo.com\/vivir\/salud\/consecuencias-mal-uso-lentillas-20220110125520-ntrc.html\" data-voc-vtm-id=\"in-text-traffic\">ojos<\/a>\u00a0se aprecia una prominencia que recibe el nombre de car\u00fancula lagrimal. \u00abSu funci\u00f3n, adem\u00e1s de participar en la secreci\u00f3n mucosa, es retener las l\u00e1grimas, ya que forma parte del lago lagrimal del ojo\u00bb, explica Rodr\u00edguez.<\/p>\n<p class=\"voc-paragraph\">En lat\u00edn, &#8216;car\u00fancula&#8217; significa &#8216;pedazo de carne&#8217; o &#8216;carnosidad que sobresale del cuerpo&#8217;, de ah\u00ed que haya otras car\u00fanculas repartidas por el cuerpo, como las sublinguales, unas peque\u00f1as protuberancias que se encuentran a cada lado del frenillo de la lengua.<\/p>\n<div class=\"voc-detail__cmp voc-detail__cmp--capitulars voc-detail__cmp--no-margin\">\n<div class=\"voc-detail-list\">\n<div class=\"voc-detail-list__container   \">\n<h3 class=\"voc-detail__title\">Hoyuelos de Venus<\/h3>\n<\/div>\n<\/div>\n<\/div>\n<p class=\"voc-paragraph\">Tambi\u00e9n conocidos como pozos de Venus u ojos de Venus, son los nombres que reciben las dos ligeras depresiones que aparecen en la zona lumbar de la espalda de algunas personas. Est\u00e1n m\u00e1s marcadas en las mujeres.<\/p>\n<p class=\"voc-paragraph\">Desde la antig\u00fcedad, ha sido un s\u00edmbolo de belleza, al considerarse m\u00e1s atractivas a las personas que los lucen \u2013de ah\u00ed su asociaci\u00f3n con Venus, la diosa de la belleza, la sensualidad y el amor\u2013, lo que ha llevado a convertirse en una operaci\u00f3n de cirug\u00eda est\u00e9tica bastante demandada.<\/p>\n<div class=\"voc-detail__cmp voc-detail__cmp--capitulars voc-detail__cmp--no-margin\">\n<div class=\"voc-detail-list\">\n<div class=\"voc-detail-list__container   \">\n<h3 class=\"voc-detail__title\">Hallux y pollex<\/h3>\n<\/div>\n<\/div>\n<\/div>\n<p class=\"voc-paragraph\">Parecen los nombres de una pareja famosa de la televisi\u00f3n, pero aluden a los dedos gordos de los pies y de las manos, respectivamente. El t\u00e9rmino pollex se asocia al verbo &#8216;polleo&#8217;, que significa &#8216;ser fuerte&#8217;, al ser el pulgar el dedo m\u00e1s fornido de la mano. Por su parte, hallux significa &#8216;gran dedo&#8217;. \u00abEn medicina, un hallux valgus es lo que se conoce como juanete\u00bb, detalla Rodr\u00edguez.<\/p>\n<p class=\"voc-paragraph\">La particularidad del hallux es que en la mayor\u00eda de los primates tiene una posici\u00f3n similar a la del pulgar, lo cual les permite usar los pies como usan las manos (para agarrarse a las ramas de los \u00e1rboles, sujetar objetos o comida\u2026), pero el proceso de hominizaci\u00f3n y la adopci\u00f3n de la marcha erguida en los humanos conllev\u00f3 numerosas modificaciones anat\u00f3micas, entre las que estuvo el desplazamiento del hallux hasta alinearse con el resto de los dedos del pie, un factor clave para la locomoci\u00f3n b\u00edpeda.<\/p>\n<div class=\"voc-author-timesocial__signature\">\n<div class=\"voc-author-timesocial__info\">\n<div class=\"voc-author-info\"><a class=\"voc-author\" title=\"ELENA MART\u00cdN L\u00d3PEZ\" href=\"https:\/\/www.elcorreo.com\/autor\/elena-martin-lopez-2354.html\"><strong>ELENA MART\u00cdN L\u00d3PEZ<\/strong><\/a><\/div>\n<\/div>\n<div>https:\/\/www.elcorreo.com\/vivir\/ciencia\/partes-cuerpo-casi-nadie-sabe-nombrar-20220116105433-ntrc.html<\/div>\n<\/div>\n<\/div>\n","protected":false},"excerpt":{"rendered":"<p>De los ojos de Venus al arco de Cupido, el filtrum o la tabaquera anat\u00f3mica&#8230;<\/p>\n","protected":false},"author":1,"featured_media":51946,"comment_status":"closed","ping_status":"closed","sticky":false,"template":"","format":"standard","meta":{"_coblocks_attr":"","_coblocks_dimensions":"","_coblocks_responsive_height":"","_coblocks_accordion_ie_support":"","jetpack_post_was_ever_published":false,"_jetpack_newsletter_access":"","_jetpack_dont_email_post_to_subs":false,"_jetpack_newsletter_tier_id":0,"_jetpack_memberships_contains_paywalled_content":false,"_jetpack_memberships_contains_paid_content":false,"footnotes":"","jetpack_publicize_message":"","jetpack_publicize_feature_enabled":true,"jetpack_social_post_already_shared":true,"jetpack_social_options":{"image_generator_settings":{"template":"highway","default_image_id":0,"enabled":false},"version":2}},"categories":[1161,44,15],"tags":[8908,8909],"class_list":["post-51945","post","type-post","status-publish","format-standard","has-post-thumbnail","hentry","category-ciudadania","category-noticias-de-hoy","category-ultimas-noticias","tag-cuerpo-humano","tag-partes"],"jetpack_publicize_connections":[],"jetpack_featured_media_url":"https:\/\/i0.wp.com\/miradordeatarfe.es\/wp-content\/uploads\/2022\/01\/cuerpogif_601.gif?fit=984%2C601&ssl=1","jetpack_likes_enabled":true,"jetpack_sharing_enabled":true,"_links":{"self":[{"href":"https:\/\/miradordeatarfe.es\/index.php?rest_route=\/wp\/v2\/posts\/51945","targetHints":{"allow":["GET"]}}],"collection":[{"href":"https:\/\/miradordeatarfe.es\/index.php?rest_route=\/wp\/v2\/posts"}],"about":[{"href":"https:\/\/miradordeatarfe.es\/index.php?rest_route=\/wp\/v2\/types\/post"}],"author":[{"embeddable":true,"href":"https:\/\/miradordeatarfe.es\/index.php?rest_route=\/wp\/v2\/users\/1"}],"replies":[{"embeddable":true,"href":"https:\/\/miradordeatarfe.es\/index.php?rest_route=%2Fwp%2Fv2%2Fcomments&post=51945"}],"version-history":[{"count":1,"href":"https:\/\/miradordeatarfe.es\/index.php?rest_route=\/wp\/v2\/posts\/51945\/revisions"}],"predecessor-version":[{"id":51947,"href":"https:\/\/miradordeatarfe.es\/index.php?rest_route=\/wp\/v2\/posts\/51945\/revisions\/51947"}],"wp:featuredmedia":[{"embeddable":true,"href":"https:\/\/miradordeatarfe.es\/index.php?rest_route=\/wp\/v2\/media\/51946"}],"wp:attachment":[{"href":"https:\/\/miradordeatarfe.es\/index.php?rest_route=%2Fwp%2Fv2%2Fmedia&parent=51945"}],"wp:term":[{"taxonomy":"category","embeddable":true,"href":"https:\/\/miradordeatarfe.es\/index.php?rest_route=%2Fwp%2Fv2%2Fcategories&post=51945"},{"taxonomy":"post_tag","embeddable":true,"href":"https:\/\/miradordeatarfe.es\/index.php?rest_route=%2Fwp%2Fv2%2Ftags&post=51945"}],"curies":[{"name":"wp","href":"https:\/\/api.w.org\/{rel}","templated":true}]}}