{"id":51948,"date":"2022-02-02T10:43:29","date_gmt":"2022-02-02T09:43:29","guid":{"rendered":"https:\/\/miradordeatarfe.es\/?p=51948"},"modified":"2022-01-29T17:47:39","modified_gmt":"2022-01-29T16:47:39","slug":"estas-son-las-senales-que-alertan-del-riesgo-de-suicidio-en-adolescentes","status":"publish","type":"post","link":"https:\/\/miradordeatarfe.es\/?p=51948","title":{"rendered":"Estas son las se\u00f1ales que alertan del riesgo de suicidio en adolescentes"},"content":{"rendered":"<div class=\"voc-article-container\">\n<article class=\"voc-article voc-article--detail voc-article--detail--base voc-article--photo-bottom\">\n<div class=\"voc-info-container\">\n<h2 class=\"voc-sub-title\" style=\"text-align: justify;\">No debe ser un tema tab\u00fa: los especialistas aconsejan hablar de ello para prevenir la primera causa de muerte en menores y j\u00f3venes<\/h2>\n<\/div>\n<\/article>\n<\/div>\n<div class=\"voc-detail\" data-voc-share-selection=\"\">\n<div class=\"voc-author-timesocial \" style=\"text-align: justify;\">\n<div class=\"voc-author-timesocial__social\">El suicidio es la primera causa de muerte entre adolescentes y j\u00f3venes en Espa\u00f1a. Y la incidencia ha aumentado durante la pandemia. A\u00fan as\u00ed es un tema tab\u00fa, apenas se aborda. La OMS ha pedido dar visibilidad a este grave problema para prevenirlo y los especialistas advierten de que las familias deben hablar con sus hijos, conocer las se\u00f1ales de alerta y erradicar falsos mitos: como que todas las v\u00edctimas sufren problemas mentales o que existe un perfil de persona de riesgo. Es una tragedia que no se ve venir en muchas ocasiones y que puede afectar a cualquiera. La adolescencia es, adem\u00e1s, una etapa especialmente vulnerable. Estas son algunas claves para acercarse a esta lacra.<\/div>\n<\/div>\n<div class=\"voc-detail__cmp voc-detail__cmp--title voc-detail__cmp--no-margin\" style=\"text-align: justify;\">\n<h3 class=\"voc-detail__title\">Cualquiera puede ser v\u00edctima<\/h3>\n<\/div>\n<p class=\"voc-paragraph\" style=\"text-align: justify;\">Detr\u00e1s de un suicidio \u2013aunque tiene un componente multifactorial\u2013 hay una raz\u00f3n fundamental: \u00abNo querer sufrir m\u00e1s ante situaciones que nos parecen insuperables\u00bb, se\u00f1ala el psic\u00f3logo cl\u00ednico Juan Castilla. \u00abCuando estamos pasando por una crisis parece que no acabar\u00e1 nunca y el suicidio es una salida para acabar con ese sufrimiento. Ocurre en todas las edades, estatus social o econ\u00f3mico, raza o sexo\u00bb, aclara. No comparte la idea de que en la mayor\u00eda de los casos responde a una patolog\u00eda psiqui\u00e1trica de base, \u00abque da la sensaci\u00f3n de que el suicidio era inevitable\u00bb. Opina que \u00abel 90% son evitables y tratables con atenci\u00f3n psicol\u00f3gica, terapia personalizada, programas de prevenci\u00f3n y una asistencia real de protecci\u00f3n social y sanitaria\u00bb.<\/p>\n<div id=\"_wmass_19975\" style=\"text-align: justify;\">\n<div id=\"jw-1997519975\" class=\"jwplayer jw-reset jw-state-idle jw-stretch-uniform jw-flag-aspect-mode jw-flag-controls-hidden jw-flag-outstream jw-flag-outstream-pending jw-breakpoint-3\" tabindex=\"0\" role=\"application\" aria-label=\"Reproductor de Video\">\n<div class=\"afs_ads ad-placement\">El suicidio puede afectar \u00aba cualquier persona, pero la adolescencia es una etapa con m\u00e1s factores de riesgo\u00bb, completa la psicopedagoga y profesora de la Universitat Oberta de Catalunya, Sylvie P\u00e9rez. Coincide en que en el acto terrible de quitarse la vida no se esconde un \u00fanico motivo, sino que encontramos muchos factores. \u00abPuede haber una situaci\u00f3n desencadenante que, como la gota que colma un vaso, precipite la decisi\u00f3n. Puede ser un caso de bullying, abusos, una p\u00e9rdida de una persona cercana, la ruptura con una pareja&#8230; Pero no es esa la \u00fanica raz\u00f3n\u00bb, insiste la psicopedagoga catalana<\/div>\n<\/div>\n<\/div>\n<div class=\"voc-detail__cmp voc-detail__cmp--title voc-detail__cmp--no-margin\" style=\"text-align: justify;\">\n<h3 class=\"voc-detail__title\">Se\u00f1ales de alarma<\/h3>\n<\/div>\n<p class=\"voc-paragraph\" style=\"text-align: justify;\">Algunas personas piensan que cuando los adolescentes hablan de suicidarse, solo quieren llamar la atenci\u00f3n. Un error. Es una se\u00f1al de que es necesario tom\u00e1rselo en serio, advierten los expertos. \u00abNo hay que minimizar el sufrimiento de los adolescentes. Una situaci\u00f3n que para un adulto no tiene importancia, para ellos es motivo de un gran sufrimiento\u00bb, subraya Sylvie P\u00e9rez. Hay muchas otras pistas que nos deben poner en guardia: \u00abCuando se vean cambios en los comportamientos cotidianos, como por ejemplo que el chaval est\u00e1 m\u00e1s callado de lo habitual, m\u00e1s retra\u00eddo o lo vemos especialmente triste\u00bb, destaca el psic\u00f3logo del colegio oficial de titulados de Madrid. Evitar a los amigos y familia, la ansiedad o hacer cosas peligrosas tambi\u00e9n son alertas de que un menor podr\u00eda necesitar ayuda. Los abusos de sustancias t\u00f3xicas, ser v\u00edctima de acoso escolar, autolesionarse o problemas de identidad sexual ante los que el menor no tiene respaldo multiplican el riesgo, detallan los especialistas.<\/p>\n<div class=\"voc-detail__cmp voc-detail__cmp--pad-lr \" style=\"text-align: justify;\">\n<div class=\"voc-ficha-detail__wrapper\">\n<section class=\"voc-ficha-detail\">\n<h4 class=\"voc-ficha-detail-title voc-title-section\">EN CIFRAS<\/h4>\n<div class=\"voc-list__wrapper\">\n<ul class=\"voc-list\">\n<li class=\"voc-list__item\">\n<p class=\"voc-list__paragraph\"><span class=\"voc-list__item-cp\">300<\/span>\u00a0adolescentes y j\u00f3venes de 14 a 29 a\u00f1os se suicidaron en 2020, la \u00faltima cifra oficial. El suicidio se ha convertido en la primera causa de muerte en ese tramo de edad en Espa\u00f1a, algo que nunca hab\u00eda pasado en la historia desde que se dispone de estad\u00edsticas. En 2019 se quitaron la vida 309 menores de 30 a\u00f1os, una cifra que se sit\u00faa ligeramente por delante de los accidentes de tr\u00e1fico, que sumaron 307 defunciones, seg\u00fan datos de la Fundaci\u00f3n Espa\u00f1ola para la Prevenci\u00f3n del Suicidio. Desde 2010, han crecido un 30% las v\u00edctimas. En todos los tramos de edad, diez personas al d\u00eda se suicidan en Espa\u00f1a. Y tres veces m\u00e1s hombres que mujeres. Por cada persona adulta que decide quitarse la vida, posiblemente m\u00e1s de otras veinte lo han intentado.<\/p>\n<\/li>\n<\/ul>\n<\/div>\n<\/section>\n<\/div>\n<\/div>\n<div class=\"voc-detail__cmp voc-detail__cmp--title voc-detail__cmp--no-margin\" style=\"text-align: justify;\">\n<h3 class=\"voc-detail__title\">Hablar para prevenir<\/h3>\n<\/div>\n<p class=\"voc-paragraph\" style=\"text-align: justify;\">\u00bfPodemos prevenir y proteger a adolescentes y j\u00f3venes del riesgo de suicidio? S\u00ed. \u00abAnte el primer indicio, hay que intentar apoyarle, estar ah\u00ed y preguntarle qu\u00e9 le ocurre. Sin agobiarle ni invadirle, intentar detectar qu\u00e9 le est\u00e1 pasando, si atraviesa por un mal momento&#8230;\u00bb, a\u00f1ade Castilla. Hablar de los problemas \u00abaleja la opci\u00f3n de decidir suicidarse, as\u00ed que como primera medida la comunicaci\u00f3n es esencial y, sobre todo, saber que ah\u00ed est\u00e1n los psic\u00f3logos para ayudar a superar crisis existenciales y puntuales\u00bb, a\u00f1ade el especialista.<\/p>\n<p class=\"voc-paragraph\" style=\"text-align: justify;\">Porque el suicidio \u00absigue siendo un tema tab\u00fa\u00bb. \u00abEst\u00e1 estigmatizado ya que se asocia al sentimiento de culpa, a una decisi\u00f3n en la que la persona no ha luchado, ha abandonado a sus padres o a sus hijos&#8230;.\u00bb, a\u00f1ade Sylvie P\u00e9rez. Coincide en que la prevenci\u00f3n pasa por \u00abhablar con los adolescentes\u00bb. \u00abPreguntarle: &#8216;\u00bfest\u00e1s bien?, \u00bfte puedo ayudar?, \u00bfte preocupa algo? Crear un espacio seguro, libre de tensiones. A veces con estar a su lado sin hablar es suficiente\u00bb, explica la psicopedagoga. Quitarse la vida, coinciden los dos especialistas, es una \u00abidea pasajera\u00bb, una decisi\u00f3n dr\u00e1stica a un problema que es transitorio y debemos mostrar al adolescente que hay salidas. \u00abHay alternativas al suicidio y pasan siempre por la comunicaci\u00f3n\u00bb con su c\u00edrculo cercano y el \u00e1mbito familiar. \u00abNo estamos en la \u00e9poca de los tab\u00fas, sino en la de ayudar a las personas con dificultades\u00bb, concluye Castilla.<\/p>\n<div class=\"voc-detail__cmp voc-detail__cmp--pad-lr \">\n<div class=\"voc-ficha-detail__wrapper\">\n<section class=\"voc-ficha-detail\">\n<div class=\"voc-article-container\">\n<article class=\"voc-article voc-article--cmp-despiece \">\n<div class=\"voc-info-container\">\n<h5 class=\"voc-title\" style=\"text-align: justify;\"><em>El efecto negativo de la pandemia y el postureo en redes sociales<\/em><\/h5>\n<p class=\"voc-paragraph\" style=\"text-align: justify;\"><em>Est\u00e1 demostrado que la pandemia ha provocado secuelas psicol\u00f3gicas. Algunos estudios hablan de un incremento del 250% en ideas suicidas. \u00abLas personas somos seres sociales y necesitamos la socializaci\u00f3n. Es m\u00e1s importante a\u00fan entre los ni\u00f1os y los adolescentes: ir al cine, salir con los amigos, ir a bailar a una discoteca\u2026\u00bb, apunta Juan Castilla. Dentro del crecimiento evolutivo de las personas, \u00abel ser humano necesita de los dem\u00e1s\u00bb y a esas edades est\u00e1n \u00aben fase de maduraci\u00f3n neuronal y psicol\u00f3gica\u00bb. Los adolescentes se han visto m\u00e1s afectados por la imposici\u00f3n de medidas restrictivas durante la pandemia \u00abcomo el distanciamiento social, mascarillas que reducen la comunicaci\u00f3n incluso gestual, eventos y espacios en los que no pueden compartir con sus iguales, ni siquiera mantener el contacto con sus abuelos\u00bb. Esta situaci\u00f3n restrictiva, \u00abunida a la falta de valores en la sociedad y las malas expectativas a corto plazo o de futuro, crea un c\u00f3ctel dif\u00edcil de gestionar\u00bb, argumenta este psic\u00f3logo. Y tambi\u00e9n est\u00e1 demostrado que \u00abel postureo en redes sociales provoca un incremento de ideas suicidas\u00bb, alerta. \u00abLa presi\u00f3n de tener mayor aceptaci\u00f3n social basada en &#8216;likes&#8217; hace que no se cumplan las expectativas y sea un mecanismo de sufrimiento para los j\u00f3venes, que se ha incrementado durante el confinamiento\u00bb, concluye.<\/em><\/p>\n<div class=\"voc-article-container\">\n<article class=\"voc-article voc-article--detail voc-article--detail--base voc-article--photo-bottom\">\n<div class=\"voc-img-container  \">\n<p class=\"figure-caption\">FOTO: HIGINIA GARAY<\/p>\n<\/div>\n<div class=\"voc-info-container\">\n<h1 class=\"voc-title\"><a class=\"voc-author\" title=\"MARTA FDEZ. VALLEJO\" href=\"https:\/\/www.elcorreo.com\/autor\/marta-fdez-vallejo-170.html\">MARTA FDEZ. VALLEJO<\/a><\/h1>\n<p>https:\/\/www.elcorreo.com\/vivir\/salud\/suicidio-jovenes-crece-20220122111419-ntrc.html<\/p>\n<\/div>\n<\/article>\n<\/div>\n<\/div>\n<\/article>\n<\/div>\n<\/section>\n<\/div>\n<\/div>\n<\/div>\n","protected":false},"excerpt":{"rendered":"<p>No debe ser un tema tab\u00fa: los especialistas aconsejan hablar de ello para prevenir la&#8230;<\/p>\n","protected":false},"author":1,"featured_media":51949,"comment_status":"closed","ping_status":"closed","sticky":false,"template":"","format":"standard","meta":{"_coblocks_attr":"","_coblocks_dimensions":"","_coblocks_responsive_height":"","_coblocks_accordion_ie_support":"","jetpack_post_was_ever_published":false,"_jetpack_newsletter_access":"","_jetpack_dont_email_post_to_subs":false,"_jetpack_newsletter_tier_id":0,"_jetpack_memberships_contains_paywalled_content":false,"_jetpack_memberships_contains_paid_content":false,"footnotes":"","jetpack_publicize_message":"","jetpack_publicize_feature_enabled":true,"jetpack_social_post_already_shared":true,"jetpack_social_options":{"image_generator_settings":{"template":"highway","default_image_id":0,"enabled":false},"version":2}},"categories":[1161,7149,44,7671,6937,15,10],"tags":[2579,1604],"class_list":["post-51948","post","type-post","status-publish","format-standard","has-post-thumbnail","hentry","category-ciudadania","category-coronavirus","category-noticias-de-hoy","category-politica","category-sociedad","category-ultimas-noticias","category-salud","tag-adolescentes","tag-depresion"],"jetpack_publicize_connections":[],"jetpack_featured_media_url":"https:\/\/i0.wp.com\/miradordeatarfe.es\/wp-content\/uploads\/2022\/01\/suicidio-web-k1AF-U1606132136830PE-624x385%40RC.jpg?fit=624%2C385&ssl=1","jetpack_likes_enabled":true,"jetpack_sharing_enabled":true,"_links":{"self":[{"href":"https:\/\/miradordeatarfe.es\/index.php?rest_route=\/wp\/v2\/posts\/51948","targetHints":{"allow":["GET"]}}],"collection":[{"href":"https:\/\/miradordeatarfe.es\/index.php?rest_route=\/wp\/v2\/posts"}],"about":[{"href":"https:\/\/miradordeatarfe.es\/index.php?rest_route=\/wp\/v2\/types\/post"}],"author":[{"embeddable":true,"href":"https:\/\/miradordeatarfe.es\/index.php?rest_route=\/wp\/v2\/users\/1"}],"replies":[{"embeddable":true,"href":"https:\/\/miradordeatarfe.es\/index.php?rest_route=%2Fwp%2Fv2%2Fcomments&post=51948"}],"version-history":[{"count":1,"href":"https:\/\/miradordeatarfe.es\/index.php?rest_route=\/wp\/v2\/posts\/51948\/revisions"}],"predecessor-version":[{"id":51950,"href":"https:\/\/miradordeatarfe.es\/index.php?rest_route=\/wp\/v2\/posts\/51948\/revisions\/51950"}],"wp:featuredmedia":[{"embeddable":true,"href":"https:\/\/miradordeatarfe.es\/index.php?rest_route=\/wp\/v2\/media\/51949"}],"wp:attachment":[{"href":"https:\/\/miradordeatarfe.es\/index.php?rest_route=%2Fwp%2Fv2%2Fmedia&parent=51948"}],"wp:term":[{"taxonomy":"category","embeddable":true,"href":"https:\/\/miradordeatarfe.es\/index.php?rest_route=%2Fwp%2Fv2%2Fcategories&post=51948"},{"taxonomy":"post_tag","embeddable":true,"href":"https:\/\/miradordeatarfe.es\/index.php?rest_route=%2Fwp%2Fv2%2Ftags&post=51948"}],"curies":[{"name":"wp","href":"https:\/\/api.w.org\/{rel}","templated":true}]}}