{"id":51960,"date":"2022-02-03T09:12:50","date_gmt":"2022-02-03T08:12:50","guid":{"rendered":"https:\/\/miradordeatarfe.es\/?p=51960"},"modified":"2022-01-29T18:16:31","modified_gmt":"2022-01-29T17:16:31","slug":"el-prado-se-abre-a-picasso-y-los-pintores-contemporaneos-y-las-mujeres-tendran-un-itinerario","status":"publish","type":"post","link":"https:\/\/miradordeatarfe.es\/?p=51960","title":{"rendered":"El Prado se abre a Picasso y los pintores contempor\u00e1neos y las mujeres tendr\u00e1n un itinerario"},"content":{"rendered":"<header>\n<h3 style=\"text-align: justify;\">El Museo del Prado ha presentado su temporada de exposiciones para 2022 en la que se acercar\u00e1 a los pintores contempor\u00e1neos como Fernando Z\u00f3bel o Picasso y en la que culminar\u00e1 el despliegue de su colecci\u00f3n permanente<\/h3>\n<\/header>\n<div class=\"cnt-data-art\">\n<div class=\"c-i\">\n<div class=\"lead-art\">\u00a0<\/div>\n<div class=\"cnt-txt\">\n<p>Este 2022 es un a\u00f1o clave para el\u00a0<a title=\"Museo del Prado\" href=\"https:\/\/cadenaser.com\/tag\/museo_prado\/a\/\">Museo del Prado<\/a>. Por un lado, despu\u00e9s de dos a\u00f1os de pandemia,\u00a0<strong>el museo espera recuperar los niveles de visitantes y venta de entradas de antes del COVID.<\/strong>\u00a0Algo imprescindible para mejorar las cuentas. Por otro lado, el Prado pretende en este a\u00f1o culminar el despliegue de su colecci\u00f3n permanente, es decir, adecuar nuevos espacias y mejorar el orden actual. Su programaci\u00f3n para este a\u00f1o se mueve entre esos dos ejes.\u00a0<\/p>\n<p>La recuperaci\u00f3n del p\u00fablico tendr\u00e1 que ver con la situaci\u00f3n sanitaria.<strong>\u00a0De momento, explicaba Miguel Falomir, director del museo, no se plantean pedir certificado de vacunaci\u00f3n,<\/strong>\u00a0ya que siguen los protocolos del ministerio que no lo incluyen. Insist\u00eda en que el museo es seguro. \u00abEn todo este tiempo de pandemia que hemos abierto no ha habido contagios\u00bb, aseguraba. Pero tambi\u00e9n las exposiciones temporales de este a\u00f1o animar\u00e1n a los visitantes.<\/p>\n<p>El Prado apuesta por un acercamiento a los pintores contempor\u00e1neos. \u00abNos interesan aquellos artistas recientes que han mostrado inter\u00e9s por las colecciones del Prado, por el arte del pasado\u00bb, matizaba Miguel Falomir. De ah\u00ed tres exposiciones que marcar\u00e1n 2022. La de\u00a0<strong><em>Fernando Z\u00f3bel y la historia del arte,<\/em><\/strong>\u00a0que llegar\u00e1 en noviembre y que se desarrollar\u00e1 junto a la Fundaci\u00f3n March, quien tiene los derechos del pintor. Fundador del Museo de Arte Abstracto de Cuenca, Z\u00f3bel realiz\u00f3 un estudio de los maestros del siglo pasado y el Prado mostrar\u00e1 los cuadernos de dibujo del autor en los que usaba la copia cl\u00e1sica para construir su universo abstracto.<\/p>\n<p>En esta l\u00ednea se inserta la llegada al Prado de\u00a0<strong>Philippe Parreno<\/strong>. En mayo veremos<strong><em>\u00a0La Quinta del sordo,<\/em>\u00a0<\/strong>instalaci\u00f3n del artista de origen espa\u00f1ol, pero afincado en Par\u00eds que se basa en un montaje audiovisual sobre las pinturas negras. Sin duda, la m\u00e1s golosa de todas es\u00a0<em><strong>Picasso y el Greco,<\/strong><\/em>\u00a0que llega en el 50 aniversario de la muerte del pintor malague\u00f1o. En ella se mostrar\u00e1n una serie de obras de Picasso sobre la obra del Greco.<\/p>\n<p>Habr\u00e1 m\u00e1s exposiciones temporales. En marzo se presentar\u00e1 Annibale Carraci. Los frescos de la capilla Herrera, donde se podr\u00e1n ver un conjunto de pintura mural de la iglesia de Santiago de los espa\u00f1oles en Roma. Reunir\u00e1 las pinturas murales conservadas y restauradas y una selecci\u00f3n de \u00f3leos relacionados con ellas. Tambi\u00e9n una muestra sobre Luis Paret y Alc\u00e1zar, es la primera monograf\u00eda dedicada a este pintor. \u00abLo que demuestra que hay vida m\u00e1s all\u00e1 de Goya en el siglo XVIII\u00bb, matizaba Falomir. En octubre se presentar\u00e1, en colaboraci\u00f3n con el Museo y Real Bosco di Capodimonte de N\u00e1poles, una exposici\u00f3n dedicada a artistas espa\u00f1oles del Renacimiento en N\u00e1poles.<\/p>\n<p>La de Goya, San Bernardino de Siena, con los bocetos del pintor aragon\u00e9s para la bas\u00edlica de San Francisco el Grande de Madrid. Tambi\u00e9n una dedicada a Francisco Padilla, en un recorrido por su trayectoria profesional cuando celebramos el centenario del pintor. Otra sobre El marqu\u00e9s de Santillana. Atenci\u00f3n a esta: La esencia de un cuadro. Una exposici\u00f3n olfativa. Llegar\u00e1 el 5 de abril y es un proyecto patrocinado por Samsung y con la Academia del Perfume. Se trata de una experiencia para el visitante que podr\u00e1 oler aquello que evocan los cuadros. \u00abLleva aparejado un cierto montaje tecnol\u00f3gico que permitir\u00e1 al espectador oler las fragancias a las que alude el cuadro\u00bb, dec\u00eda Falomir.\u00a0<\/p>\n<p>Esas son las prioridades del prado que apuesta tambi\u00e9n por terminar de ordenar su colecci\u00f3n permanente. Habr\u00e1 nuevos espacios, como la Galer\u00eda J\u00f3nica, con 53 nuevas esculturas. \u00abVa a permitir que el Prado vuelva a entrar en di\u00e1logo con el espacio circundante y la naturaleza\u00bb. Es adyacente a la galer\u00eda central y eso va a permitir ver las obras y el Paseo del Prado.\u00a0<\/p>\n<p>Y por \u00faltimo, dentro de la colecci\u00f3n permanente, el Prado propone nuevos itinerarios que permitir\u00e1n e invitar\u00e1n al p\u00fablico a ver la colecci\u00f3n de una forma distinta. Para ello se invitar\u00e1 a personas ajenas al mundo del arte, como a Noelia Garc\u00eda P\u00e9rez, astrof\u00edsica del CESIC para el itinerario Reflejos del cosmos en el Museo del Prado. Y aqu\u00ed se ubica la concesi\u00f3n que el museo hace a la cuesti\u00f3n de g\u00e9nero, un itinerario sobre las mujeres que se dedicaron a financiar arte.<\/p>\n<p>\u00abDesde hace una serie de a\u00f1os, estamos llevando a cabo iniciativas para dar visibilidad a las mujeres en el mundo del arte. La mayor\u00eda se hab\u00edan centrado en las mujeres artistas, pero hay muchas formas de ser mujer en el arte, como las mujeres promotoras\u00bb, justificaba Falomir que incid\u00eda en el papel que el Prado es una potencia en este sentido. \u00abHay pocos museos donde las mujeres hayan jugado un papel m\u00e1s importante\u00bb. De ah\u00ed un primer itinerario llamado El Prado en femenino. Patronas y benefactoras del Museo, de Isabel la Cat\u00f3lica e Isabel Clara Eugenia. \u00abLo que hemos querido hacer con el itinerario es llamar la atenci\u00f3n, poner el foco. Con Invitadas ya se\u00f1al\u00e1bamos la inquietud por dar visibilidad a esas mujeres. Llamar la atenci\u00f3n y apartar de aqu\u00ed desarrollaremos actuaciones m\u00e1s concretas sobre estas mujeres artistas\u00bb, explicaba el director del museo.<\/p>\n<h3>Sal\u00f3n de Reinos<\/h3>\n<p>El director del museo ha apuntado a principios del verano como posible comienzo de las primeras obras del Sal\u00f3n de Reinos, que se encuentran en fase de licitaci\u00f3n. El plazo de ejecuci\u00f3n son 3 a\u00f1os, siempre y cuando no haya ning\u00fan contratiempo, ha explicado.<\/p>\n<p>Las obras sumar\u00e1n una nueva planta di\u00e1fana \u20141.300 metros cuadrados\u2014, que el Prado podr\u00eda dedicar a las exposiciones temporales. Si fuera el caso, el mantenimiento costar\u00eda unos 7 millones de euros al a\u00f1o, y a lo mejor habr\u00eda que valorar, crear una entrada distinta, aunque Falomir no se ha mostrado partidario.<\/p>\n<p>Durante el \u00faltimo a\u00f1o, con la falta de ingresos por ventas de entradas de la pandemia, la instituci\u00f3n ha emprendido una serie de pol\u00edticas de reducci\u00f3n y optimizaci\u00f3n de recursos, que han permitido reducir su presupuesto y mantener sus cuentas saneadas.<\/p>\n<p>Los datos provisionales de venta de entradas de 2021 ascendieron a 7,1 millones de euros, por encima de los 3,7 millones de 2020, pero muy lejos de los 20 millones de 2019.\u00a0<\/p>\n<div class=\"lead-art\">\n<figure><a class=\"au-wb\" title=\"Es jefa de Cultura de la Cadena SER. Licenciada en Periodismo por la UCM y M\u00e1ster en An\u00e1lisis Sociocultural y de G\u00e9nero, dirige el programa de cine y series El Cine en la SER. Es autora de 'Abre los ojos, pel\u00edculas y series para entender el mundo'. \" href=\"https:\/\/cadenaser.com\/autor\/maria_jose_blanes_martinez\/a\/\">Pepa Blanes <\/a><a class=\"au-tw\" href=\"https:\/\/twitter.com\/pepablanes\" target=\"_blank\" rel=\"noopener\">pepablanes<\/a><br \/><figcaption class=\"fc\">\n<p>FOTO; Baile en m\u00e1scara, Luis Paret y Alc\u00e1zar. \/ MUSEO DEL PRADO<\/p>\n<p>https:\/\/cadenaser.com\/ser\/2022\/01\/12\/cultura\/1641988911_662764.html<\/p>\n<\/figcaption><\/figure>\n<\/div>\n<div class=\"cnt-byline\">\n<div>\n<p>&nbsp;<\/p>\n<\/div>\n<\/div>\n<\/div>\n<\/div>\n<\/div>\n","protected":false},"excerpt":{"rendered":"<p>El Museo del Prado ha presentado su temporada de exposiciones para 2022 en la que&#8230;<\/p>\n","protected":false},"author":1,"featured_media":51961,"comment_status":"closed","ping_status":"closed","sticky":false,"template":"","format":"standard","meta":{"_coblocks_attr":"","_coblocks_dimensions":"","_coblocks_responsive_height":"","_coblocks_accordion_ie_support":"","jetpack_post_was_ever_published":false,"_jetpack_newsletter_access":"","_jetpack_dont_email_post_to_subs":false,"_jetpack_newsletter_tier_id":0,"_jetpack_memberships_contains_paywalled_content":false,"_jetpack_memberships_contains_paid_content":false,"footnotes":"","jetpack_publicize_message":"","jetpack_publicize_feature_enabled":true,"jetpack_social_post_already_shared":true,"jetpack_social_options":{"image_generator_settings":{"template":"highway","default_image_id":0,"enabled":false},"version":2}},"categories":[1161,44,6937,15],"tags":[6101,8910],"class_list":["post-51960","post","type-post","status-publish","format-standard","has-post-thumbnail","hentry","category-ciudadania","category-noticias-de-hoy","category-sociedad","category-ultimas-noticias","tag-museo-del-prado","tag-picasso"],"jetpack_publicize_connections":[],"jetpack_featured_media_url":"https:\/\/i0.wp.com\/miradordeatarfe.es\/wp-content\/uploads\/2022\/01\/KTO6SRL4EJLANE7FPTXLCJ4HQY.jpg?fit=736%2C552&ssl=1","jetpack_likes_enabled":true,"jetpack_sharing_enabled":true,"_links":{"self":[{"href":"https:\/\/miradordeatarfe.es\/index.php?rest_route=\/wp\/v2\/posts\/51960","targetHints":{"allow":["GET"]}}],"collection":[{"href":"https:\/\/miradordeatarfe.es\/index.php?rest_route=\/wp\/v2\/posts"}],"about":[{"href":"https:\/\/miradordeatarfe.es\/index.php?rest_route=\/wp\/v2\/types\/post"}],"author":[{"embeddable":true,"href":"https:\/\/miradordeatarfe.es\/index.php?rest_route=\/wp\/v2\/users\/1"}],"replies":[{"embeddable":true,"href":"https:\/\/miradordeatarfe.es\/index.php?rest_route=%2Fwp%2Fv2%2Fcomments&post=51960"}],"version-history":[{"count":1,"href":"https:\/\/miradordeatarfe.es\/index.php?rest_route=\/wp\/v2\/posts\/51960\/revisions"}],"predecessor-version":[{"id":51962,"href":"https:\/\/miradordeatarfe.es\/index.php?rest_route=\/wp\/v2\/posts\/51960\/revisions\/51962"}],"wp:featuredmedia":[{"embeddable":true,"href":"https:\/\/miradordeatarfe.es\/index.php?rest_route=\/wp\/v2\/media\/51961"}],"wp:attachment":[{"href":"https:\/\/miradordeatarfe.es\/index.php?rest_route=%2Fwp%2Fv2%2Fmedia&parent=51960"}],"wp:term":[{"taxonomy":"category","embeddable":true,"href":"https:\/\/miradordeatarfe.es\/index.php?rest_route=%2Fwp%2Fv2%2Fcategories&post=51960"},{"taxonomy":"post_tag","embeddable":true,"href":"https:\/\/miradordeatarfe.es\/index.php?rest_route=%2Fwp%2Fv2%2Ftags&post=51960"}],"curies":[{"name":"wp","href":"https:\/\/api.w.org\/{rel}","templated":true}]}}