{"id":51963,"date":"2022-02-02T10:21:20","date_gmt":"2022-02-02T09:21:20","guid":{"rendered":"https:\/\/miradordeatarfe.es\/?p=51963"},"modified":"2022-01-31T16:43:41","modified_gmt":"2022-01-31T15:43:41","slug":"colapso-de-la-atencion-primaria-48-pacientes-por-medico-y-57-dias-de-espera","status":"publish","type":"post","link":"https:\/\/miradordeatarfe.es\/?p=51963","title":{"rendered":"Colapso de la Atenci\u00f3n Primaria: 48 pacientes por m\u00e9dico y 5,7 d\u00edas de espera"},"content":{"rendered":"<header class=\"article-top-header col-12\">\n<div class=\"article-top\">\n<div class=\"article-top-titles\">\n<div class=\"title-container\">\n<h3 class=\"title\" style=\"text-align: justify;\"><span style=\"font-size: 16px;\">EMERGENCIA SANITARIA: <\/span>Piden a Sanidad que, adem\u00e1s de los datos de ucis, d\u00e9 los de los centros de salud<\/h3>\n<\/div>\n<\/div>\n<div class=\"epigraph-container\" style=\"text-align: justify;\" data-gtm-element-container=\"modulo-texto-link\">\n<p class=\"epigraph\"><span style=\"font-size: 16px;\">S\u00ed, la aparici\u00f3n de la variante \u00f3micron ha vuelto a poner el mundo del rev\u00e9s con su alt\u00edsima transmisibilidad tensionando hasta un punto insospechado el sistema sanitario. Aunque en el discurso de los pol\u00edticos se rebaje la gravedad de la situaci\u00f3n ya que s\u00f3lo se refieren a los hospitales (ocupaci\u00f3n de camas en planta y en las ucis).\u00a0<\/span><\/p>\n<\/div>\n<\/div>\n<\/header>\n<div class=\"article-content col-12 col-md-8\">\n<div class=\"article-modules\">\n<p class=\"paragraph\" style=\"text-align: justify;\" data-gtm-element-container=\"modulo-texto-link\">Pero, como los ciudadanos est\u00e1n comprobando, el colapso se est\u00e1 produciendo en la Atenci\u00f3n Primaria (AP), con largas colas para poder ser atendido m\u00ednimamente, con imposibilidad de obtener una cita en un tiempo prudencial y menos a\u00fan conseguir la baja laboral.<\/p>\n<p class=\"paragraph\" style=\"text-align: justify;\" data-gtm-element-container=\"modulo-texto-link\">Pero, \u00bfc\u00f3mo de saturada est\u00e1 la Atenci\u00f3n Primaria? Ante la falta de datos -lo que invisibiliza el problema-, la Sociedad Espa\u00f1ola de Medicina de Familia y Comunitaria (semFYC) ha hecho una encuesta entre los d\u00edas 20 y 21 de diciembre en sus 17 sociedades federadas y los datos resultantes avalan la \u201clamentable situaci\u00f3n\u201d en la que se encuentra este nivel asistencial, en el que cada m\u00e9dico de familia finaliza la jornada con una media de m\u00e1s de 48 pacientes asistidos en cada consulta de Medicina Familiar y Comunitaria, se\u00f1ala esta entidad.\u00a0<\/p>\n<p class=\"paragraph\" style=\"text-align: justify;\" data-gtm-element-container=\"modulo-texto-link\">Un 55,4% de las visitas se desarrollan de manera presencial en el centro de salud; mientras que un 44,6% son a trav\u00e9s de la consulta telef\u00f3nica.<\/p>\n<p class=\"paragraph\" style=\"text-align: justify;\" data-gtm-element-container=\"modulo-texto-link\">Esta situaci\u00f3n de colapso se entiende mejor si se comparan los datos de esta sexta ola con los de anteriores. Durante la primera ola, la actividad asistencial diaria se situaba en una horquilla de entre 34-37 pacientes al d\u00eda; mientras que en la ola de julio de 2020, la media alcanzada fue de 43 pacientes diarios.<\/p>\n<p class=\"paragraph\" style=\"text-align: justify;\" data-gtm-element-container=\"modulo-texto-link\">En este momento, las comunidades que mayor presi\u00f3n han soportado en el arranque de la cuarta semana de diciembre son Regi\u00f3n de Murcia (57), Andaluc\u00eda (54), Arag\u00f3n (52), Castilla-La Mancha (52,25) y Madrid (50,33), donde se supera la barrera de las 50 consultas diarias por m\u00e9dico de familia. En Catalunya, la media es de 46,38.<\/p>\n<p class=\"paragraph\" style=\"text-align: justify;\" data-gtm-element-container=\"modulo-texto-link\">Otro de los baremos que con m\u00e1s claridad evidencia la situaci\u00f3n de la Atenci\u00f3n Primaria es, sin duda, los d\u00edas de demora para citaci\u00f3n en consulta que, estos d\u00edas de diciembre se sit\u00faa de media en 5,75.<\/p>\n<p class=\"paragraph\" style=\"text-align: justify;\" data-gtm-element-container=\"modulo-texto-link\">El caso m\u00e1s dram\u00e1tico es el de Catalunya, donde los pacientes tienen que esperar 12,38 d\u00edas para conseguir cita con su m\u00e9dico de familia. Valencia, con 9,33; Baleares, con 8,86; Andaluc\u00eda, con 7,67; Regi\u00f3n de Murcia, con 7; y Madrid, con 6,83, son las comunidades que deben esperar m\u00e1s de una semana para visitar a su m\u00e9dico en el centro de salud. Solo en Asturias y Castilla y Le\u00f3n el tiempo de espera es de menos de tres d\u00edas.<\/p>\n<h3 class=\"subtitle\" style=\"text-align: justify;\">El caso m\u00e1s dram\u00e1tico es el de Catalunya, donde los pacientes tienen que esperar 12,38 d\u00edas para conseguir cita con su m\u00e9dico<\/h3>\n<p class=\"paragraph\" style=\"text-align: justify;\" data-gtm-element-container=\"modulo-texto-link\">\u201cEsta sobrecarga asistencial tan enorme que est\u00e1 sufriendo la AP tiene consecuencias negativas. La primera de ellas es la demora en recibir atenci\u00f3n. Tenemos una demora de casi seis d\u00edas desde que el paciente solicita una consulta con su m\u00e9dico hasta que es recibido por este\u00bb, esgrime\u00a0Salvador Tranche, presidente de la semFYC.\u00a0<\/p>\n<p class=\"paragraph\" style=\"text-align: justify;\" data-gtm-element-container=\"modulo-texto-link\">\u00abY ya hab\u00edamos demostrado c\u00f3mo una AP orientada directamente a la atenci\u00f3n de pacientes con coronavirus se traduc\u00eda en una p\u00e9rdida de diagn\u00f3sticos de m\u00e1s del 50% de las patolog\u00edas cr\u00f3nicas y demoras en el diagn\u00f3stico, por ejemplo del c\u00e1ncer de un 30% a un 40%. Por todo ello pedimos al Ministerio que incorpore indicadores de atenci\u00f3n primaria a los datos\u201d, a\u00f1ade.<\/p>\n<p class=\"paragraph\" style=\"text-align: justify;\" data-gtm-element-container=\"modulo-texto-link\">En el caso de Catalunya, el doctor Joaquim Verdaguer, director del Servicio de Atenci\u00f3n Primaria (SAP) del Barcelon\u00e8s Nord i Maresme, defiende que las consultas covid se atienden el mismo d\u00eda, pero admite que para el resto tienen 48 horas para darles respuesta y suelen resolverlas en los 5 d\u00edas siguientes.\u00a0<\/p>\n<p class=\"paragraph\" style=\"text-align: justify;\" data-gtm-element-container=\"modulo-texto-link\">\u201cNuestra prioridad es programar la visita con la m\u00ednima demora posible en funci\u00f3n de lo que le sucede al paciente\u00bb, explica a\u00a0<i>La Vanguardia<\/i>, aunque reconoce que \u00abcuanta m\u00e1s presi\u00f3n\u00bb tengan a causa de la pandemia, sobre todo si \u00e9sta sigue subiendo, \u00abm\u00e1s se alargar\u00e1\u00bb el tiempo para las consultas no covid.<\/p>\n<h2 class=\"module-title\" style=\"text-align: justify;\">En dos semanas se ha duplicado la actividad en la atenci\u00f3n primaria con la misma estructura de personal\u201d<\/h2>\n<p><span class=\"content-highlights \"><span class=\"author\"><span class=\"author-name\">Joaquim Verdaguer<\/span><span class=\"author-job\">Director del SAP del Barcelon\u00e8s Nord i Maresme<\/span><\/span><\/span><\/p>\n<p class=\"paragraph\" style=\"text-align: justify;\" data-gtm-element-container=\"modulo-texto-link\">En este sentido, admite que los centros de atenci\u00f3n primaria est\u00e1n \u201cal l\u00edmite\u201d por la sexta ola, recibiendo una media diaria de visitas covid por centro de entre 150 y 200: \u201cEn dos semanas se ha duplicado la actividad en la atenci\u00f3n primaria con la misma estructura de personal\u201d.<\/p>\n<p class=\"paragraph\" style=\"text-align: justify;\" data-gtm-element-container=\"modulo-texto-link\">Y el problema reside en que no pueden contar con m\u00e1s galenos de los que ya tienen: \u201cEn la parte m\u00e9dica, asistencial, no existen profesionales que podamos a\u00f1adir, porque ya tenemos a todos los disponibles activos\u201d.<\/p>\n<p class=\"paragraph\" style=\"text-align: justify;\" data-gtm-element-container=\"modulo-texto-link\">Ah\u00ed se suma otro problema, los sanitarios que se han contagiado, \u00aby no en el lugar de trabajo, sino en su entorno familiar o personal\u00bb, remarca este responsable sanitario.\u00a0<\/p>\n<p class=\"paragraph\" style=\"text-align: justify;\" data-gtm-element-container=\"modulo-texto-link\">Verdaguer relata que, en la actualidad, los profesionales de la primaria est\u00e1n repartidos en cinco \u00e1reas de atenci\u00f3n sanitaria. \u00abLa primera, la vacunaci\u00f3n, que es fundamental. Tenemos muchas horas de enfermer\u00eda dedicadas a ello\u00bb.<\/p>\n<h3 class=\"subtitle\" style=\"text-align: justify;\">La vacunaci\u00f3n y los casos covid, las \u00e1reas donde se concentra el mayor esfuerzo\u00a0<\/h3>\n<p class=\"paragraph\" style=\"text-align: justify;\" data-gtm-element-container=\"modulo-texto-link\">La segunda -prosigue-, corresponde a la atenci\u00f3n de la patolog\u00eda respiratoria covid. \u00abLa est\u00e1 llevando a cabo sobre todo el m\u00e9dico, para diferenciar qu\u00e9 paciente puede pasar la enfermedad en su casa, con unas indicaciones, y qui\u00e9n necesita ir a otro nivel asistencial, como puede ser la hospitalizaci\u00f3n, que est\u00e1 aumentando\u00bb.<\/p>\n<p class=\"paragraph\" style=\"text-align: justify;\" data-gtm-element-container=\"modulo-texto-link\">La tercera es la patolog\u00eda urgente no covid: \u00abLa gente contin\u00faa teniendo c\u00f3licos en el ri\u00f1\u00f3n, o dolores en el pecho que pueden corresponder a un infarto&#8230;\u00bb, esgrime.<\/p>\n<p class=\"paragraph\" style=\"text-align: justify;\" data-gtm-element-container=\"modulo-texto-link\">Explica que \u00abel volumen m\u00e1s importante de la atenci\u00f3n se lo lleva, obviamente, la patolog\u00eda covid y la vacunaci\u00f3n\u00bb, y que \u00abtodo lo dem\u00e1s\u00bb intentan atenderlo \u00abpor v\u00edas no presenciales\u00bb.<\/p>\n<h2 class=\"module-title\" style=\"text-align: justify;\">Es verdad que hay una afectaci\u00f3n emocional importante entre los profesionales, estamos cansados\u00bb<\/h2>\n<p><span class=\"content-highlights \"><span class=\"author\"><span class=\"author-name\">Joaquim Verdaguer<\/span><span class=\"author-job\">Director del SAP del Barcelon\u00e8s Nord i Maresme<\/span><\/span><\/span><\/p>\n<p class=\"paragraph\" style=\"text-align: justify;\" data-gtm-element-container=\"modulo-texto-link\">Esta presi\u00f3n asistencial est\u00e1 dejando huella en los sanitarios, tanto f\u00edsica como psicol\u00f3gicamente. En este sentido, el Sindicat d&#8217;Infermeres de Catalunya asegura que las visitas de sus colegiadas al m\u00e9dico por cuestiones de salud mental o adicciones aumentaron un 56% en 2020.<\/p>\n<p class=\"paragraph\" style=\"text-align: justify;\" data-gtm-element-container=\"modulo-texto-link\">\u00abEs verdad que hay una afectaci\u00f3n emocional importante entre los profesionales, estamos cansados\u00bb, esgrime Verdaguer, pero recuerda que cuentan con \u00abmedidas de soporte al profesional sanitario, como la emocional, y unidades m\u00e1s especializadas para atender afectaciones m\u00e1s importantes\u00bb.<\/p>\n<h3 class=\"subtitle\" style=\"text-align: justify;\">La estabilizaci\u00f3n de la Rt, la esperanza<\/h3>\n<p class=\"paragraph\" style=\"text-align: justify;\" data-gtm-element-container=\"modulo-texto-link\">Tambi\u00e9n subraya que, al menos en la atenci\u00f3n primaria del Barcelon\u00e8s Nord i Maresma y a pesar de que la incidencia no deja de crecer, han \u00abmantenido todas las peticiones de vacaciones navide\u00f1as que han pedido los profesionales, sin denegar ninguna\u00bb.<\/p>\n<p class=\"paragraph\" style=\"text-align: justify;\" data-gtm-element-container=\"modulo-texto-link\">Conf\u00eda en que la incidencia de la sexta ola no siga aumentando y as\u00ed poder evitar el colapso de los centros sanitarios. \u00abHay una peque\u00f1a esperanza. Es verdad que la incidencia acumulada es muy alta y sigue creciendo, pero la velocidad de propagaci\u00f3n (Rt) est\u00e1 estabilizada en los \u00faltimos d\u00edas, no ha seguido creciendo, e incluso en algunos puntos ha bajado alguna d\u00e9cima\u00bb, concluye-<\/p>\n<p data-gtm-element-container=\"modulo-texto-link\"><strong><span class=\"caption-author \"><a href=\"https:\/\/www.lavanguardia.com\/autores\/celeste-lopez.html\" data-gtm-element=\"container-child-link\">CELESTE L\u00d3PEZ<\/a>,\u00a0<a href=\"https:\/\/www.lavanguardia.com\/autores\/josep-fita.html\" data-gtm-element=\"container-child-link\">JOSEP FITA<\/a><\/span><\/strong><\/p>\n<p class=\"caption-title \">FOTO:Los centros sanitarios est\u00e1n sufriendo una presi\u00f3n asistencial muy importante por la sexta ola de la pandemia .<strong><span class=\"caption-author \"> Xavier Cervera\u00a0<\/span><\/strong><\/p>\n<p>https:\/\/www.lavanguardia.com\/vida\/20211225\/7952109\/atencion-primaria-colapso-pacientes-medico-dias-espera.html?utm_medium=social&#038;utm_source=twitter&#038;utm_content=vida&#038;s=09<\/p>\n<\/div>\n<\/div>\n","protected":false},"excerpt":{"rendered":"<p>EMERGENCIA SANITARIA: Piden a Sanidad que, adem\u00e1s de los datos de ucis, d\u00e9 los de&#8230;<\/p>\n","protected":false},"author":1,"featured_media":51964,"comment_status":"closed","ping_status":"closed","sticky":false,"template":"","format":"standard","meta":{"_coblocks_attr":"","_coblocks_dimensions":"","_coblocks_responsive_height":"","_coblocks_accordion_ie_support":"","jetpack_post_was_ever_published":false,"_jetpack_newsletter_access":"","_jetpack_dont_email_post_to_subs":false,"_jetpack_newsletter_tier_id":0,"_jetpack_memberships_contains_paywalled_content":false,"_jetpack_memberships_contains_paid_content":false,"footnotes":"","jetpack_publicize_message":"","jetpack_publicize_feature_enabled":true,"jetpack_social_post_already_shared":true,"jetpack_social_options":{"image_generator_settings":{"template":"highway","default_image_id":0,"enabled":false},"version":2}},"categories":[1161,7149,44,6937,15,10],"tags":[8258,8911,409],"class_list":["post-51963","post","type-post","status-publish","format-standard","has-post-thumbnail","hentry","category-ciudadania","category-coronavirus","category-noticias-de-hoy","category-sociedad","category-ultimas-noticias","category-salud","tag-agotamiento","tag-olapso","tag-sanidad"],"jetpack_publicize_connections":[],"jetpack_featured_media_url":"https:\/\/i0.wp.com\/miradordeatarfe.es\/wp-content\/uploads\/2022\/01\/61c5d85b63838.r_d.1286-1869-2355.jpeg?fit=607%2C341&ssl=1","jetpack_likes_enabled":true,"jetpack_sharing_enabled":true,"_links":{"self":[{"href":"https:\/\/miradordeatarfe.es\/index.php?rest_route=\/wp\/v2\/posts\/51963","targetHints":{"allow":["GET"]}}],"collection":[{"href":"https:\/\/miradordeatarfe.es\/index.php?rest_route=\/wp\/v2\/posts"}],"about":[{"href":"https:\/\/miradordeatarfe.es\/index.php?rest_route=\/wp\/v2\/types\/post"}],"author":[{"embeddable":true,"href":"https:\/\/miradordeatarfe.es\/index.php?rest_route=\/wp\/v2\/users\/1"}],"replies":[{"embeddable":true,"href":"https:\/\/miradordeatarfe.es\/index.php?rest_route=%2Fwp%2Fv2%2Fcomments&post=51963"}],"version-history":[{"count":1,"href":"https:\/\/miradordeatarfe.es\/index.php?rest_route=\/wp\/v2\/posts\/51963\/revisions"}],"predecessor-version":[{"id":51965,"href":"https:\/\/miradordeatarfe.es\/index.php?rest_route=\/wp\/v2\/posts\/51963\/revisions\/51965"}],"wp:featuredmedia":[{"embeddable":true,"href":"https:\/\/miradordeatarfe.es\/index.php?rest_route=\/wp\/v2\/media\/51964"}],"wp:attachment":[{"href":"https:\/\/miradordeatarfe.es\/index.php?rest_route=%2Fwp%2Fv2%2Fmedia&parent=51963"}],"wp:term":[{"taxonomy":"category","embeddable":true,"href":"https:\/\/miradordeatarfe.es\/index.php?rest_route=%2Fwp%2Fv2%2Fcategories&post=51963"},{"taxonomy":"post_tag","embeddable":true,"href":"https:\/\/miradordeatarfe.es\/index.php?rest_route=%2Fwp%2Fv2%2Ftags&post=51963"}],"curies":[{"name":"wp","href":"https:\/\/api.w.org\/{rel}","templated":true}]}}