{"id":51989,"date":"2022-02-03T11:30:36","date_gmt":"2022-02-03T10:30:36","guid":{"rendered":"http:\/\/miradordeatarfe.es\/?p=51989"},"modified":"2022-02-03T11:36:12","modified_gmt":"2022-02-03T10:36:12","slug":"atarfe-pide-la-distincion-de-ciudad-de-la-ciencia-y-la-innovacion","status":"publish","type":"post","link":"https:\/\/miradordeatarfe.es\/?p=51989","title":{"rendered":"ATARFE PIDE LA DISTINCI\u00d3N DE \u00abCIUDAD DE LA CIENCIA Y LA INNOVACI\u00d3N\u00bb"},"content":{"rendered":"<h3>DISCURSO DE FRANCISCO JOS\u00c9 JIM\u00c9NEZ MOLINA (COMO REPRESENTANTE DE LOS CENTROS EDUCATIVOS) EL PASADO 21 DE ENERO ANTE TODAS LAS INSTITUCIONES IMPLICADAS EN LA PETICI\u00d3N DE\u00a0 <strong>LA DISTINCIO\u0301N DE CIUDAD DE LA CIENCIA Y LA INNOVACIO\u0301N PARA ATARFE .<\/strong><\/h3>\n<p style=\"text-align: justify;\">Dice el refr\u00e1n: \u201c <em>Es de bien nacidos ser agradecidos<\/em>\u201d, pues bien, hoy estamos aqu\u00ed gracias al trabajo de compa\u00f1eros y compa\u00f1eros que nos han antecedido en nuestra labor educativa, haciendo que en nuestra localidad se trabaje desde todos los centros educativos de forma coordinada; a compa\u00f1eros y compa\u00f1eras que ahora est\u00e1n en los colegios desarrollando su labor docente y permitiendo que nosotros podamos estar aqu\u00ed represent\u00e1ndolos; a todas las instituciones, asociaciones\u2026 presentes y ausentes por estar aqu\u00ed dando este apoyo, \u00a0siempre hemos salido nosotros a vuestro encuentro y hoy os recibimos en nuestra casa. El llegar aqu\u00ed, no es para nosotros la meta, sino todo lo contrario, el pistoletazo de salida, es un suma y sigue de ilusiones, de retos, de esfuerzo y trabajo compartido.<\/p>\n<p style=\"text-align: justify;\">En nuestro pueblo de Atarfe, <em><strong>CienciAtarfe <\/strong><\/em>un evento intercentros, (11 centros educativos p\u00fablicos, concertados y privados, toda una comunidad educativa), unidos con el mismo objetivo: la transformaci\u00f3n del entorno, la divulgaci\u00f3n cient\u00edfica y la creaci\u00f3n de vocaciones cient\u00edficas que promueve la excelencia en educaci\u00f3n, la buena comunicaci\u00f3n cient\u00edfica, llevando la ciencia a la ciudadan\u00eda de forma amena, cercana y atractiva.<\/p>\n<p style=\"text-align: justify;\">Una apuesta de futuro, unas actividades muy esperadas, de reencuentro, de emoci\u00f3n y de enriquecimiento, haciendo que nuestros ciudadanos disfruten de la Ciencia durante todo el a\u00f1o, realizando actividades, y contando siempre para ello con toda la comunidad educativa, el Ayuntamiento de Atarfe, la Universidad de Granada, la Delegaci\u00f3n de Educaci\u00f3n y Deporte de Granada, el Parque de las Ciencias de Granada, la Diputaci\u00f3n de Granada, la Fundaci\u00f3n Descubre\u2026etc.<\/p>\n<p style=\"text-align: justify;\">Resaltar la implicaci\u00f3n de todo el pueblo, viendo que en las muestras de los proyectos que se presentan, es significativo, porque as\u00ed\u0301 lo detallan los que exponen, que cuando se le acerca el p\u00fablico, no solo preguntan adultos, sino que los m\u00e1s peque\u00f1os tambi\u00e9n se interesan, arriesgan, descubren, preguntan y participan. Y eso es fruto de todo el trabajo que se viene desarrollando durante ya 13 a\u00f1os, en nuestra localidad, con las diferentes actividades que se organizan, en torno a la ciencia.<\/p>\n<p style=\"text-align: justify;\">Durante todos estos a\u00f1os, se ha conseguido sacar de las aulas y los centros educativos, la Ciencia, que se desarrolla a lo largo del curso escolar, se trabaja como proyectos cient\u00edficos y se expone y divulga el producto final. En pocos a\u00f1os, se ha conseguido que la Feria de la Ciencia de Atarfe sea un referente en la provincia de Granada y fuera de ella.<\/p>\n<p style=\"text-align: justify;\">En nuestra feria siempre contamos con la presencia de personalidades aut\u00f3ctonas de la localidad, como ponentes en nuestras charlas, actuando como referentes cercanos de nuestro alumnado, lo que ha enriquecido a\u00fan m\u00e1s nuestros entornos de aprendizaje (comunidades virtuales de discurso, comunidades virtuales pr\u00e1cticas y comunidades virtuales de construcci\u00f3n del conocimiento).<\/p>\n<p style=\"text-align: justify;\">Adem\u00e1s, se invitan a otros centros escolares, universidades, centros de investigaci\u00f3n cient\u00edfica&#8230;etc. tanto de la localidad como de fuera a que participen desarrollando experiencias cient\u00edficas trabajadas o asistiendo como p\u00fablico visitando dichas experiencias.<\/p>\n<p style=\"text-align: justify;\">Con este engranaje cient\u00edfico en el que tambi\u00e9n participan docentes que han trabajado a lo largo de los a\u00f1os en los centros de Atarfe, conseguimos no solo una cohesi\u00f3n cient\u00edfica en nuestra localidad, sino que la Feria de la Ciencia consigue una participaci\u00f3n m\u00e1s amplia, no s\u00f3lo local sino provincial.<\/p>\n<p style=\"text-align: justify;\">Junto a este trabajo de CienciAtarfe, tenemos que a\u00f1adir el trabajo de todas las instituciones, asociaciones\u2026 que est\u00e1n aqu\u00ed presentes y que hab\u00e9is contribuido a la excelencia de todo este trabajo que, sin duda, sin vuestro apoyo e implicaci\u00f3n no habr\u00eda podido ser posible, Muchas gracias de nuevo.<\/p>\n<p style=\"text-align: justify;\">Y fruto de todo este trabajo y de la participaci\u00f3n de nuestro profesorado en las diversas ediciones de Ciencia en Acci\u00f3n, desde 2009, y por su excelente trabajo, implicaci\u00f3n y trayectoria en dicho programa.<\/p>\n<p style=\"text-align: justify;\">El considerar <em>A<\/em><em><strong>tarfe como Sede de Ciencia para la ciudadan\u00eda<\/strong><\/em><strong>, <\/strong>es un importante paso para afianzar el valor de la ciencia y de los aportes cient\u00edficos para un futuro mejor de nuestra localidad, aportando para ello nuestro granito, para construir entre todos un mundo mejor. Por todo esto hemos pedimos se nos <strong>CONCEDA LA DISTINCIO\u0301N DE CIUDAD DE LA CIENCIA Y LA INNOVACIO\u0301N.<\/strong><\/p>\n","protected":false},"excerpt":{"rendered":"<p>DISCURSO DE FRANCISCO JOS\u00c9 JIM\u00c9NEZ MOLINA (COMO REPRESENTANTE DE LOS CENTROS EDUCATIVOS) EL PASADO 21&#8230;<\/p>\n","protected":false},"author":1,"featured_media":51991,"comment_status":"closed","ping_status":"closed","sticky":false,"template":"","format":"standard","meta":{"_coblocks_attr":"","_coblocks_dimensions":"","_coblocks_responsive_height":"","_coblocks_accordion_ie_support":"","jetpack_post_was_ever_published":false,"_jetpack_newsletter_access":"","_jetpack_dont_email_post_to_subs":false,"_jetpack_newsletter_tier_id":0,"_jetpack_memberships_contains_paywalled_content":false,"_jetpack_memberships_contains_paid_content":false,"footnotes":"","jetpack_publicize_message":"","jetpack_publicize_feature_enabled":true,"jetpack_social_post_already_shared":true,"jetpack_social_options":{"image_generator_settings":{"template":"highway","default_image_id":0,"enabled":false},"version":2}},"categories":[2,12,187,1161,44,15],"tags":[81,8912],"class_list":["post-51989","post","type-post","status-publish","format-standard","has-post-thumbnail","hentry","category-atarfe","category-cultura","category-centros-educativos","category-ciudadania","category-noticias-de-hoy","category-ultimas-noticias","tag-atarfe","tag-cienciatarfe"],"jetpack_publicize_connections":[],"jetpack_featured_media_url":"https:\/\/i0.wp.com\/miradordeatarfe.es\/wp-content\/uploads\/2022\/01\/272775472_4952217741508723_5078765594376433396_n-1.jpg?fit=2048%2C1365&ssl=1","jetpack_likes_enabled":true,"jetpack_sharing_enabled":true,"_links":{"self":[{"href":"https:\/\/miradordeatarfe.es\/index.php?rest_route=\/wp\/v2\/posts\/51989","targetHints":{"allow":["GET"]}}],"collection":[{"href":"https:\/\/miradordeatarfe.es\/index.php?rest_route=\/wp\/v2\/posts"}],"about":[{"href":"https:\/\/miradordeatarfe.es\/index.php?rest_route=\/wp\/v2\/types\/post"}],"author":[{"embeddable":true,"href":"https:\/\/miradordeatarfe.es\/index.php?rest_route=\/wp\/v2\/users\/1"}],"replies":[{"embeddable":true,"href":"https:\/\/miradordeatarfe.es\/index.php?rest_route=%2Fwp%2Fv2%2Fcomments&post=51989"}],"version-history":[{"count":1,"href":"https:\/\/miradordeatarfe.es\/index.php?rest_route=\/wp\/v2\/posts\/51989\/revisions"}],"predecessor-version":[{"id":51992,"href":"https:\/\/miradordeatarfe.es\/index.php?rest_route=\/wp\/v2\/posts\/51989\/revisions\/51992"}],"wp:featuredmedia":[{"embeddable":true,"href":"https:\/\/miradordeatarfe.es\/index.php?rest_route=\/wp\/v2\/media\/51991"}],"wp:attachment":[{"href":"https:\/\/miradordeatarfe.es\/index.php?rest_route=%2Fwp%2Fv2%2Fmedia&parent=51989"}],"wp:term":[{"taxonomy":"category","embeddable":true,"href":"https:\/\/miradordeatarfe.es\/index.php?rest_route=%2Fwp%2Fv2%2Fcategories&post=51989"},{"taxonomy":"post_tag","embeddable":true,"href":"https:\/\/miradordeatarfe.es\/index.php?rest_route=%2Fwp%2Fv2%2Ftags&post=51989"}],"curies":[{"name":"wp","href":"https:\/\/api.w.org\/{rel}","templated":true}]}}