{"id":51993,"date":"2022-02-01T11:00:00","date_gmt":"2022-02-01T10:00:00","guid":{"rendered":"http:\/\/miradordeatarfe.es\/?p=51993"},"modified":"2022-01-31T16:30:43","modified_gmt":"2022-01-31T15:30:43","slug":"el-loja-se-impone-al-atarfe-y-suma-su-segunda-victoria-de-la-temporada-1-0","status":"publish","type":"post","link":"https:\/\/miradordeatarfe.es\/?p=51993","title":{"rendered":"El Loja se impone al Atarfe y suma su segunda victoria de la temporada, 1-0"},"content":{"rendered":"<h2 style=\"text-align: justify;\">Un golazo de Manu Armillas permite ganar un intenso y pol\u00e9mico derbi, que saca a los loje\u00f1os del \u00faltimo puesto.<\/h2>\n<p style=\"text-align: justify;\">El Loja sum\u00f3 su segunda victoria de la temporada al imponerse por 1-0 al Atarfe en un derbi cargado de tensi\u00f3n y pol\u00e9mica y que se decidi\u00f3 con un golazo del local Manu Armillas mediado el primer tiempo. Con este resultado los loje\u00f1os cierran la primera vuelta con tan solo 10 puntos, aunque al menos abandonan el \u00faltimo puesto de la clasificaci\u00f3n.<\/p>\n<p style=\"text-align: justify;\">Los loje\u00f1os no conoc\u00edan la victoria desde la segunda jornada de liga, en la que hab\u00edan sumado su \u00fanico triunfo hasta el momento. El triunfo ante el cuadro de Jes\u00fas Sierra se ciment\u00f3 sobre el buen trabajo defensivo y una buena actitud y entrega de todos los jugadores del Loja, en un partido muy sufrido, intenso y con hasta cuatro jugadores expulsados -dos por cada equipo-, adem\u00e1s del delegado del Atarfe.<\/p>\n<p style=\"text-align: justify;\">Los atarfe\u00f1os entraron bien al partido y en el minuto 4 tuvieron la primera ocasi\u00f3n por medio de \u00c1lex Casado, pero \u00d3scar Cano sali\u00f3 bien de su marco y salv\u00f3 la acci\u00f3n. Tres minutos despu\u00e9s Najib cabece\u00f3 fuera en la segunda llegada visitante.<\/p>\n<p style=\"text-align: justify;\">Poco a poco el Loja empez\u00f3 a meterse en el partido y pas\u00f3 a tener cada vez m\u00e1s posesi\u00f3n, mientras los de Sierra dieron un paso atr\u00e1s. As\u00ed, en el minuto 20 lleg\u00f3 la primera ocasi\u00f3n local en un gran disparo de Manu Armillas que sac\u00f3 Dar\u00edo a c\u00f3rner en una gran intervenci\u00f3n. Ser\u00eda el aviso de lo que llegar\u00eda seis minutos despu\u00e9s, cuando el propio jugador loje\u00f1o se volvi\u00f3 a sacar otro disparo desde la frontal que bati\u00f3 a Dar\u00edo junto al poste derecho. Un gran gol del joven futbolista loje\u00f1o que confirmaba la mejor\u00eda que para entonces ya hab\u00eda experimentado su equipo.<\/p>\n<p style=\"text-align: justify;\">Intent\u00f3 reaccionar el Atarfe antes del descanso con un par de acciones, una falta botada por \u00c1lex Ortega que atrap\u00f3 \u00d3scar y una acci\u00f3n de Castillo cuyo disparo sac\u00f3 \u00d3scar a c\u00f3rner.<\/p>\n<p style=\"text-align: justify;\">Tras el descanso el Loja dej\u00f3 en el vestuario a Ibra y dio entrada a Brian L\u00f3pez. El Atarfe dio un paso adelante, ante un Loja que trataba de mantenerse bien ordenado, manteniendo su l\u00ednea de tres centrales y con un gran compromiso por parte de sus jugadores. Incluso fueron los loje\u00f1os los que llegaron primero con peligro en el arranque del segundo tiempo. Un disparo desviado de Simon y un remate de cabeza de Luis Novo, tambi\u00e9n desviado, inquietaron a Dar\u00edo en los primeros minutos. Mucho m\u00e1s clara fue la que tuvo el Atarfe para empatar el partido (&#8217;55). Fue en un c\u00f3rner rematado por Mole\u00f3n que se estrell\u00f3 en el poste izquierdo.<\/p>\n<p style=\"text-align: justify;\">A partir de ah\u00ed el choque tuvo una fase en la que los loje\u00f1os volvieron a controlar mucho mejor a su rival. Incluso Simon (&#8217;60) tuvo la ocasi\u00f3n para poner el 2-0, pero Dar\u00edo sac\u00f3 el disparo del nigeriano, que se march\u00f3 a c\u00f3rner.<\/p>\n<p style=\"text-align: justify;\">Tras unos minutos sin apenas novedades en ninguna de las dos porter\u00edas, se entr\u00f3 en los \u00faltimos veinte minutos, momento en el que lleg\u00f3 la primera expulsi\u00f3n por un derribo de Pichel a Simon en la frontal del \u00e1rea, cuando el delantero se quedaba solo ante Dar\u00edo. A partir de ah\u00ed el partido se volvi\u00f3 pr\u00e1cticamente loco, con ocasiones de ambos equipos. Brian L\u00f3pez la tuvo para el Loja con un disparo desviado tras una buena acci\u00f3n de Mayas por la l\u00ednea de fondo. A continuaci\u00f3n fue Alberto el que tuvo el empate en el primer bal\u00f3n que toc\u00f3 nada m\u00e1s entrar al terreno de juego. \u00d3scar Cano, providencial, sac\u00f3 el disparo por abajo del delantero, enviando el bal\u00f3n a c\u00f3rner.<\/p>\n<p style=\"text-align: justify;\">Para entonces el partido ya estaba pr\u00e1cticamente roto, con el Atarfe buscando el empate y el Loja sentenciar a la contra. En una acci\u00f3n de Faliti cuyo disparo rechaz\u00f3 Dar\u00edo, estuvo a punto de sentenciar Simon, pero un defensor lleg\u00f3 justo antes para sacar el bal\u00f3n a c\u00f3rner.<\/p>\n<p style=\"text-align: justify;\">De esta forma se alcanz\u00f3 el tiempo reglamentario, justo el momento en el que el colegiado expuls\u00f3 a \u00c1lex Ortega y Brian L\u00f3pez por un encontronazo entre ambos. A partir de ah\u00ed se calent\u00f3 el partido durante los casi diez minutos que prolong\u00f3 el colegiado, en los que lleg\u00f3 tambi\u00e9n la expulsi\u00f3n del delegado del Atarfe, por golpear con la cabeza al del Loja. En medio de estas expulsiones, otras dos claras ocasiones, una para cada equipo. Primero para Faliti, que no supo aprovechar un claro contragolpe con superioridad para poner el 2-0. Y a continuaci\u00f3n fue el Atarfe, ya en el minuto 93, el que estuvo a punto de empatar con otro remate al poste.<\/p>\n<p style=\"text-align: justify;\">Todav\u00eda lleg\u00f3 una nueva expulsi\u00f3n, esta vez para el portero del Loja, \u00d3scar Cano, al ver la segunda amarilla en una protesta. Justo a continuaci\u00f3n lleg\u00f3 el final del partido con la victoria loje\u00f1a, aunque la tensi\u00f3n y los nervios entre integrantes de uno y otro equipo se mantuvieron todav\u00eda en la retirada de ambos. As\u00ed finaliz\u00f3 uno de los choques m\u00e1s tensos y llenos de pol\u00e9mica de los vividos entre Loja y Atarfe.<\/p>\n<p style=\"text-align: justify;\"><strong>LOJA CD:<\/strong> \u00d3scar Cano, Luis Novo (Mayas, m. 67), Sebas, Tomi, Luis Torres, Arroyo, Douglas (Marcos, m. 83), Fabio Mu\u00f1oz, Ibra (Brian L\u00f3pez, m. 46), Manu Armillas (Faliti, m. 72) (Fran, m. 98) y Simon.<\/p>\n<p style=\"text-align: justify;\"><strong>ATARFE INDUSTRIAL<\/strong>: Dar\u00edo, \u00c1lex, Parra, Najib (Rub\u00e9n Osuna, m. 74), Pichel, Mole\u00f3n, Castillo (Diego, m. 65), Carreiro (Marcos Toro, m. 74), \u00c1lex Casado (Alberto, m. 79), \u00c1lex Ortega y Nacho Buil (Adri Vegas, m. 65).<\/p>\n<p style=\"text-align: justify;\"><strong>GOL: <\/strong>1-0 m. 26: Manu Armillas.<\/p>\n<p style=\"text-align: justify;\"><strong>\u00c1RBITRO:<\/strong> Jos\u00e9 Miguel Catal\u00e1n P\u00e9rez del colegio sevillano. Expuls\u00f3 con roja directa al local Brian L\u00f3pez (m. 90) y a los visitantes Pichel (m. 70), \u00c1lex Ortega (m. 90) y al delegado, Francisco Manuel Ramos (m. 94). Expuls\u00f3 con doble amarilla al local \u00d3scar Cano (m. 97). Amonest\u00f3 con amarillas a los locales Simon, Tomi, Sebas, Faliti y al delegado Antonio S\u00e1nchez y a los visitantes \u00c1lex Casado, Carreiro, as\u00ed como al entrenador, Jes\u00fas Sierra.<\/p>\n<p style=\"text-align: justify;\"><strong>INCIDENCIAS: <\/strong>Encuentro correspondiente a la 19\u00aa jornada de liga en el subgrupo 2 de la Divisi\u00f3n de Honor s\u00e9nior de f\u00fatbol disputado en el estadio Medina Lauxa ante algo m\u00e1s de un centenar de espectadores.<\/p>\n<p style=\"text-align: justify;\">\u00a0<\/p>\n<div class=\"limpia\">\u00a0<\/div>\n","protected":false},"excerpt":{"rendered":"<p>Un golazo de Manu Armillas permite ganar un intenso y pol\u00e9mico derbi, que saca a&#8230;<\/p>\n","protected":false},"author":1,"featured_media":51994,"comment_status":"closed","ping_status":"closed","sticky":false,"template":"","format":"standard","meta":{"_coblocks_attr":"","_coblocks_dimensions":"","_coblocks_responsive_height":"","_coblocks_accordion_ie_support":"","jetpack_post_was_ever_published":false,"_jetpack_newsletter_access":"","_jetpack_dont_email_post_to_subs":false,"_jetpack_newsletter_tier_id":0,"_jetpack_memberships_contains_paywalled_content":false,"_jetpack_memberships_contains_paid_content":false,"footnotes":"","jetpack_publicize_message":"","jetpack_publicize_feature_enabled":true,"jetpack_social_post_already_shared":true,"jetpack_social_options":{"image_generator_settings":{"template":"highway","default_image_id":0,"enabled":false},"version":2}},"categories":[2,1161,182,44,15],"tags":[4389,123,666],"class_list":["post-51993","post","type-post","status-publish","format-standard","has-post-thumbnail","hentry","category-atarfe","category-ciudadania","category-deportes","category-noticias-de-hoy","category-ultimas-noticias","tag-atarfe-industrial-c-f","tag-deportes","tag-futbol"],"jetpack_publicize_connections":[],"jetpack_featured_media_url":"https:\/\/i0.wp.com\/miradordeatarfe.es\/wp-content\/uploads\/2022\/01\/imagen46644_0_portada-1.jpg?fit=450%2C337&ssl=1","jetpack_likes_enabled":true,"jetpack_sharing_enabled":true,"_links":{"self":[{"href":"https:\/\/miradordeatarfe.es\/index.php?rest_route=\/wp\/v2\/posts\/51993","targetHints":{"allow":["GET"]}}],"collection":[{"href":"https:\/\/miradordeatarfe.es\/index.php?rest_route=\/wp\/v2\/posts"}],"about":[{"href":"https:\/\/miradordeatarfe.es\/index.php?rest_route=\/wp\/v2\/types\/post"}],"author":[{"embeddable":true,"href":"https:\/\/miradordeatarfe.es\/index.php?rest_route=\/wp\/v2\/users\/1"}],"replies":[{"embeddable":true,"href":"https:\/\/miradordeatarfe.es\/index.php?rest_route=%2Fwp%2Fv2%2Fcomments&post=51993"}],"version-history":[{"count":1,"href":"https:\/\/miradordeatarfe.es\/index.php?rest_route=\/wp\/v2\/posts\/51993\/revisions"}],"predecessor-version":[{"id":51995,"href":"https:\/\/miradordeatarfe.es\/index.php?rest_route=\/wp\/v2\/posts\/51993\/revisions\/51995"}],"wp:featuredmedia":[{"embeddable":true,"href":"https:\/\/miradordeatarfe.es\/index.php?rest_route=\/wp\/v2\/media\/51994"}],"wp:attachment":[{"href":"https:\/\/miradordeatarfe.es\/index.php?rest_route=%2Fwp%2Fv2%2Fmedia&parent=51993"}],"wp:term":[{"taxonomy":"category","embeddable":true,"href":"https:\/\/miradordeatarfe.es\/index.php?rest_route=%2Fwp%2Fv2%2Fcategories&post=51993"},{"taxonomy":"post_tag","embeddable":true,"href":"https:\/\/miradordeatarfe.es\/index.php?rest_route=%2Fwp%2Fv2%2Ftags&post=51993"}],"curies":[{"name":"wp","href":"https:\/\/api.w.org\/{rel}","templated":true}]}}