{"id":52005,"date":"2022-02-05T10:19:25","date_gmt":"2022-02-05T09:19:25","guid":{"rendered":"http:\/\/miradordeatarfe.es\/?p=52005"},"modified":"2022-02-03T11:35:16","modified_gmt":"2022-02-03T10:35:16","slug":"la-educacion-fisica-no-debe-ser-una-maria","status":"publish","type":"post","link":"https:\/\/miradordeatarfe.es\/?p=52005","title":{"rendered":"La Educaci\u00f3n F\u00edsica no debe ser una &#8216;mar\u00eda&#8217;"},"content":{"rendered":"<h2 class=\"voc-sub-title\" style=\"text-align: justify;\">Los colegios imparten pocas horas de una materia que es vital para la salud de los alumnos<\/h2>\n<p class=\"voc-paragraph\" style=\"text-align: justify;\">La asignatura de Educaci\u00f3n F\u00edsica es desde hace d\u00e9cadas una &#8216;mar\u00eda&#8217; en los colegios. Relegada en los programas escolares por el peso creciente que se otorga a otras materias como Matem\u00e1ticas, F\u00edsica, Lengua&#8230; apenas se le dedican dos horas a la semana en Primaria, una en Secundaria y en Bachiller llega a desaparecer. Una advertencia: la mitad de los adolescentes espa\u00f1oles solo hacen deporte en el colegio.<\/p>\n<p class=\"voc-paragraph\" style=\"text-align: justify;\">En un momento en el que la obesidad y el sedentarismo se han convertido en el principal problema de salud entre los menores \u2013problema agravado por la pandemia\u2013 la necesidad de incrementar la actividad f\u00edsica en la escuela es urgente, advierten los expertos. El deporte no solo ofrece beneficios para la salud, tambi\u00e9n ps\u00edquicos y de rendimiento acad\u00e9mico, insisten.<\/p>\n<p class=\"voc-paragraph\" style=\"text-align: justify;\">Aure Medina, profesor de Educaci\u00f3n F\u00edsica de la escuela p\u00fablica vasca; el presidente del colegio oficial de titulados en esta especialidad en Euskadi, Arkaitz Larrinaga; y V\u00edctor Arufe, doctor en Ciencias de la Actividad F\u00edsica y del Deporte y profesor e investigador de la Universidad de La Coru\u00f1a, lanzan la alerta.<\/p>\n<div class=\"voc-detail__cmp voc-detail__cmp--title voc-detail__cmp--no-margin\" style=\"text-align: justify;\">\n<h3 class=\"voc-detail__title\">\u00bfHabr\u00eda que aumentar el n\u00famero de horas semanales en el colegio? En ese caso, \u00bfa cu\u00e1nto?<\/h3>\n<\/div>\n<p class=\"voc-paragraph\" style=\"text-align: justify;\"><strong>Aure Medina<\/strong>: \u00abHay centros en los que apenas se imparte hora y media a la semana en Secundaria y dos sesiones en Primaria. Entre que recogen las cosas, van al vestuario, se cambian, van al polideportivo o gimnasio y el profesor da la explicaci\u00f3n de la actividad que van a hacer ya han pasado 15 o 20 minutos, luego hay que irse a la ducha. El tiempo se queda en nada\u00bb.<\/p>\n<p class=\"voc-paragraph\" style=\"text-align: justify;\"><strong>Arkaitz Larrinaga<\/strong>: \u00abLa OMS recomienda una hora de deporte al d\u00eda para adolescentes y lo m\u00ednimo ser\u00edan tres horas a la semana en d\u00edas diferentes. Pero el ejercicio f\u00edsico debe estar presente en buena parte de la jornada escolar. \u00a1No podemos tener a los ni\u00f1os seis o siete horas sentados! Los colegios son los espacios m\u00e1s eficaces para la promoci\u00f3n de la actividad f\u00edsica y la lucha contra el sedentarismo en la etapa infantil y juvenil\u00bb.<\/p>\n<p class=\"voc-paragraph\" style=\"text-align: justify;\"><strong>V\u00edctor Arufe<\/strong>: \u00abLa educaci\u00f3n f\u00edsica debe tener un hueco en cada jornada escolar. Si consigui\u00e9semos que los ni\u00f1os hagan al menos una o dos horas de ejercicio f\u00edsico al d\u00eda estar\u00edamos reduciendo la incidencia del sobrepeso y la obesidad. La actividad f\u00edsica tiene un doble papel de prevenci\u00f3n y rehabilitaci\u00f3n de patolog\u00edas asociadas al sedentarismo. Yayuda a instaurar h\u00e1bitos saludables. Estamos ante un f\u00e1rmaco natural, gratuito y al alcance de todos\u00bb.<\/p>\n<h3 class=\"voc-paragraph\" style=\"text-align: justify;\">Mantienen que en el colegio no solo se debe hacer ejercicio en la clase de gimnasia. \u00bfC\u00f3mo hacerlo?<\/h3>\n<p class=\"voc-paragraph\" style=\"text-align: justify;\"><strong>Larrinag<\/strong>a: \u00abSe puede trabajar en otras materias: en ciencias con una excursi\u00f3n al bosque o practicar las matem\u00e1ticas de pie. En las aulas debemos crear espacios activos, retirar mesas y sillas y dejar a los alumnos que se muevan\u00bb.<\/p>\n<p class=\"voc-paragraph\" style=\"text-align: justify;\"><strong>Medina<\/strong>: \u00abLos profesores de Educaci\u00f3n F\u00edsica tienen que convertirse en dinamizadores de los centros para promover el ejercicio en los recreos, incorporar proyectos de patios l\u00fadico-deportivos y participar y promocionar las salidas al exterior, que tan necesarias son en esta dura \u00e9poca de restricciones por el covid\u00bb.<\/p>\n<h3 class=\"voc-paragraph\" style=\"text-align: justify;\">Defienden que es m\u00e1s que una asignatura, \u00bfen qu\u00e9 sentido?<\/h3>\n<p class=\"voc-paragraph\" style=\"text-align: justify;\"><strong>Arufe<\/strong>: \u00abEs un medio para potenciar cualquier tipo de aprendizaje, desde un valor, a recrear contenidos sobre la historia, las ciencias naturales o practicar matem\u00e1ticas. Adem\u00e1s, es la \u00fanica materia que permite trabajar aspectos f\u00edsico-motrices, de actitudes, y la esfera social, emocional y ps\u00edquica de los alumnos. Hay estudios que confirman que la pr\u00e1ctica de ejercicio habitual en la ni\u00f1ez reduce de forma notable las posibilidades de tener problemas de salud mental de adultos\u00bb.<\/p>\n<p class=\"voc-paragraph\" style=\"text-align: justify;\"><strong>Medina:<\/strong> \u00abLa actividad f\u00edsica mejora la concentraci\u00f3n y el rendimiento acad\u00e9mico de los escolares, reduce su ansiedad y ayuda a trabajar en equipo. Adem\u00e1s, para algunos alumnos es el \u00fanico deporte que hacen en toda la semana. En casa, ni se mueven con los videojuegos\u00bb.<\/p>\n<div class=\"voc-detail__cmp voc-detail__cmp--pad-lr \" style=\"text-align: justify;\">\n<div class=\"voc-ficha-detail__wrapper\">\n<section class=\"voc-ficha-detail\">\n<h4 class=\"voc-ficha-detail-title voc-title-section\">EFECTOS DEL SEDENTARISMO<\/h4>\n<div class=\"voc-list__wrapper\">\n<ul class=\"voc-list\">\n<li class=\"voc-list__item\">\n<p class=\"voc-list__paragraph\"><span class=\"voc-list__item-cp\">En la esfera social <\/span> El ni\u00f1o que es activo y practica un deporte respeta las normas y reglas, y ello tendr\u00e1 un reflejo en su vida en sociedad.<\/p>\n<\/li>\n<li class=\"voc-list__item\">\n<p class=\"voc-list__paragraph\"><span class=\"voc-list__item-cp\">En el \u00e1mbito emocional<\/span> Act\u00faa como un aut\u00e9ntico regulador y potenciador de las emociones. Con la educaci\u00f3n f\u00edsica podemos trabajar el miedo, la ira, la rabia, la frustraci\u00f3n o la alegr\u00eda.<\/p>\n<\/li>\n<li class=\"voc-list__item\">\n<p class=\"voc-list__paragraph\"><span class=\"voc-list__item-cp\">En el psicol\u00f3gico<\/span> La inactividad f\u00edsica provoca problemas para el control del estr\u00e9s, la autoconfianza o la motivaci\u00f3n.<\/p>\n<\/li>\n<li class=\"voc-list__item\">\n<p class=\"voc-list__paragraph\"><span class=\"voc-list__item-cp\">En la esfera motriz<\/span> Los adolescentes que no practican ejercicio suelen tener m\u00e1s dificultades de equilibro, coordinaci\u00f3n, fuerza, resistencia&#8230; Todo ello puede redundar en una peor imagen corporal y una autoestima m\u00e1s baja.<\/p>\n<\/li>\n<\/ul>\n<\/div>\n<\/section>\n<\/div>\n<\/div>\n<p class=\"voc-paragraph\" style=\"text-align: justify;\">\u00bfPor qu\u00e9 ha estado y est\u00e1 infravalorada, c\u00f3mo darle la vuelta?<\/p>\n<p class=\"voc-paragraph\" style=\"text-align: justify;\"><strong>Arufe<\/strong>: \u00abEl curr\u00edculum educativo siempre ha menospreciado algunas asignaturas como la Educaci\u00f3n F\u00edsica, la Pl\u00e1stica, la M\u00fasica o la Filosof\u00eda. Esto ha provocado que la sociedad tambi\u00e9n lo haga. Tenemos casos de familias que eligen la hora de educaci\u00f3n f\u00edsica para llevar a su hijo al pediatra y colegios que utilizan esa clase para organizar charlas o recuperar otras materias. En todo caso, no podemos dejar la responsabilidad de que los menores hagan deporte en las familias, porque muchas no tienen unas condiciones que les permiten potenciar una vida activa en sus hijos. Por eso, la escuela debe responder tambi\u00e9n a los problemas que tiene la sociedad y uno de ellos es la falta de actividad f\u00edsica, el sobrepeso y obesidad o el abuso de la tecnolog\u00eda entre los menores.<\/p>\n<p>&nbsp;<\/p>\n<p><strong><a class=\"voc-author\" title=\"MARTA FDEZ. VALLEJO\" href=\"https:\/\/www.ideal.es\/autor\/marta-fdez-vallejo-170.html\">MARTA FDEZ. VALLEJO <\/a><\/strong><\/p>\n<div class=\"voc-article-container\">\n<article class=\"voc-article voc-article--detail voc-article--detail--base voc-article--photo-bottom\">\n<div class=\"voc-img-container  \">\n<p class=\"figure-caption\"><span class=\"voc-photo-author\">FOTO: adri\u00e0 ram\u00edrez<\/span><\/p>\n<p>https:\/\/www.ideal.es\/vivir\/salud\/educacion-fisica-debe-20220124132116-ntrc.html<\/p>\n<\/div>\n<div class=\"voc-info-container\">\n<h2 class=\"voc-sub-title\">\u00a0<\/h2>\n<\/div>\n<\/article>\n<\/div>\n<div class=\"voc-detail\" data-voc-share-selection=\"\">\n<div class=\"voc-author-timesocial \">\n<div class=\"voc-author-timesocial__signature\">\n<div class=\"voc-author-timesocial__info\">\n<div class=\"voc-author-info\">\u00a0<\/div>\n<\/div>\n<\/div>\n<\/div>\n<\/div>\n","protected":false},"excerpt":{"rendered":"<p>Los colegios imparten pocas horas de una materia que es vital para la salud de&#8230;<\/p>\n","protected":false},"author":1,"featured_media":52006,"comment_status":"closed","ping_status":"closed","sticky":false,"template":"","format":"standard","meta":{"_coblocks_attr":"","_coblocks_dimensions":"","_coblocks_responsive_height":"","_coblocks_accordion_ie_support":"","jetpack_post_was_ever_published":false,"_jetpack_newsletter_access":"","_jetpack_dont_email_post_to_subs":false,"_jetpack_newsletter_tier_id":0,"_jetpack_memberships_contains_paywalled_content":false,"_jetpack_memberships_contains_paid_content":false,"footnotes":"","jetpack_publicize_message":"","jetpack_publicize_feature_enabled":true,"jetpack_social_post_already_shared":true,"jetpack_social_options":{"image_generator_settings":{"template":"highway","default_image_id":0,"enabled":false},"version":2}},"categories":[187,1161,44,15,10],"tags":[8329,725],"class_list":["post-52005","post","type-post","status-publish","format-standard","has-post-thumbnail","hentry","category-centros-educativos","category-ciudadania","category-noticias-de-hoy","category-ultimas-noticias","category-salud","tag-educacion-fisica","tag-espana"],"jetpack_publicize_connections":[],"jetpack_featured_media_url":"https:\/\/i0.wp.com\/miradordeatarfe.es\/wp-content\/uploads\/2022\/01\/gimnasia_601-kreC-U1606146622910WF-624x385%40RC.jpg?fit=624%2C385&ssl=1","jetpack_likes_enabled":true,"jetpack_sharing_enabled":true,"_links":{"self":[{"href":"https:\/\/miradordeatarfe.es\/index.php?rest_route=\/wp\/v2\/posts\/52005","targetHints":{"allow":["GET"]}}],"collection":[{"href":"https:\/\/miradordeatarfe.es\/index.php?rest_route=\/wp\/v2\/posts"}],"about":[{"href":"https:\/\/miradordeatarfe.es\/index.php?rest_route=\/wp\/v2\/types\/post"}],"author":[{"embeddable":true,"href":"https:\/\/miradordeatarfe.es\/index.php?rest_route=\/wp\/v2\/users\/1"}],"replies":[{"embeddable":true,"href":"https:\/\/miradordeatarfe.es\/index.php?rest_route=%2Fwp%2Fv2%2Fcomments&post=52005"}],"version-history":[{"count":1,"href":"https:\/\/miradordeatarfe.es\/index.php?rest_route=\/wp\/v2\/posts\/52005\/revisions"}],"predecessor-version":[{"id":52007,"href":"https:\/\/miradordeatarfe.es\/index.php?rest_route=\/wp\/v2\/posts\/52005\/revisions\/52007"}],"wp:featuredmedia":[{"embeddable":true,"href":"https:\/\/miradordeatarfe.es\/index.php?rest_route=\/wp\/v2\/media\/52006"}],"wp:attachment":[{"href":"https:\/\/miradordeatarfe.es\/index.php?rest_route=%2Fwp%2Fv2%2Fmedia&parent=52005"}],"wp:term":[{"taxonomy":"category","embeddable":true,"href":"https:\/\/miradordeatarfe.es\/index.php?rest_route=%2Fwp%2Fv2%2Fcategories&post=52005"},{"taxonomy":"post_tag","embeddable":true,"href":"https:\/\/miradordeatarfe.es\/index.php?rest_route=%2Fwp%2Fv2%2Ftags&post=52005"}],"curies":[{"name":"wp","href":"https:\/\/api.w.org\/{rel}","templated":true}]}}